{"id":6692,"date":"2026-08-12T15:09:10","date_gmt":"2026-08-12T15:09:10","guid":{"rendered":"https:\/\/mznoticia.com.br\/piraidosul\/?p=6692"},"modified":"2026-08-12T15:09:59","modified_gmt":"2026-08-12T15:09:59","slug":"jovem-fica-ferido-apos-carro-sair-da-pista-e-capotar-na-pr-090-em-pirai-do-sul","status":"publish","type":"post","link":"https:\/\/mznoticia.com.br\/piraidosul\/jovem-fica-ferido-apos-carro-sair-da-pista-e-capotar-na-pr-090-em-pirai-do-sul\/","title":{"rendered":"Jovem fica ferido ap\u00f3s carro sair da pista e capotar na PR-090, em Pira\u00ed do Sul"},"content":{"rendered":"<h2 class=\"PDq2pG_selectionAnchorContainer\" data-section-id=\"6npve4\" data-start=\"83\" data-end=\"259\">Acidente aconteceu na manh\u00e3 desta ter\u00e7a-feira (11), no trecho entre Pira\u00ed do Sul e Ventania; condutor de 19 anos teve ferimentos leves e foi liberado ap\u00f3s atendimento m\u00e9dico<\/h2>\n<p data-start=\"261\" data-end=\"426\">Um jovem de <strong data-start=\"273\" data-end=\"346\">19 anos ficou ferido ap\u00f3s o carro que dirigia sair da pista e capotar<\/strong> na manh\u00e3 desta ter\u00e7a-feira (11), na PR-090, em Pira\u00ed do Sul, nos Campos Gerais.<\/p>\n<p data-start=\"428\" data-end=\"546\">O acidente aconteceu por volta das <strong data-start=\"463\" data-end=\"504\">7h30, no km 178+850 metros da rodovia<\/strong>, no trecho entre Pira\u00ed do Sul e Ventania.<\/p>\n<h3 data-section-id=\"genbnz\" data-start=\"548\" data-end=\"583\">Ve\u00edculo saiu da pista e capotou<\/h3>\n<p data-start=\"585\" data-end=\"805\">De acordo com as informa\u00e7\u00f5es levantadas no local, o <strong data-start=\"637\" data-end=\"653\">Renault Kwid<\/strong>, com placas de Jaguari\u00fana (SP), seguia pela PR-090 no sentido Pira\u00ed do Sul\u2013Ventania quando, por circunst\u00e2ncias que ainda ser\u00e3o apuradas, saiu da pista.<\/p>\n<p data-start=\"807\" data-end=\"843\">Na sequ\u00eancia, o ve\u00edculo <strong data-start=\"831\" data-end=\"842\">capotou<\/strong>.<\/p>\n<p data-start=\"845\" data-end=\"948\">O condutor, um homem de 19 anos, sofreu <strong data-start=\"885\" data-end=\"905\">ferimentos leves<\/strong> e foi encaminhado para atendimento m\u00e9dico.<\/p>\n<h3 data-section-id=\"1gs6ipk\" data-start=\"950\" data-end=\"976\">Motorista foi liberado<\/h3>\n<p data-start=\"978\" data-end=\"1077\">Ap\u00f3s passar por avalia\u00e7\u00e3o m\u00e9dica, o jovem foi <strong data-start=\"1024\" data-end=\"1036\">liberado<\/strong>, pois n\u00e3o apresentava ferimentos graves.<\/p>\n<p data-start=\"1079\" data-end=\"1168\">As circunst\u00e2ncias que provocaram a sa\u00edda de pista ainda ser\u00e3o apuradas pelas autoridades.<\/p>\n","protected":false},"excerpt":{"rendered":"<p>Acidente aconteceu na manh\u00e3 desta ter\u00e7a-feira (11), no trecho entre Pira\u00ed do Sul e Ventania; condutor de 19 anos teve ferimentos leves e foi liberado ap\u00f3s atendimento m\u00e9dico Um jovem de 19 anos ficou ferido ap\u00f3s o carro que dirigia sair da pista e capotar na manh\u00e3 desta ter\u00e7a-feira (11), na PR-090, em Pira\u00ed do [&hellip;]<\/p>\n","protected":false},"author":16,"featured_media":6693,"comment_status":"open","ping_status":"open","sticky":false,"template":"","format":"standard","meta":{"footnotes":""},"categories":[149],"tags":[47,1923],"class_list":["post-6692","post","type-post","status-publish","format-standard","has-post-thumbnail","hentry","category-acidente","tag-destaque","tag-pr-090-pirai-do-sul-capotamento-acidente-de-transito-jovem-ferido-saida-de-pista-ventania-campos-gerais"],"yoast_head":"<!-- This site is optimized with the Yoast SEO plugin v28.1 - https:\/\/yoast.com\/product\/yoast-seo-wordpress\/ -->\n<title>Jovem fica ferido ap\u00f3s carro sair da pista e capotar na PR-090, em Pira\u00ed do Sul - Mz Not\u00edcias<\/title>\n<meta name=\"description\" content=\"Jovem de 19 anos ficou ferido ap\u00f3s Renault Kwid sair da pista e capotar na PR-090, em Pira\u00ed do Sul. Motorista teve ferimentos leves e foi liberado.\" \/>\n<meta name=\"robots\" content=\"index, follow, max-snippet:-1, max-image-preview:large, max-video-preview:-1\" \/>\n<link rel=\"canonical\" href=\"https:\/\/mznoticia.com.br\/piraidosul\/jovem-fica-ferido-apos-carro-sair-da-pista-e-capotar-na-pr-090-em-pirai-do-sul\/\" \/>\n<meta property=\"og:locale\" content=\"pt_BR\" \/>\n<meta property=\"og:type\" content=\"article\" \/>\n<meta property=\"og:title\" content=\"Jovem fica ferido ap\u00f3s carro sair da pista e capotar na PR-090, em Pira\u00ed do Sul - Mz Not\u00edcias\" \/>\n<meta property=\"og:description\" content=\"Jovem de 19 anos ficou ferido ap\u00f3s Renault Kwid sair da pista e capotar na PR-090, em Pira\u00ed do Sul. Motorista teve ferimentos leves e foi liberado.\" \/>\n<meta property=\"og:url\" content=\"https:\/\/mznoticia.com.br\/piraidosul\/jovem-fica-ferido-apos-carro-sair-da-pista-e-capotar-na-pr-090-em-pirai-do-sul\/\" \/>\n<meta property=\"og:site_name\" content=\"Mz Not\u00edcias\" \/>\n<meta property=\"article:publisher\" content=\"https:\/\/www.facebook.com\/profile.php?id=61573479951222\" \/>\n<meta property=\"article:published_time\" content=\"2026-08-12T15:09:10+00:00\" \/>\n<meta property=\"article:modified_time\" content=\"2026-08-12T15:09:59+00:00\" \/>\n<meta property=\"og:image\" content=\"https:\/\/mznoticia.com.br\/piraidosul\/wp-content\/uploads\/2026\/08\/01-7.jpg\" \/>\n\t<meta property=\"og:image:width\" content=\"512\" \/>\n\t<meta property=\"og:image:height\" content=\"351\" \/>\n\t<meta property=\"og:image:type\" content=\"image\/jpeg\" \/>\n<meta name=\"author\" content=\"Redacao mz\" \/>\n<meta name=\"twitter:card\" content=\"summary_large_image\" \/>\n<meta name=\"twitter:label1\" content=\"Escrito por\" \/>\n\t<meta name=\"twitter:data1\" content=\"Redacao mz\" \/>\n\t<meta name=\"twitter:label2\" content=\"Est. tempo de leitura\" \/>\n\t<meta name=\"twitter:data2\" content=\"2 minutos\" \/>\n<script type=\"application\/ld+json\" class=\"yoast-schema-graph\">{\"@context\":\"https:\\\/\\\/schema.org\",\"@graph\":[{\"@type\":\"Article\",\"@id\":\"https:\\\/\\\/mznoticia.com.br\\\/piraidosul\\\/jovem-fica-ferido-apos-carro-sair-da-pista-e-capotar-na-pr-090-em-pirai-do-sul\\\/#article\",\"isPartOf\":{\"@id\":\"https:\\\/\\\/mznoticia.com.br\\\/piraidosul\\\/jovem-fica-ferido-apos-carro-sair-da-pista-e-capotar-na-pr-090-em-pirai-do-sul\\\/\"},\"author\":{\"name\":\"Redacao mz\",\"@id\":\"https:\\\/\\\/mznoticia.com.br\\\/piraidosul\\\/#\\\/schema\\\/person\\\/84012d827247b3f42f37b550da79cd03\"},\"headline\":\"Jovem fica ferido ap\u00f3s carro sair da pista e capotar na PR-090, em Pira\u00ed do Sul\",\"datePublished\":\"2026-08-12T15:09:10+00:00\",\"dateModified\":\"2026-08-12T15:09:59+00:00\",\"mainEntityOfPage\":{\"@id\":\"https:\\\/\\\/mznoticia.com.br\\\/piraidosul\\\/jovem-fica-ferido-apos-carro-sair-da-pista-e-capotar-na-pr-090-em-pirai-do-sul\\\/\"},\"wordCount\":203,\"commentCount\":0,\"publisher\":{\"@id\":\"https:\\\/\\\/mznoticia.com.br\\\/piraidosul\\\/#organization\"},\"image\":{\"@id\":\"https:\\\/\\\/mznoticia.com.br\\\/piraidosul\\\/jovem-fica-ferido-apos-carro-sair-da-pista-e-capotar-na-pr-090-em-pirai-do-sul\\\/#primaryimage\"},\"thumbnailUrl\":\"https:\\\/\\\/mznoticia.com.br\\\/piraidosul\\\/wp-content\\\/uploads\\\/2026\\\/08\\\/01-7.jpg\",\"keywords\":[\"destaque\",\"PR-090; Pira\u00ed do Sul; capotamento; acidente de tr\u00e2nsito; jovem ferido; sa\u00edda de pista; Ventania; Campos Gerais\"],\"articleSection\":[\"Acidente\"],\"inLanguage\":\"pt-BR\",\"potentialAction\":[{\"@type\":\"CommentAction\",\"name\":\"Comment\",\"target\":[\"https:\\\/\\\/mznoticia.com.br\\\/piraidosul\\\/jovem-fica-ferido-apos-carro-sair-da-pista-e-capotar-na-pr-090-em-pirai-do-sul\\\/#respond\"]}]},{\"@type\":\"WebPage\",\"@id\":\"https:\\\/\\\/mznoticia.com.br\\\/piraidosul\\\/jovem-fica-ferido-apos-carro-sair-da-pista-e-capotar-na-pr-090-em-pirai-do-sul\\\/\",\"url\":\"https:\\\/\\\/mznoticia.com.br\\\/piraidosul\\\/jovem-fica-ferido-apos-carro-sair-da-pista-e-capotar-na-pr-090-em-pirai-do-sul\\\/\",\"name\":\"Jovem fica ferido ap\u00f3s carro sair da pista e capotar na PR-090, em Pira\u00ed do Sul - Mz Not\u00edcias\",\"isPartOf\":{\"@id\":\"https:\\\/\\\/mznoticia.com.br\\\/piraidosul\\\/#website\"},\"primaryImageOfPage\":{\"@id\":\"https:\\\/\\\/mznoticia.com.br\\\/piraidosul\\\/jovem-fica-ferido-apos-carro-sair-da-pista-e-capotar-na-pr-090-em-pirai-do-sul\\\/#primaryimage\"},\"image\":{\"@id\":\"https:\\\/\\\/mznoticia.com.br\\\/piraidosul\\\/jovem-fica-ferido-apos-carro-sair-da-pista-e-capotar-na-pr-090-em-pirai-do-sul\\\/#primaryimage\"},\"thumbnailUrl\":\"https:\\\/\\\/mznoticia.com.br\\\/piraidosul\\\/wp-content\\\/uploads\\\/2026\\\/08\\\/01-7.jpg\",\"datePublished\":\"2026-08-12T15:09:10+00:00\",\"dateModified\":\"2026-08-12T15:09:59+00:00\",\"description\":\"Jovem de 19 anos ficou ferido ap\u00f3s Renault Kwid sair da pista e capotar na PR-090, em Pira\u00ed do Sul. Motorista teve ferimentos leves e foi liberado.\",\"breadcrumb\":{\"@id\":\"https:\\\/\\\/mznoticia.com.br\\\/piraidosul\\\/jovem-fica-ferido-apos-carro-sair-da-pista-e-capotar-na-pr-090-em-pirai-do-sul\\\/#breadcrumb\"},\"inLanguage\":\"pt-BR\",\"potentialAction\":[{\"@type\":\"ReadAction\",\"target\":[\"https:\\\/\\\/mznoticia.com.br\\\/piraidosul\\\/jovem-fica-ferido-apos-carro-sair-da-pista-e-capotar-na-pr-090-em-pirai-do-sul\\\/\"]}]},{\"@type\":\"ImageObject\",\"inLanguage\":\"pt-BR\",\"@id\":\"https:\\\/\\\/mznoticia.com.br\\\/piraidosul\\\/jovem-fica-ferido-apos-carro-sair-da-pista-e-capotar-na-pr-090-em-pirai-do-sul\\\/#primaryimage\",\"url\":\"https:\\\/\\\/mznoticia.com.br\\\/piraidosul\\\/wp-content\\\/uploads\\\/2026\\\/08\\\/01-7.jpg\",\"contentUrl\":\"https:\\\/\\\/mznoticia.com.br\\\/piraidosul\\\/wp-content\\\/uploads\\\/2026\\\/08\\\/01-7.jpg\",\"width\":512,\"height\":351},{\"@type\":\"BreadcrumbList\",\"@id\":\"https:\\\/\\\/mznoticia.com.br\\\/piraidosul\\\/jovem-fica-ferido-apos-carro-sair-da-pista-e-capotar-na-pr-090-em-pirai-do-sul\\\/#breadcrumb\",\"itemListElement\":[{\"@type\":\"ListItem\",\"position\":1,\"name\":\"Home\",\"item\":\"https:\\\/\\\/mznoticia.com.br\\\/piraidosul\\\/\"},{\"@type\":\"ListItem\",\"position\":2,\"name\":\"Jovem fica ferido ap\u00f3s carro sair da pista e capotar na PR-090, em Pira\u00ed do Sul\"}]},{\"@type\":\"WebSite\",\"@id\":\"https:\\\/\\\/mznoticia.com.br\\\/piraidosul\\\/#website\",\"url\":\"https:\\\/\\\/mznoticia.com.br\\\/piraidosul\\\/\",\"name\":\"Mz Not\u00edcia\",\"description\":\"A informa\u00e7\u00e3o que voc\u00ea precisa na hora certa!\",\"publisher\":{\"@id\":\"https:\\\/\\\/mznoticia.com.br\\\/piraidosul\\\/#organization\"},\"potentialAction\":[{\"@type\":\"SearchAction\",\"target\":{\"@type\":\"EntryPoint\",\"urlTemplate\":\"https:\\\/\\\/mznoticia.com.br\\\/piraidosul\\\/?s={search_term_string}\"},\"query-input\":{\"@type\":\"PropertyValueSpecification\",\"valueRequired\":true,\"valueName\":\"search_term_string\"}}],\"inLanguage\":\"pt-BR\"},{\"@type\":\"Organization\",\"@id\":\"https:\\\/\\\/mznoticia.com.br\\\/piraidosul\\\/#organization\",\"name\":\"Mz Not\u00edcia\",\"url\":\"https:\\\/\\\/mznoticia.com.br\\\/piraidosul\\\/\",\"logo\":{\"@type\":\"ImageObject\",\"inLanguage\":\"pt-BR\",\"@id\":\"https:\\\/\\\/mznoticia.com.br\\\/piraidosul\\\/#\\\/schema\\\/logo\\\/image\\\/\",\"url\":\"https:\\\/\\\/mznoticia.com.br\\\/jaguariaiva\\\/wp-content\\\/uploads\\\/2025\\\/03\\\/Design-sem-nome-4-e1741200616392.png\",\"contentUrl\":\"https:\\\/\\\/mznoticia.com.br\\\/jaguariaiva\\\/wp-content\\\/uploads\\\/2025\\\/03\\\/Design-sem-nome-4-e1741200616392.png\",\"width\":750,\"height\":563,\"caption\":\"Mz Not\u00edcia\"},\"image\":{\"@id\":\"https:\\\/\\\/mznoticia.com.br\\\/piraidosul\\\/#\\\/schema\\\/logo\\\/image\\\/\"},\"sameAs\":[\"https:\\\/\\\/www.facebook.com\\\/profile.php?id=61573479951222\",\"https:\\\/\\\/www.instagram.com\\\/mz.jaguariaiva\\\/\"]},{\"@type\":\"Person\",\"@id\":\"https:\\\/\\\/mznoticia.com.br\\\/piraidosul\\\/#\\\/schema\\\/person\\\/84012d827247b3f42f37b550da79cd03\",\"name\":\"Redacao mz\",\"image\":{\"@type\":\"ImageObject\",\"inLanguage\":\"pt-BR\",\"@id\":\"https:\\\/\\\/secure.gravatar.com\\\/avatar\\\/3835c58a73b55edb97de944593845d3f29acb93b7a088f3bf63afde947ab86ba?s=96&d=simple_local_avatar&r=g\",\"url\":\"https:\\\/\\\/secure.gravatar.com\\\/avatar\\\/3835c58a73b55edb97de944593845d3f29acb93b7a088f3bf63afde947ab86ba?s=96&d=simple_local_avatar&r=g\",\"contentUrl\":\"https:\\\/\\\/secure.gravatar.com\\\/avatar\\\/3835c58a73b55edb97de944593845d3f29acb93b7a088f3bf63afde947ab86ba?s=96&d=simple_local_avatar&r=g\",\"caption\":\"Redacao mz\"},\"sameAs\":[\"http:\\\/\\\/mznoticia.com.br\"],\"url\":\"https:\\\/\\\/mznoticia.com.br\\\/piraidosul\\\/author\\\/lucimara\\\/\"}]}<\/script>\n<!-- \/ Yoast SEO plugin. -->","yoast_head_json":{"title":"Jovem fica ferido ap\u00f3s carro sair da pista e capotar na PR-090, em Pira\u00ed do Sul - Mz Not\u00edcias","description":"Jovem de 19 anos ficou ferido ap\u00f3s Renault Kwid sair da pista e capotar na PR-090, em Pira\u00ed do Sul. Motorista teve ferimentos leves e foi liberado.","robots":{"index":"index","follow":"follow","max-snippet":"max-snippet:-1","max-image-preview":"max-image-preview:large","max-video-preview":"max-video-preview:-1"},"canonical":"https:\/\/mznoticia.com.br\/piraidosul\/jovem-fica-ferido-apos-carro-sair-da-pista-e-capotar-na-pr-090-em-pirai-do-sul\/","og_locale":"pt_BR","og_type":"article","og_title":"Jovem fica ferido ap\u00f3s carro sair da pista e capotar na PR-090, em Pira\u00ed do Sul - Mz Not\u00edcias","og_description":"Jovem de 19 anos ficou ferido ap\u00f3s Renault Kwid sair da pista e capotar na PR-090, em Pira\u00ed do Sul. Motorista teve ferimentos leves e foi liberado.","og_url":"https:\/\/mznoticia.com.br\/piraidosul\/jovem-fica-ferido-apos-carro-sair-da-pista-e-capotar-na-pr-090-em-pirai-do-sul\/","og_site_name":"Mz Not\u00edcias","article_publisher":"https:\/\/www.facebook.com\/profile.php?id=61573479951222","article_published_time":"2026-08-12T15:09:10+00:00","article_modified_time":"2026-08-12T15:09:59+00:00","og_image":[{"width":512,"height":351,"url":"https:\/\/mznoticia.com.br\/piraidosul\/wp-content\/uploads\/2026\/08\/01-7.jpg","type":"image\/jpeg"}],"author":"Redacao mz","twitter_card":"summary_large_image","twitter_misc":{"Escrito por":"Redacao mz","Est. tempo de leitura":"2 minutos"},"schema":{"@context":"https:\/\/schema.org","@graph":[{"@type":"Article","@id":"https:\/\/mznoticia.com.br\/piraidosul\/jovem-fica-ferido-apos-carro-sair-da-pista-e-capotar-na-pr-090-em-pirai-do-sul\/#article","isPartOf":{"@id":"https:\/\/mznoticia.com.br\/piraidosul\/jovem-fica-ferido-apos-carro-sair-da-pista-e-capotar-na-pr-090-em-pirai-do-sul\/"},"author":{"name":"Redacao mz","@id":"https:\/\/mznoticia.com.br\/piraidosul\/#\/schema\/person\/84012d827247b3f42f37b550da79cd03"},"headline":"Jovem fica ferido ap\u00f3s carro sair da pista e capotar na PR-090, em Pira\u00ed do Sul","datePublished":"2026-08-12T15:09:10+00:00","dateModified":"2026-08-12T15:09:59+00:00","mainEntityOfPage":{"@id":"https:\/\/mznoticia.com.br\/piraidosul\/jovem-fica-ferido-apos-carro-sair-da-pista-e-capotar-na-pr-090-em-pirai-do-sul\/"},"wordCount":203,"commentCount":0,"publisher":{"@id":"https:\/\/mznoticia.com.br\/piraidosul\/#organization"},"image":{"@id":"https:\/\/mznoticia.com.br\/piraidosul\/jovem-fica-ferido-apos-carro-sair-da-pista-e-capotar-na-pr-090-em-pirai-do-sul\/#primaryimage"},"thumbnailUrl":"https:\/\/mznoticia.com.br\/piraidosul\/wp-content\/uploads\/2026\/08\/01-7.jpg","keywords":["destaque","PR-090; Pira\u00ed do Sul; capotamento; acidente de tr\u00e2nsito; jovem ferido; sa\u00edda de pista; Ventania; Campos Gerais"],"articleSection":["Acidente"],"inLanguage":"pt-BR","potentialAction":[{"@type":"CommentAction","name":"Comment","target":["https:\/\/mznoticia.com.br\/piraidosul\/jovem-fica-ferido-apos-carro-sair-da-pista-e-capotar-na-pr-090-em-pirai-do-sul\/#respond"]}]},{"@type":"WebPage","@id":"https:\/\/mznoticia.com.br\/piraidosul\/jovem-fica-ferido-apos-carro-sair-da-pista-e-capotar-na-pr-090-em-pirai-do-sul\/","url":"https:\/\/mznoticia.com.br\/piraidosul\/jovem-fica-ferido-apos-carro-sair-da-pista-e-capotar-na-pr-090-em-pirai-do-sul\/","name":"Jovem fica ferido ap\u00f3s carro sair da pista e capotar na PR-090, em Pira\u00ed do Sul - Mz Not\u00edcias","isPartOf":{"@id":"https:\/\/mznoticia.com.br\/piraidosul\/#website"},"primaryImageOfPage":{"@id":"https:\/\/mznoticia.com.br\/piraidosul\/jovem-fica-ferido-apos-carro-sair-da-pista-e-capotar-na-pr-090-em-pirai-do-sul\/#primaryimage"},"image":{"@id":"https:\/\/mznoticia.com.br\/piraidosul\/jovem-fica-ferido-apos-carro-sair-da-pista-e-capotar-na-pr-090-em-pirai-do-sul\/#primaryimage"},"thumbnailUrl":"https:\/\/mznoticia.com.br\/piraidosul\/wp-content\/uploads\/2026\/08\/01-7.jpg","datePublished":"2026-08-12T15:09:10+00:00","dateModified":"2026-08-12T15:09:59+00:00","description":"Jovem de 19 anos ficou ferido ap\u00f3s Renault Kwid sair da pista e capotar na PR-090, em Pira\u00ed do Sul. Motorista teve ferimentos leves e foi liberado.","breadcrumb":{"@id":"https:\/\/mznoticia.com.br\/piraidosul\/jovem-fica-ferido-apos-carro-sair-da-pista-e-capotar-na-pr-090-em-pirai-do-sul\/#breadcrumb"},"inLanguage":"pt-BR","potentialAction":[{"@type":"ReadAction","target":["https:\/\/mznoticia.com.br\/piraidosul\/jovem-fica-ferido-apos-carro-sair-da-pista-e-capotar-na-pr-090-em-pirai-do-sul\/"]}]},{"@type":"ImageObject","inLanguage":"pt-BR","@id":"https:\/\/mznoticia.com.br\/piraidosul\/jovem-fica-ferido-apos-carro-sair-da-pista-e-capotar-na-pr-090-em-pirai-do-sul\/#primaryimage","url":"https:\/\/mznoticia.com.br\/piraidosul\/wp-content\/uploads\/2026\/08\/01-7.jpg","contentUrl":"https:\/\/mznoticia.com.br\/piraidosul\/wp-content\/uploads\/2026\/08\/01-7.jpg","width":512,"height":351},{"@type":"BreadcrumbList","@id":"https:\/\/mznoticia.com.br\/piraidosul\/jovem-fica-ferido-apos-carro-sair-da-pista-e-capotar-na-pr-090-em-pirai-do-sul\/#breadcrumb","itemListElement":[{"@type":"ListItem","position":1,"name":"Home","item":"https:\/\/mznoticia.com.br\/piraidosul\/"},{"@type":"ListItem","position":2,"name":"Jovem fica ferido ap\u00f3s carro sair da pista e capotar na PR-090, em Pira\u00ed do Sul"}]},{"@type":"WebSite","@id":"https:\/\/mznoticia.com.br\/piraidosul\/#website","url":"https:\/\/mznoticia.com.br\/piraidosul\/","name":"Mz Not\u00edcia","description":"A informa\u00e7\u00e3o que voc\u00ea precisa na hora certa!","publisher":{"@id":"https:\/\/mznoticia.com.br\/piraidosul\/#organization"},"potentialAction":[{"@type":"SearchAction","target":{"@type":"EntryPoint","urlTemplate":"https:\/\/mznoticia.com.br\/piraidosul\/?s={search_term_string}"},"query-input":{"@type":"PropertyValueSpecification","valueRequired":true,"valueName":"search_term_string"}}],"inLanguage":"pt-BR"},{"@type":"Organization","@id":"https:\/\/mznoticia.com.br\/piraidosul\/#organization","name":"Mz Not\u00edcia","url":"https:\/\/mznoticia.com.br\/piraidosul\/","logo":{"@type":"ImageObject","inLanguage":"pt-BR","@id":"https:\/\/mznoticia.com.br\/piraidosul\/#\/schema\/logo\/image\/","url":"https:\/\/mznoticia.com.br\/jaguariaiva\/wp-content\/uploads\/2025\/03\/Design-sem-nome-4-e1741200616392.png","contentUrl":"https:\/\/mznoticia.com.br\/jaguariaiva\/wp-content\/uploads\/2025\/03\/Design-sem-nome-4-e1741200616392.png","width":750,"height":563,"caption":"Mz Not\u00edcia"},"image":{"@id":"https:\/\/mznoticia.com.br\/piraidosul\/#\/schema\/logo\/image\/"},"sameAs":["https:\/\/www.facebook.com\/profile.php?id=61573479951222","https:\/\/www.instagram.com\/mz.jaguariaiva\/"]},{"@type":"Person","@id":"https:\/\/mznoticia.com.br\/piraidosul\/#\/schema\/person\/84012d827247b3f42f37b550da79cd03","name":"Redacao mz","image":{"@type":"ImageObject","inLanguage":"pt-BR","@id":"https:\/\/secure.gravatar.com\/avatar\/3835c58a73b55edb97de944593845d3f29acb93b7a088f3bf63afde947ab86ba?s=96&d=simple_local_avatar&r=g","url":"https:\/\/secure.gravatar.com\/avatar\/3835c58a73b55edb97de944593845d3f29acb93b7a088f3bf63afde947ab86ba?s=96&d=simple_local_avatar&r=g","contentUrl":"https:\/\/secure.gravatar.com\/avatar\/3835c58a73b55edb97de944593845d3f29acb93b7a088f3bf63afde947ab86ba?s=96&d=simple_local_avatar&r=g","caption":"Redacao mz"},"sameAs":["http:\/\/mznoticia.com.br"],"url":"https:\/\/mznoticia.com.br\/piraidosul\/author\/lucimara\/"}]}},"_links":{"self":[{"href":"https:\/\/mznoticia.com.br\/piraidosul\/wp-json\/wp\/v2\/posts\/6692","targetHints":{"allow":["GET"]}}],"collection":[{"href":"https:\/\/mznoticia.com.br\/piraidosul\/wp-json\/wp\/v2\/posts"}],"about":[{"href":"https:\/\/mznoticia.com.br\/piraidosul\/wp-json\/wp\/v2\/types\/post"}],"author":[{"embeddable":true,"href":"https:\/\/mznoticia.com.br\/piraidosul\/wp-json\/wp\/v2\/users\/16"}],"replies":[{"embeddable":true,"href":"https:\/\/mznoticia.com.br\/piraidosul\/wp-json\/wp\/v2\/comments?post=6692"}],"version-history":[{"count":1,"href":"https:\/\/mznoticia.com.br\/piraidosul\/wp-json\/wp\/v2\/posts\/6692\/revisions"}],"predecessor-version":[{"id":6694,"href":"https:\/\/mznoticia.com.br\/piraidosul\/wp-json\/wp\/v2\/posts\/6692\/revisions\/6694"}],"wp:featuredmedia":[{"embeddable":true,"href":"https:\/\/mznoticia.com.br\/piraidosul\/wp-json\/wp\/v2\/media\/6693"}],"wp:attachment":[{"href":"https:\/\/mznoticia.com.br\/piraidosul\/wp-json\/wp\/v2\/media?parent=6692"}],"wp:term":[{"taxonomy":"category","embeddable":true,"href":"https:\/\/mznoticia.com.br\/piraidosul\/wp-json\/wp\/v2\/categories?post=6692"},{"taxonomy":"post_tag","embeddable":true,"href":"https:\/\/mznoticia.com.br\/piraidosul\/wp-json\/wp\/v2\/tags?post=6692"}],"curies":[{"name":"wp","href":"https:\/\/api.w.org\/{rel}","templated":true}]}}