{"id":6725,"date":"2026-08-12T19:25:14","date_gmt":"2026-08-12T19:25:14","guid":{"rendered":"https:\/\/mznoticia.com.br\/piraidosul\/?p=6725"},"modified":"2026-08-12T19:25:36","modified_gmt":"2026-08-12T19:25:36","slug":"pirai-do-sul-decreta-situacao-de-emergencia-apos-tornado-causar-estragos","status":"publish","type":"post","link":"https:\/\/mznoticia.com.br\/piraidosul\/pirai-do-sul-decreta-situacao-de-emergencia-apos-tornado-causar-estragos\/","title":{"rendered":"Pira\u00ed do Sul decreta situa\u00e7\u00e3o de emerg\u00eancia ap\u00f3s tornado causar estragos"},"content":{"rendered":"<p class=\"isSelectedEnd\">Decreto assinado pelo prefeito Henrique de Oliveira Carneiro considera os danos provocados pelo fen\u00f4meno em resid\u00eancias e propriedades rurais do munic\u00edpio.<\/p>\n<h2>Tornado provocou danos em diferentes localidades<\/h2>\n<p class=\"isSelectedEnd\">O munic\u00edpio de Pira\u00ed do Sul, nos Campos Gerais do Paran\u00e1, decretou Situa\u00e7\u00e3o de Emerg\u00eancia ap\u00f3s o tornado que atingiu a cidade no \u00faltimo fim de semana e provocou danos em resid\u00eancias e \u00e1reas rurais.<\/p>\n<p class=\"isSelectedEnd\">O decreto foi assinado pelo prefeito Henrique de Oliveira Carneiro e publicado no Di\u00e1rio Oficial. O documento considera a ocorr\u00eancia de um tornado acompanhado de fortes ventos e chuvas, que provocaram danos totais e parciais em diversas resid\u00eancias e propriedades da \u00e1rea rural do munic\u00edpio.<\/p>\n<p class=\"isSelectedEnd\">As \u00e1reas afetadas e os preju\u00edzos provocados pelo desastre est\u00e3o descritos no Formul\u00e1rio de Informa\u00e7\u00f5es do Desastre (FIDE), anexado ao decreto. O parecer da Coordenadoria Municipal de Prote\u00e7\u00e3o e Defesa Civil (COMPDEC) tamb\u00e9m foi favor\u00e1vel \u00e0 declara\u00e7\u00e3o de Situa\u00e7\u00e3o de Emerg\u00eancia.<\/p>\n<p class=\"isSelectedEnd\">O desastre foi classificado e codificado como <strong>Tempestade Local\/Convectiva \u2013 Tornados (13211)<\/strong>.<\/p>\n<h2>\u00d3rg\u00e3os municipais poder\u00e3o ser mobilizados<\/h2>\n<p class=\"isSelectedEnd\">Com a declara\u00e7\u00e3o de emerg\u00eancia, todos os \u00f3rg\u00e3os municipais poder\u00e3o ser mobilizados para atuar nas a\u00e7\u00f5es de resposta ao desastre, na reabilita\u00e7\u00e3o das \u00e1reas atingidas e na reconstru\u00e7\u00e3o, sob coordena\u00e7\u00e3o da COMPDEC.<\/p>\n<p class=\"isSelectedEnd\">O decreto tamb\u00e9m autoriza a convoca\u00e7\u00e3o de volunt\u00e1rios para refor\u00e7ar as equipes envolvidas no atendimento \u00e0 popula\u00e7\u00e3o afetada. Al\u00e9m disso, poder\u00e3o ser realizadas campanhas de arrecada\u00e7\u00e3o de recursos junto \u00e0 comunidade para auxiliar as fam\u00edlias atingidas.<\/p>\n<h2>Defesa Civil atua no atendimento \u00e0s fam\u00edlias<\/h2>\n<p class=\"isSelectedEnd\">As autoridades administrativas e os agentes da Defesa Civil diretamente envolvidos nas a\u00e7\u00f5es de resposta tamb\u00e9m poder\u00e3o adotar medidas previstas na legisla\u00e7\u00e3o em situa\u00e7\u00f5es de risco iminente.<\/p>\n<p class=\"isSelectedEnd\">A medida busca agilizar o atendimento \u00e0s \u00e1reas atingidas pelo tornado e dar suporte \u00e0s fam\u00edlias que tiveram as resid\u00eancias danificadas pelo fen\u00f4meno.<\/p>\n<p>O tornado atingiu diferentes localidades da \u00e1rea rural de Pira\u00ed do Sul e provocou destelhamentos, danos estruturais e destrui\u00e7\u00e3o de im\u00f3veis. O munic\u00edpio segue com a\u00e7\u00f5es de levantamento dos preju\u00edzos e atendimento \u00e0s fam\u00edlias afetadas.<\/p>\n","protected":false},"excerpt":{"rendered":"<p>Decreto assinado pelo prefeito Henrique de Oliveira Carneiro considera os danos provocados pelo fen\u00f4meno em resid\u00eancias e propriedades rurais do munic\u00edpio. Tornado provocou danos em diferentes localidades O munic\u00edpio de Pira\u00ed do Sul, nos Campos Gerais do Paran\u00e1, decretou Situa\u00e7\u00e3o de Emerg\u00eancia ap\u00f3s o tornado que atingiu a cidade no \u00faltimo fim de semana e [&hellip;]<\/p>\n","protected":false},"author":17,"featured_media":6726,"comment_status":"open","ping_status":"open","sticky":false,"template":"","format":"standard","meta":{"footnotes":""},"categories":[12,6],"tags":[1959,47],"class_list":["post-6725","post","type-post","status-publish","format-standard","has-post-thumbnail","hentry","category-geral","category-piraidosul","tag-piraidosul-tornado-camposgerais-parana-defesacivil-situacaodeemergencia-chuvas-desastresnaturais","tag-destaque"],"yoast_head":"<!-- This site is optimized with the Yoast SEO plugin v28.1 - https:\/\/yoast.com\/product\/yoast-seo-wordpress\/ -->\n<title>Pira\u00ed do Sul decreta situa\u00e7\u00e3o de emerg\u00eancia ap\u00f3s tornado causar estragos - Mz Not\u00edcias<\/title>\n<meta name=\"description\" content=\"Pira\u00ed do Sul decretou Situa\u00e7\u00e3o de Emerg\u00eancia ap\u00f3s tornado provocar danos em resid\u00eancias e propriedades rurais do munic\u00edpio.\" \/>\n<meta name=\"robots\" content=\"index, follow, max-snippet:-1, max-image-preview:large, max-video-preview:-1\" \/>\n<link rel=\"canonical\" href=\"https:\/\/mznoticia.com.br\/piraidosul\/pirai-do-sul-decreta-situacao-de-emergencia-apos-tornado-causar-estragos\/\" \/>\n<meta property=\"og:locale\" content=\"pt_BR\" \/>\n<meta property=\"og:type\" content=\"article\" \/>\n<meta property=\"og:title\" content=\"Pira\u00ed do Sul decreta situa\u00e7\u00e3o de emerg\u00eancia ap\u00f3s tornado causar estragos - Mz Not\u00edcias\" \/>\n<meta property=\"og:description\" content=\"Pira\u00ed do Sul decretou Situa\u00e7\u00e3o de Emerg\u00eancia ap\u00f3s tornado provocar danos em resid\u00eancias e propriedades rurais do munic\u00edpio.\" \/>\n<meta property=\"og:url\" content=\"https:\/\/mznoticia.com.br\/piraidosul\/pirai-do-sul-decreta-situacao-de-emergencia-apos-tornado-causar-estragos\/\" \/>\n<meta property=\"og:site_name\" content=\"Mz Not\u00edcias\" \/>\n<meta property=\"article:publisher\" content=\"https:\/\/www.facebook.com\/profile.php?id=61573479951222\" \/>\n<meta property=\"article:published_time\" content=\"2026-08-12T19:25:14+00:00\" \/>\n<meta property=\"article:modified_time\" content=\"2026-08-12T19:25:36+00:00\" \/>\n<meta property=\"og:image\" content=\"https:\/\/mznoticia.com.br\/piraidosul\/wp-content\/uploads\/2026\/08\/tornado.jpg\" \/>\n\t<meta property=\"og:image:width\" content=\"572\" \/>\n\t<meta property=\"og:image:height\" content=\"321\" \/>\n\t<meta property=\"og:image:type\" content=\"image\/jpeg\" \/>\n<meta name=\"author\" content=\"redacao mz\" \/>\n<meta name=\"twitter:card\" content=\"summary_large_image\" \/>\n<meta name=\"twitter:label1\" content=\"Escrito por\" \/>\n\t<meta name=\"twitter:data1\" content=\"redacao mz\" \/>\n\t<meta name=\"twitter:label2\" content=\"Est. tempo de leitura\" \/>\n\t<meta name=\"twitter:data2\" content=\"2 minutos\" \/>\n<script type=\"application\/ld+json\" class=\"yoast-schema-graph\">{\"@context\":\"https:\\\/\\\/schema.org\",\"@graph\":[{\"@type\":\"Article\",\"@id\":\"https:\\\/\\\/mznoticia.com.br\\\/piraidosul\\\/pirai-do-sul-decreta-situacao-de-emergencia-apos-tornado-causar-estragos\\\/#article\",\"isPartOf\":{\"@id\":\"https:\\\/\\\/mznoticia.com.br\\\/piraidosul\\\/pirai-do-sul-decreta-situacao-de-emergencia-apos-tornado-causar-estragos\\\/\"},\"author\":{\"name\":\"redacao mz\",\"@id\":\"https:\\\/\\\/mznoticia.com.br\\\/piraidosul\\\/#\\\/schema\\\/person\\\/9081e3eea38d0f9ff6d13386b9d71916\"},\"headline\":\"Pira\u00ed do Sul decreta situa\u00e7\u00e3o de emerg\u00eancia ap\u00f3s tornado causar estragos\",\"datePublished\":\"2026-08-12T19:25:14+00:00\",\"dateModified\":\"2026-08-12T19:25:36+00:00\",\"mainEntityOfPage\":{\"@id\":\"https:\\\/\\\/mznoticia.com.br\\\/piraidosul\\\/pirai-do-sul-decreta-situacao-de-emergencia-apos-tornado-causar-estragos\\\/\"},\"wordCount\":391,\"commentCount\":0,\"publisher\":{\"@id\":\"https:\\\/\\\/mznoticia.com.br\\\/piraidosul\\\/#organization\"},\"image\":{\"@id\":\"https:\\\/\\\/mznoticia.com.br\\\/piraidosul\\\/pirai-do-sul-decreta-situacao-de-emergencia-apos-tornado-causar-estragos\\\/#primaryimage\"},\"thumbnailUrl\":\"https:\\\/\\\/mznoticia.com.br\\\/piraidosul\\\/wp-content\\\/uploads\\\/2026\\\/08\\\/tornado.jpg\",\"keywords\":[\"#Pira\u00edDoSul #Tornado #CamposGerais #Paran\u00e1 #DefesaCivil #Situa\u00e7\u00e3oDeEmerg\u00eancia #Chuvas #DesastresNaturais\",\"destaque\"],\"articleSection\":[\"Geral\",\"Pira\u00ed do Sul\"],\"inLanguage\":\"pt-BR\",\"potentialAction\":[{\"@type\":\"CommentAction\",\"name\":\"Comment\",\"target\":[\"https:\\\/\\\/mznoticia.com.br\\\/piraidosul\\\/pirai-do-sul-decreta-situacao-de-emergencia-apos-tornado-causar-estragos\\\/#respond\"]}]},{\"@type\":\"WebPage\",\"@id\":\"https:\\\/\\\/mznoticia.com.br\\\/piraidosul\\\/pirai-do-sul-decreta-situacao-de-emergencia-apos-tornado-causar-estragos\\\/\",\"url\":\"https:\\\/\\\/mznoticia.com.br\\\/piraidosul\\\/pirai-do-sul-decreta-situacao-de-emergencia-apos-tornado-causar-estragos\\\/\",\"name\":\"Pira\u00ed do Sul decreta situa\u00e7\u00e3o de emerg\u00eancia ap\u00f3s tornado causar estragos - Mz Not\u00edcias\",\"isPartOf\":{\"@id\":\"https:\\\/\\\/mznoticia.com.br\\\/piraidosul\\\/#website\"},\"primaryImageOfPage\":{\"@id\":\"https:\\\/\\\/mznoticia.com.br\\\/piraidosul\\\/pirai-do-sul-decreta-situacao-de-emergencia-apos-tornado-causar-estragos\\\/#primaryimage\"},\"image\":{\"@id\":\"https:\\\/\\\/mznoticia.com.br\\\/piraidosul\\\/pirai-do-sul-decreta-situacao-de-emergencia-apos-tornado-causar-estragos\\\/#primaryimage\"},\"thumbnailUrl\":\"https:\\\/\\\/mznoticia.com.br\\\/piraidosul\\\/wp-content\\\/uploads\\\/2026\\\/08\\\/tornado.jpg\",\"datePublished\":\"2026-08-12T19:25:14+00:00\",\"dateModified\":\"2026-08-12T19:25:36+00:00\",\"description\":\"Pira\u00ed do Sul decretou Situa\u00e7\u00e3o de Emerg\u00eancia ap\u00f3s tornado provocar danos em resid\u00eancias e propriedades rurais do munic\u00edpio.\",\"breadcrumb\":{\"@id\":\"https:\\\/\\\/mznoticia.com.br\\\/piraidosul\\\/pirai-do-sul-decreta-situacao-de-emergencia-apos-tornado-causar-estragos\\\/#breadcrumb\"},\"inLanguage\":\"pt-BR\",\"potentialAction\":[{\"@type\":\"ReadAction\",\"target\":[\"https:\\\/\\\/mznoticia.com.br\\\/piraidosul\\\/pirai-do-sul-decreta-situacao-de-emergencia-apos-tornado-causar-estragos\\\/\"]}]},{\"@type\":\"ImageObject\",\"inLanguage\":\"pt-BR\",\"@id\":\"https:\\\/\\\/mznoticia.com.br\\\/piraidosul\\\/pirai-do-sul-decreta-situacao-de-emergencia-apos-tornado-causar-estragos\\\/#primaryimage\",\"url\":\"https:\\\/\\\/mznoticia.com.br\\\/piraidosul\\\/wp-content\\\/uploads\\\/2026\\\/08\\\/tornado.jpg\",\"contentUrl\":\"https:\\\/\\\/mznoticia.com.br\\\/piraidosul\\\/wp-content\\\/uploads\\\/2026\\\/08\\\/tornado.jpg\",\"width\":572,\"height\":321},{\"@type\":\"BreadcrumbList\",\"@id\":\"https:\\\/\\\/mznoticia.com.br\\\/piraidosul\\\/pirai-do-sul-decreta-situacao-de-emergencia-apos-tornado-causar-estragos\\\/#breadcrumb\",\"itemListElement\":[{\"@type\":\"ListItem\",\"position\":1,\"name\":\"Home\",\"item\":\"https:\\\/\\\/mznoticia.com.br\\\/piraidosul\\\/\"},{\"@type\":\"ListItem\",\"position\":2,\"name\":\"Pira\u00ed do Sul decreta situa\u00e7\u00e3o de emerg\u00eancia ap\u00f3s tornado causar estragos\"}]},{\"@type\":\"WebSite\",\"@id\":\"https:\\\/\\\/mznoticia.com.br\\\/piraidosul\\\/#website\",\"url\":\"https:\\\/\\\/mznoticia.com.br\\\/piraidosul\\\/\",\"name\":\"Mz Not\u00edcia\",\"description\":\"A informa\u00e7\u00e3o que voc\u00ea precisa na hora certa!\",\"publisher\":{\"@id\":\"https:\\\/\\\/mznoticia.com.br\\\/piraidosul\\\/#organization\"},\"potentialAction\":[{\"@type\":\"SearchAction\",\"target\":{\"@type\":\"EntryPoint\",\"urlTemplate\":\"https:\\\/\\\/mznoticia.com.br\\\/piraidosul\\\/?s={search_term_string}\"},\"query-input\":{\"@type\":\"PropertyValueSpecification\",\"valueRequired\":true,\"valueName\":\"search_term_string\"}}],\"inLanguage\":\"pt-BR\"},{\"@type\":\"Organization\",\"@id\":\"https:\\\/\\\/mznoticia.com.br\\\/piraidosul\\\/#organization\",\"name\":\"Mz Not\u00edcia\",\"url\":\"https:\\\/\\\/mznoticia.com.br\\\/piraidosul\\\/\",\"logo\":{\"@type\":\"ImageObject\",\"inLanguage\":\"pt-BR\",\"@id\":\"https:\\\/\\\/mznoticia.com.br\\\/piraidosul\\\/#\\\/schema\\\/logo\\\/image\\\/\",\"url\":\"https:\\\/\\\/mznoticia.com.br\\\/jaguariaiva\\\/wp-content\\\/uploads\\\/2025\\\/03\\\/Design-sem-nome-4-e1741200616392.png\",\"contentUrl\":\"https:\\\/\\\/mznoticia.com.br\\\/jaguariaiva\\\/wp-content\\\/uploads\\\/2025\\\/03\\\/Design-sem-nome-4-e1741200616392.png\",\"width\":750,\"height\":563,\"caption\":\"Mz Not\u00edcia\"},\"image\":{\"@id\":\"https:\\\/\\\/mznoticia.com.br\\\/piraidosul\\\/#\\\/schema\\\/logo\\\/image\\\/\"},\"sameAs\":[\"https:\\\/\\\/www.facebook.com\\\/profile.php?id=61573479951222\",\"https:\\\/\\\/www.instagram.com\\\/mz.jaguariaiva\\\/\"]},{\"@type\":\"Person\",\"@id\":\"https:\\\/\\\/mznoticia.com.br\\\/piraidosul\\\/#\\\/schema\\\/person\\\/9081e3eea38d0f9ff6d13386b9d71916\",\"name\":\"redacao mz\",\"image\":{\"@type\":\"ImageObject\",\"inLanguage\":\"pt-BR\",\"@id\":\"https:\\\/\\\/secure.gravatar.com\\\/avatar\\\/474b69d3d861f17ba108592a48720c8b3a1bb15a7fc9092394e93d749b51d963?s=96&d=simple_local_avatar&r=g\",\"url\":\"https:\\\/\\\/secure.gravatar.com\\\/avatar\\\/474b69d3d861f17ba108592a48720c8b3a1bb15a7fc9092394e93d749b51d963?s=96&d=simple_local_avatar&r=g\",\"contentUrl\":\"https:\\\/\\\/secure.gravatar.com\\\/avatar\\\/474b69d3d861f17ba108592a48720c8b3a1bb15a7fc9092394e93d749b51d963?s=96&d=simple_local_avatar&r=g\",\"caption\":\"redacao mz\"},\"url\":\"https:\\\/\\\/mznoticia.com.br\\\/piraidosul\\\/author\\\/manu\\\/\"}]}<\/script>\n<!-- \/ Yoast SEO plugin. -->","yoast_head_json":{"title":"Pira\u00ed do Sul decreta situa\u00e7\u00e3o de emerg\u00eancia ap\u00f3s tornado causar estragos - Mz Not\u00edcias","description":"Pira\u00ed do Sul decretou Situa\u00e7\u00e3o de Emerg\u00eancia ap\u00f3s tornado provocar danos em resid\u00eancias e propriedades rurais do munic\u00edpio.","robots":{"index":"index","follow":"follow","max-snippet":"max-snippet:-1","max-image-preview":"max-image-preview:large","max-video-preview":"max-video-preview:-1"},"canonical":"https:\/\/mznoticia.com.br\/piraidosul\/pirai-do-sul-decreta-situacao-de-emergencia-apos-tornado-causar-estragos\/","og_locale":"pt_BR","og_type":"article","og_title":"Pira\u00ed do Sul decreta situa\u00e7\u00e3o de emerg\u00eancia ap\u00f3s tornado causar estragos - Mz Not\u00edcias","og_description":"Pira\u00ed do Sul decretou Situa\u00e7\u00e3o de Emerg\u00eancia ap\u00f3s tornado provocar danos em resid\u00eancias e propriedades rurais do munic\u00edpio.","og_url":"https:\/\/mznoticia.com.br\/piraidosul\/pirai-do-sul-decreta-situacao-de-emergencia-apos-tornado-causar-estragos\/","og_site_name":"Mz Not\u00edcias","article_publisher":"https:\/\/www.facebook.com\/profile.php?id=61573479951222","article_published_time":"2026-08-12T19:25:14+00:00","article_modified_time":"2026-08-12T19:25:36+00:00","og_image":[{"width":572,"height":321,"url":"https:\/\/mznoticia.com.br\/piraidosul\/wp-content\/uploads\/2026\/08\/tornado.jpg","type":"image\/jpeg"}],"author":"redacao mz","twitter_card":"summary_large_image","twitter_misc":{"Escrito por":"redacao mz","Est. tempo de leitura":"2 minutos"},"schema":{"@context":"https:\/\/schema.org","@graph":[{"@type":"Article","@id":"https:\/\/mznoticia.com.br\/piraidosul\/pirai-do-sul-decreta-situacao-de-emergencia-apos-tornado-causar-estragos\/#article","isPartOf":{"@id":"https:\/\/mznoticia.com.br\/piraidosul\/pirai-do-sul-decreta-situacao-de-emergencia-apos-tornado-causar-estragos\/"},"author":{"name":"redacao mz","@id":"https:\/\/mznoticia.com.br\/piraidosul\/#\/schema\/person\/9081e3eea38d0f9ff6d13386b9d71916"},"headline":"Pira\u00ed do Sul decreta situa\u00e7\u00e3o de emerg\u00eancia ap\u00f3s tornado causar estragos","datePublished":"2026-08-12T19:25:14+00:00","dateModified":"2026-08-12T19:25:36+00:00","mainEntityOfPage":{"@id":"https:\/\/mznoticia.com.br\/piraidosul\/pirai-do-sul-decreta-situacao-de-emergencia-apos-tornado-causar-estragos\/"},"wordCount":391,"commentCount":0,"publisher":{"@id":"https:\/\/mznoticia.com.br\/piraidosul\/#organization"},"image":{"@id":"https:\/\/mznoticia.com.br\/piraidosul\/pirai-do-sul-decreta-situacao-de-emergencia-apos-tornado-causar-estragos\/#primaryimage"},"thumbnailUrl":"https:\/\/mznoticia.com.br\/piraidosul\/wp-content\/uploads\/2026\/08\/tornado.jpg","keywords":["#Pira\u00edDoSul #Tornado #CamposGerais #Paran\u00e1 #DefesaCivil #Situa\u00e7\u00e3oDeEmerg\u00eancia #Chuvas #DesastresNaturais","destaque"],"articleSection":["Geral","Pira\u00ed do Sul"],"inLanguage":"pt-BR","potentialAction":[{"@type":"CommentAction","name":"Comment","target":["https:\/\/mznoticia.com.br\/piraidosul\/pirai-do-sul-decreta-situacao-de-emergencia-apos-tornado-causar-estragos\/#respond"]}]},{"@type":"WebPage","@id":"https:\/\/mznoticia.com.br\/piraidosul\/pirai-do-sul-decreta-situacao-de-emergencia-apos-tornado-causar-estragos\/","url":"https:\/\/mznoticia.com.br\/piraidosul\/pirai-do-sul-decreta-situacao-de-emergencia-apos-tornado-causar-estragos\/","name":"Pira\u00ed do Sul decreta situa\u00e7\u00e3o de emerg\u00eancia ap\u00f3s tornado causar estragos - Mz Not\u00edcias","isPartOf":{"@id":"https:\/\/mznoticia.com.br\/piraidosul\/#website"},"primaryImageOfPage":{"@id":"https:\/\/mznoticia.com.br\/piraidosul\/pirai-do-sul-decreta-situacao-de-emergencia-apos-tornado-causar-estragos\/#primaryimage"},"image":{"@id":"https:\/\/mznoticia.com.br\/piraidosul\/pirai-do-sul-decreta-situacao-de-emergencia-apos-tornado-causar-estragos\/#primaryimage"},"thumbnailUrl":"https:\/\/mznoticia.com.br\/piraidosul\/wp-content\/uploads\/2026\/08\/tornado.jpg","datePublished":"2026-08-12T19:25:14+00:00","dateModified":"2026-08-12T19:25:36+00:00","description":"Pira\u00ed do Sul decretou Situa\u00e7\u00e3o de Emerg\u00eancia ap\u00f3s tornado provocar danos em resid\u00eancias e propriedades rurais do munic\u00edpio.","breadcrumb":{"@id":"https:\/\/mznoticia.com.br\/piraidosul\/pirai-do-sul-decreta-situacao-de-emergencia-apos-tornado-causar-estragos\/#breadcrumb"},"inLanguage":"pt-BR","potentialAction":[{"@type":"ReadAction","target":["https:\/\/mznoticia.com.br\/piraidosul\/pirai-do-sul-decreta-situacao-de-emergencia-apos-tornado-causar-estragos\/"]}]},{"@type":"ImageObject","inLanguage":"pt-BR","@id":"https:\/\/mznoticia.com.br\/piraidosul\/pirai-do-sul-decreta-situacao-de-emergencia-apos-tornado-causar-estragos\/#primaryimage","url":"https:\/\/mznoticia.com.br\/piraidosul\/wp-content\/uploads\/2026\/08\/tornado.jpg","contentUrl":"https:\/\/mznoticia.com.br\/piraidosul\/wp-content\/uploads\/2026\/08\/tornado.jpg","width":572,"height":321},{"@type":"BreadcrumbList","@id":"https:\/\/mznoticia.com.br\/piraidosul\/pirai-do-sul-decreta-situacao-de-emergencia-apos-tornado-causar-estragos\/#breadcrumb","itemListElement":[{"@type":"ListItem","position":1,"name":"Home","item":"https:\/\/mznoticia.com.br\/piraidosul\/"},{"@type":"ListItem","position":2,"name":"Pira\u00ed do Sul decreta situa\u00e7\u00e3o de emerg\u00eancia ap\u00f3s tornado causar estragos"}]},{"@type":"WebSite","@id":"https:\/\/mznoticia.com.br\/piraidosul\/#website","url":"https:\/\/mznoticia.com.br\/piraidosul\/","name":"Mz Not\u00edcia","description":"A informa\u00e7\u00e3o que voc\u00ea precisa na hora certa!","publisher":{"@id":"https:\/\/mznoticia.com.br\/piraidosul\/#organization"},"potentialAction":[{"@type":"SearchAction","target":{"@type":"EntryPoint","urlTemplate":"https:\/\/mznoticia.com.br\/piraidosul\/?s={search_term_string}"},"query-input":{"@type":"PropertyValueSpecification","valueRequired":true,"valueName":"search_term_string"}}],"inLanguage":"pt-BR"},{"@type":"Organization","@id":"https:\/\/mznoticia.com.br\/piraidosul\/#organization","name":"Mz Not\u00edcia","url":"https:\/\/mznoticia.com.br\/piraidosul\/","logo":{"@type":"ImageObject","inLanguage":"pt-BR","@id":"https:\/\/mznoticia.com.br\/piraidosul\/#\/schema\/logo\/image\/","url":"https:\/\/mznoticia.com.br\/jaguariaiva\/wp-content\/uploads\/2025\/03\/Design-sem-nome-4-e1741200616392.png","contentUrl":"https:\/\/mznoticia.com.br\/jaguariaiva\/wp-content\/uploads\/2025\/03\/Design-sem-nome-4-e1741200616392.png","width":750,"height":563,"caption":"Mz Not\u00edcia"},"image":{"@id":"https:\/\/mznoticia.com.br\/piraidosul\/#\/schema\/logo\/image\/"},"sameAs":["https:\/\/www.facebook.com\/profile.php?id=61573479951222","https:\/\/www.instagram.com\/mz.jaguariaiva\/"]},{"@type":"Person","@id":"https:\/\/mznoticia.com.br\/piraidosul\/#\/schema\/person\/9081e3eea38d0f9ff6d13386b9d71916","name":"redacao mz","image":{"@type":"ImageObject","inLanguage":"pt-BR","@id":"https:\/\/secure.gravatar.com\/avatar\/474b69d3d861f17ba108592a48720c8b3a1bb15a7fc9092394e93d749b51d963?s=96&d=simple_local_avatar&r=g","url":"https:\/\/secure.gravatar.com\/avatar\/474b69d3d861f17ba108592a48720c8b3a1bb15a7fc9092394e93d749b51d963?s=96&d=simple_local_avatar&r=g","contentUrl":"https:\/\/secure.gravatar.com\/avatar\/474b69d3d861f17ba108592a48720c8b3a1bb15a7fc9092394e93d749b51d963?s=96&d=simple_local_avatar&r=g","caption":"redacao mz"},"url":"https:\/\/mznoticia.com.br\/piraidosul\/author\/manu\/"}]}},"_links":{"self":[{"href":"https:\/\/mznoticia.com.br\/piraidosul\/wp-json\/wp\/v2\/posts\/6725","targetHints":{"allow":["GET"]}}],"collection":[{"href":"https:\/\/mznoticia.com.br\/piraidosul\/wp-json\/wp\/v2\/posts"}],"about":[{"href":"https:\/\/mznoticia.com.br\/piraidosul\/wp-json\/wp\/v2\/types\/post"}],"author":[{"embeddable":true,"href":"https:\/\/mznoticia.com.br\/piraidosul\/wp-json\/wp\/v2\/users\/17"}],"replies":[{"embeddable":true,"href":"https:\/\/mznoticia.com.br\/piraidosul\/wp-json\/wp\/v2\/comments?post=6725"}],"version-history":[{"count":1,"href":"https:\/\/mznoticia.com.br\/piraidosul\/wp-json\/wp\/v2\/posts\/6725\/revisions"}],"predecessor-version":[{"id":6727,"href":"https:\/\/mznoticia.com.br\/piraidosul\/wp-json\/wp\/v2\/posts\/6725\/revisions\/6727"}],"wp:featuredmedia":[{"embeddable":true,"href":"https:\/\/mznoticia.com.br\/piraidosul\/wp-json\/wp\/v2\/media\/6726"}],"wp:attachment":[{"href":"https:\/\/mznoticia.com.br\/piraidosul\/wp-json\/wp\/v2\/media?parent=6725"}],"wp:term":[{"taxonomy":"category","embeddable":true,"href":"https:\/\/mznoticia.com.br\/piraidosul\/wp-json\/wp\/v2\/categories?post=6725"},{"taxonomy":"post_tag","embeddable":true,"href":"https:\/\/mznoticia.com.br\/piraidosul\/wp-json\/wp\/v2\/tags?post=6725"}],"curies":[{"name":"wp","href":"https:\/\/api.w.org\/{rel}","templated":true}]}}