{"id":6803,"date":"2026-08-13T18:19:06","date_gmt":"2026-08-13T18:19:06","guid":{"rendered":"https:\/\/mznoticia.com.br\/piraidosul\/?p=6803"},"modified":"2026-08-13T18:19:06","modified_gmt":"2026-08-13T18:19:06","slug":"alunos-da-rede-municipal-de-pirai-do-sul-recebem-kits-de-saude-bucal","status":"publish","type":"post","link":"https:\/\/mznoticia.com.br\/piraidosul\/alunos-da-rede-municipal-de-pirai-do-sul-recebem-kits-de-saude-bucal\/","title":{"rendered":"Alunos da rede municipal de Pira\u00ed do Sul recebem kits de sa\u00fade bucal"},"content":{"rendered":"<h2 class=\"PDq2pG_selectionAnchorContainer\" data-section-id=\"ah6dac\" data-start=\"72\" data-end=\"187\">Kits com escova, creme e fio dental s\u00e3o entregues nas escolas para incentivar h\u00e1bitos saud\u00e1veis desde a inf\u00e2ncia<\/h2>\n<p data-start=\"189\" data-end=\"473\">A Prefeitura de <strong data-start=\"205\" data-end=\"221\">Pira\u00ed do Sul<\/strong> iniciou nesta semana a distribui\u00e7\u00e3o de kits de higiene bucal para alunos de todas as escolas da rede municipal. A iniciativa faz parte do <strong data-start=\"360\" data-end=\"394\">Programa Sa\u00fade na Escola (PSE)<\/strong> e \u00e9 realizada em parceria entre as Secretarias Municipais de Sa\u00fade e Educa\u00e7\u00e3o.<\/p>\n<h3 data-section-id=\"s5o8bs\" data-start=\"475\" data-end=\"509\">Kits s\u00e3o entregues nas escolas<\/h3>\n<p data-start=\"511\" data-end=\"664\">Os kits s\u00e3o compostos por <strong data-start=\"537\" data-end=\"584\">escova de dentes, creme dental e fio dental<\/strong>, al\u00e9m de cartilhas educativas com orienta\u00e7\u00f5es sobre cuidados com a sa\u00fade bucal.<\/p>\n<p data-start=\"666\" data-end=\"897\">As entregas s\u00e3o realizadas pelas equipes de odontologia das Unidades B\u00e1sicas de Sa\u00fade (UBS), que tamb\u00e9m orientam os estudantes sobre a forma correta de escovar os dentes, utilizar o fio dental e manter h\u00e1bitos adequados de higiene.<\/p>\n<h3 data-section-id=\"k8pqrn\" data-start=\"899\" data-end=\"929\">Preven\u00e7\u00e3o desde a inf\u00e2ncia<\/h3>\n<p data-start=\"931\" data-end=\"1099\">A a\u00e7\u00e3o tem como objetivo incentivar os cuidados com a sa\u00fade bucal desde os primeiros anos, contribuindo para a preven\u00e7\u00e3o de <strong data-start=\"1055\" data-end=\"1098\">c\u00e1ries e outros problemas odontol\u00f3gicos<\/strong>.<\/p>\n<p data-start=\"1101\" data-end=\"1262\">Durante as atividades, os profissionais refor\u00e7am que a ado\u00e7\u00e3o de h\u00e1bitos saud\u00e1veis na inf\u00e2ncia pode contribuir para a manuten\u00e7\u00e3o da sa\u00fade bucal ao longo da vida.<\/p>\n<h3 data-section-id=\"1jnmlts\" data-start=\"1264\" data-end=\"1299\">Parceria entre Sa\u00fade e Educa\u00e7\u00e3o<\/h3>\n<p data-start=\"1301\" data-end=\"1445\">A iniciativa tamb\u00e9m busca aproximar as \u00e1reas de Sa\u00fade e Educa\u00e7\u00e3o, utilizando o ambiente escolar para levar informa\u00e7\u00f5es de preven\u00e7\u00e3o \u00e0s crian\u00e7as.<\/p>\n<p data-start=\"1447\" data-end=\"1587\">A previs\u00e3o \u00e9 que as equipes concluam o cronograma de distribui\u00e7\u00e3o nos pr\u00f3ximos dias, alcan\u00e7ando todos os alunos da rede municipal de ensino.<\/p>\n<p data-start=\"1447\" data-end=\"1587\">\u00a0<label class=\"mw-image-author\">Foto: Divulga\u00e7\u00e3o\/Prefeitura de Pira\u00ed.<\/label><\/p>\n","protected":false},"excerpt":{"rendered":"<p>Kits com escova, creme e fio dental s\u00e3o entregues nas escolas para incentivar h\u00e1bitos saud\u00e1veis desde a inf\u00e2ncia A Prefeitura de Pira\u00ed do Sul iniciou nesta semana a distribui\u00e7\u00e3o de kits de higiene bucal para alunos de todas as escolas da rede municipal. A iniciativa faz parte do Programa Sa\u00fade na Escola (PSE) e \u00e9 [&hellip;]<\/p>\n","protected":false},"author":16,"featured_media":6804,"comment_status":"open","ping_status":"open","sticky":false,"template":"","format":"standard","meta":{"footnotes":""},"categories":[199],"tags":[196,185,47,109,2054,2057,135,555,2055,2056,2053,225],"class_list":["post-6803","post","type-post","status-publish","format-standard","has-post-thumbnail","hentry","category-educacao","tag-campos-gerais","tag-criancas","tag-destaque","tag-educacao","tag-escolas-municipais","tag-higiene-bucal","tag-pirai-do-sul","tag-prevencao","tag-programa-saude-na-escola","tag-pse","tag-saude-bucal","tag-saude-publica"],"yoast_head":"<!-- This site is optimized with the Yoast SEO plugin v28.1 - https:\/\/yoast.com\/product\/yoast-seo-wordpress\/ -->\n<title>Alunos da rede municipal de Pira\u00ed do Sul recebem kits de sa\u00fade bucal - Mz Not\u00edcias<\/title>\n<meta name=\"description\" content=\"Alunos das escolas municipais de Pira\u00ed do Sul recebem kits de sa\u00fade bucal com escova, creme e fio dental em a\u00e7\u00e3o de preven\u00e7\u00e3o.\" \/>\n<meta name=\"robots\" content=\"index, follow, max-snippet:-1, max-image-preview:large, max-video-preview:-1\" \/>\n<link rel=\"canonical\" href=\"https:\/\/mznoticia.com.br\/piraidosul\/alunos-da-rede-municipal-de-pirai-do-sul-recebem-kits-de-saude-bucal\/\" \/>\n<meta property=\"og:locale\" content=\"pt_BR\" \/>\n<meta property=\"og:type\" content=\"article\" \/>\n<meta property=\"og:title\" content=\"Alunos da rede municipal de Pira\u00ed do Sul recebem kits de sa\u00fade bucal - Mz Not\u00edcias\" \/>\n<meta property=\"og:description\" content=\"Alunos das escolas municipais de Pira\u00ed do Sul recebem kits de sa\u00fade bucal com escova, creme e fio dental em a\u00e7\u00e3o de preven\u00e7\u00e3o.\" \/>\n<meta property=\"og:url\" content=\"https:\/\/mznoticia.com.br\/piraidosul\/alunos-da-rede-municipal-de-pirai-do-sul-recebem-kits-de-saude-bucal\/\" \/>\n<meta property=\"og:site_name\" content=\"Mz Not\u00edcias\" \/>\n<meta property=\"article:publisher\" content=\"https:\/\/www.facebook.com\/profile.php?id=61573479951222\" \/>\n<meta property=\"article:published_time\" content=\"2026-08-13T18:19:06+00:00\" \/>\n<meta property=\"og:image\" content=\"https:\/\/mznoticia.com.br\/piraidosul\/wp-content\/uploads\/2026\/08\/2000.webp\" \/>\n\t<meta property=\"og:image:width\" content=\"1000\" \/>\n\t<meta property=\"og:image:height\" content=\"500\" \/>\n\t<meta property=\"og:image:type\" content=\"image\/webp\" \/>\n<meta name=\"author\" content=\"Redacao mz\" \/>\n<meta name=\"twitter:card\" content=\"summary_large_image\" \/>\n<meta name=\"twitter:label1\" content=\"Escrito por\" \/>\n\t<meta name=\"twitter:data1\" content=\"Redacao mz\" \/>\n\t<meta name=\"twitter:label2\" content=\"Est. tempo de leitura\" \/>\n\t<meta name=\"twitter:data2\" content=\"2 minutos\" \/>\n<script type=\"application\/ld+json\" class=\"yoast-schema-graph\">{\"@context\":\"https:\\\/\\\/schema.org\",\"@graph\":[{\"@type\":\"Article\",\"@id\":\"https:\\\/\\\/mznoticia.com.br\\\/piraidosul\\\/alunos-da-rede-municipal-de-pirai-do-sul-recebem-kits-de-saude-bucal\\\/#article\",\"isPartOf\":{\"@id\":\"https:\\\/\\\/mznoticia.com.br\\\/piraidosul\\\/alunos-da-rede-municipal-de-pirai-do-sul-recebem-kits-de-saude-bucal\\\/\"},\"author\":{\"name\":\"Redacao mz\",\"@id\":\"https:\\\/\\\/mznoticia.com.br\\\/piraidosul\\\/#\\\/schema\\\/person\\\/84012d827247b3f42f37b550da79cd03\"},\"headline\":\"Alunos da rede municipal de Pira\u00ed do Sul recebem kits de sa\u00fade bucal\",\"datePublished\":\"2026-08-13T18:19:06+00:00\",\"mainEntityOfPage\":{\"@id\":\"https:\\\/\\\/mznoticia.com.br\\\/piraidosul\\\/alunos-da-rede-municipal-de-pirai-do-sul-recebem-kits-de-saude-bucal\\\/\"},\"wordCount\":301,\"commentCount\":0,\"publisher\":{\"@id\":\"https:\\\/\\\/mznoticia.com.br\\\/piraidosul\\\/#organization\"},\"image\":{\"@id\":\"https:\\\/\\\/mznoticia.com.br\\\/piraidosul\\\/alunos-da-rede-municipal-de-pirai-do-sul-recebem-kits-de-saude-bucal\\\/#primaryimage\"},\"thumbnailUrl\":\"https:\\\/\\\/mznoticia.com.br\\\/piraidosul\\\/wp-content\\\/uploads\\\/2026\\\/08\\\/2000.webp\",\"keywords\":[\"campos gerais\",\"crian\u00e7as\",\"destaque\",\"educa\u00e7\u00e3o\",\"escolas municipais\",\"higiene bucal\",\"Pira\u00ed do Sul\",\"preven\u00e7\u00e3o\",\"Programa Sa\u00fade na Escola\",\"PSE\",\"sa\u00fade bucal\",\"Sa\u00fade P\u00fablica\"],\"articleSection\":[\"Educa\u00e7\u00e3o\"],\"inLanguage\":\"pt-BR\",\"potentialAction\":[{\"@type\":\"CommentAction\",\"name\":\"Comment\",\"target\":[\"https:\\\/\\\/mznoticia.com.br\\\/piraidosul\\\/alunos-da-rede-municipal-de-pirai-do-sul-recebem-kits-de-saude-bucal\\\/#respond\"]}]},{\"@type\":\"WebPage\",\"@id\":\"https:\\\/\\\/mznoticia.com.br\\\/piraidosul\\\/alunos-da-rede-municipal-de-pirai-do-sul-recebem-kits-de-saude-bucal\\\/\",\"url\":\"https:\\\/\\\/mznoticia.com.br\\\/piraidosul\\\/alunos-da-rede-municipal-de-pirai-do-sul-recebem-kits-de-saude-bucal\\\/\",\"name\":\"Alunos da rede municipal de Pira\u00ed do Sul recebem kits de sa\u00fade bucal - Mz Not\u00edcias\",\"isPartOf\":{\"@id\":\"https:\\\/\\\/mznoticia.com.br\\\/piraidosul\\\/#website\"},\"primaryImageOfPage\":{\"@id\":\"https:\\\/\\\/mznoticia.com.br\\\/piraidosul\\\/alunos-da-rede-municipal-de-pirai-do-sul-recebem-kits-de-saude-bucal\\\/#primaryimage\"},\"image\":{\"@id\":\"https:\\\/\\\/mznoticia.com.br\\\/piraidosul\\\/alunos-da-rede-municipal-de-pirai-do-sul-recebem-kits-de-saude-bucal\\\/#primaryimage\"},\"thumbnailUrl\":\"https:\\\/\\\/mznoticia.com.br\\\/piraidosul\\\/wp-content\\\/uploads\\\/2026\\\/08\\\/2000.webp\",\"datePublished\":\"2026-08-13T18:19:06+00:00\",\"description\":\"Alunos das escolas municipais de Pira\u00ed do Sul recebem kits de sa\u00fade bucal com escova, creme e fio dental em a\u00e7\u00e3o de preven\u00e7\u00e3o.\",\"breadcrumb\":{\"@id\":\"https:\\\/\\\/mznoticia.com.br\\\/piraidosul\\\/alunos-da-rede-municipal-de-pirai-do-sul-recebem-kits-de-saude-bucal\\\/#breadcrumb\"},\"inLanguage\":\"pt-BR\",\"potentialAction\":[{\"@type\":\"ReadAction\",\"target\":[\"https:\\\/\\\/mznoticia.com.br\\\/piraidosul\\\/alunos-da-rede-municipal-de-pirai-do-sul-recebem-kits-de-saude-bucal\\\/\"]}]},{\"@type\":\"ImageObject\",\"inLanguage\":\"pt-BR\",\"@id\":\"https:\\\/\\\/mznoticia.com.br\\\/piraidosul\\\/alunos-da-rede-municipal-de-pirai-do-sul-recebem-kits-de-saude-bucal\\\/#primaryimage\",\"url\":\"https:\\\/\\\/mznoticia.com.br\\\/piraidosul\\\/wp-content\\\/uploads\\\/2026\\\/08\\\/2000.webp\",\"contentUrl\":\"https:\\\/\\\/mznoticia.com.br\\\/piraidosul\\\/wp-content\\\/uploads\\\/2026\\\/08\\\/2000.webp\",\"width\":1000,\"height\":500},{\"@type\":\"BreadcrumbList\",\"@id\":\"https:\\\/\\\/mznoticia.com.br\\\/piraidosul\\\/alunos-da-rede-municipal-de-pirai-do-sul-recebem-kits-de-saude-bucal\\\/#breadcrumb\",\"itemListElement\":[{\"@type\":\"ListItem\",\"position\":1,\"name\":\"Home\",\"item\":\"https:\\\/\\\/mznoticia.com.br\\\/piraidosul\\\/\"},{\"@type\":\"ListItem\",\"position\":2,\"name\":\"Alunos da rede municipal de Pira\u00ed do Sul recebem kits de sa\u00fade bucal\"}]},{\"@type\":\"WebSite\",\"@id\":\"https:\\\/\\\/mznoticia.com.br\\\/piraidosul\\\/#website\",\"url\":\"https:\\\/\\\/mznoticia.com.br\\\/piraidosul\\\/\",\"name\":\"Mz Not\u00edcia\",\"description\":\"A informa\u00e7\u00e3o que voc\u00ea precisa na hora certa!\",\"publisher\":{\"@id\":\"https:\\\/\\\/mznoticia.com.br\\\/piraidosul\\\/#organization\"},\"potentialAction\":[{\"@type\":\"SearchAction\",\"target\":{\"@type\":\"EntryPoint\",\"urlTemplate\":\"https:\\\/\\\/mznoticia.com.br\\\/piraidosul\\\/?s={search_term_string}\"},\"query-input\":{\"@type\":\"PropertyValueSpecification\",\"valueRequired\":true,\"valueName\":\"search_term_string\"}}],\"inLanguage\":\"pt-BR\"},{\"@type\":\"Organization\",\"@id\":\"https:\\\/\\\/mznoticia.com.br\\\/piraidosul\\\/#organization\",\"name\":\"Mz Not\u00edcia\",\"url\":\"https:\\\/\\\/mznoticia.com.br\\\/piraidosul\\\/\",\"logo\":{\"@type\":\"ImageObject\",\"inLanguage\":\"pt-BR\",\"@id\":\"https:\\\/\\\/mznoticia.com.br\\\/piraidosul\\\/#\\\/schema\\\/logo\\\/image\\\/\",\"url\":\"https:\\\/\\\/mznoticia.com.br\\\/jaguariaiva\\\/wp-content\\\/uploads\\\/2025\\\/03\\\/Design-sem-nome-4-e1741200616392.png\",\"contentUrl\":\"https:\\\/\\\/mznoticia.com.br\\\/jaguariaiva\\\/wp-content\\\/uploads\\\/2025\\\/03\\\/Design-sem-nome-4-e1741200616392.png\",\"width\":750,\"height\":563,\"caption\":\"Mz Not\u00edcia\"},\"image\":{\"@id\":\"https:\\\/\\\/mznoticia.com.br\\\/piraidosul\\\/#\\\/schema\\\/logo\\\/image\\\/\"},\"sameAs\":[\"https:\\\/\\\/www.facebook.com\\\/profile.php?id=61573479951222\",\"https:\\\/\\\/www.instagram.com\\\/mz.jaguariaiva\\\/\"]},{\"@type\":\"Person\",\"@id\":\"https:\\\/\\\/mznoticia.com.br\\\/piraidosul\\\/#\\\/schema\\\/person\\\/84012d827247b3f42f37b550da79cd03\",\"name\":\"Redacao mz\",\"image\":{\"@type\":\"ImageObject\",\"inLanguage\":\"pt-BR\",\"@id\":\"https:\\\/\\\/secure.gravatar.com\\\/avatar\\\/3835c58a73b55edb97de944593845d3f29acb93b7a088f3bf63afde947ab86ba?s=96&d=simple_local_avatar&r=g\",\"url\":\"https:\\\/\\\/secure.gravatar.com\\\/avatar\\\/3835c58a73b55edb97de944593845d3f29acb93b7a088f3bf63afde947ab86ba?s=96&d=simple_local_avatar&r=g\",\"contentUrl\":\"https:\\\/\\\/secure.gravatar.com\\\/avatar\\\/3835c58a73b55edb97de944593845d3f29acb93b7a088f3bf63afde947ab86ba?s=96&d=simple_local_avatar&r=g\",\"caption\":\"Redacao mz\"},\"sameAs\":[\"http:\\\/\\\/mznoticia.com.br\"],\"url\":\"https:\\\/\\\/mznoticia.com.br\\\/piraidosul\\\/author\\\/lucimara\\\/\"}]}<\/script>\n<!-- \/ Yoast SEO plugin. -->","yoast_head_json":{"title":"Alunos da rede municipal de Pira\u00ed do Sul recebem kits de sa\u00fade bucal - Mz Not\u00edcias","description":"Alunos das escolas municipais de Pira\u00ed do Sul recebem kits de sa\u00fade bucal com escova, creme e fio dental em a\u00e7\u00e3o de preven\u00e7\u00e3o.","robots":{"index":"index","follow":"follow","max-snippet":"max-snippet:-1","max-image-preview":"max-image-preview:large","max-video-preview":"max-video-preview:-1"},"canonical":"https:\/\/mznoticia.com.br\/piraidosul\/alunos-da-rede-municipal-de-pirai-do-sul-recebem-kits-de-saude-bucal\/","og_locale":"pt_BR","og_type":"article","og_title":"Alunos da rede municipal de Pira\u00ed do Sul recebem kits de sa\u00fade bucal - Mz Not\u00edcias","og_description":"Alunos das escolas municipais de Pira\u00ed do Sul recebem kits de sa\u00fade bucal com escova, creme e fio dental em a\u00e7\u00e3o de preven\u00e7\u00e3o.","og_url":"https:\/\/mznoticia.com.br\/piraidosul\/alunos-da-rede-municipal-de-pirai-do-sul-recebem-kits-de-saude-bucal\/","og_site_name":"Mz Not\u00edcias","article_publisher":"https:\/\/www.facebook.com\/profile.php?id=61573479951222","article_published_time":"2026-08-13T18:19:06+00:00","og_image":[{"width":1000,"height":500,"url":"https:\/\/mznoticia.com.br\/piraidosul\/wp-content\/uploads\/2026\/08\/2000.webp","type":"image\/webp"}],"author":"Redacao mz","twitter_card":"summary_large_image","twitter_misc":{"Escrito por":"Redacao mz","Est. tempo de leitura":"2 minutos"},"schema":{"@context":"https:\/\/schema.org","@graph":[{"@type":"Article","@id":"https:\/\/mznoticia.com.br\/piraidosul\/alunos-da-rede-municipal-de-pirai-do-sul-recebem-kits-de-saude-bucal\/#article","isPartOf":{"@id":"https:\/\/mznoticia.com.br\/piraidosul\/alunos-da-rede-municipal-de-pirai-do-sul-recebem-kits-de-saude-bucal\/"},"author":{"name":"Redacao mz","@id":"https:\/\/mznoticia.com.br\/piraidosul\/#\/schema\/person\/84012d827247b3f42f37b550da79cd03"},"headline":"Alunos da rede municipal de Pira\u00ed do Sul recebem kits de sa\u00fade bucal","datePublished":"2026-08-13T18:19:06+00:00","mainEntityOfPage":{"@id":"https:\/\/mznoticia.com.br\/piraidosul\/alunos-da-rede-municipal-de-pirai-do-sul-recebem-kits-de-saude-bucal\/"},"wordCount":301,"commentCount":0,"publisher":{"@id":"https:\/\/mznoticia.com.br\/piraidosul\/#organization"},"image":{"@id":"https:\/\/mznoticia.com.br\/piraidosul\/alunos-da-rede-municipal-de-pirai-do-sul-recebem-kits-de-saude-bucal\/#primaryimage"},"thumbnailUrl":"https:\/\/mznoticia.com.br\/piraidosul\/wp-content\/uploads\/2026\/08\/2000.webp","keywords":["campos gerais","crian\u00e7as","destaque","educa\u00e7\u00e3o","escolas municipais","higiene bucal","Pira\u00ed do Sul","preven\u00e7\u00e3o","Programa Sa\u00fade na Escola","PSE","sa\u00fade bucal","Sa\u00fade P\u00fablica"],"articleSection":["Educa\u00e7\u00e3o"],"inLanguage":"pt-BR","potentialAction":[{"@type":"CommentAction","name":"Comment","target":["https:\/\/mznoticia.com.br\/piraidosul\/alunos-da-rede-municipal-de-pirai-do-sul-recebem-kits-de-saude-bucal\/#respond"]}]},{"@type":"WebPage","@id":"https:\/\/mznoticia.com.br\/piraidosul\/alunos-da-rede-municipal-de-pirai-do-sul-recebem-kits-de-saude-bucal\/","url":"https:\/\/mznoticia.com.br\/piraidosul\/alunos-da-rede-municipal-de-pirai-do-sul-recebem-kits-de-saude-bucal\/","name":"Alunos da rede municipal de Pira\u00ed do Sul recebem kits de sa\u00fade bucal - Mz Not\u00edcias","isPartOf":{"@id":"https:\/\/mznoticia.com.br\/piraidosul\/#website"},"primaryImageOfPage":{"@id":"https:\/\/mznoticia.com.br\/piraidosul\/alunos-da-rede-municipal-de-pirai-do-sul-recebem-kits-de-saude-bucal\/#primaryimage"},"image":{"@id":"https:\/\/mznoticia.com.br\/piraidosul\/alunos-da-rede-municipal-de-pirai-do-sul-recebem-kits-de-saude-bucal\/#primaryimage"},"thumbnailUrl":"https:\/\/mznoticia.com.br\/piraidosul\/wp-content\/uploads\/2026\/08\/2000.webp","datePublished":"2026-08-13T18:19:06+00:00","description":"Alunos das escolas municipais de Pira\u00ed do Sul recebem kits de sa\u00fade bucal com escova, creme e fio dental em a\u00e7\u00e3o de preven\u00e7\u00e3o.","breadcrumb":{"@id":"https:\/\/mznoticia.com.br\/piraidosul\/alunos-da-rede-municipal-de-pirai-do-sul-recebem-kits-de-saude-bucal\/#breadcrumb"},"inLanguage":"pt-BR","potentialAction":[{"@type":"ReadAction","target":["https:\/\/mznoticia.com.br\/piraidosul\/alunos-da-rede-municipal-de-pirai-do-sul-recebem-kits-de-saude-bucal\/"]}]},{"@type":"ImageObject","inLanguage":"pt-BR","@id":"https:\/\/mznoticia.com.br\/piraidosul\/alunos-da-rede-municipal-de-pirai-do-sul-recebem-kits-de-saude-bucal\/#primaryimage","url":"https:\/\/mznoticia.com.br\/piraidosul\/wp-content\/uploads\/2026\/08\/2000.webp","contentUrl":"https:\/\/mznoticia.com.br\/piraidosul\/wp-content\/uploads\/2026\/08\/2000.webp","width":1000,"height":500},{"@type":"BreadcrumbList","@id":"https:\/\/mznoticia.com.br\/piraidosul\/alunos-da-rede-municipal-de-pirai-do-sul-recebem-kits-de-saude-bucal\/#breadcrumb","itemListElement":[{"@type":"ListItem","position":1,"name":"Home","item":"https:\/\/mznoticia.com.br\/piraidosul\/"},{"@type":"ListItem","position":2,"name":"Alunos da rede municipal de Pira\u00ed do Sul recebem kits de sa\u00fade bucal"}]},{"@type":"WebSite","@id":"https:\/\/mznoticia.com.br\/piraidosul\/#website","url":"https:\/\/mznoticia.com.br\/piraidosul\/","name":"Mz Not\u00edcia","description":"A informa\u00e7\u00e3o que voc\u00ea precisa na hora certa!","publisher":{"@id":"https:\/\/mznoticia.com.br\/piraidosul\/#organization"},"potentialAction":[{"@type":"SearchAction","target":{"@type":"EntryPoint","urlTemplate":"https:\/\/mznoticia.com.br\/piraidosul\/?s={search_term_string}"},"query-input":{"@type":"PropertyValueSpecification","valueRequired":true,"valueName":"search_term_string"}}],"inLanguage":"pt-BR"},{"@type":"Organization","@id":"https:\/\/mznoticia.com.br\/piraidosul\/#organization","name":"Mz Not\u00edcia","url":"https:\/\/mznoticia.com.br\/piraidosul\/","logo":{"@type":"ImageObject","inLanguage":"pt-BR","@id":"https:\/\/mznoticia.com.br\/piraidosul\/#\/schema\/logo\/image\/","url":"https:\/\/mznoticia.com.br\/jaguariaiva\/wp-content\/uploads\/2025\/03\/Design-sem-nome-4-e1741200616392.png","contentUrl":"https:\/\/mznoticia.com.br\/jaguariaiva\/wp-content\/uploads\/2025\/03\/Design-sem-nome-4-e1741200616392.png","width":750,"height":563,"caption":"Mz Not\u00edcia"},"image":{"@id":"https:\/\/mznoticia.com.br\/piraidosul\/#\/schema\/logo\/image\/"},"sameAs":["https:\/\/www.facebook.com\/profile.php?id=61573479951222","https:\/\/www.instagram.com\/mz.jaguariaiva\/"]},{"@type":"Person","@id":"https:\/\/mznoticia.com.br\/piraidosul\/#\/schema\/person\/84012d827247b3f42f37b550da79cd03","name":"Redacao mz","image":{"@type":"ImageObject","inLanguage":"pt-BR","@id":"https:\/\/secure.gravatar.com\/avatar\/3835c58a73b55edb97de944593845d3f29acb93b7a088f3bf63afde947ab86ba?s=96&d=simple_local_avatar&r=g","url":"https:\/\/secure.gravatar.com\/avatar\/3835c58a73b55edb97de944593845d3f29acb93b7a088f3bf63afde947ab86ba?s=96&d=simple_local_avatar&r=g","contentUrl":"https:\/\/secure.gravatar.com\/avatar\/3835c58a73b55edb97de944593845d3f29acb93b7a088f3bf63afde947ab86ba?s=96&d=simple_local_avatar&r=g","caption":"Redacao mz"},"sameAs":["http:\/\/mznoticia.com.br"],"url":"https:\/\/mznoticia.com.br\/piraidosul\/author\/lucimara\/"}]}},"_links":{"self":[{"href":"https:\/\/mznoticia.com.br\/piraidosul\/wp-json\/wp\/v2\/posts\/6803","targetHints":{"allow":["GET"]}}],"collection":[{"href":"https:\/\/mznoticia.com.br\/piraidosul\/wp-json\/wp\/v2\/posts"}],"about":[{"href":"https:\/\/mznoticia.com.br\/piraidosul\/wp-json\/wp\/v2\/types\/post"}],"author":[{"embeddable":true,"href":"https:\/\/mznoticia.com.br\/piraidosul\/wp-json\/wp\/v2\/users\/16"}],"replies":[{"embeddable":true,"href":"https:\/\/mznoticia.com.br\/piraidosul\/wp-json\/wp\/v2\/comments?post=6803"}],"version-history":[{"count":1,"href":"https:\/\/mznoticia.com.br\/piraidosul\/wp-json\/wp\/v2\/posts\/6803\/revisions"}],"predecessor-version":[{"id":6805,"href":"https:\/\/mznoticia.com.br\/piraidosul\/wp-json\/wp\/v2\/posts\/6803\/revisions\/6805"}],"wp:featuredmedia":[{"embeddable":true,"href":"https:\/\/mznoticia.com.br\/piraidosul\/wp-json\/wp\/v2\/media\/6804"}],"wp:attachment":[{"href":"https:\/\/mznoticia.com.br\/piraidosul\/wp-json\/wp\/v2\/media?parent=6803"}],"wp:term":[{"taxonomy":"category","embeddable":true,"href":"https:\/\/mznoticia.com.br\/piraidosul\/wp-json\/wp\/v2\/categories?post=6803"},{"taxonomy":"post_tag","embeddable":true,"href":"https:\/\/mznoticia.com.br\/piraidosul\/wp-json\/wp\/v2\/tags?post=6803"}],"curies":[{"name":"wp","href":"https:\/\/api.w.org\/{rel}","templated":true}]}}