{"id":6846,"date":"2026-08-14T11:51:04","date_gmt":"2026-08-14T11:51:04","guid":{"rendered":"https:\/\/mznoticia.com.br\/piraidosul\/?p=6846"},"modified":"2026-08-14T11:51:04","modified_gmt":"2026-08-14T11:51:04","slug":"equipes-prestam-apoio-a-familias-atingidas-por-tornado-em-pirai-do-sul","status":"publish","type":"post","link":"https:\/\/mznoticia.com.br\/piraidosul\/equipes-prestam-apoio-a-familias-atingidas-por-tornado-em-pirai-do-sul\/","title":{"rendered":"Equipes prestam apoio a fam\u00edlias atingidas por tornado em Pira\u00ed do Sul"},"content":{"rendered":"<h2>Patrulha Rural Comunit\u00e1ria atuou em conjunto com \u00f3rg\u00e3os municipais na distribui\u00e7\u00e3o de \u00e1gua, alimentos e roupas e no suporte \u00e0s fam\u00edlias afetadas<\/h2>\n<h3>Atendimento ocorreu na regi\u00e3o do Capinzal<\/h3>\n<p class=\"isSelectedEnd\">Equipes da <strong>Patrulha Rural Comunit\u00e1ria<\/strong> atuaram em conjunto com \u00f3rg\u00e3os do munic\u00edpio de <strong>Pira\u00ed do Sul<\/strong>, nos Campos Gerais, para prestar apoio \u00e0s fam\u00edlias atingidas pelo tornado que passou pela regi\u00e3o.<\/p>\n<p class=\"isSelectedEnd\">A ocorr\u00eancia foi registrada na tarde de <strong>quinta-feira (13)<\/strong>, na <strong>Estrada Rural, no bairro Capinzal<\/strong>.<\/p>\n<h3>Apoio \u00e0 popula\u00e7\u00e3o atingida<\/h3>\n<p class=\"isSelectedEnd\">Durante a atua\u00e7\u00e3o, as equipes realizaram a\u00e7\u00f5es de <strong>orienta\u00e7\u00e3o, aux\u00edlio e suporte aos moradores afetados pelo fen\u00f4meno natural<\/strong>.<\/p>\n<p class=\"isSelectedEnd\">Entre as atividades desenvolvidas esteve o apoio na <strong>distribui\u00e7\u00e3o de \u00e1gua, alimentos e vestu\u00e1rios<\/strong> \u00e0s fam\u00edlias atingidas.<\/p>\n<p class=\"isSelectedEnd\">As a\u00e7\u00f5es tamb\u00e9m tiveram como objetivo garantir a <strong>seguran\u00e7a dos moradores<\/strong>, facilitar o trabalho das equipes da <strong>Defesa Civil<\/strong> e dos servidores municipais, al\u00e9m de oferecer o suporte necess\u00e1rio \u00e0 popula\u00e7\u00e3o.<\/p>\n<h3>Trabalho conjunto durante a ocorr\u00eancia<\/h3>\n<p class=\"isSelectedEnd\">Durante todo o per\u00edodo em que permaneceram no local, as equipes atuaram em conjunto com os <strong>\u00f3rg\u00e3os de emerg\u00eancia e assist\u00eancia municipal<\/strong>.<\/p>\n<p>O trabalho foi direcionado ao atendimento das necessidades da popula\u00e7\u00e3o atingida e ao apoio \u00e0s equipes envolvidas nas a\u00e7\u00f5es de emerg\u00eancia e assist\u00eancia \u00e0s fam\u00edlias.<\/p>\n","protected":false},"excerpt":{"rendered":"<p>Patrulha Rural Comunit\u00e1ria atuou em conjunto com \u00f3rg\u00e3os municipais na distribui\u00e7\u00e3o de \u00e1gua, alimentos e roupas e no suporte \u00e0s fam\u00edlias afetadas Atendimento ocorreu na regi\u00e3o do Capinzal Equipes da Patrulha Rural Comunit\u00e1ria atuaram em conjunto com \u00f3rg\u00e3os do munic\u00edpio de Pira\u00ed do Sul, nos Campos Gerais, para prestar apoio \u00e0s fam\u00edlias atingidas pelo tornado [&hellip;]<\/p>\n","protected":false},"author":16,"featured_media":6848,"comment_status":"open","ping_status":"open","sticky":false,"template":"","format":"standard","meta":{"footnotes":""},"categories":[6],"tags":[2073,196,558,47,695,2072,77,2071,135,1191],"class_list":["post-6846","post","type-post","status-publish","format-standard","has-post-thumbnail","hentry","category-piraidosul","tag-assistencia","tag-campos-gerais","tag-defesa-civil","tag-destaque","tag-emergencia","tag-familias-atingidas","tag-parana","tag-patrulha-rural-comunitaria","tag-pirai-do-sul","tag-tornado"],"yoast_head":"<!-- This site is optimized with the Yoast SEO plugin v28.1 - https:\/\/yoast.com\/product\/yoast-seo-wordpress\/ -->\n<title>Equipes prestam apoio a fam\u00edlias atingidas por tornado em Pira\u00ed do Sul - Mz Not\u00edcias<\/title>\n<meta name=\"description\" content=\"Patrulha Rural Comunit\u00e1ria e \u00f3rg\u00e3os municipais prestaram apoio a fam\u00edlias atingidas por tornado em Pira\u00ed do Sul, com distribui\u00e7\u00e3o de \u00e1gua, alimentos e roupas.\" \/>\n<meta name=\"robots\" content=\"index, follow, max-snippet:-1, max-image-preview:large, max-video-preview:-1\" \/>\n<link rel=\"canonical\" href=\"https:\/\/mznoticia.com.br\/piraidosul\/equipes-prestam-apoio-a-familias-atingidas-por-tornado-em-pirai-do-sul\/\" \/>\n<meta property=\"og:locale\" content=\"pt_BR\" \/>\n<meta property=\"og:type\" content=\"article\" \/>\n<meta property=\"og:title\" content=\"Equipes prestam apoio a fam\u00edlias atingidas por tornado em Pira\u00ed do Sul - Mz Not\u00edcias\" \/>\n<meta property=\"og:description\" content=\"Patrulha Rural Comunit\u00e1ria e \u00f3rg\u00e3os municipais prestaram apoio a fam\u00edlias atingidas por tornado em Pira\u00ed do Sul, com distribui\u00e7\u00e3o de \u00e1gua, alimentos e roupas.\" \/>\n<meta property=\"og:url\" content=\"https:\/\/mznoticia.com.br\/piraidosul\/equipes-prestam-apoio-a-familias-atingidas-por-tornado-em-pirai-do-sul\/\" \/>\n<meta property=\"og:site_name\" content=\"Mz Not\u00edcias\" \/>\n<meta property=\"article:publisher\" content=\"https:\/\/www.facebook.com\/profile.php?id=61573479951222\" \/>\n<meta property=\"article:published_time\" content=\"2026-08-14T11:51:04+00:00\" \/>\n<meta property=\"og:image\" content=\"https:\/\/mznoticia.com.br\/piraidosul\/wp-content\/uploads\/2026\/08\/20-6.jpg\" \/>\n\t<meta property=\"og:image:width\" content=\"1080\" \/>\n\t<meta property=\"og:image:height\" content=\"709\" \/>\n\t<meta property=\"og:image:type\" content=\"image\/jpeg\" \/>\n<meta name=\"author\" content=\"Redacao mz\" \/>\n<meta name=\"twitter:card\" content=\"summary_large_image\" \/>\n<meta name=\"twitter:label1\" content=\"Escrito por\" \/>\n\t<meta name=\"twitter:data1\" content=\"Redacao mz\" \/>\n\t<meta name=\"twitter:label2\" content=\"Est. tempo de leitura\" \/>\n\t<meta name=\"twitter:data2\" content=\"2 minutos\" \/>\n<script type=\"application\/ld+json\" class=\"yoast-schema-graph\">{\"@context\":\"https:\\\/\\\/schema.org\",\"@graph\":[{\"@type\":\"Article\",\"@id\":\"https:\\\/\\\/mznoticia.com.br\\\/piraidosul\\\/equipes-prestam-apoio-a-familias-atingidas-por-tornado-em-pirai-do-sul\\\/#article\",\"isPartOf\":{\"@id\":\"https:\\\/\\\/mznoticia.com.br\\\/piraidosul\\\/equipes-prestam-apoio-a-familias-atingidas-por-tornado-em-pirai-do-sul\\\/\"},\"author\":{\"name\":\"Redacao mz\",\"@id\":\"https:\\\/\\\/mznoticia.com.br\\\/piraidosul\\\/#\\\/schema\\\/person\\\/84012d827247b3f42f37b550da79cd03\"},\"headline\":\"Equipes prestam apoio a fam\u00edlias atingidas por tornado em Pira\u00ed do Sul\",\"datePublished\":\"2026-08-14T11:51:04+00:00\",\"mainEntityOfPage\":{\"@id\":\"https:\\\/\\\/mznoticia.com.br\\\/piraidosul\\\/equipes-prestam-apoio-a-familias-atingidas-por-tornado-em-pirai-do-sul\\\/\"},\"wordCount\":242,\"commentCount\":0,\"publisher\":{\"@id\":\"https:\\\/\\\/mznoticia.com.br\\\/piraidosul\\\/#organization\"},\"image\":{\"@id\":\"https:\\\/\\\/mznoticia.com.br\\\/piraidosul\\\/equipes-prestam-apoio-a-familias-atingidas-por-tornado-em-pirai-do-sul\\\/#primaryimage\"},\"thumbnailUrl\":\"https:\\\/\\\/mznoticia.com.br\\\/piraidosul\\\/wp-content\\\/uploads\\\/2026\\\/08\\\/20-6.jpg\",\"keywords\":[\"Assist\u00eancia\",\"campos gerais\",\"defesa civil\",\"destaque\",\"Emerg\u00eancia\",\"Fam\u00edlias Atingidas\",\"parana\",\"Patrulha Rural Comunit\u00e1ria\",\"Pira\u00ed do Sul\",\"tornado\"],\"articleSection\":[\"Pira\u00ed do Sul\"],\"inLanguage\":\"pt-BR\",\"potentialAction\":[{\"@type\":\"CommentAction\",\"name\":\"Comment\",\"target\":[\"https:\\\/\\\/mznoticia.com.br\\\/piraidosul\\\/equipes-prestam-apoio-a-familias-atingidas-por-tornado-em-pirai-do-sul\\\/#respond\"]}]},{\"@type\":\"WebPage\",\"@id\":\"https:\\\/\\\/mznoticia.com.br\\\/piraidosul\\\/equipes-prestam-apoio-a-familias-atingidas-por-tornado-em-pirai-do-sul\\\/\",\"url\":\"https:\\\/\\\/mznoticia.com.br\\\/piraidosul\\\/equipes-prestam-apoio-a-familias-atingidas-por-tornado-em-pirai-do-sul\\\/\",\"name\":\"Equipes prestam apoio a fam\u00edlias atingidas por tornado em Pira\u00ed do Sul - Mz Not\u00edcias\",\"isPartOf\":{\"@id\":\"https:\\\/\\\/mznoticia.com.br\\\/piraidosul\\\/#website\"},\"primaryImageOfPage\":{\"@id\":\"https:\\\/\\\/mznoticia.com.br\\\/piraidosul\\\/equipes-prestam-apoio-a-familias-atingidas-por-tornado-em-pirai-do-sul\\\/#primaryimage\"},\"image\":{\"@id\":\"https:\\\/\\\/mznoticia.com.br\\\/piraidosul\\\/equipes-prestam-apoio-a-familias-atingidas-por-tornado-em-pirai-do-sul\\\/#primaryimage\"},\"thumbnailUrl\":\"https:\\\/\\\/mznoticia.com.br\\\/piraidosul\\\/wp-content\\\/uploads\\\/2026\\\/08\\\/20-6.jpg\",\"datePublished\":\"2026-08-14T11:51:04+00:00\",\"description\":\"Patrulha Rural Comunit\u00e1ria e \u00f3rg\u00e3os municipais prestaram apoio a fam\u00edlias atingidas por tornado em Pira\u00ed do Sul, com distribui\u00e7\u00e3o de \u00e1gua, alimentos e roupas.\",\"breadcrumb\":{\"@id\":\"https:\\\/\\\/mznoticia.com.br\\\/piraidosul\\\/equipes-prestam-apoio-a-familias-atingidas-por-tornado-em-pirai-do-sul\\\/#breadcrumb\"},\"inLanguage\":\"pt-BR\",\"potentialAction\":[{\"@type\":\"ReadAction\",\"target\":[\"https:\\\/\\\/mznoticia.com.br\\\/piraidosul\\\/equipes-prestam-apoio-a-familias-atingidas-por-tornado-em-pirai-do-sul\\\/\"]}]},{\"@type\":\"ImageObject\",\"inLanguage\":\"pt-BR\",\"@id\":\"https:\\\/\\\/mznoticia.com.br\\\/piraidosul\\\/equipes-prestam-apoio-a-familias-atingidas-por-tornado-em-pirai-do-sul\\\/#primaryimage\",\"url\":\"https:\\\/\\\/mznoticia.com.br\\\/piraidosul\\\/wp-content\\\/uploads\\\/2026\\\/08\\\/20-6.jpg\",\"contentUrl\":\"https:\\\/\\\/mznoticia.com.br\\\/piraidosul\\\/wp-content\\\/uploads\\\/2026\\\/08\\\/20-6.jpg\",\"width\":1080,\"height\":709},{\"@type\":\"BreadcrumbList\",\"@id\":\"https:\\\/\\\/mznoticia.com.br\\\/piraidosul\\\/equipes-prestam-apoio-a-familias-atingidas-por-tornado-em-pirai-do-sul\\\/#breadcrumb\",\"itemListElement\":[{\"@type\":\"ListItem\",\"position\":1,\"name\":\"Home\",\"item\":\"https:\\\/\\\/mznoticia.com.br\\\/piraidosul\\\/\"},{\"@type\":\"ListItem\",\"position\":2,\"name\":\"Equipes prestam apoio a fam\u00edlias atingidas por tornado em Pira\u00ed do Sul\"}]},{\"@type\":\"WebSite\",\"@id\":\"https:\\\/\\\/mznoticia.com.br\\\/piraidosul\\\/#website\",\"url\":\"https:\\\/\\\/mznoticia.com.br\\\/piraidosul\\\/\",\"name\":\"Mz Not\u00edcia\",\"description\":\"A informa\u00e7\u00e3o que voc\u00ea precisa na hora certa!\",\"publisher\":{\"@id\":\"https:\\\/\\\/mznoticia.com.br\\\/piraidosul\\\/#organization\"},\"potentialAction\":[{\"@type\":\"SearchAction\",\"target\":{\"@type\":\"EntryPoint\",\"urlTemplate\":\"https:\\\/\\\/mznoticia.com.br\\\/piraidosul\\\/?s={search_term_string}\"},\"query-input\":{\"@type\":\"PropertyValueSpecification\",\"valueRequired\":true,\"valueName\":\"search_term_string\"}}],\"inLanguage\":\"pt-BR\"},{\"@type\":\"Organization\",\"@id\":\"https:\\\/\\\/mznoticia.com.br\\\/piraidosul\\\/#organization\",\"name\":\"Mz Not\u00edcia\",\"url\":\"https:\\\/\\\/mznoticia.com.br\\\/piraidosul\\\/\",\"logo\":{\"@type\":\"ImageObject\",\"inLanguage\":\"pt-BR\",\"@id\":\"https:\\\/\\\/mznoticia.com.br\\\/piraidosul\\\/#\\\/schema\\\/logo\\\/image\\\/\",\"url\":\"https:\\\/\\\/mznoticia.com.br\\\/jaguariaiva\\\/wp-content\\\/uploads\\\/2025\\\/03\\\/Design-sem-nome-4-e1741200616392.png\",\"contentUrl\":\"https:\\\/\\\/mznoticia.com.br\\\/jaguariaiva\\\/wp-content\\\/uploads\\\/2025\\\/03\\\/Design-sem-nome-4-e1741200616392.png\",\"width\":750,\"height\":563,\"caption\":\"Mz Not\u00edcia\"},\"image\":{\"@id\":\"https:\\\/\\\/mznoticia.com.br\\\/piraidosul\\\/#\\\/schema\\\/logo\\\/image\\\/\"},\"sameAs\":[\"https:\\\/\\\/www.facebook.com\\\/profile.php?id=61573479951222\",\"https:\\\/\\\/www.instagram.com\\\/mz.jaguariaiva\\\/\"]},{\"@type\":\"Person\",\"@id\":\"https:\\\/\\\/mznoticia.com.br\\\/piraidosul\\\/#\\\/schema\\\/person\\\/84012d827247b3f42f37b550da79cd03\",\"name\":\"Redacao mz\",\"image\":{\"@type\":\"ImageObject\",\"inLanguage\":\"pt-BR\",\"@id\":\"https:\\\/\\\/secure.gravatar.com\\\/avatar\\\/3835c58a73b55edb97de944593845d3f29acb93b7a088f3bf63afde947ab86ba?s=96&d=simple_local_avatar&r=g\",\"url\":\"https:\\\/\\\/secure.gravatar.com\\\/avatar\\\/3835c58a73b55edb97de944593845d3f29acb93b7a088f3bf63afde947ab86ba?s=96&d=simple_local_avatar&r=g\",\"contentUrl\":\"https:\\\/\\\/secure.gravatar.com\\\/avatar\\\/3835c58a73b55edb97de944593845d3f29acb93b7a088f3bf63afde947ab86ba?s=96&d=simple_local_avatar&r=g\",\"caption\":\"Redacao mz\"},\"sameAs\":[\"http:\\\/\\\/mznoticia.com.br\"],\"url\":\"https:\\\/\\\/mznoticia.com.br\\\/piraidosul\\\/author\\\/lucimara\\\/\"}]}<\/script>\n<!-- \/ Yoast SEO plugin. -->","yoast_head_json":{"title":"Equipes prestam apoio a fam\u00edlias atingidas por tornado em Pira\u00ed do Sul - Mz Not\u00edcias","description":"Patrulha Rural Comunit\u00e1ria e \u00f3rg\u00e3os municipais prestaram apoio a fam\u00edlias atingidas por tornado em Pira\u00ed do Sul, com distribui\u00e7\u00e3o de \u00e1gua, alimentos e roupas.","robots":{"index":"index","follow":"follow","max-snippet":"max-snippet:-1","max-image-preview":"max-image-preview:large","max-video-preview":"max-video-preview:-1"},"canonical":"https:\/\/mznoticia.com.br\/piraidosul\/equipes-prestam-apoio-a-familias-atingidas-por-tornado-em-pirai-do-sul\/","og_locale":"pt_BR","og_type":"article","og_title":"Equipes prestam apoio a fam\u00edlias atingidas por tornado em Pira\u00ed do Sul - Mz Not\u00edcias","og_description":"Patrulha Rural Comunit\u00e1ria e \u00f3rg\u00e3os municipais prestaram apoio a fam\u00edlias atingidas por tornado em Pira\u00ed do Sul, com distribui\u00e7\u00e3o de \u00e1gua, alimentos e roupas.","og_url":"https:\/\/mznoticia.com.br\/piraidosul\/equipes-prestam-apoio-a-familias-atingidas-por-tornado-em-pirai-do-sul\/","og_site_name":"Mz Not\u00edcias","article_publisher":"https:\/\/www.facebook.com\/profile.php?id=61573479951222","article_published_time":"2026-08-14T11:51:04+00:00","og_image":[{"width":1080,"height":709,"url":"https:\/\/mznoticia.com.br\/piraidosul\/wp-content\/uploads\/2026\/08\/20-6.jpg","type":"image\/jpeg"}],"author":"Redacao mz","twitter_card":"summary_large_image","twitter_misc":{"Escrito por":"Redacao mz","Est. tempo de leitura":"2 minutos"},"schema":{"@context":"https:\/\/schema.org","@graph":[{"@type":"Article","@id":"https:\/\/mznoticia.com.br\/piraidosul\/equipes-prestam-apoio-a-familias-atingidas-por-tornado-em-pirai-do-sul\/#article","isPartOf":{"@id":"https:\/\/mznoticia.com.br\/piraidosul\/equipes-prestam-apoio-a-familias-atingidas-por-tornado-em-pirai-do-sul\/"},"author":{"name":"Redacao mz","@id":"https:\/\/mznoticia.com.br\/piraidosul\/#\/schema\/person\/84012d827247b3f42f37b550da79cd03"},"headline":"Equipes prestam apoio a fam\u00edlias atingidas por tornado em Pira\u00ed do Sul","datePublished":"2026-08-14T11:51:04+00:00","mainEntityOfPage":{"@id":"https:\/\/mznoticia.com.br\/piraidosul\/equipes-prestam-apoio-a-familias-atingidas-por-tornado-em-pirai-do-sul\/"},"wordCount":242,"commentCount":0,"publisher":{"@id":"https:\/\/mznoticia.com.br\/piraidosul\/#organization"},"image":{"@id":"https:\/\/mznoticia.com.br\/piraidosul\/equipes-prestam-apoio-a-familias-atingidas-por-tornado-em-pirai-do-sul\/#primaryimage"},"thumbnailUrl":"https:\/\/mznoticia.com.br\/piraidosul\/wp-content\/uploads\/2026\/08\/20-6.jpg","keywords":["Assist\u00eancia","campos gerais","defesa civil","destaque","Emerg\u00eancia","Fam\u00edlias Atingidas","parana","Patrulha Rural Comunit\u00e1ria","Pira\u00ed do Sul","tornado"],"articleSection":["Pira\u00ed do Sul"],"inLanguage":"pt-BR","potentialAction":[{"@type":"CommentAction","name":"Comment","target":["https:\/\/mznoticia.com.br\/piraidosul\/equipes-prestam-apoio-a-familias-atingidas-por-tornado-em-pirai-do-sul\/#respond"]}]},{"@type":"WebPage","@id":"https:\/\/mznoticia.com.br\/piraidosul\/equipes-prestam-apoio-a-familias-atingidas-por-tornado-em-pirai-do-sul\/","url":"https:\/\/mznoticia.com.br\/piraidosul\/equipes-prestam-apoio-a-familias-atingidas-por-tornado-em-pirai-do-sul\/","name":"Equipes prestam apoio a fam\u00edlias atingidas por tornado em Pira\u00ed do Sul - Mz Not\u00edcias","isPartOf":{"@id":"https:\/\/mznoticia.com.br\/piraidosul\/#website"},"primaryImageOfPage":{"@id":"https:\/\/mznoticia.com.br\/piraidosul\/equipes-prestam-apoio-a-familias-atingidas-por-tornado-em-pirai-do-sul\/#primaryimage"},"image":{"@id":"https:\/\/mznoticia.com.br\/piraidosul\/equipes-prestam-apoio-a-familias-atingidas-por-tornado-em-pirai-do-sul\/#primaryimage"},"thumbnailUrl":"https:\/\/mznoticia.com.br\/piraidosul\/wp-content\/uploads\/2026\/08\/20-6.jpg","datePublished":"2026-08-14T11:51:04+00:00","description":"Patrulha Rural Comunit\u00e1ria e \u00f3rg\u00e3os municipais prestaram apoio a fam\u00edlias atingidas por tornado em Pira\u00ed do Sul, com distribui\u00e7\u00e3o de \u00e1gua, alimentos e roupas.","breadcrumb":{"@id":"https:\/\/mznoticia.com.br\/piraidosul\/equipes-prestam-apoio-a-familias-atingidas-por-tornado-em-pirai-do-sul\/#breadcrumb"},"inLanguage":"pt-BR","potentialAction":[{"@type":"ReadAction","target":["https:\/\/mznoticia.com.br\/piraidosul\/equipes-prestam-apoio-a-familias-atingidas-por-tornado-em-pirai-do-sul\/"]}]},{"@type":"ImageObject","inLanguage":"pt-BR","@id":"https:\/\/mznoticia.com.br\/piraidosul\/equipes-prestam-apoio-a-familias-atingidas-por-tornado-em-pirai-do-sul\/#primaryimage","url":"https:\/\/mznoticia.com.br\/piraidosul\/wp-content\/uploads\/2026\/08\/20-6.jpg","contentUrl":"https:\/\/mznoticia.com.br\/piraidosul\/wp-content\/uploads\/2026\/08\/20-6.jpg","width":1080,"height":709},{"@type":"BreadcrumbList","@id":"https:\/\/mznoticia.com.br\/piraidosul\/equipes-prestam-apoio-a-familias-atingidas-por-tornado-em-pirai-do-sul\/#breadcrumb","itemListElement":[{"@type":"ListItem","position":1,"name":"Home","item":"https:\/\/mznoticia.com.br\/piraidosul\/"},{"@type":"ListItem","position":2,"name":"Equipes prestam apoio a fam\u00edlias atingidas por tornado em Pira\u00ed do Sul"}]},{"@type":"WebSite","@id":"https:\/\/mznoticia.com.br\/piraidosul\/#website","url":"https:\/\/mznoticia.com.br\/piraidosul\/","name":"Mz Not\u00edcia","description":"A informa\u00e7\u00e3o que voc\u00ea precisa na hora certa!","publisher":{"@id":"https:\/\/mznoticia.com.br\/piraidosul\/#organization"},"potentialAction":[{"@type":"SearchAction","target":{"@type":"EntryPoint","urlTemplate":"https:\/\/mznoticia.com.br\/piraidosul\/?s={search_term_string}"},"query-input":{"@type":"PropertyValueSpecification","valueRequired":true,"valueName":"search_term_string"}}],"inLanguage":"pt-BR"},{"@type":"Organization","@id":"https:\/\/mznoticia.com.br\/piraidosul\/#organization","name":"Mz Not\u00edcia","url":"https:\/\/mznoticia.com.br\/piraidosul\/","logo":{"@type":"ImageObject","inLanguage":"pt-BR","@id":"https:\/\/mznoticia.com.br\/piraidosul\/#\/schema\/logo\/image\/","url":"https:\/\/mznoticia.com.br\/jaguariaiva\/wp-content\/uploads\/2025\/03\/Design-sem-nome-4-e1741200616392.png","contentUrl":"https:\/\/mznoticia.com.br\/jaguariaiva\/wp-content\/uploads\/2025\/03\/Design-sem-nome-4-e1741200616392.png","width":750,"height":563,"caption":"Mz Not\u00edcia"},"image":{"@id":"https:\/\/mznoticia.com.br\/piraidosul\/#\/schema\/logo\/image\/"},"sameAs":["https:\/\/www.facebook.com\/profile.php?id=61573479951222","https:\/\/www.instagram.com\/mz.jaguariaiva\/"]},{"@type":"Person","@id":"https:\/\/mznoticia.com.br\/piraidosul\/#\/schema\/person\/84012d827247b3f42f37b550da79cd03","name":"Redacao mz","image":{"@type":"ImageObject","inLanguage":"pt-BR","@id":"https:\/\/secure.gravatar.com\/avatar\/3835c58a73b55edb97de944593845d3f29acb93b7a088f3bf63afde947ab86ba?s=96&d=simple_local_avatar&r=g","url":"https:\/\/secure.gravatar.com\/avatar\/3835c58a73b55edb97de944593845d3f29acb93b7a088f3bf63afde947ab86ba?s=96&d=simple_local_avatar&r=g","contentUrl":"https:\/\/secure.gravatar.com\/avatar\/3835c58a73b55edb97de944593845d3f29acb93b7a088f3bf63afde947ab86ba?s=96&d=simple_local_avatar&r=g","caption":"Redacao mz"},"sameAs":["http:\/\/mznoticia.com.br"],"url":"https:\/\/mznoticia.com.br\/piraidosul\/author\/lucimara\/"}]}},"_links":{"self":[{"href":"https:\/\/mznoticia.com.br\/piraidosul\/wp-json\/wp\/v2\/posts\/6846","targetHints":{"allow":["GET"]}}],"collection":[{"href":"https:\/\/mznoticia.com.br\/piraidosul\/wp-json\/wp\/v2\/posts"}],"about":[{"href":"https:\/\/mznoticia.com.br\/piraidosul\/wp-json\/wp\/v2\/types\/post"}],"author":[{"embeddable":true,"href":"https:\/\/mznoticia.com.br\/piraidosul\/wp-json\/wp\/v2\/users\/16"}],"replies":[{"embeddable":true,"href":"https:\/\/mznoticia.com.br\/piraidosul\/wp-json\/wp\/v2\/comments?post=6846"}],"version-history":[{"count":1,"href":"https:\/\/mznoticia.com.br\/piraidosul\/wp-json\/wp\/v2\/posts\/6846\/revisions"}],"predecessor-version":[{"id":6849,"href":"https:\/\/mznoticia.com.br\/piraidosul\/wp-json\/wp\/v2\/posts\/6846\/revisions\/6849"}],"wp:featuredmedia":[{"embeddable":true,"href":"https:\/\/mznoticia.com.br\/piraidosul\/wp-json\/wp\/v2\/media\/6848"}],"wp:attachment":[{"href":"https:\/\/mznoticia.com.br\/piraidosul\/wp-json\/wp\/v2\/media?parent=6846"}],"wp:term":[{"taxonomy":"category","embeddable":true,"href":"https:\/\/mznoticia.com.br\/piraidosul\/wp-json\/wp\/v2\/categories?post=6846"},{"taxonomy":"post_tag","embeddable":true,"href":"https:\/\/mznoticia.com.br\/piraidosul\/wp-json\/wp\/v2\/tags?post=6846"}],"curies":[{"name":"wp","href":"https:\/\/api.w.org\/{rel}","templated":true}]}}