{"id":6856,"date":"2026-08-14T13:10:14","date_gmt":"2026-08-14T13:10:14","guid":{"rendered":"https:\/\/mznoticia.com.br\/piraidosul\/?p=6856"},"modified":"2026-08-14T13:10:14","modified_gmt":"2026-08-14T13:10:14","slug":"acesso-a-avenida-das-brotas-sera-interditado-nesta-sexta-feira-em-pirai-do-sul","status":"publish","type":"post","link":"https:\/\/mznoticia.com.br\/piraidosul\/acesso-a-avenida-das-brotas-sera-interditado-nesta-sexta-feira-em-pirai-do-sul\/","title":{"rendered":"Acesso \u00e0 Avenida das Brotas ser\u00e1 interditado nesta sexta-feira em Pira\u00ed do Sul"},"content":{"rendered":"<h2>Interdi\u00e7\u00e3o ocorre das 8h \u00e0s 18h devido \u00e0 continuidade das obras; motoristas dever\u00e3o utilizar a PR-151, com acesso pelo Bairro da Vassoura<\/h2>\n<h3>Interdi\u00e7\u00e3o acontece durante execu\u00e7\u00e3o das obras<\/h3>\n<p class=\"isSelectedEnd\">O acesso pela entrada da <strong>Avenida Nossa Senhora das Brotas<\/strong>, em Pira\u00ed do Sul, ser\u00e1 temporariamente interditado nesta sexta-feira (14) devido \u00e0 continuidade das obras realizadas no local.<\/p>\n<p class=\"isSelectedEnd\">A interdi\u00e7\u00e3o est\u00e1 prevista para ocorrer das <strong>8h \u00e0s 18h<\/strong>.<\/p>\n<h3>Motoristas dever\u00e3o utilizar rota alternativa<\/h3>\n<p class=\"isSelectedEnd\">Durante o per\u00edodo de interdi\u00e7\u00e3o, moradores e demais pessoas que precisarem acessar a regi\u00e3o dever\u00e3o utilizar uma <strong>rota alternativa pela Rodovia PR-151<\/strong>, no sentido Jaguaria\u00edva.<\/p>\n<p class=\"isSelectedEnd\">O acesso dever\u00e1 ser feito pelo <strong>Bairro da Vassoura<\/strong>.<\/p>\n<p class=\"isSelectedEnd\">A medida tem como objetivo garantir a seguran\u00e7a dos trabalhadores e da popula\u00e7\u00e3o durante a execu\u00e7\u00e3o dos servi\u00e7os, al\u00e9m de permitir o andamento das obras.<\/p>\n<h3>Aten\u00e7\u00e3o \u00e0 sinaliza\u00e7\u00e3o<\/h3>\n<p class=\"isSelectedEnd\">A orienta\u00e7\u00e3o \u00e9 para que motoristas e pedestres <strong>redobrem a aten\u00e7\u00e3o<\/strong>, respeitem a sinaliza\u00e7\u00e3o instalada no local e utilizem a rota alternativa indicada.<\/p>\n<p>A interdi\u00e7\u00e3o \u00e9 tempor\u00e1ria e dever\u00e1 permanecer durante o per\u00edodo previsto para a realiza\u00e7\u00e3o dos trabalhos nesta sexta-feira.<\/p>\n","protected":false},"excerpt":{"rendered":"<p>Interdi\u00e7\u00e3o ocorre das 8h \u00e0s 18h devido \u00e0 continuidade das obras; motoristas dever\u00e3o utilizar a PR-151, com acesso pelo Bairro da Vassoura Interdi\u00e7\u00e3o acontece durante execu\u00e7\u00e3o das obras O acesso pela entrada da Avenida Nossa Senhora das Brotas, em Pira\u00ed do Sul, ser\u00e1 temporariamente interditado nesta sexta-feira (14) devido \u00e0 continuidade das obras realizadas no [&hellip;]<\/p>\n","protected":false},"author":16,"featured_media":6857,"comment_status":"open","ping_status":"open","sticky":false,"template":"","format":"standard","meta":{"footnotes":""},"categories":[12],"tags":[2082,2084,196,47,2083,63,556,135,167,2085,568],"class_list":["post-6856","post","type-post","status-publish","format-standard","has-post-thumbnail","hentry","category-geral","tag-avenida-das-brotas","tag-bairro-da-vassoura","tag-campos-gerais","tag-destaque","tag-interdicao","tag-jaguariaiva","tag-obras","tag-pirai-do-sul","tag-pr-151","tag-prefeitura-de-pirai-do-sul","tag-transito"],"yoast_head":"<!-- This site is optimized with the Yoast SEO plugin v28.1 - https:\/\/yoast.com\/product\/yoast-seo-wordpress\/ -->\n<title>Acesso \u00e0 Avenida das Brotas ser\u00e1 interditado nesta sexta-feira em Pira\u00ed do Sul - Mz Not\u00edcias<\/title>\n<meta name=\"description\" content=\"Acesso \u00e0 Avenida Nossa Senhora das Brotas ser\u00e1 interditado nesta sexta-feira (14), das 8h \u00e0s 18h, devido \u00e0s obras em Pira\u00ed do Sul.\" \/>\n<meta name=\"robots\" content=\"index, follow, max-snippet:-1, max-image-preview:large, max-video-preview:-1\" \/>\n<link rel=\"canonical\" href=\"https:\/\/mznoticia.com.br\/piraidosul\/acesso-a-avenida-das-brotas-sera-interditado-nesta-sexta-feira-em-pirai-do-sul\/\" \/>\n<meta property=\"og:locale\" content=\"pt_BR\" \/>\n<meta property=\"og:type\" content=\"article\" \/>\n<meta property=\"og:title\" content=\"Acesso \u00e0 Avenida das Brotas ser\u00e1 interditado nesta sexta-feira em Pira\u00ed do Sul - Mz Not\u00edcias\" \/>\n<meta property=\"og:description\" content=\"Acesso \u00e0 Avenida Nossa Senhora das Brotas ser\u00e1 interditado nesta sexta-feira (14), das 8h \u00e0s 18h, devido \u00e0s obras em Pira\u00ed do Sul.\" \/>\n<meta property=\"og:url\" content=\"https:\/\/mznoticia.com.br\/piraidosul\/acesso-a-avenida-das-brotas-sera-interditado-nesta-sexta-feira-em-pirai-do-sul\/\" \/>\n<meta property=\"og:site_name\" content=\"Mz Not\u00edcias\" \/>\n<meta property=\"article:publisher\" content=\"https:\/\/www.facebook.com\/profile.php?id=61573479951222\" \/>\n<meta property=\"article:published_time\" content=\"2026-08-14T13:10:14+00:00\" \/>\n<meta property=\"og:image\" content=\"https:\/\/mznoticia.com.br\/piraidosul\/wp-content\/uploads\/2026\/08\/400.jpg\" \/>\n\t<meta property=\"og:image:width\" content=\"596\" \/>\n\t<meta property=\"og:image:height\" content=\"335\" \/>\n\t<meta property=\"og:image:type\" content=\"image\/jpeg\" \/>\n<meta name=\"author\" content=\"Redacao mz\" \/>\n<meta name=\"twitter:card\" content=\"summary_large_image\" \/>\n<meta name=\"twitter:label1\" content=\"Escrito por\" \/>\n\t<meta name=\"twitter:data1\" content=\"Redacao mz\" \/>\n\t<meta name=\"twitter:label2\" content=\"Est. tempo de leitura\" \/>\n\t<meta name=\"twitter:data2\" content=\"2 minutos\" \/>\n<script type=\"application\/ld+json\" class=\"yoast-schema-graph\">{\"@context\":\"https:\\\/\\\/schema.org\",\"@graph\":[{\"@type\":\"Article\",\"@id\":\"https:\\\/\\\/mznoticia.com.br\\\/piraidosul\\\/acesso-a-avenida-das-brotas-sera-interditado-nesta-sexta-feira-em-pirai-do-sul\\\/#article\",\"isPartOf\":{\"@id\":\"https:\\\/\\\/mznoticia.com.br\\\/piraidosul\\\/acesso-a-avenida-das-brotas-sera-interditado-nesta-sexta-feira-em-pirai-do-sul\\\/\"},\"author\":{\"name\":\"Redacao mz\",\"@id\":\"https:\\\/\\\/mznoticia.com.br\\\/piraidosul\\\/#\\\/schema\\\/person\\\/84012d827247b3f42f37b550da79cd03\"},\"headline\":\"Acesso \u00e0 Avenida das Brotas ser\u00e1 interditado nesta sexta-feira em Pira\u00ed do Sul\",\"datePublished\":\"2026-08-14T13:10:14+00:00\",\"mainEntityOfPage\":{\"@id\":\"https:\\\/\\\/mznoticia.com.br\\\/piraidosul\\\/acesso-a-avenida-das-brotas-sera-interditado-nesta-sexta-feira-em-pirai-do-sul\\\/\"},\"wordCount\":205,\"commentCount\":0,\"publisher\":{\"@id\":\"https:\\\/\\\/mznoticia.com.br\\\/piraidosul\\\/#organization\"},\"image\":{\"@id\":\"https:\\\/\\\/mznoticia.com.br\\\/piraidosul\\\/acesso-a-avenida-das-brotas-sera-interditado-nesta-sexta-feira-em-pirai-do-sul\\\/#primaryimage\"},\"thumbnailUrl\":\"https:\\\/\\\/mznoticia.com.br\\\/piraidosul\\\/wp-content\\\/uploads\\\/2026\\\/08\\\/400.jpg\",\"keywords\":[\"Avenida das Brotas\",\"Bairro da Vassoura\",\"campos gerais\",\"destaque\",\"Interdi\u00e7\u00e3o\",\"jaguariaiva\",\"obras\",\"Pira\u00ed do Sul\",\"PR-151\",\"Prefeitura de Pira\u00ed do Sul\",\"tr\u00e2nsito\"],\"articleSection\":[\"Geral\"],\"inLanguage\":\"pt-BR\",\"potentialAction\":[{\"@type\":\"CommentAction\",\"name\":\"Comment\",\"target\":[\"https:\\\/\\\/mznoticia.com.br\\\/piraidosul\\\/acesso-a-avenida-das-brotas-sera-interditado-nesta-sexta-feira-em-pirai-do-sul\\\/#respond\"]}]},{\"@type\":\"WebPage\",\"@id\":\"https:\\\/\\\/mznoticia.com.br\\\/piraidosul\\\/acesso-a-avenida-das-brotas-sera-interditado-nesta-sexta-feira-em-pirai-do-sul\\\/\",\"url\":\"https:\\\/\\\/mznoticia.com.br\\\/piraidosul\\\/acesso-a-avenida-das-brotas-sera-interditado-nesta-sexta-feira-em-pirai-do-sul\\\/\",\"name\":\"Acesso \u00e0 Avenida das Brotas ser\u00e1 interditado nesta sexta-feira em Pira\u00ed do Sul - Mz Not\u00edcias\",\"isPartOf\":{\"@id\":\"https:\\\/\\\/mznoticia.com.br\\\/piraidosul\\\/#website\"},\"primaryImageOfPage\":{\"@id\":\"https:\\\/\\\/mznoticia.com.br\\\/piraidosul\\\/acesso-a-avenida-das-brotas-sera-interditado-nesta-sexta-feira-em-pirai-do-sul\\\/#primaryimage\"},\"image\":{\"@id\":\"https:\\\/\\\/mznoticia.com.br\\\/piraidosul\\\/acesso-a-avenida-das-brotas-sera-interditado-nesta-sexta-feira-em-pirai-do-sul\\\/#primaryimage\"},\"thumbnailUrl\":\"https:\\\/\\\/mznoticia.com.br\\\/piraidosul\\\/wp-content\\\/uploads\\\/2026\\\/08\\\/400.jpg\",\"datePublished\":\"2026-08-14T13:10:14+00:00\",\"description\":\"Acesso \u00e0 Avenida Nossa Senhora das Brotas ser\u00e1 interditado nesta sexta-feira (14), das 8h \u00e0s 18h, devido \u00e0s obras em Pira\u00ed do Sul.\",\"breadcrumb\":{\"@id\":\"https:\\\/\\\/mznoticia.com.br\\\/piraidosul\\\/acesso-a-avenida-das-brotas-sera-interditado-nesta-sexta-feira-em-pirai-do-sul\\\/#breadcrumb\"},\"inLanguage\":\"pt-BR\",\"potentialAction\":[{\"@type\":\"ReadAction\",\"target\":[\"https:\\\/\\\/mznoticia.com.br\\\/piraidosul\\\/acesso-a-avenida-das-brotas-sera-interditado-nesta-sexta-feira-em-pirai-do-sul\\\/\"]}]},{\"@type\":\"ImageObject\",\"inLanguage\":\"pt-BR\",\"@id\":\"https:\\\/\\\/mznoticia.com.br\\\/piraidosul\\\/acesso-a-avenida-das-brotas-sera-interditado-nesta-sexta-feira-em-pirai-do-sul\\\/#primaryimage\",\"url\":\"https:\\\/\\\/mznoticia.com.br\\\/piraidosul\\\/wp-content\\\/uploads\\\/2026\\\/08\\\/400.jpg\",\"contentUrl\":\"https:\\\/\\\/mznoticia.com.br\\\/piraidosul\\\/wp-content\\\/uploads\\\/2026\\\/08\\\/400.jpg\",\"width\":596,\"height\":335},{\"@type\":\"BreadcrumbList\",\"@id\":\"https:\\\/\\\/mznoticia.com.br\\\/piraidosul\\\/acesso-a-avenida-das-brotas-sera-interditado-nesta-sexta-feira-em-pirai-do-sul\\\/#breadcrumb\",\"itemListElement\":[{\"@type\":\"ListItem\",\"position\":1,\"name\":\"Home\",\"item\":\"https:\\\/\\\/mznoticia.com.br\\\/piraidosul\\\/\"},{\"@type\":\"ListItem\",\"position\":2,\"name\":\"Acesso \u00e0 Avenida das Brotas ser\u00e1 interditado nesta sexta-feira em Pira\u00ed do Sul\"}]},{\"@type\":\"WebSite\",\"@id\":\"https:\\\/\\\/mznoticia.com.br\\\/piraidosul\\\/#website\",\"url\":\"https:\\\/\\\/mznoticia.com.br\\\/piraidosul\\\/\",\"name\":\"Mz Not\u00edcia\",\"description\":\"A informa\u00e7\u00e3o que voc\u00ea precisa na hora certa!\",\"publisher\":{\"@id\":\"https:\\\/\\\/mznoticia.com.br\\\/piraidosul\\\/#organization\"},\"potentialAction\":[{\"@type\":\"SearchAction\",\"target\":{\"@type\":\"EntryPoint\",\"urlTemplate\":\"https:\\\/\\\/mznoticia.com.br\\\/piraidosul\\\/?s={search_term_string}\"},\"query-input\":{\"@type\":\"PropertyValueSpecification\",\"valueRequired\":true,\"valueName\":\"search_term_string\"}}],\"inLanguage\":\"pt-BR\"},{\"@type\":\"Organization\",\"@id\":\"https:\\\/\\\/mznoticia.com.br\\\/piraidosul\\\/#organization\",\"name\":\"Mz Not\u00edcia\",\"url\":\"https:\\\/\\\/mznoticia.com.br\\\/piraidosul\\\/\",\"logo\":{\"@type\":\"ImageObject\",\"inLanguage\":\"pt-BR\",\"@id\":\"https:\\\/\\\/mznoticia.com.br\\\/piraidosul\\\/#\\\/schema\\\/logo\\\/image\\\/\",\"url\":\"https:\\\/\\\/mznoticia.com.br\\\/jaguariaiva\\\/wp-content\\\/uploads\\\/2025\\\/03\\\/Design-sem-nome-4-e1741200616392.png\",\"contentUrl\":\"https:\\\/\\\/mznoticia.com.br\\\/jaguariaiva\\\/wp-content\\\/uploads\\\/2025\\\/03\\\/Design-sem-nome-4-e1741200616392.png\",\"width\":750,\"height\":563,\"caption\":\"Mz Not\u00edcia\"},\"image\":{\"@id\":\"https:\\\/\\\/mznoticia.com.br\\\/piraidosul\\\/#\\\/schema\\\/logo\\\/image\\\/\"},\"sameAs\":[\"https:\\\/\\\/www.facebook.com\\\/profile.php?id=61573479951222\",\"https:\\\/\\\/www.instagram.com\\\/mz.jaguariaiva\\\/\"]},{\"@type\":\"Person\",\"@id\":\"https:\\\/\\\/mznoticia.com.br\\\/piraidosul\\\/#\\\/schema\\\/person\\\/84012d827247b3f42f37b550da79cd03\",\"name\":\"Redacao mz\",\"image\":{\"@type\":\"ImageObject\",\"inLanguage\":\"pt-BR\",\"@id\":\"https:\\\/\\\/secure.gravatar.com\\\/avatar\\\/3835c58a73b55edb97de944593845d3f29acb93b7a088f3bf63afde947ab86ba?s=96&d=simple_local_avatar&r=g\",\"url\":\"https:\\\/\\\/secure.gravatar.com\\\/avatar\\\/3835c58a73b55edb97de944593845d3f29acb93b7a088f3bf63afde947ab86ba?s=96&d=simple_local_avatar&r=g\",\"contentUrl\":\"https:\\\/\\\/secure.gravatar.com\\\/avatar\\\/3835c58a73b55edb97de944593845d3f29acb93b7a088f3bf63afde947ab86ba?s=96&d=simple_local_avatar&r=g\",\"caption\":\"Redacao mz\"},\"sameAs\":[\"http:\\\/\\\/mznoticia.com.br\"],\"url\":\"https:\\\/\\\/mznoticia.com.br\\\/piraidosul\\\/author\\\/lucimara\\\/\"}]}<\/script>\n<!-- \/ Yoast SEO plugin. -->","yoast_head_json":{"title":"Acesso \u00e0 Avenida das Brotas ser\u00e1 interditado nesta sexta-feira em Pira\u00ed do Sul - Mz Not\u00edcias","description":"Acesso \u00e0 Avenida Nossa Senhora das Brotas ser\u00e1 interditado nesta sexta-feira (14), das 8h \u00e0s 18h, devido \u00e0s obras em Pira\u00ed do Sul.","robots":{"index":"index","follow":"follow","max-snippet":"max-snippet:-1","max-image-preview":"max-image-preview:large","max-video-preview":"max-video-preview:-1"},"canonical":"https:\/\/mznoticia.com.br\/piraidosul\/acesso-a-avenida-das-brotas-sera-interditado-nesta-sexta-feira-em-pirai-do-sul\/","og_locale":"pt_BR","og_type":"article","og_title":"Acesso \u00e0 Avenida das Brotas ser\u00e1 interditado nesta sexta-feira em Pira\u00ed do Sul - Mz Not\u00edcias","og_description":"Acesso \u00e0 Avenida Nossa Senhora das Brotas ser\u00e1 interditado nesta sexta-feira (14), das 8h \u00e0s 18h, devido \u00e0s obras em Pira\u00ed do Sul.","og_url":"https:\/\/mznoticia.com.br\/piraidosul\/acesso-a-avenida-das-brotas-sera-interditado-nesta-sexta-feira-em-pirai-do-sul\/","og_site_name":"Mz Not\u00edcias","article_publisher":"https:\/\/www.facebook.com\/profile.php?id=61573479951222","article_published_time":"2026-08-14T13:10:14+00:00","og_image":[{"width":596,"height":335,"url":"https:\/\/mznoticia.com.br\/piraidosul\/wp-content\/uploads\/2026\/08\/400.jpg","type":"image\/jpeg"}],"author":"Redacao mz","twitter_card":"summary_large_image","twitter_misc":{"Escrito por":"Redacao mz","Est. tempo de leitura":"2 minutos"},"schema":{"@context":"https:\/\/schema.org","@graph":[{"@type":"Article","@id":"https:\/\/mznoticia.com.br\/piraidosul\/acesso-a-avenida-das-brotas-sera-interditado-nesta-sexta-feira-em-pirai-do-sul\/#article","isPartOf":{"@id":"https:\/\/mznoticia.com.br\/piraidosul\/acesso-a-avenida-das-brotas-sera-interditado-nesta-sexta-feira-em-pirai-do-sul\/"},"author":{"name":"Redacao mz","@id":"https:\/\/mznoticia.com.br\/piraidosul\/#\/schema\/person\/84012d827247b3f42f37b550da79cd03"},"headline":"Acesso \u00e0 Avenida das Brotas ser\u00e1 interditado nesta sexta-feira em Pira\u00ed do Sul","datePublished":"2026-08-14T13:10:14+00:00","mainEntityOfPage":{"@id":"https:\/\/mznoticia.com.br\/piraidosul\/acesso-a-avenida-das-brotas-sera-interditado-nesta-sexta-feira-em-pirai-do-sul\/"},"wordCount":205,"commentCount":0,"publisher":{"@id":"https:\/\/mznoticia.com.br\/piraidosul\/#organization"},"image":{"@id":"https:\/\/mznoticia.com.br\/piraidosul\/acesso-a-avenida-das-brotas-sera-interditado-nesta-sexta-feira-em-pirai-do-sul\/#primaryimage"},"thumbnailUrl":"https:\/\/mznoticia.com.br\/piraidosul\/wp-content\/uploads\/2026\/08\/400.jpg","keywords":["Avenida das Brotas","Bairro da Vassoura","campos gerais","destaque","Interdi\u00e7\u00e3o","jaguariaiva","obras","Pira\u00ed do Sul","PR-151","Prefeitura de Pira\u00ed do Sul","tr\u00e2nsito"],"articleSection":["Geral"],"inLanguage":"pt-BR","potentialAction":[{"@type":"CommentAction","name":"Comment","target":["https:\/\/mznoticia.com.br\/piraidosul\/acesso-a-avenida-das-brotas-sera-interditado-nesta-sexta-feira-em-pirai-do-sul\/#respond"]}]},{"@type":"WebPage","@id":"https:\/\/mznoticia.com.br\/piraidosul\/acesso-a-avenida-das-brotas-sera-interditado-nesta-sexta-feira-em-pirai-do-sul\/","url":"https:\/\/mznoticia.com.br\/piraidosul\/acesso-a-avenida-das-brotas-sera-interditado-nesta-sexta-feira-em-pirai-do-sul\/","name":"Acesso \u00e0 Avenida das Brotas ser\u00e1 interditado nesta sexta-feira em Pira\u00ed do Sul - Mz Not\u00edcias","isPartOf":{"@id":"https:\/\/mznoticia.com.br\/piraidosul\/#website"},"primaryImageOfPage":{"@id":"https:\/\/mznoticia.com.br\/piraidosul\/acesso-a-avenida-das-brotas-sera-interditado-nesta-sexta-feira-em-pirai-do-sul\/#primaryimage"},"image":{"@id":"https:\/\/mznoticia.com.br\/piraidosul\/acesso-a-avenida-das-brotas-sera-interditado-nesta-sexta-feira-em-pirai-do-sul\/#primaryimage"},"thumbnailUrl":"https:\/\/mznoticia.com.br\/piraidosul\/wp-content\/uploads\/2026\/08\/400.jpg","datePublished":"2026-08-14T13:10:14+00:00","description":"Acesso \u00e0 Avenida Nossa Senhora das Brotas ser\u00e1 interditado nesta sexta-feira (14), das 8h \u00e0s 18h, devido \u00e0s obras em Pira\u00ed do Sul.","breadcrumb":{"@id":"https:\/\/mznoticia.com.br\/piraidosul\/acesso-a-avenida-das-brotas-sera-interditado-nesta-sexta-feira-em-pirai-do-sul\/#breadcrumb"},"inLanguage":"pt-BR","potentialAction":[{"@type":"ReadAction","target":["https:\/\/mznoticia.com.br\/piraidosul\/acesso-a-avenida-das-brotas-sera-interditado-nesta-sexta-feira-em-pirai-do-sul\/"]}]},{"@type":"ImageObject","inLanguage":"pt-BR","@id":"https:\/\/mznoticia.com.br\/piraidosul\/acesso-a-avenida-das-brotas-sera-interditado-nesta-sexta-feira-em-pirai-do-sul\/#primaryimage","url":"https:\/\/mznoticia.com.br\/piraidosul\/wp-content\/uploads\/2026\/08\/400.jpg","contentUrl":"https:\/\/mznoticia.com.br\/piraidosul\/wp-content\/uploads\/2026\/08\/400.jpg","width":596,"height":335},{"@type":"BreadcrumbList","@id":"https:\/\/mznoticia.com.br\/piraidosul\/acesso-a-avenida-das-brotas-sera-interditado-nesta-sexta-feira-em-pirai-do-sul\/#breadcrumb","itemListElement":[{"@type":"ListItem","position":1,"name":"Home","item":"https:\/\/mznoticia.com.br\/piraidosul\/"},{"@type":"ListItem","position":2,"name":"Acesso \u00e0 Avenida das Brotas ser\u00e1 interditado nesta sexta-feira em Pira\u00ed do Sul"}]},{"@type":"WebSite","@id":"https:\/\/mznoticia.com.br\/piraidosul\/#website","url":"https:\/\/mznoticia.com.br\/piraidosul\/","name":"Mz Not\u00edcia","description":"A informa\u00e7\u00e3o que voc\u00ea precisa na hora certa!","publisher":{"@id":"https:\/\/mznoticia.com.br\/piraidosul\/#organization"},"potentialAction":[{"@type":"SearchAction","target":{"@type":"EntryPoint","urlTemplate":"https:\/\/mznoticia.com.br\/piraidosul\/?s={search_term_string}"},"query-input":{"@type":"PropertyValueSpecification","valueRequired":true,"valueName":"search_term_string"}}],"inLanguage":"pt-BR"},{"@type":"Organization","@id":"https:\/\/mznoticia.com.br\/piraidosul\/#organization","name":"Mz Not\u00edcia","url":"https:\/\/mznoticia.com.br\/piraidosul\/","logo":{"@type":"ImageObject","inLanguage":"pt-BR","@id":"https:\/\/mznoticia.com.br\/piraidosul\/#\/schema\/logo\/image\/","url":"https:\/\/mznoticia.com.br\/jaguariaiva\/wp-content\/uploads\/2025\/03\/Design-sem-nome-4-e1741200616392.png","contentUrl":"https:\/\/mznoticia.com.br\/jaguariaiva\/wp-content\/uploads\/2025\/03\/Design-sem-nome-4-e1741200616392.png","width":750,"height":563,"caption":"Mz Not\u00edcia"},"image":{"@id":"https:\/\/mznoticia.com.br\/piraidosul\/#\/schema\/logo\/image\/"},"sameAs":["https:\/\/www.facebook.com\/profile.php?id=61573479951222","https:\/\/www.instagram.com\/mz.jaguariaiva\/"]},{"@type":"Person","@id":"https:\/\/mznoticia.com.br\/piraidosul\/#\/schema\/person\/84012d827247b3f42f37b550da79cd03","name":"Redacao mz","image":{"@type":"ImageObject","inLanguage":"pt-BR","@id":"https:\/\/secure.gravatar.com\/avatar\/3835c58a73b55edb97de944593845d3f29acb93b7a088f3bf63afde947ab86ba?s=96&d=simple_local_avatar&r=g","url":"https:\/\/secure.gravatar.com\/avatar\/3835c58a73b55edb97de944593845d3f29acb93b7a088f3bf63afde947ab86ba?s=96&d=simple_local_avatar&r=g","contentUrl":"https:\/\/secure.gravatar.com\/avatar\/3835c58a73b55edb97de944593845d3f29acb93b7a088f3bf63afde947ab86ba?s=96&d=simple_local_avatar&r=g","caption":"Redacao mz"},"sameAs":["http:\/\/mznoticia.com.br"],"url":"https:\/\/mznoticia.com.br\/piraidosul\/author\/lucimara\/"}]}},"_links":{"self":[{"href":"https:\/\/mznoticia.com.br\/piraidosul\/wp-json\/wp\/v2\/posts\/6856","targetHints":{"allow":["GET"]}}],"collection":[{"href":"https:\/\/mznoticia.com.br\/piraidosul\/wp-json\/wp\/v2\/posts"}],"about":[{"href":"https:\/\/mznoticia.com.br\/piraidosul\/wp-json\/wp\/v2\/types\/post"}],"author":[{"embeddable":true,"href":"https:\/\/mznoticia.com.br\/piraidosul\/wp-json\/wp\/v2\/users\/16"}],"replies":[{"embeddable":true,"href":"https:\/\/mznoticia.com.br\/piraidosul\/wp-json\/wp\/v2\/comments?post=6856"}],"version-history":[{"count":1,"href":"https:\/\/mznoticia.com.br\/piraidosul\/wp-json\/wp\/v2\/posts\/6856\/revisions"}],"predecessor-version":[{"id":6858,"href":"https:\/\/mznoticia.com.br\/piraidosul\/wp-json\/wp\/v2\/posts\/6856\/revisions\/6858"}],"wp:featuredmedia":[{"embeddable":true,"href":"https:\/\/mznoticia.com.br\/piraidosul\/wp-json\/wp\/v2\/media\/6857"}],"wp:attachment":[{"href":"https:\/\/mznoticia.com.br\/piraidosul\/wp-json\/wp\/v2\/media?parent=6856"}],"wp:term":[{"taxonomy":"category","embeddable":true,"href":"https:\/\/mznoticia.com.br\/piraidosul\/wp-json\/wp\/v2\/categories?post=6856"},{"taxonomy":"post_tag","embeddable":true,"href":"https:\/\/mznoticia.com.br\/piraidosul\/wp-json\/wp\/v2\/tags?post=6856"}],"curies":[{"name":"wp","href":"https:\/\/api.w.org\/{rel}","templated":true}]}}