{"id":6868,"date":"2026-08-14T14:08:35","date_gmt":"2026-08-14T14:08:35","guid":{"rendered":"https:\/\/mznoticia.com.br\/piraidosul\/?p=6868"},"modified":"2026-08-14T14:08:35","modified_gmt":"2026-08-14T14:08:35","slug":"colegio-estadual-de-pirai-do-sul-retoma-aulas-apos-passagem-de-tornado","status":"publish","type":"post","link":"https:\/\/mznoticia.com.br\/piraidosul\/colegio-estadual-de-pirai-do-sul-retoma-aulas-apos-passagem-de-tornado\/","title":{"rendered":"Col\u00e9gio estadual de Pira\u00ed do Sul retoma aulas ap\u00f3s passagem de tornado"},"content":{"rendered":"<h2 class=\"PDq2pG_selectionAnchorContainer\" data-section-id=\"5cz3nh\" data-start=\"74\" data-end=\"240\">Atividades no Col\u00e9gio Estadual Eurides Martins voltaram nesta quinta-feira (13), ap\u00f3s a normaliza\u00e7\u00e3o do fornecimento de energia el\u00e9trica e do abastecimento de \u00e1gua<\/h2>\n<h3 data-section-id=\"196zln8\" data-start=\"242\" data-end=\"278\">Retorno ocorreu de forma gradual<\/h3>\n<p data-start=\"280\" data-end=\"552\">As aulas do <strong data-start=\"292\" data-end=\"328\">Col\u00e9gio Estadual Eurides Martins<\/strong>, em Pira\u00ed do Sul, nos Campos Gerais, foram retomadas nesta quinta-feira (13), ap\u00f3s a normaliza\u00e7\u00e3o dos servi\u00e7os de energia el\u00e9trica e abastecimento de \u00e1gua, afetados pelo tornado que atingiu o munic\u00edpio no \u00faltimo s\u00e1bado (8).<\/p>\n<p data-start=\"554\" data-end=\"837\">O retorno das atividades ocorreu de forma gradual. Durante o processo, a equipe pedag\u00f3gica e os demais profissionais da institui\u00e7\u00e3o permaneceram mobilizados para orientar os estudantes, acompanhar a frequ\u00eancia e atender \u00e0s demandas relacionadas aos impactos provocados pelo temporal.<\/p>\n<h3 data-section-id=\"rhhypu\" data-start=\"839\" data-end=\"890\">N\u00facleo Regional de Educa\u00e7\u00e3o acompanhou situa\u00e7\u00e3o<\/h3>\n<p data-start=\"892\" data-end=\"1056\">O <strong data-start=\"894\" data-end=\"947\">N\u00facleo Regional de Educa\u00e7\u00e3o (NRE) de Ponta Grossa<\/strong> acompanhou a situa\u00e7\u00e3o em conjunto com a dire\u00e7\u00e3o do col\u00e9gio e prestou suporte para a retomada das atividades.<\/p>\n<p data-start=\"1058\" data-end=\"1191\">As condi\u00e7\u00f5es da unidade escolar e as necessidades apresentadas pela comunidade escolar foram avaliadas durante o processo de retorno.<\/p>\n<h3 data-section-id=\"pdkq7d\" data-start=\"1193\" data-end=\"1240\">Demais escolas mantiveram aulas normalmente<\/h3>\n<p data-start=\"1242\" data-end=\"1324\">As outras escolas estaduais de Pira\u00ed do Sul <strong data-start=\"1286\" data-end=\"1323\">seguiram com as aulas normalmente<\/strong>.<\/p>\n<p data-start=\"1326\" data-end=\"1343\">Entre elas est\u00e3o:<\/p>\n<ul data-start=\"1345\" data-end=\"1526\">\n<li data-section-id=\"1gvz156\" data-start=\"1345\" data-end=\"1379\">Col\u00e9gio Estadual Jorge Q. Netto;<\/li>\n<li data-section-id=\"1mrn6xj\" data-start=\"1380\" data-end=\"1419\">Col\u00e9gio Estadual Leandro M. da Costa;<\/li>\n<li data-section-id=\"tsx035\" data-start=\"1420\" data-end=\"1451\">Col\u00e9gio Estadual Pira\u00ed Mirim;<\/li>\n<li data-section-id=\"oqvt9y\" data-start=\"1452\" data-end=\"1483\">Col\u00e9gio Estadual Pedro Solek;<\/li>\n<li data-section-id=\"1p0c3e\" data-start=\"1484\" data-end=\"1526\">Col\u00e9gio Estadual Ressaca Padre Anchieta.<\/li>\n<\/ul>\n","protected":false},"excerpt":{"rendered":"<p>Atividades no Col\u00e9gio Estadual Eurides Martins voltaram nesta quinta-feira (13), ap\u00f3s a normaliza\u00e7\u00e3o do fornecimento de energia el\u00e9trica e do abastecimento de \u00e1gua Retorno ocorreu de forma gradual As aulas do Col\u00e9gio Estadual Eurides Martins, em Pira\u00ed do Sul, nos Campos Gerais, foram retomadas nesta quinta-feira (13), ap\u00f3s a normaliza\u00e7\u00e3o dos servi\u00e7os de energia el\u00e9trica [&hellip;]<\/p>\n","protected":false},"author":16,"featured_media":6869,"comment_status":"open","ping_status":"open","sticky":false,"template":"","format":"standard","meta":{"footnotes":""},"categories":[6],"tags":[2098,196,2097,47,109,2099,77,135,1057,1191],"class_list":["post-6868","post","type-post","status-publish","format-standard","has-post-thumbnail","hentry","category-piraidosul","tag-aulas","tag-campos-gerais","tag-colegio-estadual-eurides-martins","tag-destaque","tag-educacao","tag-nre-ponta-grossa","tag-parana","tag-pirai-do-sul","tag-temporal","tag-tornado"],"yoast_head":"<!-- This site is optimized with the Yoast SEO plugin v28.1 - https:\/\/yoast.com\/product\/yoast-seo-wordpress\/ -->\n<title>Col\u00e9gio estadual de Pira\u00ed do Sul retoma aulas ap\u00f3s passagem de tornado - Mz Not\u00edcias<\/title>\n<meta name=\"description\" content=\"Col\u00e9gio Estadual Eurides Martins, em Pira\u00ed do Sul, retomou as aulas ap\u00f3s a normaliza\u00e7\u00e3o da energia el\u00e9trica e do abastecimento de \u00e1gua.\" \/>\n<meta name=\"robots\" content=\"index, follow, max-snippet:-1, max-image-preview:large, max-video-preview:-1\" \/>\n<link rel=\"canonical\" href=\"https:\/\/mznoticia.com.br\/piraidosul\/colegio-estadual-de-pirai-do-sul-retoma-aulas-apos-passagem-de-tornado\/\" \/>\n<meta property=\"og:locale\" content=\"pt_BR\" \/>\n<meta property=\"og:type\" content=\"article\" \/>\n<meta property=\"og:title\" content=\"Col\u00e9gio estadual de Pira\u00ed do Sul retoma aulas ap\u00f3s passagem de tornado - Mz Not\u00edcias\" \/>\n<meta property=\"og:description\" content=\"Col\u00e9gio Estadual Eurides Martins, em Pira\u00ed do Sul, retomou as aulas ap\u00f3s a normaliza\u00e7\u00e3o da energia el\u00e9trica e do abastecimento de \u00e1gua.\" \/>\n<meta property=\"og:url\" content=\"https:\/\/mznoticia.com.br\/piraidosul\/colegio-estadual-de-pirai-do-sul-retoma-aulas-apos-passagem-de-tornado\/\" \/>\n<meta property=\"og:site_name\" content=\"Mz Not\u00edcias\" \/>\n<meta property=\"article:publisher\" content=\"https:\/\/www.facebook.com\/profile.php?id=61573479951222\" \/>\n<meta property=\"article:published_time\" content=\"2026-08-14T14:08:35+00:00\" \/>\n<meta property=\"og:image\" content=\"https:\/\/mznoticia.com.br\/piraidosul\/wp-content\/uploads\/2026\/08\/101.jpg\" \/>\n\t<meta property=\"og:image:width\" content=\"1086\" \/>\n\t<meta property=\"og:image:height\" content=\"652\" \/>\n\t<meta property=\"og:image:type\" content=\"image\/jpeg\" \/>\n<meta name=\"author\" content=\"Redacao mz\" \/>\n<meta name=\"twitter:card\" content=\"summary_large_image\" \/>\n<meta name=\"twitter:label1\" content=\"Escrito por\" \/>\n\t<meta name=\"twitter:data1\" content=\"Redacao mz\" \/>\n\t<meta name=\"twitter:label2\" content=\"Est. tempo de leitura\" \/>\n\t<meta name=\"twitter:data2\" content=\"2 minutos\" \/>\n<script type=\"application\/ld+json\" class=\"yoast-schema-graph\">{\"@context\":\"https:\\\/\\\/schema.org\",\"@graph\":[{\"@type\":\"Article\",\"@id\":\"https:\\\/\\\/mznoticia.com.br\\\/piraidosul\\\/colegio-estadual-de-pirai-do-sul-retoma-aulas-apos-passagem-de-tornado\\\/#article\",\"isPartOf\":{\"@id\":\"https:\\\/\\\/mznoticia.com.br\\\/piraidosul\\\/colegio-estadual-de-pirai-do-sul-retoma-aulas-apos-passagem-de-tornado\\\/\"},\"author\":{\"name\":\"Redacao mz\",\"@id\":\"https:\\\/\\\/mznoticia.com.br\\\/piraidosul\\\/#\\\/schema\\\/person\\\/84012d827247b3f42f37b550da79cd03\"},\"headline\":\"Col\u00e9gio estadual de Pira\u00ed do Sul retoma aulas ap\u00f3s passagem de tornado\",\"datePublished\":\"2026-08-14T14:08:35+00:00\",\"mainEntityOfPage\":{\"@id\":\"https:\\\/\\\/mznoticia.com.br\\\/piraidosul\\\/colegio-estadual-de-pirai-do-sul-retoma-aulas-apos-passagem-de-tornado\\\/\"},\"wordCount\":246,\"commentCount\":0,\"publisher\":{\"@id\":\"https:\\\/\\\/mznoticia.com.br\\\/piraidosul\\\/#organization\"},\"image\":{\"@id\":\"https:\\\/\\\/mznoticia.com.br\\\/piraidosul\\\/colegio-estadual-de-pirai-do-sul-retoma-aulas-apos-passagem-de-tornado\\\/#primaryimage\"},\"thumbnailUrl\":\"https:\\\/\\\/mznoticia.com.br\\\/piraidosul\\\/wp-content\\\/uploads\\\/2026\\\/08\\\/101.jpg\",\"keywords\":[\"Aulas\",\"campos gerais\",\"Col\u00e9gio Estadual Eurides Martins\",\"destaque\",\"educa\u00e7\u00e3o\",\"NRE Ponta Grossa\",\"parana\",\"Pira\u00ed do Sul\",\"Temporal\",\"tornado\"],\"articleSection\":[\"Pira\u00ed do Sul\"],\"inLanguage\":\"pt-BR\",\"potentialAction\":[{\"@type\":\"CommentAction\",\"name\":\"Comment\",\"target\":[\"https:\\\/\\\/mznoticia.com.br\\\/piraidosul\\\/colegio-estadual-de-pirai-do-sul-retoma-aulas-apos-passagem-de-tornado\\\/#respond\"]}]},{\"@type\":\"WebPage\",\"@id\":\"https:\\\/\\\/mznoticia.com.br\\\/piraidosul\\\/colegio-estadual-de-pirai-do-sul-retoma-aulas-apos-passagem-de-tornado\\\/\",\"url\":\"https:\\\/\\\/mznoticia.com.br\\\/piraidosul\\\/colegio-estadual-de-pirai-do-sul-retoma-aulas-apos-passagem-de-tornado\\\/\",\"name\":\"Col\u00e9gio estadual de Pira\u00ed do Sul retoma aulas ap\u00f3s passagem de tornado - Mz Not\u00edcias\",\"isPartOf\":{\"@id\":\"https:\\\/\\\/mznoticia.com.br\\\/piraidosul\\\/#website\"},\"primaryImageOfPage\":{\"@id\":\"https:\\\/\\\/mznoticia.com.br\\\/piraidosul\\\/colegio-estadual-de-pirai-do-sul-retoma-aulas-apos-passagem-de-tornado\\\/#primaryimage\"},\"image\":{\"@id\":\"https:\\\/\\\/mznoticia.com.br\\\/piraidosul\\\/colegio-estadual-de-pirai-do-sul-retoma-aulas-apos-passagem-de-tornado\\\/#primaryimage\"},\"thumbnailUrl\":\"https:\\\/\\\/mznoticia.com.br\\\/piraidosul\\\/wp-content\\\/uploads\\\/2026\\\/08\\\/101.jpg\",\"datePublished\":\"2026-08-14T14:08:35+00:00\",\"description\":\"Col\u00e9gio Estadual Eurides Martins, em Pira\u00ed do Sul, retomou as aulas ap\u00f3s a normaliza\u00e7\u00e3o da energia el\u00e9trica e do abastecimento de \u00e1gua.\",\"breadcrumb\":{\"@id\":\"https:\\\/\\\/mznoticia.com.br\\\/piraidosul\\\/colegio-estadual-de-pirai-do-sul-retoma-aulas-apos-passagem-de-tornado\\\/#breadcrumb\"},\"inLanguage\":\"pt-BR\",\"potentialAction\":[{\"@type\":\"ReadAction\",\"target\":[\"https:\\\/\\\/mznoticia.com.br\\\/piraidosul\\\/colegio-estadual-de-pirai-do-sul-retoma-aulas-apos-passagem-de-tornado\\\/\"]}]},{\"@type\":\"ImageObject\",\"inLanguage\":\"pt-BR\",\"@id\":\"https:\\\/\\\/mznoticia.com.br\\\/piraidosul\\\/colegio-estadual-de-pirai-do-sul-retoma-aulas-apos-passagem-de-tornado\\\/#primaryimage\",\"url\":\"https:\\\/\\\/mznoticia.com.br\\\/piraidosul\\\/wp-content\\\/uploads\\\/2026\\\/08\\\/101.jpg\",\"contentUrl\":\"https:\\\/\\\/mznoticia.com.br\\\/piraidosul\\\/wp-content\\\/uploads\\\/2026\\\/08\\\/101.jpg\",\"width\":1086,\"height\":652},{\"@type\":\"BreadcrumbList\",\"@id\":\"https:\\\/\\\/mznoticia.com.br\\\/piraidosul\\\/colegio-estadual-de-pirai-do-sul-retoma-aulas-apos-passagem-de-tornado\\\/#breadcrumb\",\"itemListElement\":[{\"@type\":\"ListItem\",\"position\":1,\"name\":\"Home\",\"item\":\"https:\\\/\\\/mznoticia.com.br\\\/piraidosul\\\/\"},{\"@type\":\"ListItem\",\"position\":2,\"name\":\"Col\u00e9gio estadual de Pira\u00ed do Sul retoma aulas ap\u00f3s passagem de tornado\"}]},{\"@type\":\"WebSite\",\"@id\":\"https:\\\/\\\/mznoticia.com.br\\\/piraidosul\\\/#website\",\"url\":\"https:\\\/\\\/mznoticia.com.br\\\/piraidosul\\\/\",\"name\":\"Mz Not\u00edcia\",\"description\":\"A informa\u00e7\u00e3o que voc\u00ea precisa na hora certa!\",\"publisher\":{\"@id\":\"https:\\\/\\\/mznoticia.com.br\\\/piraidosul\\\/#organization\"},\"potentialAction\":[{\"@type\":\"SearchAction\",\"target\":{\"@type\":\"EntryPoint\",\"urlTemplate\":\"https:\\\/\\\/mznoticia.com.br\\\/piraidosul\\\/?s={search_term_string}\"},\"query-input\":{\"@type\":\"PropertyValueSpecification\",\"valueRequired\":true,\"valueName\":\"search_term_string\"}}],\"inLanguage\":\"pt-BR\"},{\"@type\":\"Organization\",\"@id\":\"https:\\\/\\\/mznoticia.com.br\\\/piraidosul\\\/#organization\",\"name\":\"Mz Not\u00edcia\",\"url\":\"https:\\\/\\\/mznoticia.com.br\\\/piraidosul\\\/\",\"logo\":{\"@type\":\"ImageObject\",\"inLanguage\":\"pt-BR\",\"@id\":\"https:\\\/\\\/mznoticia.com.br\\\/piraidosul\\\/#\\\/schema\\\/logo\\\/image\\\/\",\"url\":\"https:\\\/\\\/mznoticia.com.br\\\/jaguariaiva\\\/wp-content\\\/uploads\\\/2025\\\/03\\\/Design-sem-nome-4-e1741200616392.png\",\"contentUrl\":\"https:\\\/\\\/mznoticia.com.br\\\/jaguariaiva\\\/wp-content\\\/uploads\\\/2025\\\/03\\\/Design-sem-nome-4-e1741200616392.png\",\"width\":750,\"height\":563,\"caption\":\"Mz Not\u00edcia\"},\"image\":{\"@id\":\"https:\\\/\\\/mznoticia.com.br\\\/piraidosul\\\/#\\\/schema\\\/logo\\\/image\\\/\"},\"sameAs\":[\"https:\\\/\\\/www.facebook.com\\\/profile.php?id=61573479951222\",\"https:\\\/\\\/www.instagram.com\\\/mz.jaguariaiva\\\/\"]},{\"@type\":\"Person\",\"@id\":\"https:\\\/\\\/mznoticia.com.br\\\/piraidosul\\\/#\\\/schema\\\/person\\\/84012d827247b3f42f37b550da79cd03\",\"name\":\"Redacao mz\",\"image\":{\"@type\":\"ImageObject\",\"inLanguage\":\"pt-BR\",\"@id\":\"https:\\\/\\\/secure.gravatar.com\\\/avatar\\\/3835c58a73b55edb97de944593845d3f29acb93b7a088f3bf63afde947ab86ba?s=96&d=simple_local_avatar&r=g\",\"url\":\"https:\\\/\\\/secure.gravatar.com\\\/avatar\\\/3835c58a73b55edb97de944593845d3f29acb93b7a088f3bf63afde947ab86ba?s=96&d=simple_local_avatar&r=g\",\"contentUrl\":\"https:\\\/\\\/secure.gravatar.com\\\/avatar\\\/3835c58a73b55edb97de944593845d3f29acb93b7a088f3bf63afde947ab86ba?s=96&d=simple_local_avatar&r=g\",\"caption\":\"Redacao mz\"},\"sameAs\":[\"http:\\\/\\\/mznoticia.com.br\"],\"url\":\"https:\\\/\\\/mznoticia.com.br\\\/piraidosul\\\/author\\\/lucimara\\\/\"}]}<\/script>\n<!-- \/ Yoast SEO plugin. -->","yoast_head_json":{"title":"Col\u00e9gio estadual de Pira\u00ed do Sul retoma aulas ap\u00f3s passagem de tornado - Mz Not\u00edcias","description":"Col\u00e9gio Estadual Eurides Martins, em Pira\u00ed do Sul, retomou as aulas ap\u00f3s a normaliza\u00e7\u00e3o da energia el\u00e9trica e do abastecimento de \u00e1gua.","robots":{"index":"index","follow":"follow","max-snippet":"max-snippet:-1","max-image-preview":"max-image-preview:large","max-video-preview":"max-video-preview:-1"},"canonical":"https:\/\/mznoticia.com.br\/piraidosul\/colegio-estadual-de-pirai-do-sul-retoma-aulas-apos-passagem-de-tornado\/","og_locale":"pt_BR","og_type":"article","og_title":"Col\u00e9gio estadual de Pira\u00ed do Sul retoma aulas ap\u00f3s passagem de tornado - Mz Not\u00edcias","og_description":"Col\u00e9gio Estadual Eurides Martins, em Pira\u00ed do Sul, retomou as aulas ap\u00f3s a normaliza\u00e7\u00e3o da energia el\u00e9trica e do abastecimento de \u00e1gua.","og_url":"https:\/\/mznoticia.com.br\/piraidosul\/colegio-estadual-de-pirai-do-sul-retoma-aulas-apos-passagem-de-tornado\/","og_site_name":"Mz Not\u00edcias","article_publisher":"https:\/\/www.facebook.com\/profile.php?id=61573479951222","article_published_time":"2026-08-14T14:08:35+00:00","og_image":[{"width":1086,"height":652,"url":"https:\/\/mznoticia.com.br\/piraidosul\/wp-content\/uploads\/2026\/08\/101.jpg","type":"image\/jpeg"}],"author":"Redacao mz","twitter_card":"summary_large_image","twitter_misc":{"Escrito por":"Redacao mz","Est. tempo de leitura":"2 minutos"},"schema":{"@context":"https:\/\/schema.org","@graph":[{"@type":"Article","@id":"https:\/\/mznoticia.com.br\/piraidosul\/colegio-estadual-de-pirai-do-sul-retoma-aulas-apos-passagem-de-tornado\/#article","isPartOf":{"@id":"https:\/\/mznoticia.com.br\/piraidosul\/colegio-estadual-de-pirai-do-sul-retoma-aulas-apos-passagem-de-tornado\/"},"author":{"name":"Redacao mz","@id":"https:\/\/mznoticia.com.br\/piraidosul\/#\/schema\/person\/84012d827247b3f42f37b550da79cd03"},"headline":"Col\u00e9gio estadual de Pira\u00ed do Sul retoma aulas ap\u00f3s passagem de tornado","datePublished":"2026-08-14T14:08:35+00:00","mainEntityOfPage":{"@id":"https:\/\/mznoticia.com.br\/piraidosul\/colegio-estadual-de-pirai-do-sul-retoma-aulas-apos-passagem-de-tornado\/"},"wordCount":246,"commentCount":0,"publisher":{"@id":"https:\/\/mznoticia.com.br\/piraidosul\/#organization"},"image":{"@id":"https:\/\/mznoticia.com.br\/piraidosul\/colegio-estadual-de-pirai-do-sul-retoma-aulas-apos-passagem-de-tornado\/#primaryimage"},"thumbnailUrl":"https:\/\/mznoticia.com.br\/piraidosul\/wp-content\/uploads\/2026\/08\/101.jpg","keywords":["Aulas","campos gerais","Col\u00e9gio Estadual Eurides Martins","destaque","educa\u00e7\u00e3o","NRE Ponta Grossa","parana","Pira\u00ed do Sul","Temporal","tornado"],"articleSection":["Pira\u00ed do Sul"],"inLanguage":"pt-BR","potentialAction":[{"@type":"CommentAction","name":"Comment","target":["https:\/\/mznoticia.com.br\/piraidosul\/colegio-estadual-de-pirai-do-sul-retoma-aulas-apos-passagem-de-tornado\/#respond"]}]},{"@type":"WebPage","@id":"https:\/\/mznoticia.com.br\/piraidosul\/colegio-estadual-de-pirai-do-sul-retoma-aulas-apos-passagem-de-tornado\/","url":"https:\/\/mznoticia.com.br\/piraidosul\/colegio-estadual-de-pirai-do-sul-retoma-aulas-apos-passagem-de-tornado\/","name":"Col\u00e9gio estadual de Pira\u00ed do Sul retoma aulas ap\u00f3s passagem de tornado - Mz Not\u00edcias","isPartOf":{"@id":"https:\/\/mznoticia.com.br\/piraidosul\/#website"},"primaryImageOfPage":{"@id":"https:\/\/mznoticia.com.br\/piraidosul\/colegio-estadual-de-pirai-do-sul-retoma-aulas-apos-passagem-de-tornado\/#primaryimage"},"image":{"@id":"https:\/\/mznoticia.com.br\/piraidosul\/colegio-estadual-de-pirai-do-sul-retoma-aulas-apos-passagem-de-tornado\/#primaryimage"},"thumbnailUrl":"https:\/\/mznoticia.com.br\/piraidosul\/wp-content\/uploads\/2026\/08\/101.jpg","datePublished":"2026-08-14T14:08:35+00:00","description":"Col\u00e9gio Estadual Eurides Martins, em Pira\u00ed do Sul, retomou as aulas ap\u00f3s a normaliza\u00e7\u00e3o da energia el\u00e9trica e do abastecimento de \u00e1gua.","breadcrumb":{"@id":"https:\/\/mznoticia.com.br\/piraidosul\/colegio-estadual-de-pirai-do-sul-retoma-aulas-apos-passagem-de-tornado\/#breadcrumb"},"inLanguage":"pt-BR","potentialAction":[{"@type":"ReadAction","target":["https:\/\/mznoticia.com.br\/piraidosul\/colegio-estadual-de-pirai-do-sul-retoma-aulas-apos-passagem-de-tornado\/"]}]},{"@type":"ImageObject","inLanguage":"pt-BR","@id":"https:\/\/mznoticia.com.br\/piraidosul\/colegio-estadual-de-pirai-do-sul-retoma-aulas-apos-passagem-de-tornado\/#primaryimage","url":"https:\/\/mznoticia.com.br\/piraidosul\/wp-content\/uploads\/2026\/08\/101.jpg","contentUrl":"https:\/\/mznoticia.com.br\/piraidosul\/wp-content\/uploads\/2026\/08\/101.jpg","width":1086,"height":652},{"@type":"BreadcrumbList","@id":"https:\/\/mznoticia.com.br\/piraidosul\/colegio-estadual-de-pirai-do-sul-retoma-aulas-apos-passagem-de-tornado\/#breadcrumb","itemListElement":[{"@type":"ListItem","position":1,"name":"Home","item":"https:\/\/mznoticia.com.br\/piraidosul\/"},{"@type":"ListItem","position":2,"name":"Col\u00e9gio estadual de Pira\u00ed do Sul retoma aulas ap\u00f3s passagem de tornado"}]},{"@type":"WebSite","@id":"https:\/\/mznoticia.com.br\/piraidosul\/#website","url":"https:\/\/mznoticia.com.br\/piraidosul\/","name":"Mz Not\u00edcia","description":"A informa\u00e7\u00e3o que voc\u00ea precisa na hora certa!","publisher":{"@id":"https:\/\/mznoticia.com.br\/piraidosul\/#organization"},"potentialAction":[{"@type":"SearchAction","target":{"@type":"EntryPoint","urlTemplate":"https:\/\/mznoticia.com.br\/piraidosul\/?s={search_term_string}"},"query-input":{"@type":"PropertyValueSpecification","valueRequired":true,"valueName":"search_term_string"}}],"inLanguage":"pt-BR"},{"@type":"Organization","@id":"https:\/\/mznoticia.com.br\/piraidosul\/#organization","name":"Mz Not\u00edcia","url":"https:\/\/mznoticia.com.br\/piraidosul\/","logo":{"@type":"ImageObject","inLanguage":"pt-BR","@id":"https:\/\/mznoticia.com.br\/piraidosul\/#\/schema\/logo\/image\/","url":"https:\/\/mznoticia.com.br\/jaguariaiva\/wp-content\/uploads\/2025\/03\/Design-sem-nome-4-e1741200616392.png","contentUrl":"https:\/\/mznoticia.com.br\/jaguariaiva\/wp-content\/uploads\/2025\/03\/Design-sem-nome-4-e1741200616392.png","width":750,"height":563,"caption":"Mz Not\u00edcia"},"image":{"@id":"https:\/\/mznoticia.com.br\/piraidosul\/#\/schema\/logo\/image\/"},"sameAs":["https:\/\/www.facebook.com\/profile.php?id=61573479951222","https:\/\/www.instagram.com\/mz.jaguariaiva\/"]},{"@type":"Person","@id":"https:\/\/mznoticia.com.br\/piraidosul\/#\/schema\/person\/84012d827247b3f42f37b550da79cd03","name":"Redacao mz","image":{"@type":"ImageObject","inLanguage":"pt-BR","@id":"https:\/\/secure.gravatar.com\/avatar\/3835c58a73b55edb97de944593845d3f29acb93b7a088f3bf63afde947ab86ba?s=96&d=simple_local_avatar&r=g","url":"https:\/\/secure.gravatar.com\/avatar\/3835c58a73b55edb97de944593845d3f29acb93b7a088f3bf63afde947ab86ba?s=96&d=simple_local_avatar&r=g","contentUrl":"https:\/\/secure.gravatar.com\/avatar\/3835c58a73b55edb97de944593845d3f29acb93b7a088f3bf63afde947ab86ba?s=96&d=simple_local_avatar&r=g","caption":"Redacao mz"},"sameAs":["http:\/\/mznoticia.com.br"],"url":"https:\/\/mznoticia.com.br\/piraidosul\/author\/lucimara\/"}]}},"_links":{"self":[{"href":"https:\/\/mznoticia.com.br\/piraidosul\/wp-json\/wp\/v2\/posts\/6868","targetHints":{"allow":["GET"]}}],"collection":[{"href":"https:\/\/mznoticia.com.br\/piraidosul\/wp-json\/wp\/v2\/posts"}],"about":[{"href":"https:\/\/mznoticia.com.br\/piraidosul\/wp-json\/wp\/v2\/types\/post"}],"author":[{"embeddable":true,"href":"https:\/\/mznoticia.com.br\/piraidosul\/wp-json\/wp\/v2\/users\/16"}],"replies":[{"embeddable":true,"href":"https:\/\/mznoticia.com.br\/piraidosul\/wp-json\/wp\/v2\/comments?post=6868"}],"version-history":[{"count":1,"href":"https:\/\/mznoticia.com.br\/piraidosul\/wp-json\/wp\/v2\/posts\/6868\/revisions"}],"predecessor-version":[{"id":6870,"href":"https:\/\/mznoticia.com.br\/piraidosul\/wp-json\/wp\/v2\/posts\/6868\/revisions\/6870"}],"wp:featuredmedia":[{"embeddable":true,"href":"https:\/\/mznoticia.com.br\/piraidosul\/wp-json\/wp\/v2\/media\/6869"}],"wp:attachment":[{"href":"https:\/\/mznoticia.com.br\/piraidosul\/wp-json\/wp\/v2\/media?parent=6868"}],"wp:term":[{"taxonomy":"category","embeddable":true,"href":"https:\/\/mznoticia.com.br\/piraidosul\/wp-json\/wp\/v2\/categories?post=6868"},{"taxonomy":"post_tag","embeddable":true,"href":"https:\/\/mznoticia.com.br\/piraidosul\/wp-json\/wp\/v2\/tags?post=6868"}],"curies":[{"name":"wp","href":"https:\/\/api.w.org\/{rel}","templated":true}]}}