{"id":6911,"date":"2026-08-14T22:25:52","date_gmt":"2026-08-14T22:25:52","guid":{"rendered":"https:\/\/mznoticia.com.br\/piraidosul\/?p=6911"},"modified":"2026-08-14T22:25:52","modified_gmt":"2026-08-14T22:25:52","slug":"profissionais-da-saude-participam-de-atualizacao-sobre-hipertensao-e-diabetes-em-pirai-do-sul","status":"publish","type":"post","link":"https:\/\/mznoticia.com.br\/piraidosul\/profissionais-da-saude-participam-de-atualizacao-sobre-hipertensao-e-diabetes-em-pirai-do-sul\/","title":{"rendered":"Profissionais da Sa\u00fade participam de atualiza\u00e7\u00e3o sobre hipertens\u00e3o e diabetes em Pira\u00ed do Sul"},"content":{"rendered":"<p class=\"PDq2pG_selectionAnchorContainer\" data-start=\"97\" data-end=\"264\">Encontro reuniu m\u00e9dicos e equipes da Aten\u00e7\u00e3o Prim\u00e1ria \u00e0 Sa\u00fade para discutir diagn\u00f3stico, tratamento, acompanhamento e condutas relacionadas \u00e0s doen\u00e7as.<\/p>\n<h2 data-section-id=\"1315lsf\" data-start=\"266\" data-end=\"310\">Capacita\u00e7\u00e3o reuniu profissionais da sa\u00fade<\/h2>\n<p data-start=\"312\" data-end=\"501\">M\u00e9dicos e profissionais da Aten\u00e7\u00e3o Prim\u00e1ria \u00e0 Sa\u00fade de Pira\u00ed do Sul participaram, na tarde de quarta-feira (12), de um encontro de atualiza\u00e7\u00e3o t\u00e9cnica sobre hipertens\u00e3o arterial e diabetes.<\/p>\n<p data-start=\"503\" data-end=\"697\">A atividade foi realizada no Sal\u00e3o Nobre da Prefeitura Municipal e promovida pela Secretaria Municipal de Sa\u00fade, em parceria com o Cons\u00f3rcio Intermunicipal de Sa\u00fade dos Campos Gerais (CimSa\u00fade).<\/p>\n<h2 data-section-id=\"uaed6j\" data-start=\"699\" data-end=\"743\">Encontro abordou diagn\u00f3stico e tratamento<\/h2>\n<p data-start=\"745\" data-end=\"871\">As atividades foram conduzidas pelo m\u00e9dico cardiologista Dr. Ricardo Serpa e pelo endocrinologista Dr. Andr\u00e9 Luiz \u00c1vila Peres.<\/p>\n<p data-start=\"873\" data-end=\"1050\">Durante a capacita\u00e7\u00e3o, foram compartilhadas informa\u00e7\u00f5es e atualiza\u00e7\u00f5es relacionadas ao diagn\u00f3stico, tratamento e acompanhamento de pacientes com hipertens\u00e3o arterial e diabetes.<\/p>\n<p data-start=\"1052\" data-end=\"1166\">A programa\u00e7\u00e3o tamb\u00e9m abordou temas como uso de insulina, doen\u00e7as coronarianas e outras condi\u00e7\u00f5es cardiovasculares.<\/p>\n<h2 data-section-id=\"2y0ijs\" data-start=\"1168\" data-end=\"1202\">Casos cl\u00ednicos foram discutidos<\/h2>\n<p data-start=\"1204\" data-end=\"1397\">O encontro contou ainda com a discuss\u00e3o de casos cl\u00ednicos, permitindo a troca de experi\u00eancias entre os profissionais e o aprofundamento de situa\u00e7\u00f5es encontradas na rotina dos servi\u00e7os de sa\u00fade.<\/p>\n<p data-start=\"1399\" data-end=\"1550\">As discuss\u00f5es tiveram como foco a avalia\u00e7\u00e3o dos pacientes, a defini\u00e7\u00e3o de condutas e a identifica\u00e7\u00e3o das estrat\u00e9gias mais adequadas para cada situa\u00e7\u00e3o.<\/p>\n<h2 data-section-id=\"18gugnr\" data-start=\"1552\" data-end=\"1601\">Capacita\u00e7\u00e3o busca aprimorar atendimento no SUS<\/h2>\n<p data-start=\"1603\" data-end=\"1831\">A iniciativa teve como objetivo fortalecer a qualifica\u00e7\u00e3o t\u00e9cnica das equipes e aprimorar o atendimento oferecido \u00e0 popula\u00e7\u00e3o na Aten\u00e7\u00e3o Prim\u00e1ria \u00e0 Sa\u00fade, considerada a principal porta de entrada do Sistema \u00danico de Sa\u00fade (SUS).<\/p>\n<p data-start=\"1833\" data-end=\"1985\">Segundo o secret\u00e1rio municipal de Sa\u00fade, Julio Sandrini, a pasta busca promover momentos permanentes de atualiza\u00e7\u00e3o e aperfei\u00e7oamento dos profissionais.<\/p>\n<p data-start=\"1987\" data-end=\"2134\">A proposta \u00e9 contribuir para que as equipes estejam preparadas para lidar com as diferentes demandas encontradas diariamente nas unidades de sa\u00fade.<\/p>\n<p data-start=\"2136\" data-end=\"2494\">\u201cA atualiza\u00e7\u00e3o permanente \u00e9 fundamental para fortalecer o trabalho das equipes. Al\u00e9m de ampliar e renovar conhecimentos, esses momentos permitem discutir situa\u00e7\u00f5es que fazem parte da rotina dos servi\u00e7os, promover a troca de experi\u00eancias e apoiar a tomada de decis\u00f5es, contribuindo para um atendimento cada vez mais qualificado, seguro e resolutivo\u201d, afirmou.<\/p>\n","protected":false},"excerpt":{"rendered":"<p>Encontro reuniu m\u00e9dicos e equipes da Aten\u00e7\u00e3o Prim\u00e1ria \u00e0 Sa\u00fade para discutir diagn\u00f3stico, tratamento, acompanhamento e condutas relacionadas \u00e0s doen\u00e7as. Capacita\u00e7\u00e3o reuniu profissionais da sa\u00fade M\u00e9dicos e profissionais da Aten\u00e7\u00e3o Prim\u00e1ria \u00e0 Sa\u00fade de Pira\u00ed do Sul participaram, na tarde de quarta-feira (12), de um encontro de atualiza\u00e7\u00e3o t\u00e9cnica sobre hipertens\u00e3o arterial e diabetes. A [&hellip;]<\/p>\n","protected":false},"author":17,"featured_media":6912,"comment_status":"open","ping_status":"open","sticky":false,"template":"","format":"standard","meta":{"footnotes":""},"categories":[6,157],"tags":[2136],"class_list":["post-6911","post","type-post","status-publish","format-standard","has-post-thumbnail","hentry","category-piraidosul","category-saude","tag-piraidosul-saude-hipertensao-diabetes-atencaoprimaria-sus-cimsaude-saudepublica-camposgerais-capacitacao"],"yoast_head":"<!-- This site is optimized with the Yoast SEO plugin v28.1 - https:\/\/yoast.com\/product\/yoast-seo-wordpress\/ -->\n<title>Profissionais da Sa\u00fade participam de atualiza\u00e7\u00e3o sobre hipertens\u00e3o e diabetes em Pira\u00ed do Sul - Mz Not\u00edcias<\/title>\n<meta name=\"description\" content=\"Profissionais da Aten\u00e7\u00e3o Prim\u00e1ria de Pira\u00ed do Sul participaram de capacita\u00e7\u00e3o sobre hipertens\u00e3o, diabetes, insulina e doen\u00e7as cardiovasculares.\" \/>\n<meta name=\"robots\" content=\"index, follow, max-snippet:-1, max-image-preview:large, max-video-preview:-1\" \/>\n<link rel=\"canonical\" href=\"https:\/\/mznoticia.com.br\/piraidosul\/profissionais-da-saude-participam-de-atualizacao-sobre-hipertensao-e-diabetes-em-pirai-do-sul\/\" \/>\n<meta property=\"og:locale\" content=\"pt_BR\" \/>\n<meta property=\"og:type\" content=\"article\" \/>\n<meta property=\"og:title\" content=\"Profissionais da Sa\u00fade participam de atualiza\u00e7\u00e3o sobre hipertens\u00e3o e diabetes em Pira\u00ed do Sul - Mz Not\u00edcias\" \/>\n<meta property=\"og:description\" content=\"Profissionais da Aten\u00e7\u00e3o Prim\u00e1ria de Pira\u00ed do Sul participaram de capacita\u00e7\u00e3o sobre hipertens\u00e3o, diabetes, insulina e doen\u00e7as cardiovasculares.\" \/>\n<meta property=\"og:url\" content=\"https:\/\/mznoticia.com.br\/piraidosul\/profissionais-da-saude-participam-de-atualizacao-sobre-hipertensao-e-diabetes-em-pirai-do-sul\/\" \/>\n<meta property=\"og:site_name\" content=\"Mz Not\u00edcias\" \/>\n<meta property=\"article:publisher\" content=\"https:\/\/www.facebook.com\/profile.php?id=61573479951222\" \/>\n<meta property=\"article:published_time\" content=\"2026-08-14T22:25:52+00:00\" \/>\n<meta property=\"og:image\" content=\"https:\/\/mznoticia.com.br\/piraidosul\/wp-content\/uploads\/2026\/08\/tecnico.png\" \/>\n\t<meta property=\"og:image:width\" content=\"750\" \/>\n\t<meta property=\"og:image:height\" content=\"430\" \/>\n\t<meta property=\"og:image:type\" content=\"image\/png\" \/>\n<meta name=\"author\" content=\"redacao mz\" \/>\n<meta name=\"twitter:card\" content=\"summary_large_image\" \/>\n<meta name=\"twitter:label1\" content=\"Escrito por\" \/>\n\t<meta name=\"twitter:data1\" content=\"redacao mz\" \/>\n\t<meta name=\"twitter:label2\" content=\"Est. tempo de leitura\" \/>\n\t<meta name=\"twitter:data2\" content=\"3 minutos\" \/>\n<script type=\"application\/ld+json\" class=\"yoast-schema-graph\">{\"@context\":\"https:\\\/\\\/schema.org\",\"@graph\":[{\"@type\":\"Article\",\"@id\":\"https:\\\/\\\/mznoticia.com.br\\\/piraidosul\\\/profissionais-da-saude-participam-de-atualizacao-sobre-hipertensao-e-diabetes-em-pirai-do-sul\\\/#article\",\"isPartOf\":{\"@id\":\"https:\\\/\\\/mznoticia.com.br\\\/piraidosul\\\/profissionais-da-saude-participam-de-atualizacao-sobre-hipertensao-e-diabetes-em-pirai-do-sul\\\/\"},\"author\":{\"name\":\"redacao mz\",\"@id\":\"https:\\\/\\\/mznoticia.com.br\\\/piraidosul\\\/#\\\/schema\\\/person\\\/9081e3eea38d0f9ff6d13386b9d71916\"},\"headline\":\"Profissionais da Sa\u00fade participam de atualiza\u00e7\u00e3o sobre hipertens\u00e3o e diabetes em Pira\u00ed do Sul\",\"datePublished\":\"2026-08-14T22:25:52+00:00\",\"mainEntityOfPage\":{\"@id\":\"https:\\\/\\\/mznoticia.com.br\\\/piraidosul\\\/profissionais-da-saude-participam-de-atualizacao-sobre-hipertensao-e-diabetes-em-pirai-do-sul\\\/\"},\"wordCount\":407,\"commentCount\":0,\"publisher\":{\"@id\":\"https:\\\/\\\/mznoticia.com.br\\\/piraidosul\\\/#organization\"},\"image\":{\"@id\":\"https:\\\/\\\/mznoticia.com.br\\\/piraidosul\\\/profissionais-da-saude-participam-de-atualizacao-sobre-hipertensao-e-diabetes-em-pirai-do-sul\\\/#primaryimage\"},\"thumbnailUrl\":\"https:\\\/\\\/mznoticia.com.br\\\/piraidosul\\\/wp-content\\\/uploads\\\/2026\\\/08\\\/tecnico.png\",\"keywords\":[\"#Pira\u00edDoSul #Sa\u00fade #Hipertens\u00e3o #Diabetes #Aten\u00e7\u00e3oPrim\u00e1ria #SUS #CimSa\u00fade #Sa\u00fadeP\u00fablica #CamposGerais #Capacita\u00e7\u00e3o\"],\"articleSection\":[\"Pira\u00ed do Sul\",\"Sa\u00fade\"],\"inLanguage\":\"pt-BR\",\"potentialAction\":[{\"@type\":\"CommentAction\",\"name\":\"Comment\",\"target\":[\"https:\\\/\\\/mznoticia.com.br\\\/piraidosul\\\/profissionais-da-saude-participam-de-atualizacao-sobre-hipertensao-e-diabetes-em-pirai-do-sul\\\/#respond\"]}]},{\"@type\":\"WebPage\",\"@id\":\"https:\\\/\\\/mznoticia.com.br\\\/piraidosul\\\/profissionais-da-saude-participam-de-atualizacao-sobre-hipertensao-e-diabetes-em-pirai-do-sul\\\/\",\"url\":\"https:\\\/\\\/mznoticia.com.br\\\/piraidosul\\\/profissionais-da-saude-participam-de-atualizacao-sobre-hipertensao-e-diabetes-em-pirai-do-sul\\\/\",\"name\":\"Profissionais da Sa\u00fade participam de atualiza\u00e7\u00e3o sobre hipertens\u00e3o e diabetes em Pira\u00ed do Sul - Mz Not\u00edcias\",\"isPartOf\":{\"@id\":\"https:\\\/\\\/mznoticia.com.br\\\/piraidosul\\\/#website\"},\"primaryImageOfPage\":{\"@id\":\"https:\\\/\\\/mznoticia.com.br\\\/piraidosul\\\/profissionais-da-saude-participam-de-atualizacao-sobre-hipertensao-e-diabetes-em-pirai-do-sul\\\/#primaryimage\"},\"image\":{\"@id\":\"https:\\\/\\\/mznoticia.com.br\\\/piraidosul\\\/profissionais-da-saude-participam-de-atualizacao-sobre-hipertensao-e-diabetes-em-pirai-do-sul\\\/#primaryimage\"},\"thumbnailUrl\":\"https:\\\/\\\/mznoticia.com.br\\\/piraidosul\\\/wp-content\\\/uploads\\\/2026\\\/08\\\/tecnico.png\",\"datePublished\":\"2026-08-14T22:25:52+00:00\",\"description\":\"Profissionais da Aten\u00e7\u00e3o Prim\u00e1ria de Pira\u00ed do Sul participaram de capacita\u00e7\u00e3o sobre hipertens\u00e3o, diabetes, insulina e doen\u00e7as cardiovasculares.\",\"breadcrumb\":{\"@id\":\"https:\\\/\\\/mznoticia.com.br\\\/piraidosul\\\/profissionais-da-saude-participam-de-atualizacao-sobre-hipertensao-e-diabetes-em-pirai-do-sul\\\/#breadcrumb\"},\"inLanguage\":\"pt-BR\",\"potentialAction\":[{\"@type\":\"ReadAction\",\"target\":[\"https:\\\/\\\/mznoticia.com.br\\\/piraidosul\\\/profissionais-da-saude-participam-de-atualizacao-sobre-hipertensao-e-diabetes-em-pirai-do-sul\\\/\"]}]},{\"@type\":\"ImageObject\",\"inLanguage\":\"pt-BR\",\"@id\":\"https:\\\/\\\/mznoticia.com.br\\\/piraidosul\\\/profissionais-da-saude-participam-de-atualizacao-sobre-hipertensao-e-diabetes-em-pirai-do-sul\\\/#primaryimage\",\"url\":\"https:\\\/\\\/mznoticia.com.br\\\/piraidosul\\\/wp-content\\\/uploads\\\/2026\\\/08\\\/tecnico.png\",\"contentUrl\":\"https:\\\/\\\/mznoticia.com.br\\\/piraidosul\\\/wp-content\\\/uploads\\\/2026\\\/08\\\/tecnico.png\",\"width\":750,\"height\":430},{\"@type\":\"BreadcrumbList\",\"@id\":\"https:\\\/\\\/mznoticia.com.br\\\/piraidosul\\\/profissionais-da-saude-participam-de-atualizacao-sobre-hipertensao-e-diabetes-em-pirai-do-sul\\\/#breadcrumb\",\"itemListElement\":[{\"@type\":\"ListItem\",\"position\":1,\"name\":\"Home\",\"item\":\"https:\\\/\\\/mznoticia.com.br\\\/piraidosul\\\/\"},{\"@type\":\"ListItem\",\"position\":2,\"name\":\"Profissionais da Sa\u00fade participam de atualiza\u00e7\u00e3o sobre hipertens\u00e3o e diabetes em Pira\u00ed do Sul\"}]},{\"@type\":\"WebSite\",\"@id\":\"https:\\\/\\\/mznoticia.com.br\\\/piraidosul\\\/#website\",\"url\":\"https:\\\/\\\/mznoticia.com.br\\\/piraidosul\\\/\",\"name\":\"Mz Not\u00edcia\",\"description\":\"A informa\u00e7\u00e3o que voc\u00ea precisa na hora certa!\",\"publisher\":{\"@id\":\"https:\\\/\\\/mznoticia.com.br\\\/piraidosul\\\/#organization\"},\"potentialAction\":[{\"@type\":\"SearchAction\",\"target\":{\"@type\":\"EntryPoint\",\"urlTemplate\":\"https:\\\/\\\/mznoticia.com.br\\\/piraidosul\\\/?s={search_term_string}\"},\"query-input\":{\"@type\":\"PropertyValueSpecification\",\"valueRequired\":true,\"valueName\":\"search_term_string\"}}],\"inLanguage\":\"pt-BR\"},{\"@type\":\"Organization\",\"@id\":\"https:\\\/\\\/mznoticia.com.br\\\/piraidosul\\\/#organization\",\"name\":\"Mz Not\u00edcia\",\"url\":\"https:\\\/\\\/mznoticia.com.br\\\/piraidosul\\\/\",\"logo\":{\"@type\":\"ImageObject\",\"inLanguage\":\"pt-BR\",\"@id\":\"https:\\\/\\\/mznoticia.com.br\\\/piraidosul\\\/#\\\/schema\\\/logo\\\/image\\\/\",\"url\":\"https:\\\/\\\/mznoticia.com.br\\\/jaguariaiva\\\/wp-content\\\/uploads\\\/2025\\\/03\\\/Design-sem-nome-4-e1741200616392.png\",\"contentUrl\":\"https:\\\/\\\/mznoticia.com.br\\\/jaguariaiva\\\/wp-content\\\/uploads\\\/2025\\\/03\\\/Design-sem-nome-4-e1741200616392.png\",\"width\":750,\"height\":563,\"caption\":\"Mz Not\u00edcia\"},\"image\":{\"@id\":\"https:\\\/\\\/mznoticia.com.br\\\/piraidosul\\\/#\\\/schema\\\/logo\\\/image\\\/\"},\"sameAs\":[\"https:\\\/\\\/www.facebook.com\\\/profile.php?id=61573479951222\",\"https:\\\/\\\/www.instagram.com\\\/mz.jaguariaiva\\\/\"]},{\"@type\":\"Person\",\"@id\":\"https:\\\/\\\/mznoticia.com.br\\\/piraidosul\\\/#\\\/schema\\\/person\\\/9081e3eea38d0f9ff6d13386b9d71916\",\"name\":\"redacao mz\",\"image\":{\"@type\":\"ImageObject\",\"inLanguage\":\"pt-BR\",\"@id\":\"https:\\\/\\\/secure.gravatar.com\\\/avatar\\\/474b69d3d861f17ba108592a48720c8b3a1bb15a7fc9092394e93d749b51d963?s=96&d=simple_local_avatar&r=g\",\"url\":\"https:\\\/\\\/secure.gravatar.com\\\/avatar\\\/474b69d3d861f17ba108592a48720c8b3a1bb15a7fc9092394e93d749b51d963?s=96&d=simple_local_avatar&r=g\",\"contentUrl\":\"https:\\\/\\\/secure.gravatar.com\\\/avatar\\\/474b69d3d861f17ba108592a48720c8b3a1bb15a7fc9092394e93d749b51d963?s=96&d=simple_local_avatar&r=g\",\"caption\":\"redacao mz\"},\"url\":\"https:\\\/\\\/mznoticia.com.br\\\/piraidosul\\\/author\\\/manu\\\/\"}]}<\/script>\n<!-- \/ Yoast SEO plugin. -->","yoast_head_json":{"title":"Profissionais da Sa\u00fade participam de atualiza\u00e7\u00e3o sobre hipertens\u00e3o e diabetes em Pira\u00ed do Sul - Mz Not\u00edcias","description":"Profissionais da Aten\u00e7\u00e3o Prim\u00e1ria de Pira\u00ed do Sul participaram de capacita\u00e7\u00e3o sobre hipertens\u00e3o, diabetes, insulina e doen\u00e7as cardiovasculares.","robots":{"index":"index","follow":"follow","max-snippet":"max-snippet:-1","max-image-preview":"max-image-preview:large","max-video-preview":"max-video-preview:-1"},"canonical":"https:\/\/mznoticia.com.br\/piraidosul\/profissionais-da-saude-participam-de-atualizacao-sobre-hipertensao-e-diabetes-em-pirai-do-sul\/","og_locale":"pt_BR","og_type":"article","og_title":"Profissionais da Sa\u00fade participam de atualiza\u00e7\u00e3o sobre hipertens\u00e3o e diabetes em Pira\u00ed do Sul - Mz Not\u00edcias","og_description":"Profissionais da Aten\u00e7\u00e3o Prim\u00e1ria de Pira\u00ed do Sul participaram de capacita\u00e7\u00e3o sobre hipertens\u00e3o, diabetes, insulina e doen\u00e7as cardiovasculares.","og_url":"https:\/\/mznoticia.com.br\/piraidosul\/profissionais-da-saude-participam-de-atualizacao-sobre-hipertensao-e-diabetes-em-pirai-do-sul\/","og_site_name":"Mz Not\u00edcias","article_publisher":"https:\/\/www.facebook.com\/profile.php?id=61573479951222","article_published_time":"2026-08-14T22:25:52+00:00","og_image":[{"width":750,"height":430,"url":"https:\/\/mznoticia.com.br\/piraidosul\/wp-content\/uploads\/2026\/08\/tecnico.png","type":"image\/png"}],"author":"redacao mz","twitter_card":"summary_large_image","twitter_misc":{"Escrito por":"redacao mz","Est. tempo de leitura":"3 minutos"},"schema":{"@context":"https:\/\/schema.org","@graph":[{"@type":"Article","@id":"https:\/\/mznoticia.com.br\/piraidosul\/profissionais-da-saude-participam-de-atualizacao-sobre-hipertensao-e-diabetes-em-pirai-do-sul\/#article","isPartOf":{"@id":"https:\/\/mznoticia.com.br\/piraidosul\/profissionais-da-saude-participam-de-atualizacao-sobre-hipertensao-e-diabetes-em-pirai-do-sul\/"},"author":{"name":"redacao mz","@id":"https:\/\/mznoticia.com.br\/piraidosul\/#\/schema\/person\/9081e3eea38d0f9ff6d13386b9d71916"},"headline":"Profissionais da Sa\u00fade participam de atualiza\u00e7\u00e3o sobre hipertens\u00e3o e diabetes em Pira\u00ed do Sul","datePublished":"2026-08-14T22:25:52+00:00","mainEntityOfPage":{"@id":"https:\/\/mznoticia.com.br\/piraidosul\/profissionais-da-saude-participam-de-atualizacao-sobre-hipertensao-e-diabetes-em-pirai-do-sul\/"},"wordCount":407,"commentCount":0,"publisher":{"@id":"https:\/\/mznoticia.com.br\/piraidosul\/#organization"},"image":{"@id":"https:\/\/mznoticia.com.br\/piraidosul\/profissionais-da-saude-participam-de-atualizacao-sobre-hipertensao-e-diabetes-em-pirai-do-sul\/#primaryimage"},"thumbnailUrl":"https:\/\/mznoticia.com.br\/piraidosul\/wp-content\/uploads\/2026\/08\/tecnico.png","keywords":["#Pira\u00edDoSul #Sa\u00fade #Hipertens\u00e3o #Diabetes #Aten\u00e7\u00e3oPrim\u00e1ria #SUS #CimSa\u00fade #Sa\u00fadeP\u00fablica #CamposGerais #Capacita\u00e7\u00e3o"],"articleSection":["Pira\u00ed do Sul","Sa\u00fade"],"inLanguage":"pt-BR","potentialAction":[{"@type":"CommentAction","name":"Comment","target":["https:\/\/mznoticia.com.br\/piraidosul\/profissionais-da-saude-participam-de-atualizacao-sobre-hipertensao-e-diabetes-em-pirai-do-sul\/#respond"]}]},{"@type":"WebPage","@id":"https:\/\/mznoticia.com.br\/piraidosul\/profissionais-da-saude-participam-de-atualizacao-sobre-hipertensao-e-diabetes-em-pirai-do-sul\/","url":"https:\/\/mznoticia.com.br\/piraidosul\/profissionais-da-saude-participam-de-atualizacao-sobre-hipertensao-e-diabetes-em-pirai-do-sul\/","name":"Profissionais da Sa\u00fade participam de atualiza\u00e7\u00e3o sobre hipertens\u00e3o e diabetes em Pira\u00ed do Sul - Mz Not\u00edcias","isPartOf":{"@id":"https:\/\/mznoticia.com.br\/piraidosul\/#website"},"primaryImageOfPage":{"@id":"https:\/\/mznoticia.com.br\/piraidosul\/profissionais-da-saude-participam-de-atualizacao-sobre-hipertensao-e-diabetes-em-pirai-do-sul\/#primaryimage"},"image":{"@id":"https:\/\/mznoticia.com.br\/piraidosul\/profissionais-da-saude-participam-de-atualizacao-sobre-hipertensao-e-diabetes-em-pirai-do-sul\/#primaryimage"},"thumbnailUrl":"https:\/\/mznoticia.com.br\/piraidosul\/wp-content\/uploads\/2026\/08\/tecnico.png","datePublished":"2026-08-14T22:25:52+00:00","description":"Profissionais da Aten\u00e7\u00e3o Prim\u00e1ria de Pira\u00ed do Sul participaram de capacita\u00e7\u00e3o sobre hipertens\u00e3o, diabetes, insulina e doen\u00e7as cardiovasculares.","breadcrumb":{"@id":"https:\/\/mznoticia.com.br\/piraidosul\/profissionais-da-saude-participam-de-atualizacao-sobre-hipertensao-e-diabetes-em-pirai-do-sul\/#breadcrumb"},"inLanguage":"pt-BR","potentialAction":[{"@type":"ReadAction","target":["https:\/\/mznoticia.com.br\/piraidosul\/profissionais-da-saude-participam-de-atualizacao-sobre-hipertensao-e-diabetes-em-pirai-do-sul\/"]}]},{"@type":"ImageObject","inLanguage":"pt-BR","@id":"https:\/\/mznoticia.com.br\/piraidosul\/profissionais-da-saude-participam-de-atualizacao-sobre-hipertensao-e-diabetes-em-pirai-do-sul\/#primaryimage","url":"https:\/\/mznoticia.com.br\/piraidosul\/wp-content\/uploads\/2026\/08\/tecnico.png","contentUrl":"https:\/\/mznoticia.com.br\/piraidosul\/wp-content\/uploads\/2026\/08\/tecnico.png","width":750,"height":430},{"@type":"BreadcrumbList","@id":"https:\/\/mznoticia.com.br\/piraidosul\/profissionais-da-saude-participam-de-atualizacao-sobre-hipertensao-e-diabetes-em-pirai-do-sul\/#breadcrumb","itemListElement":[{"@type":"ListItem","position":1,"name":"Home","item":"https:\/\/mznoticia.com.br\/piraidosul\/"},{"@type":"ListItem","position":2,"name":"Profissionais da Sa\u00fade participam de atualiza\u00e7\u00e3o sobre hipertens\u00e3o e diabetes em Pira\u00ed do Sul"}]},{"@type":"WebSite","@id":"https:\/\/mznoticia.com.br\/piraidosul\/#website","url":"https:\/\/mznoticia.com.br\/piraidosul\/","name":"Mz Not\u00edcia","description":"A informa\u00e7\u00e3o que voc\u00ea precisa na hora certa!","publisher":{"@id":"https:\/\/mznoticia.com.br\/piraidosul\/#organization"},"potentialAction":[{"@type":"SearchAction","target":{"@type":"EntryPoint","urlTemplate":"https:\/\/mznoticia.com.br\/piraidosul\/?s={search_term_string}"},"query-input":{"@type":"PropertyValueSpecification","valueRequired":true,"valueName":"search_term_string"}}],"inLanguage":"pt-BR"},{"@type":"Organization","@id":"https:\/\/mznoticia.com.br\/piraidosul\/#organization","name":"Mz Not\u00edcia","url":"https:\/\/mznoticia.com.br\/piraidosul\/","logo":{"@type":"ImageObject","inLanguage":"pt-BR","@id":"https:\/\/mznoticia.com.br\/piraidosul\/#\/schema\/logo\/image\/","url":"https:\/\/mznoticia.com.br\/jaguariaiva\/wp-content\/uploads\/2025\/03\/Design-sem-nome-4-e1741200616392.png","contentUrl":"https:\/\/mznoticia.com.br\/jaguariaiva\/wp-content\/uploads\/2025\/03\/Design-sem-nome-4-e1741200616392.png","width":750,"height":563,"caption":"Mz Not\u00edcia"},"image":{"@id":"https:\/\/mznoticia.com.br\/piraidosul\/#\/schema\/logo\/image\/"},"sameAs":["https:\/\/www.facebook.com\/profile.php?id=61573479951222","https:\/\/www.instagram.com\/mz.jaguariaiva\/"]},{"@type":"Person","@id":"https:\/\/mznoticia.com.br\/piraidosul\/#\/schema\/person\/9081e3eea38d0f9ff6d13386b9d71916","name":"redacao mz","image":{"@type":"ImageObject","inLanguage":"pt-BR","@id":"https:\/\/secure.gravatar.com\/avatar\/474b69d3d861f17ba108592a48720c8b3a1bb15a7fc9092394e93d749b51d963?s=96&d=simple_local_avatar&r=g","url":"https:\/\/secure.gravatar.com\/avatar\/474b69d3d861f17ba108592a48720c8b3a1bb15a7fc9092394e93d749b51d963?s=96&d=simple_local_avatar&r=g","contentUrl":"https:\/\/secure.gravatar.com\/avatar\/474b69d3d861f17ba108592a48720c8b3a1bb15a7fc9092394e93d749b51d963?s=96&d=simple_local_avatar&r=g","caption":"redacao mz"},"url":"https:\/\/mznoticia.com.br\/piraidosul\/author\/manu\/"}]}},"_links":{"self":[{"href":"https:\/\/mznoticia.com.br\/piraidosul\/wp-json\/wp\/v2\/posts\/6911","targetHints":{"allow":["GET"]}}],"collection":[{"href":"https:\/\/mznoticia.com.br\/piraidosul\/wp-json\/wp\/v2\/posts"}],"about":[{"href":"https:\/\/mznoticia.com.br\/piraidosul\/wp-json\/wp\/v2\/types\/post"}],"author":[{"embeddable":true,"href":"https:\/\/mznoticia.com.br\/piraidosul\/wp-json\/wp\/v2\/users\/17"}],"replies":[{"embeddable":true,"href":"https:\/\/mznoticia.com.br\/piraidosul\/wp-json\/wp\/v2\/comments?post=6911"}],"version-history":[{"count":1,"href":"https:\/\/mznoticia.com.br\/piraidosul\/wp-json\/wp\/v2\/posts\/6911\/revisions"}],"predecessor-version":[{"id":6913,"href":"https:\/\/mznoticia.com.br\/piraidosul\/wp-json\/wp\/v2\/posts\/6911\/revisions\/6913"}],"wp:featuredmedia":[{"embeddable":true,"href":"https:\/\/mznoticia.com.br\/piraidosul\/wp-json\/wp\/v2\/media\/6912"}],"wp:attachment":[{"href":"https:\/\/mznoticia.com.br\/piraidosul\/wp-json\/wp\/v2\/media?parent=6911"}],"wp:term":[{"taxonomy":"category","embeddable":true,"href":"https:\/\/mznoticia.com.br\/piraidosul\/wp-json\/wp\/v2\/categories?post=6911"},{"taxonomy":"post_tag","embeddable":true,"href":"https:\/\/mznoticia.com.br\/piraidosul\/wp-json\/wp\/v2\/tags?post=6911"}],"curies":[{"name":"wp","href":"https:\/\/api.w.org\/{rel}","templated":true}]}}