{"id":6923,"date":"2026-08-17T12:26:03","date_gmt":"2026-08-17T12:26:03","guid":{"rendered":"https:\/\/mznoticia.com.br\/piraidosul\/?p=6923"},"modified":"2026-08-17T12:26:03","modified_gmt":"2026-08-17T12:26:03","slug":"homem-fica-gravemente-ferido-apos-ser-esfaqueado-durante-briga-em-bar-em-pirai-do-sul","status":"publish","type":"post","link":"https:\/\/mznoticia.com.br\/piraidosul\/homem-fica-gravemente-ferido-apos-ser-esfaqueado-durante-briga-em-bar-em-pirai-do-sul\/","title":{"rendered":"Homem fica gravemente ferido ap\u00f3s ser esfaqueado durante briga em bar em Pira\u00ed do Sul"},"content":{"rendered":"<p class=\"isSelectedEnd\"><strong>V\u00edtima sofreu cortes profundos na barriga e nos bra\u00e7os durante uma briga na regi\u00e3o da Jararaca; dois suspeitos foram localizados e encaminhados \u00e0 delegacia<\/strong><\/p>\n<h2>Briga em bar termina com homem ferido<\/h2>\n<p class=\"isSelectedEnd\">Um homem ficou <strong>gravemente ferido ap\u00f3s ser atingido por golpes de faca<\/strong> durante uma briga em um bar na regi\u00e3o da Jararaca, em Pira\u00ed do Sul, nos Campos Gerais.<\/p>\n<p class=\"isSelectedEnd\">A Pol\u00edcia Militar foi acionada no domingo (16) para atender a ocorr\u00eancia no <strong>Hospital Santo Ant\u00f4nio<\/strong>, onde a v\u00edtima recebia atendimento m\u00e9dico.<\/p>\n<p class=\"isSelectedEnd\">O homem apresentava ferimentos na <strong>barriga e nos bra\u00e7os<\/strong> e apontou tr\u00eas pessoas como respons\u00e1veis pela agress\u00e3o.<\/p>\n<h2>Dois suspeitos s\u00e3o localizados<\/h2>\n<p class=\"isSelectedEnd\">Ap\u00f3s receber as informa\u00e7\u00f5es, os policiais realizaram dilig\u00eancias para localizar os envolvidos.<\/p>\n<p class=\"isSelectedEnd\">Dois dos suspeitos foram encontrados em um estabelecimento. Um deles precisou receber atendimento m\u00e9dico depois de alegar que tamb\u00e9m havia sido ferido posteriormente.<\/p>\n<p class=\"isSelectedEnd\">O terceiro envolvido apontado pela v\u00edtima n\u00e3o foi localizado pelas equipes policiais.<\/p>\n<h2>V\u00edtima permanece em observa\u00e7\u00e3o<\/h2>\n<p class=\"isSelectedEnd\">Segundo as informa\u00e7\u00f5es do atendimento, a v\u00edtima sofreu <strong>cortes profundos<\/strong>, por\u00e9m os ferimentos n\u00e3o atingiram \u00f3rg\u00e3os vitais.<\/p>\n<p class=\"isSelectedEnd\">Ap\u00f3s receber atendimento m\u00e9dico, o homem permaneceu em observa\u00e7\u00e3o.<\/p>\n<p>Os dois suspeitos localizados foram conduzidos \u00e0 <strong>Delegacia de Pol\u00edcia de Castro<\/strong>, onde foram adotadas as provid\u00eancias cab\u00edveis.<\/p>\n","protected":false},"excerpt":{"rendered":"<p>V\u00edtima sofreu cortes profundos na barriga e nos bra\u00e7os durante uma briga na regi\u00e3o da Jararaca; dois suspeitos foram localizados e encaminhados \u00e0 delegacia Briga em bar termina com homem ferido Um homem ficou gravemente ferido ap\u00f3s ser atingido por golpes de faca durante uma briga em um bar na regi\u00e3o da Jararaca, em Pira\u00ed [&hellip;]<\/p>\n","protected":false},"author":16,"featured_media":6924,"comment_status":"open","ping_status":"open","sticky":false,"template":"","format":"standard","meta":{"footnotes":""},"categories":[4],"tags":[206,196,47,1791,2144,2145,135,266,911],"class_list":["post-6923","post","type-post","status-publish","format-standard","has-post-thumbnail","hentry","category-policial","tag-briga","tag-campos-gerais","tag-destaque","tag-esfaqueamento","tag-jararaca","tag-lesao-corporal-grave","tag-pirai-do-sul","tag-policia","tag-violencia"],"yoast_head":"<!-- This site is optimized with the Yoast SEO plugin v28.1 - https:\/\/yoast.com\/product\/yoast-seo-wordpress\/ -->\n<title>Homem fica gravemente ferido ap\u00f3s ser esfaqueado durante briga em bar em Pira\u00ed do Sul - Mz Not\u00edcias<\/title>\n<meta name=\"description\" content=\"Homem fica gravemente ferido ap\u00f3s ser esfaqueado durante briga em bar na regi\u00e3o da Jararaca, em Pira\u00ed do Sul. Dois suspeitos foram localizados.\" \/>\n<meta name=\"robots\" content=\"index, follow, max-snippet:-1, max-image-preview:large, max-video-preview:-1\" \/>\n<link rel=\"canonical\" href=\"https:\/\/mznoticia.com.br\/piraidosul\/homem-fica-gravemente-ferido-apos-ser-esfaqueado-durante-briga-em-bar-em-pirai-do-sul\/\" \/>\n<meta property=\"og:locale\" content=\"pt_BR\" \/>\n<meta property=\"og:type\" content=\"article\" \/>\n<meta property=\"og:title\" content=\"Homem fica gravemente ferido ap\u00f3s ser esfaqueado durante briga em bar em Pira\u00ed do Sul - Mz Not\u00edcias\" \/>\n<meta property=\"og:description\" content=\"Homem fica gravemente ferido ap\u00f3s ser esfaqueado durante briga em bar na regi\u00e3o da Jararaca, em Pira\u00ed do Sul. Dois suspeitos foram localizados.\" \/>\n<meta property=\"og:url\" content=\"https:\/\/mznoticia.com.br\/piraidosul\/homem-fica-gravemente-ferido-apos-ser-esfaqueado-durante-briga-em-bar-em-pirai-do-sul\/\" \/>\n<meta property=\"og:site_name\" content=\"Mz Not\u00edcias\" \/>\n<meta property=\"article:publisher\" content=\"https:\/\/www.facebook.com\/profile.php?id=61573479951222\" \/>\n<meta property=\"article:published_time\" content=\"2026-08-17T12:26:03+00:00\" \/>\n<meta property=\"og:image\" content=\"https:\/\/mznoticia.com.br\/piraidosul\/wp-content\/uploads\/2026\/08\/pm-mil-1.webp\" \/>\n\t<meta property=\"og:image:width\" content=\"1000\" \/>\n\t<meta property=\"og:image:height\" content=\"667\" \/>\n\t<meta property=\"og:image:type\" content=\"image\/webp\" \/>\n<meta name=\"author\" content=\"Redacao mz\" \/>\n<meta name=\"twitter:card\" content=\"summary_large_image\" \/>\n<meta name=\"twitter:label1\" content=\"Escrito por\" \/>\n\t<meta name=\"twitter:data1\" content=\"Redacao mz\" \/>\n\t<meta name=\"twitter:label2\" content=\"Est. tempo de leitura\" \/>\n\t<meta name=\"twitter:data2\" content=\"2 minutos\" \/>\n<script type=\"application\/ld+json\" class=\"yoast-schema-graph\">{\"@context\":\"https:\\\/\\\/schema.org\",\"@graph\":[{\"@type\":\"Article\",\"@id\":\"https:\\\/\\\/mznoticia.com.br\\\/piraidosul\\\/homem-fica-gravemente-ferido-apos-ser-esfaqueado-durante-briga-em-bar-em-pirai-do-sul\\\/#article\",\"isPartOf\":{\"@id\":\"https:\\\/\\\/mznoticia.com.br\\\/piraidosul\\\/homem-fica-gravemente-ferido-apos-ser-esfaqueado-durante-briga-em-bar-em-pirai-do-sul\\\/\"},\"author\":{\"name\":\"Redacao mz\",\"@id\":\"https:\\\/\\\/mznoticia.com.br\\\/piraidosul\\\/#\\\/schema\\\/person\\\/84012d827247b3f42f37b550da79cd03\"},\"headline\":\"Homem fica gravemente ferido ap\u00f3s ser esfaqueado durante briga em bar em Pira\u00ed do Sul\",\"datePublished\":\"2026-08-17T12:26:03+00:00\",\"mainEntityOfPage\":{\"@id\":\"https:\\\/\\\/mznoticia.com.br\\\/piraidosul\\\/homem-fica-gravemente-ferido-apos-ser-esfaqueado-durante-briga-em-bar-em-pirai-do-sul\\\/\"},\"wordCount\":246,\"commentCount\":0,\"publisher\":{\"@id\":\"https:\\\/\\\/mznoticia.com.br\\\/piraidosul\\\/#organization\"},\"image\":{\"@id\":\"https:\\\/\\\/mznoticia.com.br\\\/piraidosul\\\/homem-fica-gravemente-ferido-apos-ser-esfaqueado-durante-briga-em-bar-em-pirai-do-sul\\\/#primaryimage\"},\"thumbnailUrl\":\"https:\\\/\\\/mznoticia.com.br\\\/piraidosul\\\/wp-content\\\/uploads\\\/2026\\\/08\\\/pm-mil-1.webp\",\"keywords\":[\"briga\",\"campos gerais\",\"destaque\",\"esfaqueamento\",\"Jararaca\",\"les\u00e3o corporal grave\",\"Pira\u00ed do Sul\",\"POLICIA\",\"Viol\u00eancia\"],\"articleSection\":[\"Policial\"],\"inLanguage\":\"pt-BR\",\"potentialAction\":[{\"@type\":\"CommentAction\",\"name\":\"Comment\",\"target\":[\"https:\\\/\\\/mznoticia.com.br\\\/piraidosul\\\/homem-fica-gravemente-ferido-apos-ser-esfaqueado-durante-briga-em-bar-em-pirai-do-sul\\\/#respond\"]}]},{\"@type\":\"WebPage\",\"@id\":\"https:\\\/\\\/mznoticia.com.br\\\/piraidosul\\\/homem-fica-gravemente-ferido-apos-ser-esfaqueado-durante-briga-em-bar-em-pirai-do-sul\\\/\",\"url\":\"https:\\\/\\\/mznoticia.com.br\\\/piraidosul\\\/homem-fica-gravemente-ferido-apos-ser-esfaqueado-durante-briga-em-bar-em-pirai-do-sul\\\/\",\"name\":\"Homem fica gravemente ferido ap\u00f3s ser esfaqueado durante briga em bar em Pira\u00ed do Sul - Mz Not\u00edcias\",\"isPartOf\":{\"@id\":\"https:\\\/\\\/mznoticia.com.br\\\/piraidosul\\\/#website\"},\"primaryImageOfPage\":{\"@id\":\"https:\\\/\\\/mznoticia.com.br\\\/piraidosul\\\/homem-fica-gravemente-ferido-apos-ser-esfaqueado-durante-briga-em-bar-em-pirai-do-sul\\\/#primaryimage\"},\"image\":{\"@id\":\"https:\\\/\\\/mznoticia.com.br\\\/piraidosul\\\/homem-fica-gravemente-ferido-apos-ser-esfaqueado-durante-briga-em-bar-em-pirai-do-sul\\\/#primaryimage\"},\"thumbnailUrl\":\"https:\\\/\\\/mznoticia.com.br\\\/piraidosul\\\/wp-content\\\/uploads\\\/2026\\\/08\\\/pm-mil-1.webp\",\"datePublished\":\"2026-08-17T12:26:03+00:00\",\"description\":\"Homem fica gravemente ferido ap\u00f3s ser esfaqueado durante briga em bar na regi\u00e3o da Jararaca, em Pira\u00ed do Sul. Dois suspeitos foram localizados.\",\"breadcrumb\":{\"@id\":\"https:\\\/\\\/mznoticia.com.br\\\/piraidosul\\\/homem-fica-gravemente-ferido-apos-ser-esfaqueado-durante-briga-em-bar-em-pirai-do-sul\\\/#breadcrumb\"},\"inLanguage\":\"pt-BR\",\"potentialAction\":[{\"@type\":\"ReadAction\",\"target\":[\"https:\\\/\\\/mznoticia.com.br\\\/piraidosul\\\/homem-fica-gravemente-ferido-apos-ser-esfaqueado-durante-briga-em-bar-em-pirai-do-sul\\\/\"]}]},{\"@type\":\"ImageObject\",\"inLanguage\":\"pt-BR\",\"@id\":\"https:\\\/\\\/mznoticia.com.br\\\/piraidosul\\\/homem-fica-gravemente-ferido-apos-ser-esfaqueado-durante-briga-em-bar-em-pirai-do-sul\\\/#primaryimage\",\"url\":\"https:\\\/\\\/mznoticia.com.br\\\/piraidosul\\\/wp-content\\\/uploads\\\/2026\\\/08\\\/pm-mil-1.webp\",\"contentUrl\":\"https:\\\/\\\/mznoticia.com.br\\\/piraidosul\\\/wp-content\\\/uploads\\\/2026\\\/08\\\/pm-mil-1.webp\",\"width\":1000,\"height\":667},{\"@type\":\"BreadcrumbList\",\"@id\":\"https:\\\/\\\/mznoticia.com.br\\\/piraidosul\\\/homem-fica-gravemente-ferido-apos-ser-esfaqueado-durante-briga-em-bar-em-pirai-do-sul\\\/#breadcrumb\",\"itemListElement\":[{\"@type\":\"ListItem\",\"position\":1,\"name\":\"Home\",\"item\":\"https:\\\/\\\/mznoticia.com.br\\\/piraidosul\\\/\"},{\"@type\":\"ListItem\",\"position\":2,\"name\":\"Homem fica gravemente ferido ap\u00f3s ser esfaqueado durante briga em bar em Pira\u00ed do Sul\"}]},{\"@type\":\"WebSite\",\"@id\":\"https:\\\/\\\/mznoticia.com.br\\\/piraidosul\\\/#website\",\"url\":\"https:\\\/\\\/mznoticia.com.br\\\/piraidosul\\\/\",\"name\":\"Mz Not\u00edcia\",\"description\":\"A informa\u00e7\u00e3o que voc\u00ea precisa na hora certa!\",\"publisher\":{\"@id\":\"https:\\\/\\\/mznoticia.com.br\\\/piraidosul\\\/#organization\"},\"potentialAction\":[{\"@type\":\"SearchAction\",\"target\":{\"@type\":\"EntryPoint\",\"urlTemplate\":\"https:\\\/\\\/mznoticia.com.br\\\/piraidosul\\\/?s={search_term_string}\"},\"query-input\":{\"@type\":\"PropertyValueSpecification\",\"valueRequired\":true,\"valueName\":\"search_term_string\"}}],\"inLanguage\":\"pt-BR\"},{\"@type\":\"Organization\",\"@id\":\"https:\\\/\\\/mznoticia.com.br\\\/piraidosul\\\/#organization\",\"name\":\"Mz Not\u00edcia\",\"url\":\"https:\\\/\\\/mznoticia.com.br\\\/piraidosul\\\/\",\"logo\":{\"@type\":\"ImageObject\",\"inLanguage\":\"pt-BR\",\"@id\":\"https:\\\/\\\/mznoticia.com.br\\\/piraidosul\\\/#\\\/schema\\\/logo\\\/image\\\/\",\"url\":\"https:\\\/\\\/mznoticia.com.br\\\/jaguariaiva\\\/wp-content\\\/uploads\\\/2025\\\/03\\\/Design-sem-nome-4-e1741200616392.png\",\"contentUrl\":\"https:\\\/\\\/mznoticia.com.br\\\/jaguariaiva\\\/wp-content\\\/uploads\\\/2025\\\/03\\\/Design-sem-nome-4-e1741200616392.png\",\"width\":750,\"height\":563,\"caption\":\"Mz Not\u00edcia\"},\"image\":{\"@id\":\"https:\\\/\\\/mznoticia.com.br\\\/piraidosul\\\/#\\\/schema\\\/logo\\\/image\\\/\"},\"sameAs\":[\"https:\\\/\\\/www.facebook.com\\\/profile.php?id=61573479951222\",\"https:\\\/\\\/www.instagram.com\\\/mz.jaguariaiva\\\/\"]},{\"@type\":\"Person\",\"@id\":\"https:\\\/\\\/mznoticia.com.br\\\/piraidosul\\\/#\\\/schema\\\/person\\\/84012d827247b3f42f37b550da79cd03\",\"name\":\"Redacao mz\",\"image\":{\"@type\":\"ImageObject\",\"inLanguage\":\"pt-BR\",\"@id\":\"https:\\\/\\\/secure.gravatar.com\\\/avatar\\\/3835c58a73b55edb97de944593845d3f29acb93b7a088f3bf63afde947ab86ba?s=96&d=simple_local_avatar&r=g\",\"url\":\"https:\\\/\\\/secure.gravatar.com\\\/avatar\\\/3835c58a73b55edb97de944593845d3f29acb93b7a088f3bf63afde947ab86ba?s=96&d=simple_local_avatar&r=g\",\"contentUrl\":\"https:\\\/\\\/secure.gravatar.com\\\/avatar\\\/3835c58a73b55edb97de944593845d3f29acb93b7a088f3bf63afde947ab86ba?s=96&d=simple_local_avatar&r=g\",\"caption\":\"Redacao mz\"},\"sameAs\":[\"http:\\\/\\\/mznoticia.com.br\"],\"url\":\"https:\\\/\\\/mznoticia.com.br\\\/piraidosul\\\/author\\\/lucimara\\\/\"}]}<\/script>\n<!-- \/ Yoast SEO plugin. -->","yoast_head_json":{"title":"Homem fica gravemente ferido ap\u00f3s ser esfaqueado durante briga em bar em Pira\u00ed do Sul - Mz Not\u00edcias","description":"Homem fica gravemente ferido ap\u00f3s ser esfaqueado durante briga em bar na regi\u00e3o da Jararaca, em Pira\u00ed do Sul. Dois suspeitos foram localizados.","robots":{"index":"index","follow":"follow","max-snippet":"max-snippet:-1","max-image-preview":"max-image-preview:large","max-video-preview":"max-video-preview:-1"},"canonical":"https:\/\/mznoticia.com.br\/piraidosul\/homem-fica-gravemente-ferido-apos-ser-esfaqueado-durante-briga-em-bar-em-pirai-do-sul\/","og_locale":"pt_BR","og_type":"article","og_title":"Homem fica gravemente ferido ap\u00f3s ser esfaqueado durante briga em bar em Pira\u00ed do Sul - Mz Not\u00edcias","og_description":"Homem fica gravemente ferido ap\u00f3s ser esfaqueado durante briga em bar na regi\u00e3o da Jararaca, em Pira\u00ed do Sul. Dois suspeitos foram localizados.","og_url":"https:\/\/mznoticia.com.br\/piraidosul\/homem-fica-gravemente-ferido-apos-ser-esfaqueado-durante-briga-em-bar-em-pirai-do-sul\/","og_site_name":"Mz Not\u00edcias","article_publisher":"https:\/\/www.facebook.com\/profile.php?id=61573479951222","article_published_time":"2026-08-17T12:26:03+00:00","og_image":[{"width":1000,"height":667,"url":"https:\/\/mznoticia.com.br\/piraidosul\/wp-content\/uploads\/2026\/08\/pm-mil-1.webp","type":"image\/webp"}],"author":"Redacao mz","twitter_card":"summary_large_image","twitter_misc":{"Escrito por":"Redacao mz","Est. tempo de leitura":"2 minutos"},"schema":{"@context":"https:\/\/schema.org","@graph":[{"@type":"Article","@id":"https:\/\/mznoticia.com.br\/piraidosul\/homem-fica-gravemente-ferido-apos-ser-esfaqueado-durante-briga-em-bar-em-pirai-do-sul\/#article","isPartOf":{"@id":"https:\/\/mznoticia.com.br\/piraidosul\/homem-fica-gravemente-ferido-apos-ser-esfaqueado-durante-briga-em-bar-em-pirai-do-sul\/"},"author":{"name":"Redacao mz","@id":"https:\/\/mznoticia.com.br\/piraidosul\/#\/schema\/person\/84012d827247b3f42f37b550da79cd03"},"headline":"Homem fica gravemente ferido ap\u00f3s ser esfaqueado durante briga em bar em Pira\u00ed do Sul","datePublished":"2026-08-17T12:26:03+00:00","mainEntityOfPage":{"@id":"https:\/\/mznoticia.com.br\/piraidosul\/homem-fica-gravemente-ferido-apos-ser-esfaqueado-durante-briga-em-bar-em-pirai-do-sul\/"},"wordCount":246,"commentCount":0,"publisher":{"@id":"https:\/\/mznoticia.com.br\/piraidosul\/#organization"},"image":{"@id":"https:\/\/mznoticia.com.br\/piraidosul\/homem-fica-gravemente-ferido-apos-ser-esfaqueado-durante-briga-em-bar-em-pirai-do-sul\/#primaryimage"},"thumbnailUrl":"https:\/\/mznoticia.com.br\/piraidosul\/wp-content\/uploads\/2026\/08\/pm-mil-1.webp","keywords":["briga","campos gerais","destaque","esfaqueamento","Jararaca","les\u00e3o corporal grave","Pira\u00ed do Sul","POLICIA","Viol\u00eancia"],"articleSection":["Policial"],"inLanguage":"pt-BR","potentialAction":[{"@type":"CommentAction","name":"Comment","target":["https:\/\/mznoticia.com.br\/piraidosul\/homem-fica-gravemente-ferido-apos-ser-esfaqueado-durante-briga-em-bar-em-pirai-do-sul\/#respond"]}]},{"@type":"WebPage","@id":"https:\/\/mznoticia.com.br\/piraidosul\/homem-fica-gravemente-ferido-apos-ser-esfaqueado-durante-briga-em-bar-em-pirai-do-sul\/","url":"https:\/\/mznoticia.com.br\/piraidosul\/homem-fica-gravemente-ferido-apos-ser-esfaqueado-durante-briga-em-bar-em-pirai-do-sul\/","name":"Homem fica gravemente ferido ap\u00f3s ser esfaqueado durante briga em bar em Pira\u00ed do Sul - Mz Not\u00edcias","isPartOf":{"@id":"https:\/\/mznoticia.com.br\/piraidosul\/#website"},"primaryImageOfPage":{"@id":"https:\/\/mznoticia.com.br\/piraidosul\/homem-fica-gravemente-ferido-apos-ser-esfaqueado-durante-briga-em-bar-em-pirai-do-sul\/#primaryimage"},"image":{"@id":"https:\/\/mznoticia.com.br\/piraidosul\/homem-fica-gravemente-ferido-apos-ser-esfaqueado-durante-briga-em-bar-em-pirai-do-sul\/#primaryimage"},"thumbnailUrl":"https:\/\/mznoticia.com.br\/piraidosul\/wp-content\/uploads\/2026\/08\/pm-mil-1.webp","datePublished":"2026-08-17T12:26:03+00:00","description":"Homem fica gravemente ferido ap\u00f3s ser esfaqueado durante briga em bar na regi\u00e3o da Jararaca, em Pira\u00ed do Sul. Dois suspeitos foram localizados.","breadcrumb":{"@id":"https:\/\/mznoticia.com.br\/piraidosul\/homem-fica-gravemente-ferido-apos-ser-esfaqueado-durante-briga-em-bar-em-pirai-do-sul\/#breadcrumb"},"inLanguage":"pt-BR","potentialAction":[{"@type":"ReadAction","target":["https:\/\/mznoticia.com.br\/piraidosul\/homem-fica-gravemente-ferido-apos-ser-esfaqueado-durante-briga-em-bar-em-pirai-do-sul\/"]}]},{"@type":"ImageObject","inLanguage":"pt-BR","@id":"https:\/\/mznoticia.com.br\/piraidosul\/homem-fica-gravemente-ferido-apos-ser-esfaqueado-durante-briga-em-bar-em-pirai-do-sul\/#primaryimage","url":"https:\/\/mznoticia.com.br\/piraidosul\/wp-content\/uploads\/2026\/08\/pm-mil-1.webp","contentUrl":"https:\/\/mznoticia.com.br\/piraidosul\/wp-content\/uploads\/2026\/08\/pm-mil-1.webp","width":1000,"height":667},{"@type":"BreadcrumbList","@id":"https:\/\/mznoticia.com.br\/piraidosul\/homem-fica-gravemente-ferido-apos-ser-esfaqueado-durante-briga-em-bar-em-pirai-do-sul\/#breadcrumb","itemListElement":[{"@type":"ListItem","position":1,"name":"Home","item":"https:\/\/mznoticia.com.br\/piraidosul\/"},{"@type":"ListItem","position":2,"name":"Homem fica gravemente ferido ap\u00f3s ser esfaqueado durante briga em bar em Pira\u00ed do Sul"}]},{"@type":"WebSite","@id":"https:\/\/mznoticia.com.br\/piraidosul\/#website","url":"https:\/\/mznoticia.com.br\/piraidosul\/","name":"Mz Not\u00edcia","description":"A informa\u00e7\u00e3o que voc\u00ea precisa na hora certa!","publisher":{"@id":"https:\/\/mznoticia.com.br\/piraidosul\/#organization"},"potentialAction":[{"@type":"SearchAction","target":{"@type":"EntryPoint","urlTemplate":"https:\/\/mznoticia.com.br\/piraidosul\/?s={search_term_string}"},"query-input":{"@type":"PropertyValueSpecification","valueRequired":true,"valueName":"search_term_string"}}],"inLanguage":"pt-BR"},{"@type":"Organization","@id":"https:\/\/mznoticia.com.br\/piraidosul\/#organization","name":"Mz Not\u00edcia","url":"https:\/\/mznoticia.com.br\/piraidosul\/","logo":{"@type":"ImageObject","inLanguage":"pt-BR","@id":"https:\/\/mznoticia.com.br\/piraidosul\/#\/schema\/logo\/image\/","url":"https:\/\/mznoticia.com.br\/jaguariaiva\/wp-content\/uploads\/2025\/03\/Design-sem-nome-4-e1741200616392.png","contentUrl":"https:\/\/mznoticia.com.br\/jaguariaiva\/wp-content\/uploads\/2025\/03\/Design-sem-nome-4-e1741200616392.png","width":750,"height":563,"caption":"Mz Not\u00edcia"},"image":{"@id":"https:\/\/mznoticia.com.br\/piraidosul\/#\/schema\/logo\/image\/"},"sameAs":["https:\/\/www.facebook.com\/profile.php?id=61573479951222","https:\/\/www.instagram.com\/mz.jaguariaiva\/"]},{"@type":"Person","@id":"https:\/\/mznoticia.com.br\/piraidosul\/#\/schema\/person\/84012d827247b3f42f37b550da79cd03","name":"Redacao mz","image":{"@type":"ImageObject","inLanguage":"pt-BR","@id":"https:\/\/secure.gravatar.com\/avatar\/3835c58a73b55edb97de944593845d3f29acb93b7a088f3bf63afde947ab86ba?s=96&d=simple_local_avatar&r=g","url":"https:\/\/secure.gravatar.com\/avatar\/3835c58a73b55edb97de944593845d3f29acb93b7a088f3bf63afde947ab86ba?s=96&d=simple_local_avatar&r=g","contentUrl":"https:\/\/secure.gravatar.com\/avatar\/3835c58a73b55edb97de944593845d3f29acb93b7a088f3bf63afde947ab86ba?s=96&d=simple_local_avatar&r=g","caption":"Redacao mz"},"sameAs":["http:\/\/mznoticia.com.br"],"url":"https:\/\/mznoticia.com.br\/piraidosul\/author\/lucimara\/"}]}},"_links":{"self":[{"href":"https:\/\/mznoticia.com.br\/piraidosul\/wp-json\/wp\/v2\/posts\/6923","targetHints":{"allow":["GET"]}}],"collection":[{"href":"https:\/\/mznoticia.com.br\/piraidosul\/wp-json\/wp\/v2\/posts"}],"about":[{"href":"https:\/\/mznoticia.com.br\/piraidosul\/wp-json\/wp\/v2\/types\/post"}],"author":[{"embeddable":true,"href":"https:\/\/mznoticia.com.br\/piraidosul\/wp-json\/wp\/v2\/users\/16"}],"replies":[{"embeddable":true,"href":"https:\/\/mznoticia.com.br\/piraidosul\/wp-json\/wp\/v2\/comments?post=6923"}],"version-history":[{"count":1,"href":"https:\/\/mznoticia.com.br\/piraidosul\/wp-json\/wp\/v2\/posts\/6923\/revisions"}],"predecessor-version":[{"id":6925,"href":"https:\/\/mznoticia.com.br\/piraidosul\/wp-json\/wp\/v2\/posts\/6923\/revisions\/6925"}],"wp:featuredmedia":[{"embeddable":true,"href":"https:\/\/mznoticia.com.br\/piraidosul\/wp-json\/wp\/v2\/media\/6924"}],"wp:attachment":[{"href":"https:\/\/mznoticia.com.br\/piraidosul\/wp-json\/wp\/v2\/media?parent=6923"}],"wp:term":[{"taxonomy":"category","embeddable":true,"href":"https:\/\/mznoticia.com.br\/piraidosul\/wp-json\/wp\/v2\/categories?post=6923"},{"taxonomy":"post_tag","embeddable":true,"href":"https:\/\/mznoticia.com.br\/piraidosul\/wp-json\/wp\/v2\/tags?post=6923"}],"curies":[{"name":"wp","href":"https:\/\/api.w.org\/{rel}","templated":true}]}}