{"id":6930,"date":"2026-08-17T12:55:32","date_gmt":"2026-08-17T12:55:32","guid":{"rendered":"https:\/\/mznoticia.com.br\/piraidosul\/?p=6930"},"modified":"2026-08-17T12:55:32","modified_gmt":"2026-08-17T12:55:32","slug":"mulher-e-agredida-com-barra-de-ferro-na-cabeca-apos-briga-em-pirai-do-sul","status":"publish","type":"post","link":"https:\/\/mznoticia.com.br\/piraidosul\/mulher-e-agredida-com-barra-de-ferro-na-cabeca-apos-briga-em-pirai-do-sul\/","title":{"rendered":"Mulher \u00e9 agredida com barra de ferro na cabe\u00e7a ap\u00f3s briga em Pira\u00ed do Sul"},"content":{"rendered":"<h2>V\u00edtima precisou de atendimento m\u00e9dico ap\u00f3s ser atingida durante uma discuss\u00e3o; suspeito foi preso ap\u00f3s receber atendimento<\/h2>\n<h3>Homem alegou leg\u00edtima defesa aos policiais<\/h3>\n<p class=\"isSelectedEnd\">Um homem foi preso ap\u00f3s uma ocorr\u00eancia de les\u00e3o corporal registrada na tarde de domingo (16), em Pira\u00ed do Sul, nos Campos Gerais do Paran\u00e1. Uma mulher precisou de atendimento m\u00e9dico depois de ser atingida na cabe\u00e7a com uma barra de ferro durante uma discuss\u00e3o.<\/p>\n<p class=\"isSelectedEnd\">A Pol\u00edcia Militar foi acionada at\u00e9 o Hospital Municipal Santo Ant\u00f4nio, na regi\u00e3o central da cidade, onde a v\u00edtima recebia atendimento devido a um corte na cabe\u00e7a.<\/p>\n<h3>Discuss\u00e3o teria sido motivada por ci\u00fames<\/h3>\n<p class=\"isSelectedEnd\">Segundo o relato apresentado aos policiais, a mulher teria sido agredida por um conhecido durante uma discuss\u00e3o motivada por ci\u00fames.<\/p>\n<p class=\"isSelectedEnd\">O homem tamb\u00e9m estava no hospital e apresentava uma les\u00e3o na regi\u00e3o do superc\u00edlio.<\/p>\n<p class=\"isSelectedEnd\">Aos policiais, o suspeito afirmou que teria agido em leg\u00edtima defesa. Conforme a vers\u00e3o apresentada por ele, a mulher teria tentado agredi-lo depois que ele se recusou a atender a pedidos de dinheiro.<\/p>\n<h3>V\u00edtima ficou em observa\u00e7\u00e3o<\/h3>\n<p class=\"isSelectedEnd\">Devido \u00e0 gravidade do ferimento, a mulher precisou permanecer em observa\u00e7\u00e3o m\u00e9dica e n\u00e3o p\u00f4de ser encaminhada imediatamente \u00e0 delegacia.<\/p>\n<p class=\"isSelectedEnd\">Depois de receber atendimento m\u00e9dico, o homem recebeu voz de pris\u00e3o e foi encaminhado \u00e0 Delegacia de Pol\u00edcia de Castro, onde foram adotadas as medidas cab\u00edveis.<\/p>\n<p>O caso dever\u00e1 ser investigado pelas autoridades respons\u00e1veis.<\/p>\n","protected":false},"excerpt":{"rendered":"<p>V\u00edtima precisou de atendimento m\u00e9dico ap\u00f3s ser atingida durante uma discuss\u00e3o; suspeito foi preso ap\u00f3s receber atendimento Homem alegou leg\u00edtima defesa aos policiais Um homem foi preso ap\u00f3s uma ocorr\u00eancia de les\u00e3o corporal registrada na tarde de domingo (16), em Pira\u00ed do Sul, nos Campos Gerais do Paran\u00e1. Uma mulher precisou de atendimento m\u00e9dico depois [&hellip;]<\/p>\n","protected":false},"author":16,"featured_media":6931,"comment_status":"open","ping_status":"open","sticky":false,"template":"","format":"standard","meta":{"footnotes":""},"categories":[4],"tags":[207,196,47,2150,135,140,626,240,911],"class_list":["post-6930","post","type-post","status-publish","format-standard","has-post-thumbnail","hentry","category-policial","tag-agressao","tag-campos-gerais","tag-destaque","tag-lesao-corporal","tag-pirai-do-sul","tag-policia-militar","tag-prisao","tag-seguranca-publica","tag-violencia"],"yoast_head":"<!-- This site is optimized with the Yoast SEO plugin v28.1 - https:\/\/yoast.com\/product\/yoast-seo-wordpress\/ -->\n<title>Mulher \u00e9 agredida com barra de ferro na cabe\u00e7a ap\u00f3s briga em Pira\u00ed do Sul - Mz Not\u00edcias<\/title>\n<meta name=\"description\" content=\"Mulher \u00e9 atingida na cabe\u00e7a com uma barra de ferro durante discuss\u00e3o em Pira\u00ed do Sul. Suspeito foi preso ap\u00f3s receber atendimento m\u00e9dico.\" \/>\n<meta name=\"robots\" content=\"index, follow, max-snippet:-1, max-image-preview:large, max-video-preview:-1\" \/>\n<link rel=\"canonical\" href=\"https:\/\/mznoticia.com.br\/piraidosul\/mulher-e-agredida-com-barra-de-ferro-na-cabeca-apos-briga-em-pirai-do-sul\/\" \/>\n<meta property=\"og:locale\" content=\"pt_BR\" \/>\n<meta property=\"og:type\" content=\"article\" \/>\n<meta property=\"og:title\" content=\"Mulher \u00e9 agredida com barra de ferro na cabe\u00e7a ap\u00f3s briga em Pira\u00ed do Sul - Mz Not\u00edcias\" \/>\n<meta property=\"og:description\" content=\"Mulher \u00e9 atingida na cabe\u00e7a com uma barra de ferro durante discuss\u00e3o em Pira\u00ed do Sul. Suspeito foi preso ap\u00f3s receber atendimento m\u00e9dico.\" \/>\n<meta property=\"og:url\" content=\"https:\/\/mznoticia.com.br\/piraidosul\/mulher-e-agredida-com-barra-de-ferro-na-cabeca-apos-briga-em-pirai-do-sul\/\" \/>\n<meta property=\"og:site_name\" content=\"Mz Not\u00edcias\" \/>\n<meta property=\"article:publisher\" content=\"https:\/\/www.facebook.com\/profile.php?id=61573479951222\" \/>\n<meta property=\"article:published_time\" content=\"2026-08-17T12:55:32+00:00\" \/>\n<meta property=\"og:image\" content=\"https:\/\/mznoticia.com.br\/piraidosul\/wp-content\/uploads\/2026\/08\/pol-1.jpg\" \/>\n\t<meta property=\"og:image:width\" content=\"1600\" \/>\n\t<meta property=\"og:image:height\" content=\"900\" \/>\n\t<meta property=\"og:image:type\" content=\"image\/jpeg\" \/>\n<meta name=\"author\" content=\"Redacao mz\" \/>\n<meta name=\"twitter:card\" content=\"summary_large_image\" \/>\n<meta name=\"twitter:label1\" content=\"Escrito por\" \/>\n\t<meta name=\"twitter:data1\" content=\"Redacao mz\" \/>\n\t<meta name=\"twitter:label2\" content=\"Est. tempo de leitura\" \/>\n\t<meta name=\"twitter:data2\" content=\"2 minutos\" \/>\n<script type=\"application\/ld+json\" class=\"yoast-schema-graph\">{\"@context\":\"https:\\\/\\\/schema.org\",\"@graph\":[{\"@type\":\"Article\",\"@id\":\"https:\\\/\\\/mznoticia.com.br\\\/piraidosul\\\/mulher-e-agredida-com-barra-de-ferro-na-cabeca-apos-briga-em-pirai-do-sul\\\/#article\",\"isPartOf\":{\"@id\":\"https:\\\/\\\/mznoticia.com.br\\\/piraidosul\\\/mulher-e-agredida-com-barra-de-ferro-na-cabeca-apos-briga-em-pirai-do-sul\\\/\"},\"author\":{\"name\":\"Redacao mz\",\"@id\":\"https:\\\/\\\/mznoticia.com.br\\\/piraidosul\\\/#\\\/schema\\\/person\\\/84012d827247b3f42f37b550da79cd03\"},\"headline\":\"Mulher \u00e9 agredida com barra de ferro na cabe\u00e7a ap\u00f3s briga em Pira\u00ed do Sul\",\"datePublished\":\"2026-08-17T12:55:32+00:00\",\"mainEntityOfPage\":{\"@id\":\"https:\\\/\\\/mznoticia.com.br\\\/piraidosul\\\/mulher-e-agredida-com-barra-de-ferro-na-cabeca-apos-briga-em-pirai-do-sul\\\/\"},\"wordCount\":276,\"commentCount\":0,\"publisher\":{\"@id\":\"https:\\\/\\\/mznoticia.com.br\\\/piraidosul\\\/#organization\"},\"image\":{\"@id\":\"https:\\\/\\\/mznoticia.com.br\\\/piraidosul\\\/mulher-e-agredida-com-barra-de-ferro-na-cabeca-apos-briga-em-pirai-do-sul\\\/#primaryimage\"},\"thumbnailUrl\":\"https:\\\/\\\/mznoticia.com.br\\\/piraidosul\\\/wp-content\\\/uploads\\\/2026\\\/08\\\/pol-1.jpg\",\"keywords\":[\"agress\u00e3o\",\"campos gerais\",\"destaque\",\"les\u00e3o corporal\",\"Pira\u00ed do Sul\",\"Policia Militar\",\"Pris\u00e3o\",\"Seguran\u00e7a P\u00fablica\",\"Viol\u00eancia\"],\"articleSection\":[\"Policial\"],\"inLanguage\":\"pt-BR\",\"potentialAction\":[{\"@type\":\"CommentAction\",\"name\":\"Comment\",\"target\":[\"https:\\\/\\\/mznoticia.com.br\\\/piraidosul\\\/mulher-e-agredida-com-barra-de-ferro-na-cabeca-apos-briga-em-pirai-do-sul\\\/#respond\"]}]},{\"@type\":\"WebPage\",\"@id\":\"https:\\\/\\\/mznoticia.com.br\\\/piraidosul\\\/mulher-e-agredida-com-barra-de-ferro-na-cabeca-apos-briga-em-pirai-do-sul\\\/\",\"url\":\"https:\\\/\\\/mznoticia.com.br\\\/piraidosul\\\/mulher-e-agredida-com-barra-de-ferro-na-cabeca-apos-briga-em-pirai-do-sul\\\/\",\"name\":\"Mulher \u00e9 agredida com barra de ferro na cabe\u00e7a ap\u00f3s briga em Pira\u00ed do Sul - Mz Not\u00edcias\",\"isPartOf\":{\"@id\":\"https:\\\/\\\/mznoticia.com.br\\\/piraidosul\\\/#website\"},\"primaryImageOfPage\":{\"@id\":\"https:\\\/\\\/mznoticia.com.br\\\/piraidosul\\\/mulher-e-agredida-com-barra-de-ferro-na-cabeca-apos-briga-em-pirai-do-sul\\\/#primaryimage\"},\"image\":{\"@id\":\"https:\\\/\\\/mznoticia.com.br\\\/piraidosul\\\/mulher-e-agredida-com-barra-de-ferro-na-cabeca-apos-briga-em-pirai-do-sul\\\/#primaryimage\"},\"thumbnailUrl\":\"https:\\\/\\\/mznoticia.com.br\\\/piraidosul\\\/wp-content\\\/uploads\\\/2026\\\/08\\\/pol-1.jpg\",\"datePublished\":\"2026-08-17T12:55:32+00:00\",\"description\":\"Mulher \u00e9 atingida na cabe\u00e7a com uma barra de ferro durante discuss\u00e3o em Pira\u00ed do Sul. Suspeito foi preso ap\u00f3s receber atendimento m\u00e9dico.\",\"breadcrumb\":{\"@id\":\"https:\\\/\\\/mznoticia.com.br\\\/piraidosul\\\/mulher-e-agredida-com-barra-de-ferro-na-cabeca-apos-briga-em-pirai-do-sul\\\/#breadcrumb\"},\"inLanguage\":\"pt-BR\",\"potentialAction\":[{\"@type\":\"ReadAction\",\"target\":[\"https:\\\/\\\/mznoticia.com.br\\\/piraidosul\\\/mulher-e-agredida-com-barra-de-ferro-na-cabeca-apos-briga-em-pirai-do-sul\\\/\"]}]},{\"@type\":\"ImageObject\",\"inLanguage\":\"pt-BR\",\"@id\":\"https:\\\/\\\/mznoticia.com.br\\\/piraidosul\\\/mulher-e-agredida-com-barra-de-ferro-na-cabeca-apos-briga-em-pirai-do-sul\\\/#primaryimage\",\"url\":\"https:\\\/\\\/mznoticia.com.br\\\/piraidosul\\\/wp-content\\\/uploads\\\/2026\\\/08\\\/pol-1.jpg\",\"contentUrl\":\"https:\\\/\\\/mznoticia.com.br\\\/piraidosul\\\/wp-content\\\/uploads\\\/2026\\\/08\\\/pol-1.jpg\",\"width\":1600,\"height\":900},{\"@type\":\"BreadcrumbList\",\"@id\":\"https:\\\/\\\/mznoticia.com.br\\\/piraidosul\\\/mulher-e-agredida-com-barra-de-ferro-na-cabeca-apos-briga-em-pirai-do-sul\\\/#breadcrumb\",\"itemListElement\":[{\"@type\":\"ListItem\",\"position\":1,\"name\":\"Home\",\"item\":\"https:\\\/\\\/mznoticia.com.br\\\/piraidosul\\\/\"},{\"@type\":\"ListItem\",\"position\":2,\"name\":\"Mulher \u00e9 agredida com barra de ferro na cabe\u00e7a ap\u00f3s briga em Pira\u00ed do Sul\"}]},{\"@type\":\"WebSite\",\"@id\":\"https:\\\/\\\/mznoticia.com.br\\\/piraidosul\\\/#website\",\"url\":\"https:\\\/\\\/mznoticia.com.br\\\/piraidosul\\\/\",\"name\":\"Mz Not\u00edcia\",\"description\":\"A informa\u00e7\u00e3o que voc\u00ea precisa na hora certa!\",\"publisher\":{\"@id\":\"https:\\\/\\\/mznoticia.com.br\\\/piraidosul\\\/#organization\"},\"potentialAction\":[{\"@type\":\"SearchAction\",\"target\":{\"@type\":\"EntryPoint\",\"urlTemplate\":\"https:\\\/\\\/mznoticia.com.br\\\/piraidosul\\\/?s={search_term_string}\"},\"query-input\":{\"@type\":\"PropertyValueSpecification\",\"valueRequired\":true,\"valueName\":\"search_term_string\"}}],\"inLanguage\":\"pt-BR\"},{\"@type\":\"Organization\",\"@id\":\"https:\\\/\\\/mznoticia.com.br\\\/piraidosul\\\/#organization\",\"name\":\"Mz Not\u00edcia\",\"url\":\"https:\\\/\\\/mznoticia.com.br\\\/piraidosul\\\/\",\"logo\":{\"@type\":\"ImageObject\",\"inLanguage\":\"pt-BR\",\"@id\":\"https:\\\/\\\/mznoticia.com.br\\\/piraidosul\\\/#\\\/schema\\\/logo\\\/image\\\/\",\"url\":\"https:\\\/\\\/mznoticia.com.br\\\/jaguariaiva\\\/wp-content\\\/uploads\\\/2025\\\/03\\\/Design-sem-nome-4-e1741200616392.png\",\"contentUrl\":\"https:\\\/\\\/mznoticia.com.br\\\/jaguariaiva\\\/wp-content\\\/uploads\\\/2025\\\/03\\\/Design-sem-nome-4-e1741200616392.png\",\"width\":750,\"height\":563,\"caption\":\"Mz Not\u00edcia\"},\"image\":{\"@id\":\"https:\\\/\\\/mznoticia.com.br\\\/piraidosul\\\/#\\\/schema\\\/logo\\\/image\\\/\"},\"sameAs\":[\"https:\\\/\\\/www.facebook.com\\\/profile.php?id=61573479951222\",\"https:\\\/\\\/www.instagram.com\\\/mz.jaguariaiva\\\/\"]},{\"@type\":\"Person\",\"@id\":\"https:\\\/\\\/mznoticia.com.br\\\/piraidosul\\\/#\\\/schema\\\/person\\\/84012d827247b3f42f37b550da79cd03\",\"name\":\"Redacao mz\",\"image\":{\"@type\":\"ImageObject\",\"inLanguage\":\"pt-BR\",\"@id\":\"https:\\\/\\\/secure.gravatar.com\\\/avatar\\\/3835c58a73b55edb97de944593845d3f29acb93b7a088f3bf63afde947ab86ba?s=96&d=simple_local_avatar&r=g\",\"url\":\"https:\\\/\\\/secure.gravatar.com\\\/avatar\\\/3835c58a73b55edb97de944593845d3f29acb93b7a088f3bf63afde947ab86ba?s=96&d=simple_local_avatar&r=g\",\"contentUrl\":\"https:\\\/\\\/secure.gravatar.com\\\/avatar\\\/3835c58a73b55edb97de944593845d3f29acb93b7a088f3bf63afde947ab86ba?s=96&d=simple_local_avatar&r=g\",\"caption\":\"Redacao mz\"},\"sameAs\":[\"http:\\\/\\\/mznoticia.com.br\"],\"url\":\"https:\\\/\\\/mznoticia.com.br\\\/piraidosul\\\/author\\\/lucimara\\\/\"}]}<\/script>\n<!-- \/ Yoast SEO plugin. -->","yoast_head_json":{"title":"Mulher \u00e9 agredida com barra de ferro na cabe\u00e7a ap\u00f3s briga em Pira\u00ed do Sul - Mz Not\u00edcias","description":"Mulher \u00e9 atingida na cabe\u00e7a com uma barra de ferro durante discuss\u00e3o em Pira\u00ed do Sul. Suspeito foi preso ap\u00f3s receber atendimento m\u00e9dico.","robots":{"index":"index","follow":"follow","max-snippet":"max-snippet:-1","max-image-preview":"max-image-preview:large","max-video-preview":"max-video-preview:-1"},"canonical":"https:\/\/mznoticia.com.br\/piraidosul\/mulher-e-agredida-com-barra-de-ferro-na-cabeca-apos-briga-em-pirai-do-sul\/","og_locale":"pt_BR","og_type":"article","og_title":"Mulher \u00e9 agredida com barra de ferro na cabe\u00e7a ap\u00f3s briga em Pira\u00ed do Sul - Mz Not\u00edcias","og_description":"Mulher \u00e9 atingida na cabe\u00e7a com uma barra de ferro durante discuss\u00e3o em Pira\u00ed do Sul. Suspeito foi preso ap\u00f3s receber atendimento m\u00e9dico.","og_url":"https:\/\/mznoticia.com.br\/piraidosul\/mulher-e-agredida-com-barra-de-ferro-na-cabeca-apos-briga-em-pirai-do-sul\/","og_site_name":"Mz Not\u00edcias","article_publisher":"https:\/\/www.facebook.com\/profile.php?id=61573479951222","article_published_time":"2026-08-17T12:55:32+00:00","og_image":[{"width":1600,"height":900,"url":"https:\/\/mznoticia.com.br\/piraidosul\/wp-content\/uploads\/2026\/08\/pol-1.jpg","type":"image\/jpeg"}],"author":"Redacao mz","twitter_card":"summary_large_image","twitter_misc":{"Escrito por":"Redacao mz","Est. tempo de leitura":"2 minutos"},"schema":{"@context":"https:\/\/schema.org","@graph":[{"@type":"Article","@id":"https:\/\/mznoticia.com.br\/piraidosul\/mulher-e-agredida-com-barra-de-ferro-na-cabeca-apos-briga-em-pirai-do-sul\/#article","isPartOf":{"@id":"https:\/\/mznoticia.com.br\/piraidosul\/mulher-e-agredida-com-barra-de-ferro-na-cabeca-apos-briga-em-pirai-do-sul\/"},"author":{"name":"Redacao mz","@id":"https:\/\/mznoticia.com.br\/piraidosul\/#\/schema\/person\/84012d827247b3f42f37b550da79cd03"},"headline":"Mulher \u00e9 agredida com barra de ferro na cabe\u00e7a ap\u00f3s briga em Pira\u00ed do Sul","datePublished":"2026-08-17T12:55:32+00:00","mainEntityOfPage":{"@id":"https:\/\/mznoticia.com.br\/piraidosul\/mulher-e-agredida-com-barra-de-ferro-na-cabeca-apos-briga-em-pirai-do-sul\/"},"wordCount":276,"commentCount":0,"publisher":{"@id":"https:\/\/mznoticia.com.br\/piraidosul\/#organization"},"image":{"@id":"https:\/\/mznoticia.com.br\/piraidosul\/mulher-e-agredida-com-barra-de-ferro-na-cabeca-apos-briga-em-pirai-do-sul\/#primaryimage"},"thumbnailUrl":"https:\/\/mznoticia.com.br\/piraidosul\/wp-content\/uploads\/2026\/08\/pol-1.jpg","keywords":["agress\u00e3o","campos gerais","destaque","les\u00e3o corporal","Pira\u00ed do Sul","Policia Militar","Pris\u00e3o","Seguran\u00e7a P\u00fablica","Viol\u00eancia"],"articleSection":["Policial"],"inLanguage":"pt-BR","potentialAction":[{"@type":"CommentAction","name":"Comment","target":["https:\/\/mznoticia.com.br\/piraidosul\/mulher-e-agredida-com-barra-de-ferro-na-cabeca-apos-briga-em-pirai-do-sul\/#respond"]}]},{"@type":"WebPage","@id":"https:\/\/mznoticia.com.br\/piraidosul\/mulher-e-agredida-com-barra-de-ferro-na-cabeca-apos-briga-em-pirai-do-sul\/","url":"https:\/\/mznoticia.com.br\/piraidosul\/mulher-e-agredida-com-barra-de-ferro-na-cabeca-apos-briga-em-pirai-do-sul\/","name":"Mulher \u00e9 agredida com barra de ferro na cabe\u00e7a ap\u00f3s briga em Pira\u00ed do Sul - Mz Not\u00edcias","isPartOf":{"@id":"https:\/\/mznoticia.com.br\/piraidosul\/#website"},"primaryImageOfPage":{"@id":"https:\/\/mznoticia.com.br\/piraidosul\/mulher-e-agredida-com-barra-de-ferro-na-cabeca-apos-briga-em-pirai-do-sul\/#primaryimage"},"image":{"@id":"https:\/\/mznoticia.com.br\/piraidosul\/mulher-e-agredida-com-barra-de-ferro-na-cabeca-apos-briga-em-pirai-do-sul\/#primaryimage"},"thumbnailUrl":"https:\/\/mznoticia.com.br\/piraidosul\/wp-content\/uploads\/2026\/08\/pol-1.jpg","datePublished":"2026-08-17T12:55:32+00:00","description":"Mulher \u00e9 atingida na cabe\u00e7a com uma barra de ferro durante discuss\u00e3o em Pira\u00ed do Sul. Suspeito foi preso ap\u00f3s receber atendimento m\u00e9dico.","breadcrumb":{"@id":"https:\/\/mznoticia.com.br\/piraidosul\/mulher-e-agredida-com-barra-de-ferro-na-cabeca-apos-briga-em-pirai-do-sul\/#breadcrumb"},"inLanguage":"pt-BR","potentialAction":[{"@type":"ReadAction","target":["https:\/\/mznoticia.com.br\/piraidosul\/mulher-e-agredida-com-barra-de-ferro-na-cabeca-apos-briga-em-pirai-do-sul\/"]}]},{"@type":"ImageObject","inLanguage":"pt-BR","@id":"https:\/\/mznoticia.com.br\/piraidosul\/mulher-e-agredida-com-barra-de-ferro-na-cabeca-apos-briga-em-pirai-do-sul\/#primaryimage","url":"https:\/\/mznoticia.com.br\/piraidosul\/wp-content\/uploads\/2026\/08\/pol-1.jpg","contentUrl":"https:\/\/mznoticia.com.br\/piraidosul\/wp-content\/uploads\/2026\/08\/pol-1.jpg","width":1600,"height":900},{"@type":"BreadcrumbList","@id":"https:\/\/mznoticia.com.br\/piraidosul\/mulher-e-agredida-com-barra-de-ferro-na-cabeca-apos-briga-em-pirai-do-sul\/#breadcrumb","itemListElement":[{"@type":"ListItem","position":1,"name":"Home","item":"https:\/\/mznoticia.com.br\/piraidosul\/"},{"@type":"ListItem","position":2,"name":"Mulher \u00e9 agredida com barra de ferro na cabe\u00e7a ap\u00f3s briga em Pira\u00ed do Sul"}]},{"@type":"WebSite","@id":"https:\/\/mznoticia.com.br\/piraidosul\/#website","url":"https:\/\/mznoticia.com.br\/piraidosul\/","name":"Mz Not\u00edcia","description":"A informa\u00e7\u00e3o que voc\u00ea precisa na hora certa!","publisher":{"@id":"https:\/\/mznoticia.com.br\/piraidosul\/#organization"},"potentialAction":[{"@type":"SearchAction","target":{"@type":"EntryPoint","urlTemplate":"https:\/\/mznoticia.com.br\/piraidosul\/?s={search_term_string}"},"query-input":{"@type":"PropertyValueSpecification","valueRequired":true,"valueName":"search_term_string"}}],"inLanguage":"pt-BR"},{"@type":"Organization","@id":"https:\/\/mznoticia.com.br\/piraidosul\/#organization","name":"Mz Not\u00edcia","url":"https:\/\/mznoticia.com.br\/piraidosul\/","logo":{"@type":"ImageObject","inLanguage":"pt-BR","@id":"https:\/\/mznoticia.com.br\/piraidosul\/#\/schema\/logo\/image\/","url":"https:\/\/mznoticia.com.br\/jaguariaiva\/wp-content\/uploads\/2025\/03\/Design-sem-nome-4-e1741200616392.png","contentUrl":"https:\/\/mznoticia.com.br\/jaguariaiva\/wp-content\/uploads\/2025\/03\/Design-sem-nome-4-e1741200616392.png","width":750,"height":563,"caption":"Mz Not\u00edcia"},"image":{"@id":"https:\/\/mznoticia.com.br\/piraidosul\/#\/schema\/logo\/image\/"},"sameAs":["https:\/\/www.facebook.com\/profile.php?id=61573479951222","https:\/\/www.instagram.com\/mz.jaguariaiva\/"]},{"@type":"Person","@id":"https:\/\/mznoticia.com.br\/piraidosul\/#\/schema\/person\/84012d827247b3f42f37b550da79cd03","name":"Redacao mz","image":{"@type":"ImageObject","inLanguage":"pt-BR","@id":"https:\/\/secure.gravatar.com\/avatar\/3835c58a73b55edb97de944593845d3f29acb93b7a088f3bf63afde947ab86ba?s=96&d=simple_local_avatar&r=g","url":"https:\/\/secure.gravatar.com\/avatar\/3835c58a73b55edb97de944593845d3f29acb93b7a088f3bf63afde947ab86ba?s=96&d=simple_local_avatar&r=g","contentUrl":"https:\/\/secure.gravatar.com\/avatar\/3835c58a73b55edb97de944593845d3f29acb93b7a088f3bf63afde947ab86ba?s=96&d=simple_local_avatar&r=g","caption":"Redacao mz"},"sameAs":["http:\/\/mznoticia.com.br"],"url":"https:\/\/mznoticia.com.br\/piraidosul\/author\/lucimara\/"}]}},"_links":{"self":[{"href":"https:\/\/mznoticia.com.br\/piraidosul\/wp-json\/wp\/v2\/posts\/6930","targetHints":{"allow":["GET"]}}],"collection":[{"href":"https:\/\/mznoticia.com.br\/piraidosul\/wp-json\/wp\/v2\/posts"}],"about":[{"href":"https:\/\/mznoticia.com.br\/piraidosul\/wp-json\/wp\/v2\/types\/post"}],"author":[{"embeddable":true,"href":"https:\/\/mznoticia.com.br\/piraidosul\/wp-json\/wp\/v2\/users\/16"}],"replies":[{"embeddable":true,"href":"https:\/\/mznoticia.com.br\/piraidosul\/wp-json\/wp\/v2\/comments?post=6930"}],"version-history":[{"count":1,"href":"https:\/\/mznoticia.com.br\/piraidosul\/wp-json\/wp\/v2\/posts\/6930\/revisions"}],"predecessor-version":[{"id":6932,"href":"https:\/\/mznoticia.com.br\/piraidosul\/wp-json\/wp\/v2\/posts\/6930\/revisions\/6932"}],"wp:featuredmedia":[{"embeddable":true,"href":"https:\/\/mznoticia.com.br\/piraidosul\/wp-json\/wp\/v2\/media\/6931"}],"wp:attachment":[{"href":"https:\/\/mznoticia.com.br\/piraidosul\/wp-json\/wp\/v2\/media?parent=6930"}],"wp:term":[{"taxonomy":"category","embeddable":true,"href":"https:\/\/mznoticia.com.br\/piraidosul\/wp-json\/wp\/v2\/categories?post=6930"},{"taxonomy":"post_tag","embeddable":true,"href":"https:\/\/mznoticia.com.br\/piraidosul\/wp-json\/wp\/v2\/tags?post=6930"}],"curies":[{"name":"wp","href":"https:\/\/api.w.org\/{rel}","templated":true}]}}