{"id":7231,"date":"2026-08-20T17:12:59","date_gmt":"2026-08-20T17:12:59","guid":{"rendered":"https:\/\/mznoticia.com.br\/piraidosul\/?p=7231"},"modified":"2026-08-20T17:12:59","modified_gmt":"2026-08-20T17:12:59","slug":"julio-kuller-cobra-regionalizacao-da-saude-apos-tragedia-na-br-373","status":"publish","type":"post","link":"https:\/\/mznoticia.com.br\/piraidosul\/julio-kuller-cobra-regionalizacao-da-saude-apos-tragedia-na-br-373\/","title":{"rendered":"Julio K\u00fcller cobra regionaliza\u00e7\u00e3o da sa\u00fade ap\u00f3s trag\u00e9dia na BR-373"},"content":{"rendered":"<h3 class=\"PDq2pG_selectionAnchorContainer\" data-section-id=\"1bjg576\" data-start=\"70\" data-end=\"232\">Vereador relacionou o acidente que deixou 23 mortos e cinco feridos \u00e0 necessidade de melhorar as rodovias e ampliar os servi\u00e7os de sa\u00fade no interior do Paran\u00e1<\/h3>\n<p data-start=\"234\" data-end=\"506\">Durante a sess\u00e3o ordin\u00e1ria da C\u00e2mara Municipal de Ponta Grossa, realizada nesta quarta-feira (19), o vereador Julio K\u00fcller (PL) falou sobre a trag\u00e9dia ocorrida na BR-373, em Ipiranga, nos Campos Gerais, e voltou a defender a regionaliza\u00e7\u00e3o dos servi\u00e7os de sa\u00fade no Paran\u00e1.<\/p>\n<p data-start=\"508\" data-end=\"800\">O acidente envolveu um micro-\u00f4nibus da Secretaria Municipal de Sa\u00fade de Imbituva, que transportava pacientes para tratamento m\u00e9dico em Curitiba e na Regi\u00e3o Metropolitana. O ve\u00edculo foi atingido frontalmente por um caminh\u00e3o no km 209 da rodovia. A colis\u00e3o deixou <strong data-start=\"770\" data-end=\"799\">23 mortos e cinco feridos<\/strong>.<\/p>\n<p data-start=\"802\" data-end=\"864\">O munic\u00edpio de Imbituva decretou luto oficial ap\u00f3s a trag\u00e9dia.<\/p>\n<h2 data-section-id=\"wg4u1p\" data-start=\"866\" data-end=\"907\">Cr\u00edticas \u00e0 infraestrutura das rodovias<\/h2>\n<p data-start=\"909\" data-end=\"1172\">Durante o pronunciamento, Julio K\u00fcller relacionou o acidente \u00e0s condi\u00e7\u00f5es das rodovias federais e estaduais do Paran\u00e1. O vereador criticou a exist\u00eancia de trechos sem acostamento e com problemas de conserva\u00e7\u00e3o, al\u00e9m de questionar os valores cobrados nos ped\u00e1gios.<\/p>\n<p data-start=\"1174\" data-end=\"1309\">Segundo K\u00fcller, a trag\u00e9dia envolveu pessoas que estavam viajando em busca de atendimento de sa\u00fade e acabou deixando fam\u00edlias enlutadas.<\/p>\n<h2 data-section-id=\"1mcvw8z\" data-start=\"1311\" data-end=\"1356\">Vereador critica deslocamento de pacientes<\/h2>\n<p data-start=\"1358\" data-end=\"1569\">K\u00fcller tamb\u00e9m voltou a abordar o que chamou de \u201cturismo da sa\u00fade\u201d, situa\u00e7\u00e3o em que pacientes de Ponta Grossa e da regi\u00e3o precisam se deslocar para outras cidades em busca de atendimento ou de vagas hospitalares.<\/p>\n<p data-start=\"1571\" data-end=\"1767\">De acordo com o vereador, pacientes da regi\u00e3o s\u00e3o encaminhados para hospitais de Campo Largo, Castro e Guarapuava, conforme a disponibilidade de vagas definida pela Central de Regula\u00e7\u00e3o do Estado.<\/p>\n<p data-start=\"1769\" data-end=\"1918\">Para ele, esse modelo precisa ser revisto para que os munic\u00edpios do interior tenham maior autonomia e estrutura para atender seus pr\u00f3prios pacientes.<\/p>\n<h2 data-section-id=\"skyocw\" data-start=\"1920\" data-end=\"1956\">Defesa da regionaliza\u00e7\u00e3o da sa\u00fade<\/h2>\n<p data-start=\"1958\" data-end=\"2197\">O parlamentar defendeu a amplia\u00e7\u00e3o da estrutura hospitalar e dos servi\u00e7os especializados no interior do Paran\u00e1. A proposta de regionaliza\u00e7\u00e3o busca reduzir a necessidade de deslocamentos de pacientes para a Regi\u00e3o Metropolitana de Curitiba.<\/p>\n<p data-start=\"2199\" data-end=\"2361\">K\u00fcller afirmou ainda que Ponta Grossa n\u00e3o deve ficar dependente do governo estadual e que continuar\u00e1 defendendo maior autonomia para o munic\u00edpio na \u00e1rea da sa\u00fade.<\/p>\n","protected":false},"excerpt":{"rendered":"<p>Vereador relacionou o acidente que deixou 23 mortos e cinco feridos \u00e0 necessidade de melhorar as rodovias e ampliar os servi\u00e7os de sa\u00fade no interior do Paran\u00e1 Durante a sess\u00e3o ordin\u00e1ria da C\u00e2mara Municipal de Ponta Grossa, realizada nesta quarta-feira (19), o vereador Julio K\u00fcller (PL) falou sobre a trag\u00e9dia ocorrida na BR-373, em Ipiranga, [&hellip;]<\/p>\n","protected":false},"author":16,"featured_media":7232,"comment_status":"open","ping_status":"open","sticky":false,"template":"","format":"standard","meta":{"footnotes":""},"categories":[149],"tags":[2446,1884,2455,196,2318,391,2451,2456,77,24,2453,2452,225,2454],"class_list":["post-7231","post","type-post","status-publish","format-standard","has-post-thumbnail","hentry","category-acidente","tag-acidente-na-br-373","tag-br-373","tag-camara-de-ponta-grossa","tag-campos-gerais","tag-imbituva","tag-ipiranga","tag-julio-kuller","tag-noticias-de-ponta","tag-parana","tag-ponta-grossa","tag-regionalizacao-da-saude","tag-saude-no-parana","tag-saude-publica","tag-turismo-da-saude"],"yoast_head":"<!-- This site is optimized with the Yoast SEO plugin v28.1 - https:\/\/yoast.com\/product\/yoast-seo-wordpress\/ -->\n<title>Julio K\u00fcller cobra regionaliza\u00e7\u00e3o da sa\u00fade ap\u00f3s trag\u00e9dia na BR-373 - Mz Not\u00edcias<\/title>\n<meta name=\"description\" content=\"Julio K\u00fcller defende a regionaliza\u00e7\u00e3o da sa\u00fade ap\u00f3s trag\u00e9dia na BR-373, em Ipiranga, que deixou 23 mortos e cinco feridos.\" \/>\n<meta name=\"robots\" content=\"index, follow, max-snippet:-1, max-image-preview:large, max-video-preview:-1\" \/>\n<link rel=\"canonical\" href=\"https:\/\/mznoticia.com.br\/piraidosul\/julio-kuller-cobra-regionalizacao-da-saude-apos-tragedia-na-br-373\/\" \/>\n<meta property=\"og:locale\" content=\"pt_BR\" \/>\n<meta property=\"og:type\" content=\"article\" \/>\n<meta property=\"og:title\" content=\"Julio K\u00fcller cobra regionaliza\u00e7\u00e3o da sa\u00fade ap\u00f3s trag\u00e9dia na BR-373 - Mz Not\u00edcias\" \/>\n<meta property=\"og:description\" content=\"Julio K\u00fcller defende a regionaliza\u00e7\u00e3o da sa\u00fade ap\u00f3s trag\u00e9dia na BR-373, em Ipiranga, que deixou 23 mortos e cinco feridos.\" \/>\n<meta property=\"og:url\" content=\"https:\/\/mznoticia.com.br\/piraidosul\/julio-kuller-cobra-regionalizacao-da-saude-apos-tragedia-na-br-373\/\" \/>\n<meta property=\"og:site_name\" content=\"Mz Not\u00edcias\" \/>\n<meta property=\"article:publisher\" content=\"https:\/\/www.facebook.com\/profile.php?id=61573479951222\" \/>\n<meta property=\"article:published_time\" content=\"2026-08-20T17:12:59+00:00\" \/>\n<meta property=\"og:image\" content=\"https:\/\/mznoticia.com.br\/piraidosul\/wp-content\/uploads\/2026\/08\/100-6.jpg\" \/>\n\t<meta property=\"og:image:width\" content=\"448\" \/>\n\t<meta property=\"og:image:height\" content=\"446\" \/>\n\t<meta property=\"og:image:type\" content=\"image\/jpeg\" \/>\n<meta name=\"author\" content=\"Redacao mz\" \/>\n<meta name=\"twitter:card\" content=\"summary_large_image\" \/>\n<meta name=\"twitter:label1\" content=\"Escrito por\" \/>\n\t<meta name=\"twitter:data1\" content=\"Redacao mz\" \/>\n\t<meta name=\"twitter:label2\" content=\"Est. tempo de leitura\" \/>\n\t<meta name=\"twitter:data2\" content=\"3 minutos\" \/>\n<script type=\"application\/ld+json\" class=\"yoast-schema-graph\">{\"@context\":\"https:\\\/\\\/schema.org\",\"@graph\":[{\"@type\":\"Article\",\"@id\":\"https:\\\/\\\/mznoticia.com.br\\\/piraidosul\\\/julio-kuller-cobra-regionalizacao-da-saude-apos-tragedia-na-br-373\\\/#article\",\"isPartOf\":{\"@id\":\"https:\\\/\\\/mznoticia.com.br\\\/piraidosul\\\/julio-kuller-cobra-regionalizacao-da-saude-apos-tragedia-na-br-373\\\/\"},\"author\":{\"name\":\"Redacao mz\",\"@id\":\"https:\\\/\\\/mznoticia.com.br\\\/piraidosul\\\/#\\\/schema\\\/person\\\/84012d827247b3f42f37b550da79cd03\"},\"headline\":\"Julio K\u00fcller cobra regionaliza\u00e7\u00e3o da sa\u00fade ap\u00f3s trag\u00e9dia na BR-373\",\"datePublished\":\"2026-08-20T17:12:59+00:00\",\"mainEntityOfPage\":{\"@id\":\"https:\\\/\\\/mznoticia.com.br\\\/piraidosul\\\/julio-kuller-cobra-regionalizacao-da-saude-apos-tragedia-na-br-373\\\/\"},\"wordCount\":408,\"commentCount\":0,\"publisher\":{\"@id\":\"https:\\\/\\\/mznoticia.com.br\\\/piraidosul\\\/#organization\"},\"image\":{\"@id\":\"https:\\\/\\\/mznoticia.com.br\\\/piraidosul\\\/julio-kuller-cobra-regionalizacao-da-saude-apos-tragedia-na-br-373\\\/#primaryimage\"},\"thumbnailUrl\":\"https:\\\/\\\/mznoticia.com.br\\\/piraidosul\\\/wp-content\\\/uploads\\\/2026\\\/08\\\/100-6.jpg\",\"keywords\":[\"acidente na BR-373\",\"BR-373\",\"C\u00e2mara de Ponta Grossa\",\"campos gerais\",\"Imbituva\",\"Ipiranga\",\"Julio K\u00fcller\",\"not\u00edcias de Ponta\",\"parana\",\"Ponta Grossa\",\"regionaliza\u00e7\u00e3o da sa\u00fade\",\"sa\u00fade no Paran\u00e1\",\"Sa\u00fade P\u00fablica\",\"turismo da sa\u00fade\"],\"articleSection\":[\"Acidente\"],\"inLanguage\":\"pt-BR\",\"potentialAction\":[{\"@type\":\"CommentAction\",\"name\":\"Comment\",\"target\":[\"https:\\\/\\\/mznoticia.com.br\\\/piraidosul\\\/julio-kuller-cobra-regionalizacao-da-saude-apos-tragedia-na-br-373\\\/#respond\"]}]},{\"@type\":\"WebPage\",\"@id\":\"https:\\\/\\\/mznoticia.com.br\\\/piraidosul\\\/julio-kuller-cobra-regionalizacao-da-saude-apos-tragedia-na-br-373\\\/\",\"url\":\"https:\\\/\\\/mznoticia.com.br\\\/piraidosul\\\/julio-kuller-cobra-regionalizacao-da-saude-apos-tragedia-na-br-373\\\/\",\"name\":\"Julio K\u00fcller cobra regionaliza\u00e7\u00e3o da sa\u00fade ap\u00f3s trag\u00e9dia na BR-373 - Mz Not\u00edcias\",\"isPartOf\":{\"@id\":\"https:\\\/\\\/mznoticia.com.br\\\/piraidosul\\\/#website\"},\"primaryImageOfPage\":{\"@id\":\"https:\\\/\\\/mznoticia.com.br\\\/piraidosul\\\/julio-kuller-cobra-regionalizacao-da-saude-apos-tragedia-na-br-373\\\/#primaryimage\"},\"image\":{\"@id\":\"https:\\\/\\\/mznoticia.com.br\\\/piraidosul\\\/julio-kuller-cobra-regionalizacao-da-saude-apos-tragedia-na-br-373\\\/#primaryimage\"},\"thumbnailUrl\":\"https:\\\/\\\/mznoticia.com.br\\\/piraidosul\\\/wp-content\\\/uploads\\\/2026\\\/08\\\/100-6.jpg\",\"datePublished\":\"2026-08-20T17:12:59+00:00\",\"description\":\"Julio K\u00fcller defende a regionaliza\u00e7\u00e3o da sa\u00fade ap\u00f3s trag\u00e9dia na BR-373, em Ipiranga, que deixou 23 mortos e cinco feridos.\",\"breadcrumb\":{\"@id\":\"https:\\\/\\\/mznoticia.com.br\\\/piraidosul\\\/julio-kuller-cobra-regionalizacao-da-saude-apos-tragedia-na-br-373\\\/#breadcrumb\"},\"inLanguage\":\"pt-BR\",\"potentialAction\":[{\"@type\":\"ReadAction\",\"target\":[\"https:\\\/\\\/mznoticia.com.br\\\/piraidosul\\\/julio-kuller-cobra-regionalizacao-da-saude-apos-tragedia-na-br-373\\\/\"]}]},{\"@type\":\"ImageObject\",\"inLanguage\":\"pt-BR\",\"@id\":\"https:\\\/\\\/mznoticia.com.br\\\/piraidosul\\\/julio-kuller-cobra-regionalizacao-da-saude-apos-tragedia-na-br-373\\\/#primaryimage\",\"url\":\"https:\\\/\\\/mznoticia.com.br\\\/piraidosul\\\/wp-content\\\/uploads\\\/2026\\\/08\\\/100-6.jpg\",\"contentUrl\":\"https:\\\/\\\/mznoticia.com.br\\\/piraidosul\\\/wp-content\\\/uploads\\\/2026\\\/08\\\/100-6.jpg\",\"width\":448,\"height\":446},{\"@type\":\"BreadcrumbList\",\"@id\":\"https:\\\/\\\/mznoticia.com.br\\\/piraidosul\\\/julio-kuller-cobra-regionalizacao-da-saude-apos-tragedia-na-br-373\\\/#breadcrumb\",\"itemListElement\":[{\"@type\":\"ListItem\",\"position\":1,\"name\":\"Home\",\"item\":\"https:\\\/\\\/mznoticia.com.br\\\/piraidosul\\\/\"},{\"@type\":\"ListItem\",\"position\":2,\"name\":\"Julio K\u00fcller cobra regionaliza\u00e7\u00e3o da sa\u00fade ap\u00f3s trag\u00e9dia na BR-373\"}]},{\"@type\":\"WebSite\",\"@id\":\"https:\\\/\\\/mznoticia.com.br\\\/piraidosul\\\/#website\",\"url\":\"https:\\\/\\\/mznoticia.com.br\\\/piraidosul\\\/\",\"name\":\"Mz Not\u00edcia\",\"description\":\"A informa\u00e7\u00e3o que voc\u00ea precisa na hora certa!\",\"publisher\":{\"@id\":\"https:\\\/\\\/mznoticia.com.br\\\/piraidosul\\\/#organization\"},\"potentialAction\":[{\"@type\":\"SearchAction\",\"target\":{\"@type\":\"EntryPoint\",\"urlTemplate\":\"https:\\\/\\\/mznoticia.com.br\\\/piraidosul\\\/?s={search_term_string}\"},\"query-input\":{\"@type\":\"PropertyValueSpecification\",\"valueRequired\":true,\"valueName\":\"search_term_string\"}}],\"inLanguage\":\"pt-BR\"},{\"@type\":\"Organization\",\"@id\":\"https:\\\/\\\/mznoticia.com.br\\\/piraidosul\\\/#organization\",\"name\":\"Mz Not\u00edcia\",\"url\":\"https:\\\/\\\/mznoticia.com.br\\\/piraidosul\\\/\",\"logo\":{\"@type\":\"ImageObject\",\"inLanguage\":\"pt-BR\",\"@id\":\"https:\\\/\\\/mznoticia.com.br\\\/piraidosul\\\/#\\\/schema\\\/logo\\\/image\\\/\",\"url\":\"https:\\\/\\\/mznoticia.com.br\\\/jaguariaiva\\\/wp-content\\\/uploads\\\/2025\\\/03\\\/Design-sem-nome-4-e1741200616392.png\",\"contentUrl\":\"https:\\\/\\\/mznoticia.com.br\\\/jaguariaiva\\\/wp-content\\\/uploads\\\/2025\\\/03\\\/Design-sem-nome-4-e1741200616392.png\",\"width\":750,\"height\":563,\"caption\":\"Mz Not\u00edcia\"},\"image\":{\"@id\":\"https:\\\/\\\/mznoticia.com.br\\\/piraidosul\\\/#\\\/schema\\\/logo\\\/image\\\/\"},\"sameAs\":[\"https:\\\/\\\/www.facebook.com\\\/profile.php?id=61573479951222\",\"https:\\\/\\\/www.instagram.com\\\/mz.jaguariaiva\\\/\"]},{\"@type\":\"Person\",\"@id\":\"https:\\\/\\\/mznoticia.com.br\\\/piraidosul\\\/#\\\/schema\\\/person\\\/84012d827247b3f42f37b550da79cd03\",\"name\":\"Redacao mz\",\"image\":{\"@type\":\"ImageObject\",\"inLanguage\":\"pt-BR\",\"@id\":\"https:\\\/\\\/secure.gravatar.com\\\/avatar\\\/3835c58a73b55edb97de944593845d3f29acb93b7a088f3bf63afde947ab86ba?s=96&d=simple_local_avatar&r=g\",\"url\":\"https:\\\/\\\/secure.gravatar.com\\\/avatar\\\/3835c58a73b55edb97de944593845d3f29acb93b7a088f3bf63afde947ab86ba?s=96&d=simple_local_avatar&r=g\",\"contentUrl\":\"https:\\\/\\\/secure.gravatar.com\\\/avatar\\\/3835c58a73b55edb97de944593845d3f29acb93b7a088f3bf63afde947ab86ba?s=96&d=simple_local_avatar&r=g\",\"caption\":\"Redacao mz\"},\"sameAs\":[\"http:\\\/\\\/mznoticia.com.br\"],\"url\":\"https:\\\/\\\/mznoticia.com.br\\\/piraidosul\\\/author\\\/lucimara\\\/\"}]}<\/script>\n<!-- \/ Yoast SEO plugin. -->","yoast_head_json":{"title":"Julio K\u00fcller cobra regionaliza\u00e7\u00e3o da sa\u00fade ap\u00f3s trag\u00e9dia na BR-373 - Mz Not\u00edcias","description":"Julio K\u00fcller defende a regionaliza\u00e7\u00e3o da sa\u00fade ap\u00f3s trag\u00e9dia na BR-373, em Ipiranga, que deixou 23 mortos e cinco feridos.","robots":{"index":"index","follow":"follow","max-snippet":"max-snippet:-1","max-image-preview":"max-image-preview:large","max-video-preview":"max-video-preview:-1"},"canonical":"https:\/\/mznoticia.com.br\/piraidosul\/julio-kuller-cobra-regionalizacao-da-saude-apos-tragedia-na-br-373\/","og_locale":"pt_BR","og_type":"article","og_title":"Julio K\u00fcller cobra regionaliza\u00e7\u00e3o da sa\u00fade ap\u00f3s trag\u00e9dia na BR-373 - Mz Not\u00edcias","og_description":"Julio K\u00fcller defende a regionaliza\u00e7\u00e3o da sa\u00fade ap\u00f3s trag\u00e9dia na BR-373, em Ipiranga, que deixou 23 mortos e cinco feridos.","og_url":"https:\/\/mznoticia.com.br\/piraidosul\/julio-kuller-cobra-regionalizacao-da-saude-apos-tragedia-na-br-373\/","og_site_name":"Mz Not\u00edcias","article_publisher":"https:\/\/www.facebook.com\/profile.php?id=61573479951222","article_published_time":"2026-08-20T17:12:59+00:00","og_image":[{"width":448,"height":446,"url":"https:\/\/mznoticia.com.br\/piraidosul\/wp-content\/uploads\/2026\/08\/100-6.jpg","type":"image\/jpeg"}],"author":"Redacao mz","twitter_card":"summary_large_image","twitter_misc":{"Escrito por":"Redacao mz","Est. tempo de leitura":"3 minutos"},"schema":{"@context":"https:\/\/schema.org","@graph":[{"@type":"Article","@id":"https:\/\/mznoticia.com.br\/piraidosul\/julio-kuller-cobra-regionalizacao-da-saude-apos-tragedia-na-br-373\/#article","isPartOf":{"@id":"https:\/\/mznoticia.com.br\/piraidosul\/julio-kuller-cobra-regionalizacao-da-saude-apos-tragedia-na-br-373\/"},"author":{"name":"Redacao mz","@id":"https:\/\/mznoticia.com.br\/piraidosul\/#\/schema\/person\/84012d827247b3f42f37b550da79cd03"},"headline":"Julio K\u00fcller cobra regionaliza\u00e7\u00e3o da sa\u00fade ap\u00f3s trag\u00e9dia na BR-373","datePublished":"2026-08-20T17:12:59+00:00","mainEntityOfPage":{"@id":"https:\/\/mznoticia.com.br\/piraidosul\/julio-kuller-cobra-regionalizacao-da-saude-apos-tragedia-na-br-373\/"},"wordCount":408,"commentCount":0,"publisher":{"@id":"https:\/\/mznoticia.com.br\/piraidosul\/#organization"},"image":{"@id":"https:\/\/mznoticia.com.br\/piraidosul\/julio-kuller-cobra-regionalizacao-da-saude-apos-tragedia-na-br-373\/#primaryimage"},"thumbnailUrl":"https:\/\/mznoticia.com.br\/piraidosul\/wp-content\/uploads\/2026\/08\/100-6.jpg","keywords":["acidente na BR-373","BR-373","C\u00e2mara de Ponta Grossa","campos gerais","Imbituva","Ipiranga","Julio K\u00fcller","not\u00edcias de Ponta","parana","Ponta Grossa","regionaliza\u00e7\u00e3o da sa\u00fade","sa\u00fade no Paran\u00e1","Sa\u00fade P\u00fablica","turismo da sa\u00fade"],"articleSection":["Acidente"],"inLanguage":"pt-BR","potentialAction":[{"@type":"CommentAction","name":"Comment","target":["https:\/\/mznoticia.com.br\/piraidosul\/julio-kuller-cobra-regionalizacao-da-saude-apos-tragedia-na-br-373\/#respond"]}]},{"@type":"WebPage","@id":"https:\/\/mznoticia.com.br\/piraidosul\/julio-kuller-cobra-regionalizacao-da-saude-apos-tragedia-na-br-373\/","url":"https:\/\/mznoticia.com.br\/piraidosul\/julio-kuller-cobra-regionalizacao-da-saude-apos-tragedia-na-br-373\/","name":"Julio K\u00fcller cobra regionaliza\u00e7\u00e3o da sa\u00fade ap\u00f3s trag\u00e9dia na BR-373 - Mz Not\u00edcias","isPartOf":{"@id":"https:\/\/mznoticia.com.br\/piraidosul\/#website"},"primaryImageOfPage":{"@id":"https:\/\/mznoticia.com.br\/piraidosul\/julio-kuller-cobra-regionalizacao-da-saude-apos-tragedia-na-br-373\/#primaryimage"},"image":{"@id":"https:\/\/mznoticia.com.br\/piraidosul\/julio-kuller-cobra-regionalizacao-da-saude-apos-tragedia-na-br-373\/#primaryimage"},"thumbnailUrl":"https:\/\/mznoticia.com.br\/piraidosul\/wp-content\/uploads\/2026\/08\/100-6.jpg","datePublished":"2026-08-20T17:12:59+00:00","description":"Julio K\u00fcller defende a regionaliza\u00e7\u00e3o da sa\u00fade ap\u00f3s trag\u00e9dia na BR-373, em Ipiranga, que deixou 23 mortos e cinco feridos.","breadcrumb":{"@id":"https:\/\/mznoticia.com.br\/piraidosul\/julio-kuller-cobra-regionalizacao-da-saude-apos-tragedia-na-br-373\/#breadcrumb"},"inLanguage":"pt-BR","potentialAction":[{"@type":"ReadAction","target":["https:\/\/mznoticia.com.br\/piraidosul\/julio-kuller-cobra-regionalizacao-da-saude-apos-tragedia-na-br-373\/"]}]},{"@type":"ImageObject","inLanguage":"pt-BR","@id":"https:\/\/mznoticia.com.br\/piraidosul\/julio-kuller-cobra-regionalizacao-da-saude-apos-tragedia-na-br-373\/#primaryimage","url":"https:\/\/mznoticia.com.br\/piraidosul\/wp-content\/uploads\/2026\/08\/100-6.jpg","contentUrl":"https:\/\/mznoticia.com.br\/piraidosul\/wp-content\/uploads\/2026\/08\/100-6.jpg","width":448,"height":446},{"@type":"BreadcrumbList","@id":"https:\/\/mznoticia.com.br\/piraidosul\/julio-kuller-cobra-regionalizacao-da-saude-apos-tragedia-na-br-373\/#breadcrumb","itemListElement":[{"@type":"ListItem","position":1,"name":"Home","item":"https:\/\/mznoticia.com.br\/piraidosul\/"},{"@type":"ListItem","position":2,"name":"Julio K\u00fcller cobra regionaliza\u00e7\u00e3o da sa\u00fade ap\u00f3s trag\u00e9dia na BR-373"}]},{"@type":"WebSite","@id":"https:\/\/mznoticia.com.br\/piraidosul\/#website","url":"https:\/\/mznoticia.com.br\/piraidosul\/","name":"Mz Not\u00edcia","description":"A informa\u00e7\u00e3o que voc\u00ea precisa na hora certa!","publisher":{"@id":"https:\/\/mznoticia.com.br\/piraidosul\/#organization"},"potentialAction":[{"@type":"SearchAction","target":{"@type":"EntryPoint","urlTemplate":"https:\/\/mznoticia.com.br\/piraidosul\/?s={search_term_string}"},"query-input":{"@type":"PropertyValueSpecification","valueRequired":true,"valueName":"search_term_string"}}],"inLanguage":"pt-BR"},{"@type":"Organization","@id":"https:\/\/mznoticia.com.br\/piraidosul\/#organization","name":"Mz Not\u00edcia","url":"https:\/\/mznoticia.com.br\/piraidosul\/","logo":{"@type":"ImageObject","inLanguage":"pt-BR","@id":"https:\/\/mznoticia.com.br\/piraidosul\/#\/schema\/logo\/image\/","url":"https:\/\/mznoticia.com.br\/jaguariaiva\/wp-content\/uploads\/2025\/03\/Design-sem-nome-4-e1741200616392.png","contentUrl":"https:\/\/mznoticia.com.br\/jaguariaiva\/wp-content\/uploads\/2025\/03\/Design-sem-nome-4-e1741200616392.png","width":750,"height":563,"caption":"Mz Not\u00edcia"},"image":{"@id":"https:\/\/mznoticia.com.br\/piraidosul\/#\/schema\/logo\/image\/"},"sameAs":["https:\/\/www.facebook.com\/profile.php?id=61573479951222","https:\/\/www.instagram.com\/mz.jaguariaiva\/"]},{"@type":"Person","@id":"https:\/\/mznoticia.com.br\/piraidosul\/#\/schema\/person\/84012d827247b3f42f37b550da79cd03","name":"Redacao mz","image":{"@type":"ImageObject","inLanguage":"pt-BR","@id":"https:\/\/secure.gravatar.com\/avatar\/3835c58a73b55edb97de944593845d3f29acb93b7a088f3bf63afde947ab86ba?s=96&d=simple_local_avatar&r=g","url":"https:\/\/secure.gravatar.com\/avatar\/3835c58a73b55edb97de944593845d3f29acb93b7a088f3bf63afde947ab86ba?s=96&d=simple_local_avatar&r=g","contentUrl":"https:\/\/secure.gravatar.com\/avatar\/3835c58a73b55edb97de944593845d3f29acb93b7a088f3bf63afde947ab86ba?s=96&d=simple_local_avatar&r=g","caption":"Redacao mz"},"sameAs":["http:\/\/mznoticia.com.br"],"url":"https:\/\/mznoticia.com.br\/piraidosul\/author\/lucimara\/"}]}},"_links":{"self":[{"href":"https:\/\/mznoticia.com.br\/piraidosul\/wp-json\/wp\/v2\/posts\/7231","targetHints":{"allow":["GET"]}}],"collection":[{"href":"https:\/\/mznoticia.com.br\/piraidosul\/wp-json\/wp\/v2\/posts"}],"about":[{"href":"https:\/\/mznoticia.com.br\/piraidosul\/wp-json\/wp\/v2\/types\/post"}],"author":[{"embeddable":true,"href":"https:\/\/mznoticia.com.br\/piraidosul\/wp-json\/wp\/v2\/users\/16"}],"replies":[{"embeddable":true,"href":"https:\/\/mznoticia.com.br\/piraidosul\/wp-json\/wp\/v2\/comments?post=7231"}],"version-history":[{"count":1,"href":"https:\/\/mznoticia.com.br\/piraidosul\/wp-json\/wp\/v2\/posts\/7231\/revisions"}],"predecessor-version":[{"id":7233,"href":"https:\/\/mznoticia.com.br\/piraidosul\/wp-json\/wp\/v2\/posts\/7231\/revisions\/7233"}],"wp:featuredmedia":[{"embeddable":true,"href":"https:\/\/mznoticia.com.br\/piraidosul\/wp-json\/wp\/v2\/media\/7232"}],"wp:attachment":[{"href":"https:\/\/mznoticia.com.br\/piraidosul\/wp-json\/wp\/v2\/media?parent=7231"}],"wp:term":[{"taxonomy":"category","embeddable":true,"href":"https:\/\/mznoticia.com.br\/piraidosul\/wp-json\/wp\/v2\/categories?post=7231"},{"taxonomy":"post_tag","embeddable":true,"href":"https:\/\/mznoticia.com.br\/piraidosul\/wp-json\/wp\/v2\/tags?post=7231"}],"curies":[{"name":"wp","href":"https:\/\/api.w.org\/{rel}","templated":true}]}}