{"id":7251,"date":"2026-08-21T12:48:03","date_gmt":"2026-08-21T12:48:03","guid":{"rendered":"https:\/\/mznoticia.com.br\/piraidosul\/?p=7251"},"modified":"2026-08-21T12:48:03","modified_gmt":"2026-08-21T12:48:03","slug":"identificadas-as-tres-vitimas-de-carro-que-ficou-submerso-na-br-376","status":"publish","type":"post","link":"https:\/\/mznoticia.com.br\/piraidosul\/identificadas-as-tres-vitimas-de-carro-que-ficou-submerso-na-br-376\/","title":{"rendered":"Identificadas as tr\u00eas v\u00edtimas de carro que ficou submerso na BR-376"},"content":{"rendered":"<h2>Duas das v\u00edtimas eram estudantes da Universidade Estadual de Maring\u00e1; acidente aconteceu em Mandagua\u00e7u durante a madrugada<\/h2>\n<p class=\"isSelectedEnd\">As tr\u00eas mulheres que morreram ap\u00f3s o carro em que estavam sair da pista, capotar e cair em uma valeta cheia de \u00e1gua \u00e0s margens da BR-376, em Mandagua\u00e7u, na regi\u00e3o de Maring\u00e1, foram identificadas.<\/p>\n<p class=\"isSelectedEnd\">As v\u00edtimas s\u00e3o <strong>Maria Clara de Almeida, de 26 anos; Maria Eduarda da Silva Vanderlei, de 21 anos; e Larissa Viana<\/strong>.<\/p>\n<h3>Acidente aconteceu durante a madrugada<\/h3>\n<p class=\"isSelectedEnd\">O acidente aconteceu na madrugada desta quinta-feira (20), nas proximidades da Vila Guadiana, no sentido de Nova Esperan\u00e7a para Maring\u00e1.<\/p>\n<p class=\"isSelectedEnd\">Imagens de uma c\u00e2mera de seguran\u00e7a registraram o momento em que o ve\u00edculo saiu da pista e desapareceu da rodovia, por volta das 3h41.<\/p>\n<p class=\"isSelectedEnd\">Com o amanhecer, pessoas que passavam pelo local perceberam apenas as rodas do autom\u00f3vel, que estava praticamente submerso em uma grande valeta formada \u00e0s margens da rodovia, e acionaram as equipes de resgate.<\/p>\n<p class=\"isSelectedEnd\">As tr\u00eas mulheres foram encontradas j\u00e1 sem vida dentro do ve\u00edculo. O Corpo de Bombeiros realizou buscas na \u00e1rea para verificar a possibilidade de outras v\u00edtimas, mas confirmou que apenas as tr\u00eas ocupantes estavam no autom\u00f3vel.<\/p>\n<h3>Duas v\u00edtimas eram estudantes da UEM<\/h3>\n<p class=\"isSelectedEnd\">Entre as v\u00edtimas estavam duas estudantes da Universidade Estadual de Maring\u00e1 (UEM).<\/p>\n<p class=\"isSelectedEnd\"><strong>Maria Eduarda da Silva Vanderlei<\/strong>, de 21 anos, era estudante da gradua\u00e7\u00e3o em Biotecnologia. Natural de Quinta do Sol, ela cursava a universidade em Maring\u00e1.<\/p>\n<p class=\"isSelectedEnd\"><strong>Larissa Viana<\/strong> era aluna do Mestrado em Arquitetura e Urbanismo da UEM, onde desenvolvia sua p\u00f3s-gradua\u00e7\u00e3o.<\/p>\n<p class=\"isSelectedEnd\">J\u00e1 <strong>Maria Clara de Almeida<\/strong>, de 26 anos, era moradora de Maring\u00e1 e, conforme as informa\u00e7\u00f5es dispon\u00edveis, estudava em uma institui\u00e7\u00e3o privada da cidade.<\/p>\n<h3>Corpos estavam no IML<\/h3>\n<p class=\"isSelectedEnd\">At\u00e9 a publica\u00e7\u00e3o das informa\u00e7\u00f5es, os corpos das tr\u00eas jovens permaneciam no Instituto M\u00e9dico-Legal (IML) de Maring\u00e1, aguardando a libera\u00e7\u00e3o por parte dos familiares.<\/p>\n<p class=\"isSelectedEnd\">Ainda n\u00e3o haviam sido divulgadas informa\u00e7\u00f5es sobre os hor\u00e1rios e locais dos vel\u00f3rios e sepultamentos.<\/p>\n<h3>Acidente ser\u00e1 investigado<\/h3>\n<p class=\"isSelectedEnd\">O ve\u00edculo ficou praticamente encoberto pela \u00e1gua, com apenas duas rodas vis\u00edveis.<\/p>\n<p class=\"isSelectedEnd\">A valeta onde o carro foi encontrado \u00e9 resultado da eros\u00e3o do solo em uma caixa de conten\u00e7\u00e3o de \u00e1gua existente \u00e0s margens da BR-376. Com o avan\u00e7o da eros\u00e3o ao longo do tempo, o local passou a formar um grande ponto de represamento.<\/p>\n<p>As circunst\u00e2ncias que fizeram o autom\u00f3vel sair da pista e cair no local ainda ser\u00e3o investigadas pelas autoridades competentes.<\/p>\n","protected":false},"excerpt":{"rendered":"<p>Duas das v\u00edtimas eram estudantes da Universidade Estadual de Maring\u00e1; acidente aconteceu em Mandagua\u00e7u durante a madrugada As tr\u00eas mulheres que morreram ap\u00f3s o carro em que estavam sair da pista, capotar e cair em uma valeta cheia de \u00e1gua \u00e0s margens da BR-376, em Mandagua\u00e7u, na regi\u00e3o de Maring\u00e1, foram identificadas. As v\u00edtimas s\u00e3o [&hellip;]<\/p>\n","protected":false},"author":16,"featured_media":7252,"comment_status":"open","ping_status":"open","sticky":false,"template":"","format":"standard","meta":{"footnotes":""},"categories":[149],"tags":[31,1103,1387,47,1420,2479,2474,2477,2478,836,77,2475,2476,2180],"class_list":["post-7251","post","type-post","status-publish","format-standard","has-post-thumbnail","hentry","category-acidente","tag-acidente","tag-acidente-de-transito","tag-br-376","tag-destaque","tag-iml","tag-larissa-viana","tag-mandaguacu","tag-maria-clara-de-almeida","tag-maria-eduarda-da-silva-vanderlei","tag-maringa","tag-parana","tag-uem","tag-universidade-estadual-de-maringa","tag-vitimas"],"yoast_head":"<!-- This site is optimized with the Yoast SEO plugin v28.1 - https:\/\/yoast.com\/product\/yoast-seo-wordpress\/ -->\n<title>Identificadas as tr\u00eas v\u00edtimas de carro que ficou submerso na BR-376 - Mz Not\u00edcias<\/title>\n<meta name=\"description\" content=\"Tr\u00eas mulheres morreram ap\u00f3s o carro em que estavam sair da pista e cair em uma valeta com \u00e1gua na BR-376, em Mandagua\u00e7u. Duas eram estudantes da UEM.\" \/>\n<meta name=\"robots\" content=\"index, follow, max-snippet:-1, max-image-preview:large, max-video-preview:-1\" \/>\n<link rel=\"canonical\" href=\"https:\/\/mznoticia.com.br\/piraidosul\/identificadas-as-tres-vitimas-de-carro-que-ficou-submerso-na-br-376\/\" \/>\n<meta property=\"og:locale\" content=\"pt_BR\" \/>\n<meta property=\"og:type\" content=\"article\" \/>\n<meta property=\"og:title\" content=\"Identificadas as tr\u00eas v\u00edtimas de carro que ficou submerso na BR-376 - Mz Not\u00edcias\" \/>\n<meta property=\"og:description\" content=\"Tr\u00eas mulheres morreram ap\u00f3s o carro em que estavam sair da pista e cair em uma valeta com \u00e1gua na BR-376, em Mandagua\u00e7u. Duas eram estudantes da UEM.\" \/>\n<meta property=\"og:url\" content=\"https:\/\/mznoticia.com.br\/piraidosul\/identificadas-as-tres-vitimas-de-carro-que-ficou-submerso-na-br-376\/\" \/>\n<meta property=\"og:site_name\" content=\"Mz Not\u00edcias\" \/>\n<meta property=\"article:publisher\" content=\"https:\/\/www.facebook.com\/profile.php?id=61573479951222\" \/>\n<meta property=\"article:published_time\" content=\"2026-08-21T12:48:03+00:00\" \/>\n<meta property=\"og:image\" content=\"https:\/\/mznoticia.com.br\/piraidosul\/wp-content\/uploads\/2026\/08\/10.jpg.webp\" \/>\n\t<meta property=\"og:image:width\" content=\"900\" \/>\n\t<meta property=\"og:image:height\" content=\"505\" \/>\n\t<meta property=\"og:image:type\" content=\"image\/webp\" \/>\n<meta name=\"author\" content=\"Redacao mz\" \/>\n<meta name=\"twitter:card\" content=\"summary_large_image\" \/>\n<meta name=\"twitter:label1\" content=\"Escrito por\" \/>\n\t<meta name=\"twitter:data1\" content=\"Redacao mz\" \/>\n\t<meta name=\"twitter:label2\" content=\"Est. tempo de leitura\" \/>\n\t<meta name=\"twitter:data2\" content=\"3 minutos\" \/>\n<script type=\"application\/ld+json\" class=\"yoast-schema-graph\">{\"@context\":\"https:\\\/\\\/schema.org\",\"@graph\":[{\"@type\":\"Article\",\"@id\":\"https:\\\/\\\/mznoticia.com.br\\\/piraidosul\\\/identificadas-as-tres-vitimas-de-carro-que-ficou-submerso-na-br-376\\\/#article\",\"isPartOf\":{\"@id\":\"https:\\\/\\\/mznoticia.com.br\\\/piraidosul\\\/identificadas-as-tres-vitimas-de-carro-que-ficou-submerso-na-br-376\\\/\"},\"author\":{\"name\":\"Redacao mz\",\"@id\":\"https:\\\/\\\/mznoticia.com.br\\\/piraidosul\\\/#\\\/schema\\\/person\\\/84012d827247b3f42f37b550da79cd03\"},\"headline\":\"Identificadas as tr\u00eas v\u00edtimas de carro que ficou submerso na BR-376\",\"datePublished\":\"2026-08-21T12:48:03+00:00\",\"mainEntityOfPage\":{\"@id\":\"https:\\\/\\\/mznoticia.com.br\\\/piraidosul\\\/identificadas-as-tres-vitimas-de-carro-que-ficou-submerso-na-br-376\\\/\"},\"wordCount\":446,\"commentCount\":0,\"publisher\":{\"@id\":\"https:\\\/\\\/mznoticia.com.br\\\/piraidosul\\\/#organization\"},\"image\":{\"@id\":\"https:\\\/\\\/mznoticia.com.br\\\/piraidosul\\\/identificadas-as-tres-vitimas-de-carro-que-ficou-submerso-na-br-376\\\/#primaryimage\"},\"thumbnailUrl\":\"https:\\\/\\\/mznoticia.com.br\\\/piraidosul\\\/wp-content\\\/uploads\\\/2026\\\/08\\\/10.jpg.webp\",\"keywords\":[\"acidente\",\"Acidente de Tr\u00e2nsito\",\"BR-376\",\"destaque\",\"IML\",\"Larissa Viana\",\"Mandagua\u00e7u\",\"Maria Clara de Almeida\",\"Maria Eduarda da Silva Vanderlei\",\"Maring\u00e1\",\"parana\",\"UEM\",\"Universidade Estadual de Maring\u00e1\",\"v\u00edtimas\"],\"articleSection\":[\"Acidente\"],\"inLanguage\":\"pt-BR\",\"potentialAction\":[{\"@type\":\"CommentAction\",\"name\":\"Comment\",\"target\":[\"https:\\\/\\\/mznoticia.com.br\\\/piraidosul\\\/identificadas-as-tres-vitimas-de-carro-que-ficou-submerso-na-br-376\\\/#respond\"]}]},{\"@type\":\"WebPage\",\"@id\":\"https:\\\/\\\/mznoticia.com.br\\\/piraidosul\\\/identificadas-as-tres-vitimas-de-carro-que-ficou-submerso-na-br-376\\\/\",\"url\":\"https:\\\/\\\/mznoticia.com.br\\\/piraidosul\\\/identificadas-as-tres-vitimas-de-carro-que-ficou-submerso-na-br-376\\\/\",\"name\":\"Identificadas as tr\u00eas v\u00edtimas de carro que ficou submerso na BR-376 - Mz Not\u00edcias\",\"isPartOf\":{\"@id\":\"https:\\\/\\\/mznoticia.com.br\\\/piraidosul\\\/#website\"},\"primaryImageOfPage\":{\"@id\":\"https:\\\/\\\/mznoticia.com.br\\\/piraidosul\\\/identificadas-as-tres-vitimas-de-carro-que-ficou-submerso-na-br-376\\\/#primaryimage\"},\"image\":{\"@id\":\"https:\\\/\\\/mznoticia.com.br\\\/piraidosul\\\/identificadas-as-tres-vitimas-de-carro-que-ficou-submerso-na-br-376\\\/#primaryimage\"},\"thumbnailUrl\":\"https:\\\/\\\/mznoticia.com.br\\\/piraidosul\\\/wp-content\\\/uploads\\\/2026\\\/08\\\/10.jpg.webp\",\"datePublished\":\"2026-08-21T12:48:03+00:00\",\"description\":\"Tr\u00eas mulheres morreram ap\u00f3s o carro em que estavam sair da pista e cair em uma valeta com \u00e1gua na BR-376, em Mandagua\u00e7u. Duas eram estudantes da UEM.\",\"breadcrumb\":{\"@id\":\"https:\\\/\\\/mznoticia.com.br\\\/piraidosul\\\/identificadas-as-tres-vitimas-de-carro-que-ficou-submerso-na-br-376\\\/#breadcrumb\"},\"inLanguage\":\"pt-BR\",\"potentialAction\":[{\"@type\":\"ReadAction\",\"target\":[\"https:\\\/\\\/mznoticia.com.br\\\/piraidosul\\\/identificadas-as-tres-vitimas-de-carro-que-ficou-submerso-na-br-376\\\/\"]}]},{\"@type\":\"ImageObject\",\"inLanguage\":\"pt-BR\",\"@id\":\"https:\\\/\\\/mznoticia.com.br\\\/piraidosul\\\/identificadas-as-tres-vitimas-de-carro-que-ficou-submerso-na-br-376\\\/#primaryimage\",\"url\":\"https:\\\/\\\/mznoticia.com.br\\\/piraidosul\\\/wp-content\\\/uploads\\\/2026\\\/08\\\/10.jpg.webp\",\"contentUrl\":\"https:\\\/\\\/mznoticia.com.br\\\/piraidosul\\\/wp-content\\\/uploads\\\/2026\\\/08\\\/10.jpg.webp\",\"width\":900,\"height\":505},{\"@type\":\"BreadcrumbList\",\"@id\":\"https:\\\/\\\/mznoticia.com.br\\\/piraidosul\\\/identificadas-as-tres-vitimas-de-carro-que-ficou-submerso-na-br-376\\\/#breadcrumb\",\"itemListElement\":[{\"@type\":\"ListItem\",\"position\":1,\"name\":\"Home\",\"item\":\"https:\\\/\\\/mznoticia.com.br\\\/piraidosul\\\/\"},{\"@type\":\"ListItem\",\"position\":2,\"name\":\"Identificadas as tr\u00eas v\u00edtimas de carro que ficou submerso na BR-376\"}]},{\"@type\":\"WebSite\",\"@id\":\"https:\\\/\\\/mznoticia.com.br\\\/piraidosul\\\/#website\",\"url\":\"https:\\\/\\\/mznoticia.com.br\\\/piraidosul\\\/\",\"name\":\"Mz Not\u00edcia\",\"description\":\"A informa\u00e7\u00e3o que voc\u00ea precisa na hora certa!\",\"publisher\":{\"@id\":\"https:\\\/\\\/mznoticia.com.br\\\/piraidosul\\\/#organization\"},\"potentialAction\":[{\"@type\":\"SearchAction\",\"target\":{\"@type\":\"EntryPoint\",\"urlTemplate\":\"https:\\\/\\\/mznoticia.com.br\\\/piraidosul\\\/?s={search_term_string}\"},\"query-input\":{\"@type\":\"PropertyValueSpecification\",\"valueRequired\":true,\"valueName\":\"search_term_string\"}}],\"inLanguage\":\"pt-BR\"},{\"@type\":\"Organization\",\"@id\":\"https:\\\/\\\/mznoticia.com.br\\\/piraidosul\\\/#organization\",\"name\":\"Mz Not\u00edcia\",\"url\":\"https:\\\/\\\/mznoticia.com.br\\\/piraidosul\\\/\",\"logo\":{\"@type\":\"ImageObject\",\"inLanguage\":\"pt-BR\",\"@id\":\"https:\\\/\\\/mznoticia.com.br\\\/piraidosul\\\/#\\\/schema\\\/logo\\\/image\\\/\",\"url\":\"https:\\\/\\\/mznoticia.com.br\\\/jaguariaiva\\\/wp-content\\\/uploads\\\/2025\\\/03\\\/Design-sem-nome-4-e1741200616392.png\",\"contentUrl\":\"https:\\\/\\\/mznoticia.com.br\\\/jaguariaiva\\\/wp-content\\\/uploads\\\/2025\\\/03\\\/Design-sem-nome-4-e1741200616392.png\",\"width\":750,\"height\":563,\"caption\":\"Mz Not\u00edcia\"},\"image\":{\"@id\":\"https:\\\/\\\/mznoticia.com.br\\\/piraidosul\\\/#\\\/schema\\\/logo\\\/image\\\/\"},\"sameAs\":[\"https:\\\/\\\/www.facebook.com\\\/profile.php?id=61573479951222\",\"https:\\\/\\\/www.instagram.com\\\/mz.jaguariaiva\\\/\"]},{\"@type\":\"Person\",\"@id\":\"https:\\\/\\\/mznoticia.com.br\\\/piraidosul\\\/#\\\/schema\\\/person\\\/84012d827247b3f42f37b550da79cd03\",\"name\":\"Redacao mz\",\"image\":{\"@type\":\"ImageObject\",\"inLanguage\":\"pt-BR\",\"@id\":\"https:\\\/\\\/secure.gravatar.com\\\/avatar\\\/3835c58a73b55edb97de944593845d3f29acb93b7a088f3bf63afde947ab86ba?s=96&d=simple_local_avatar&r=g\",\"url\":\"https:\\\/\\\/secure.gravatar.com\\\/avatar\\\/3835c58a73b55edb97de944593845d3f29acb93b7a088f3bf63afde947ab86ba?s=96&d=simple_local_avatar&r=g\",\"contentUrl\":\"https:\\\/\\\/secure.gravatar.com\\\/avatar\\\/3835c58a73b55edb97de944593845d3f29acb93b7a088f3bf63afde947ab86ba?s=96&d=simple_local_avatar&r=g\",\"caption\":\"Redacao mz\"},\"sameAs\":[\"http:\\\/\\\/mznoticia.com.br\"],\"url\":\"https:\\\/\\\/mznoticia.com.br\\\/piraidosul\\\/author\\\/lucimara\\\/\"}]}<\/script>\n<!-- \/ Yoast SEO plugin. -->","yoast_head_json":{"title":"Identificadas as tr\u00eas v\u00edtimas de carro que ficou submerso na BR-376 - Mz Not\u00edcias","description":"Tr\u00eas mulheres morreram ap\u00f3s o carro em que estavam sair da pista e cair em uma valeta com \u00e1gua na BR-376, em Mandagua\u00e7u. Duas eram estudantes da UEM.","robots":{"index":"index","follow":"follow","max-snippet":"max-snippet:-1","max-image-preview":"max-image-preview:large","max-video-preview":"max-video-preview:-1"},"canonical":"https:\/\/mznoticia.com.br\/piraidosul\/identificadas-as-tres-vitimas-de-carro-que-ficou-submerso-na-br-376\/","og_locale":"pt_BR","og_type":"article","og_title":"Identificadas as tr\u00eas v\u00edtimas de carro que ficou submerso na BR-376 - Mz Not\u00edcias","og_description":"Tr\u00eas mulheres morreram ap\u00f3s o carro em que estavam sair da pista e cair em uma valeta com \u00e1gua na BR-376, em Mandagua\u00e7u. Duas eram estudantes da UEM.","og_url":"https:\/\/mznoticia.com.br\/piraidosul\/identificadas-as-tres-vitimas-de-carro-que-ficou-submerso-na-br-376\/","og_site_name":"Mz Not\u00edcias","article_publisher":"https:\/\/www.facebook.com\/profile.php?id=61573479951222","article_published_time":"2026-08-21T12:48:03+00:00","og_image":[{"width":900,"height":505,"url":"https:\/\/mznoticia.com.br\/piraidosul\/wp-content\/uploads\/2026\/08\/10.jpg.webp","type":"image\/webp"}],"author":"Redacao mz","twitter_card":"summary_large_image","twitter_misc":{"Escrito por":"Redacao mz","Est. tempo de leitura":"3 minutos"},"schema":{"@context":"https:\/\/schema.org","@graph":[{"@type":"Article","@id":"https:\/\/mznoticia.com.br\/piraidosul\/identificadas-as-tres-vitimas-de-carro-que-ficou-submerso-na-br-376\/#article","isPartOf":{"@id":"https:\/\/mznoticia.com.br\/piraidosul\/identificadas-as-tres-vitimas-de-carro-que-ficou-submerso-na-br-376\/"},"author":{"name":"Redacao mz","@id":"https:\/\/mznoticia.com.br\/piraidosul\/#\/schema\/person\/84012d827247b3f42f37b550da79cd03"},"headline":"Identificadas as tr\u00eas v\u00edtimas de carro que ficou submerso na BR-376","datePublished":"2026-08-21T12:48:03+00:00","mainEntityOfPage":{"@id":"https:\/\/mznoticia.com.br\/piraidosul\/identificadas-as-tres-vitimas-de-carro-que-ficou-submerso-na-br-376\/"},"wordCount":446,"commentCount":0,"publisher":{"@id":"https:\/\/mznoticia.com.br\/piraidosul\/#organization"},"image":{"@id":"https:\/\/mznoticia.com.br\/piraidosul\/identificadas-as-tres-vitimas-de-carro-que-ficou-submerso-na-br-376\/#primaryimage"},"thumbnailUrl":"https:\/\/mznoticia.com.br\/piraidosul\/wp-content\/uploads\/2026\/08\/10.jpg.webp","keywords":["acidente","Acidente de Tr\u00e2nsito","BR-376","destaque","IML","Larissa Viana","Mandagua\u00e7u","Maria Clara de Almeida","Maria Eduarda da Silva Vanderlei","Maring\u00e1","parana","UEM","Universidade Estadual de Maring\u00e1","v\u00edtimas"],"articleSection":["Acidente"],"inLanguage":"pt-BR","potentialAction":[{"@type":"CommentAction","name":"Comment","target":["https:\/\/mznoticia.com.br\/piraidosul\/identificadas-as-tres-vitimas-de-carro-que-ficou-submerso-na-br-376\/#respond"]}]},{"@type":"WebPage","@id":"https:\/\/mznoticia.com.br\/piraidosul\/identificadas-as-tres-vitimas-de-carro-que-ficou-submerso-na-br-376\/","url":"https:\/\/mznoticia.com.br\/piraidosul\/identificadas-as-tres-vitimas-de-carro-que-ficou-submerso-na-br-376\/","name":"Identificadas as tr\u00eas v\u00edtimas de carro que ficou submerso na BR-376 - Mz Not\u00edcias","isPartOf":{"@id":"https:\/\/mznoticia.com.br\/piraidosul\/#website"},"primaryImageOfPage":{"@id":"https:\/\/mznoticia.com.br\/piraidosul\/identificadas-as-tres-vitimas-de-carro-que-ficou-submerso-na-br-376\/#primaryimage"},"image":{"@id":"https:\/\/mznoticia.com.br\/piraidosul\/identificadas-as-tres-vitimas-de-carro-que-ficou-submerso-na-br-376\/#primaryimage"},"thumbnailUrl":"https:\/\/mznoticia.com.br\/piraidosul\/wp-content\/uploads\/2026\/08\/10.jpg.webp","datePublished":"2026-08-21T12:48:03+00:00","description":"Tr\u00eas mulheres morreram ap\u00f3s o carro em que estavam sair da pista e cair em uma valeta com \u00e1gua na BR-376, em Mandagua\u00e7u. Duas eram estudantes da UEM.","breadcrumb":{"@id":"https:\/\/mznoticia.com.br\/piraidosul\/identificadas-as-tres-vitimas-de-carro-que-ficou-submerso-na-br-376\/#breadcrumb"},"inLanguage":"pt-BR","potentialAction":[{"@type":"ReadAction","target":["https:\/\/mznoticia.com.br\/piraidosul\/identificadas-as-tres-vitimas-de-carro-que-ficou-submerso-na-br-376\/"]}]},{"@type":"ImageObject","inLanguage":"pt-BR","@id":"https:\/\/mznoticia.com.br\/piraidosul\/identificadas-as-tres-vitimas-de-carro-que-ficou-submerso-na-br-376\/#primaryimage","url":"https:\/\/mznoticia.com.br\/piraidosul\/wp-content\/uploads\/2026\/08\/10.jpg.webp","contentUrl":"https:\/\/mznoticia.com.br\/piraidosul\/wp-content\/uploads\/2026\/08\/10.jpg.webp","width":900,"height":505},{"@type":"BreadcrumbList","@id":"https:\/\/mznoticia.com.br\/piraidosul\/identificadas-as-tres-vitimas-de-carro-que-ficou-submerso-na-br-376\/#breadcrumb","itemListElement":[{"@type":"ListItem","position":1,"name":"Home","item":"https:\/\/mznoticia.com.br\/piraidosul\/"},{"@type":"ListItem","position":2,"name":"Identificadas as tr\u00eas v\u00edtimas de carro que ficou submerso na BR-376"}]},{"@type":"WebSite","@id":"https:\/\/mznoticia.com.br\/piraidosul\/#website","url":"https:\/\/mznoticia.com.br\/piraidosul\/","name":"Mz Not\u00edcia","description":"A informa\u00e7\u00e3o que voc\u00ea precisa na hora certa!","publisher":{"@id":"https:\/\/mznoticia.com.br\/piraidosul\/#organization"},"potentialAction":[{"@type":"SearchAction","target":{"@type":"EntryPoint","urlTemplate":"https:\/\/mznoticia.com.br\/piraidosul\/?s={search_term_string}"},"query-input":{"@type":"PropertyValueSpecification","valueRequired":true,"valueName":"search_term_string"}}],"inLanguage":"pt-BR"},{"@type":"Organization","@id":"https:\/\/mznoticia.com.br\/piraidosul\/#organization","name":"Mz Not\u00edcia","url":"https:\/\/mznoticia.com.br\/piraidosul\/","logo":{"@type":"ImageObject","inLanguage":"pt-BR","@id":"https:\/\/mznoticia.com.br\/piraidosul\/#\/schema\/logo\/image\/","url":"https:\/\/mznoticia.com.br\/jaguariaiva\/wp-content\/uploads\/2025\/03\/Design-sem-nome-4-e1741200616392.png","contentUrl":"https:\/\/mznoticia.com.br\/jaguariaiva\/wp-content\/uploads\/2025\/03\/Design-sem-nome-4-e1741200616392.png","width":750,"height":563,"caption":"Mz Not\u00edcia"},"image":{"@id":"https:\/\/mznoticia.com.br\/piraidosul\/#\/schema\/logo\/image\/"},"sameAs":["https:\/\/www.facebook.com\/profile.php?id=61573479951222","https:\/\/www.instagram.com\/mz.jaguariaiva\/"]},{"@type":"Person","@id":"https:\/\/mznoticia.com.br\/piraidosul\/#\/schema\/person\/84012d827247b3f42f37b550da79cd03","name":"Redacao mz","image":{"@type":"ImageObject","inLanguage":"pt-BR","@id":"https:\/\/secure.gravatar.com\/avatar\/3835c58a73b55edb97de944593845d3f29acb93b7a088f3bf63afde947ab86ba?s=96&d=simple_local_avatar&r=g","url":"https:\/\/secure.gravatar.com\/avatar\/3835c58a73b55edb97de944593845d3f29acb93b7a088f3bf63afde947ab86ba?s=96&d=simple_local_avatar&r=g","contentUrl":"https:\/\/secure.gravatar.com\/avatar\/3835c58a73b55edb97de944593845d3f29acb93b7a088f3bf63afde947ab86ba?s=96&d=simple_local_avatar&r=g","caption":"Redacao mz"},"sameAs":["http:\/\/mznoticia.com.br"],"url":"https:\/\/mznoticia.com.br\/piraidosul\/author\/lucimara\/"}]}},"_links":{"self":[{"href":"https:\/\/mznoticia.com.br\/piraidosul\/wp-json\/wp\/v2\/posts\/7251","targetHints":{"allow":["GET"]}}],"collection":[{"href":"https:\/\/mznoticia.com.br\/piraidosul\/wp-json\/wp\/v2\/posts"}],"about":[{"href":"https:\/\/mznoticia.com.br\/piraidosul\/wp-json\/wp\/v2\/types\/post"}],"author":[{"embeddable":true,"href":"https:\/\/mznoticia.com.br\/piraidosul\/wp-json\/wp\/v2\/users\/16"}],"replies":[{"embeddable":true,"href":"https:\/\/mznoticia.com.br\/piraidosul\/wp-json\/wp\/v2\/comments?post=7251"}],"version-history":[{"count":1,"href":"https:\/\/mznoticia.com.br\/piraidosul\/wp-json\/wp\/v2\/posts\/7251\/revisions"}],"predecessor-version":[{"id":7253,"href":"https:\/\/mznoticia.com.br\/piraidosul\/wp-json\/wp\/v2\/posts\/7251\/revisions\/7253"}],"wp:featuredmedia":[{"embeddable":true,"href":"https:\/\/mznoticia.com.br\/piraidosul\/wp-json\/wp\/v2\/media\/7252"}],"wp:attachment":[{"href":"https:\/\/mznoticia.com.br\/piraidosul\/wp-json\/wp\/v2\/media?parent=7251"}],"wp:term":[{"taxonomy":"category","embeddable":true,"href":"https:\/\/mznoticia.com.br\/piraidosul\/wp-json\/wp\/v2\/categories?post=7251"},{"taxonomy":"post_tag","embeddable":true,"href":"https:\/\/mznoticia.com.br\/piraidosul\/wp-json\/wp\/v2\/tags?post=7251"}],"curies":[{"name":"wp","href":"https:\/\/api.w.org\/{rel}","templated":true}]}}