{"id":7254,"date":"2026-08-21T13:11:29","date_gmt":"2026-08-21T13:11:29","guid":{"rendered":"https:\/\/mznoticia.com.br\/piraidosul\/?p=7254"},"modified":"2026-08-21T13:11:29","modified_gmt":"2026-08-21T13:11:29","slug":"pai-e-dois-filhos-morrem-carbonizados-em-acidente-na-sc-305","status":"publish","type":"post","link":"https:\/\/mznoticia.com.br\/piraidosul\/pai-e-dois-filhos-morrem-carbonizados-em-acidente-na-sc-305\/","title":{"rendered":"Pai e dois filhos morrem carbonizados em acidente na SC-305"},"content":{"rendered":"<h2>Colis\u00e3o frontal entre carro e caminh\u00e3o deixou quatro mortos em S\u00e3o Louren\u00e7o do Oeste, em Santa Catarina<\/h2>\n<p class=\"isSelectedEnd\">Um acidente envolvendo um carro e um caminh\u00e3o deixou quatro pessoas mortas na noite desta quarta-feira (19), na SC-305, em S\u00e3o Louren\u00e7o do Oeste, no interior de Santa Catarina.<\/p>\n<p class=\"isSelectedEnd\">Entre as v\u00edtimas est\u00e3o um pai e os dois filhos, que estavam a caminho de um treinamento em uma escola de futsal.<\/p>\n<h3>Pai e filhos estavam no carro<\/h3>\n<p class=\"isSelectedEnd\">O pai, <strong>Airton Schoeninger, de 39 anos<\/strong>, conduzia o ve\u00edculo onde estavam os dois filhos, de 8 e 12 anos.<\/p>\n<p class=\"isSelectedEnd\">O carro seguia pela rodovia quando colidiu frontalmente com um caminh\u00e3o que fazia o trajeto no sentido de S\u00e3o Louren\u00e7o do Oeste para Campo Er\u00ea.<\/p>\n<p class=\"isSelectedEnd\">O motorista do caminh\u00e3o tamb\u00e9m morreu no acidente.<\/p>\n<h3>Poss\u00edvel falha mec\u00e2nica \u00e9 investigada<\/h3>\n<p class=\"isSelectedEnd\">Uma primeira an\u00e1lise realizada pela Pol\u00edcia Militar aponta que uma prov\u00e1vel falha mec\u00e2nica no caminh\u00e3o pode ter provocado a colis\u00e3o.<\/p>\n<p class=\"isSelectedEnd\">Segundo a avalia\u00e7\u00e3o inicial, o caminh\u00e3o possivelmente n\u00e3o conseguiu contornar uma curva existente no trecho e acabou atingindo frontalmente o carro que seguia no sentido contr\u00e1rio.<\/p>\n<p class=\"isSelectedEnd\">Na sequ\u00eancia, o caminh\u00e3o teria capotado sobre o autom\u00f3vel e atingido postes de energia de alta tens\u00e3o, provocando um inc\u00eandio.<\/p>\n<p class=\"isSelectedEnd\">Os tr\u00eas ocupantes do carro morreram carbonizados.<\/p>\n<h3>Carga de \u00f3leo vegetal foi derramada<\/h3>\n<p class=\"isSelectedEnd\">Segundo respons\u00e1veis pela empresa propriet\u00e1ria do caminh\u00e3o, o ve\u00edculo transportava uma carga de \u00f3leo vegetal destinada a transformadores.<\/p>\n<p class=\"isSelectedEnd\">Com o acidente, o produto acabou sendo derramado sobre a pista.<\/p>\n<h3>Pol\u00edcia Civil investiga as circunst\u00e2ncias<\/h3>\n<p class=\"isSelectedEnd\">A Pol\u00edcia Civil instaurou um inqu\u00e9rito por meio da Delegacia de Pol\u00edcia da Comarca de S\u00e3o Louren\u00e7o do Oeste.<\/p>\n<p class=\"isSelectedEnd\">A investiga\u00e7\u00e3o dever\u00e1 apurar as circunst\u00e2ncias do acidente, esclarecer a din\u00e2mica da colis\u00e3o e verificar as causas que levaram o caminh\u00e3o a atingir o ve\u00edculo onde estavam as tr\u00eas v\u00edtimas.<\/p>\n<h3>Escola de futsal lamenta morte dos irm\u00e3os<\/h3>\n<p class=\"isSelectedEnd\">A escola Futsal S\u00e3o Louren\u00e7o\/G2 Academy divulgou uma nota de pesar ap\u00f3s a trag\u00e9dia.<\/p>\n<p class=\"isSelectedEnd\">Segundo a institui\u00e7\u00e3o, um dos irm\u00e3os j\u00e1 participava de competi\u00e7\u00f5es, enquanto o outro se preparava para disputar sua primeira competi\u00e7\u00e3o pela escola no pr\u00f3ximo final de semana.<\/p>\n<p class=\"isSelectedEnd\">Os dois meninos teriam se deslocado para o treinamento no momento em que ocorreu o acidente.<\/p>\n<p>A escola lamentou profundamente a perda e manifestou solidariedade aos familiares e amigos das v\u00edtimas.<\/p>\n","protected":false},"excerpt":{"rendered":"<p>Colis\u00e3o frontal entre carro e caminh\u00e3o deixou quatro mortos em S\u00e3o Louren\u00e7o do Oeste, em Santa Catarina Um acidente envolvendo um carro e um caminh\u00e3o deixou quatro pessoas mortas na noite desta quarta-feira (19), na SC-305, em S\u00e3o Louren\u00e7o do Oeste, no interior de Santa Catarina. Entre as v\u00edtimas est\u00e3o um pai e os dois [&hellip;]<\/p>\n","protected":false},"author":16,"featured_media":7255,"comment_status":"open","ping_status":"open","sticky":false,"template":"","format":"standard","meta":{"footnotes":""},"categories":[149],"tags":[31,175,1654,2483,1642,2482,205,140,550,2481,2480,568],"class_list":["post-7254","post","type-post","status-publish","format-standard","has-post-thumbnail","hentry","category-acidente","tag-acidente","tag-caminhao","tag-colisao-frontal","tag-futsal","tag-mortes","tag-pai-e-filhos","tag-policia-civil","tag-policia-militar","tag-santa-catarina","tag-sao-lourenco-do-oeste","tag-sc-305","tag-transito"],"yoast_head":"<!-- This site is optimized with the Yoast SEO plugin v28.1 - https:\/\/yoast.com\/product\/yoast-seo-wordpress\/ -->\n<title>Pai e dois filhos morrem carbonizados em acidente na SC-305 - Mz Not\u00edcias<\/title>\n<meta name=\"description\" content=\"Acidente entre carro e caminh\u00e3o deixou quatro mortos na SC-305, em S\u00e3o Louren\u00e7o do Oeste. Pai e dois filhos seguiam para treino de futsal.\" \/>\n<meta name=\"robots\" content=\"index, follow, max-snippet:-1, max-image-preview:large, max-video-preview:-1\" \/>\n<link rel=\"canonical\" href=\"https:\/\/mznoticia.com.br\/piraidosul\/pai-e-dois-filhos-morrem-carbonizados-em-acidente-na-sc-305\/\" \/>\n<meta property=\"og:locale\" content=\"pt_BR\" \/>\n<meta property=\"og:type\" content=\"article\" \/>\n<meta property=\"og:title\" content=\"Pai e dois filhos morrem carbonizados em acidente na SC-305 - Mz Not\u00edcias\" \/>\n<meta property=\"og:description\" content=\"Acidente entre carro e caminh\u00e3o deixou quatro mortos na SC-305, em S\u00e3o Louren\u00e7o do Oeste. Pai e dois filhos seguiam para treino de futsal.\" \/>\n<meta property=\"og:url\" content=\"https:\/\/mznoticia.com.br\/piraidosul\/pai-e-dois-filhos-morrem-carbonizados-em-acidente-na-sc-305\/\" \/>\n<meta property=\"og:site_name\" content=\"Mz Not\u00edcias\" \/>\n<meta property=\"article:publisher\" content=\"https:\/\/www.facebook.com\/profile.php?id=61573479951222\" \/>\n<meta property=\"article:published_time\" content=\"2026-08-21T13:11:29+00:00\" \/>\n<meta property=\"og:image\" content=\"https:\/\/mznoticia.com.br\/piraidosul\/wp-content\/uploads\/2026\/08\/10.jpg-1.webp\" \/>\n\t<meta property=\"og:image:width\" content=\"848\" \/>\n\t<meta property=\"og:image:height\" content=\"477\" \/>\n\t<meta property=\"og:image:type\" content=\"image\/webp\" \/>\n<meta name=\"author\" content=\"Redacao mz\" \/>\n<meta name=\"twitter:card\" content=\"summary_large_image\" \/>\n<meta name=\"twitter:label1\" content=\"Escrito por\" \/>\n\t<meta name=\"twitter:data1\" content=\"Redacao mz\" \/>\n\t<meta name=\"twitter:label2\" content=\"Est. tempo de leitura\" \/>\n\t<meta name=\"twitter:data2\" content=\"3 minutos\" \/>\n<script type=\"application\/ld+json\" class=\"yoast-schema-graph\">{\"@context\":\"https:\\\/\\\/schema.org\",\"@graph\":[{\"@type\":\"Article\",\"@id\":\"https:\\\/\\\/mznoticia.com.br\\\/piraidosul\\\/pai-e-dois-filhos-morrem-carbonizados-em-acidente-na-sc-305\\\/#article\",\"isPartOf\":{\"@id\":\"https:\\\/\\\/mznoticia.com.br\\\/piraidosul\\\/pai-e-dois-filhos-morrem-carbonizados-em-acidente-na-sc-305\\\/\"},\"author\":{\"name\":\"Redacao mz\",\"@id\":\"https:\\\/\\\/mznoticia.com.br\\\/piraidosul\\\/#\\\/schema\\\/person\\\/84012d827247b3f42f37b550da79cd03\"},\"headline\":\"Pai e dois filhos morrem carbonizados em acidente na SC-305\",\"datePublished\":\"2026-08-21T13:11:29+00:00\",\"mainEntityOfPage\":{\"@id\":\"https:\\\/\\\/mznoticia.com.br\\\/piraidosul\\\/pai-e-dois-filhos-morrem-carbonizados-em-acidente-na-sc-305\\\/\"},\"wordCount\":442,\"commentCount\":0,\"publisher\":{\"@id\":\"https:\\\/\\\/mznoticia.com.br\\\/piraidosul\\\/#organization\"},\"image\":{\"@id\":\"https:\\\/\\\/mznoticia.com.br\\\/piraidosul\\\/pai-e-dois-filhos-morrem-carbonizados-em-acidente-na-sc-305\\\/#primaryimage\"},\"thumbnailUrl\":\"https:\\\/\\\/mznoticia.com.br\\\/piraidosul\\\/wp-content\\\/uploads\\\/2026\\\/08\\\/10.jpg-1.webp\",\"keywords\":[\"acidente\",\"caminh\u00e3o\",\"Colis\u00e3o Frontal\",\"Futsal\",\"Mortes\",\"Pai e filhos\",\"policia civil\",\"Policia Militar\",\"Santa Catarina\",\"S\u00e3o Louren\u00e7o do Oeste\",\"SC-305\",\"tr\u00e2nsito\"],\"articleSection\":[\"Acidente\"],\"inLanguage\":\"pt-BR\",\"potentialAction\":[{\"@type\":\"CommentAction\",\"name\":\"Comment\",\"target\":[\"https:\\\/\\\/mznoticia.com.br\\\/piraidosul\\\/pai-e-dois-filhos-morrem-carbonizados-em-acidente-na-sc-305\\\/#respond\"]}]},{\"@type\":\"WebPage\",\"@id\":\"https:\\\/\\\/mznoticia.com.br\\\/piraidosul\\\/pai-e-dois-filhos-morrem-carbonizados-em-acidente-na-sc-305\\\/\",\"url\":\"https:\\\/\\\/mznoticia.com.br\\\/piraidosul\\\/pai-e-dois-filhos-morrem-carbonizados-em-acidente-na-sc-305\\\/\",\"name\":\"Pai e dois filhos morrem carbonizados em acidente na SC-305 - Mz Not\u00edcias\",\"isPartOf\":{\"@id\":\"https:\\\/\\\/mznoticia.com.br\\\/piraidosul\\\/#website\"},\"primaryImageOfPage\":{\"@id\":\"https:\\\/\\\/mznoticia.com.br\\\/piraidosul\\\/pai-e-dois-filhos-morrem-carbonizados-em-acidente-na-sc-305\\\/#primaryimage\"},\"image\":{\"@id\":\"https:\\\/\\\/mznoticia.com.br\\\/piraidosul\\\/pai-e-dois-filhos-morrem-carbonizados-em-acidente-na-sc-305\\\/#primaryimage\"},\"thumbnailUrl\":\"https:\\\/\\\/mznoticia.com.br\\\/piraidosul\\\/wp-content\\\/uploads\\\/2026\\\/08\\\/10.jpg-1.webp\",\"datePublished\":\"2026-08-21T13:11:29+00:00\",\"description\":\"Acidente entre carro e caminh\u00e3o deixou quatro mortos na SC-305, em S\u00e3o Louren\u00e7o do Oeste. Pai e dois filhos seguiam para treino de futsal.\",\"breadcrumb\":{\"@id\":\"https:\\\/\\\/mznoticia.com.br\\\/piraidosul\\\/pai-e-dois-filhos-morrem-carbonizados-em-acidente-na-sc-305\\\/#breadcrumb\"},\"inLanguage\":\"pt-BR\",\"potentialAction\":[{\"@type\":\"ReadAction\",\"target\":[\"https:\\\/\\\/mznoticia.com.br\\\/piraidosul\\\/pai-e-dois-filhos-morrem-carbonizados-em-acidente-na-sc-305\\\/\"]}]},{\"@type\":\"ImageObject\",\"inLanguage\":\"pt-BR\",\"@id\":\"https:\\\/\\\/mznoticia.com.br\\\/piraidosul\\\/pai-e-dois-filhos-morrem-carbonizados-em-acidente-na-sc-305\\\/#primaryimage\",\"url\":\"https:\\\/\\\/mznoticia.com.br\\\/piraidosul\\\/wp-content\\\/uploads\\\/2026\\\/08\\\/10.jpg-1.webp\",\"contentUrl\":\"https:\\\/\\\/mznoticia.com.br\\\/piraidosul\\\/wp-content\\\/uploads\\\/2026\\\/08\\\/10.jpg-1.webp\",\"width\":848,\"height\":477},{\"@type\":\"BreadcrumbList\",\"@id\":\"https:\\\/\\\/mznoticia.com.br\\\/piraidosul\\\/pai-e-dois-filhos-morrem-carbonizados-em-acidente-na-sc-305\\\/#breadcrumb\",\"itemListElement\":[{\"@type\":\"ListItem\",\"position\":1,\"name\":\"Home\",\"item\":\"https:\\\/\\\/mznoticia.com.br\\\/piraidosul\\\/\"},{\"@type\":\"ListItem\",\"position\":2,\"name\":\"Pai e dois filhos morrem carbonizados em acidente na SC-305\"}]},{\"@type\":\"WebSite\",\"@id\":\"https:\\\/\\\/mznoticia.com.br\\\/piraidosul\\\/#website\",\"url\":\"https:\\\/\\\/mznoticia.com.br\\\/piraidosul\\\/\",\"name\":\"Mz Not\u00edcia\",\"description\":\"A informa\u00e7\u00e3o que voc\u00ea precisa na hora certa!\",\"publisher\":{\"@id\":\"https:\\\/\\\/mznoticia.com.br\\\/piraidosul\\\/#organization\"},\"potentialAction\":[{\"@type\":\"SearchAction\",\"target\":{\"@type\":\"EntryPoint\",\"urlTemplate\":\"https:\\\/\\\/mznoticia.com.br\\\/piraidosul\\\/?s={search_term_string}\"},\"query-input\":{\"@type\":\"PropertyValueSpecification\",\"valueRequired\":true,\"valueName\":\"search_term_string\"}}],\"inLanguage\":\"pt-BR\"},{\"@type\":\"Organization\",\"@id\":\"https:\\\/\\\/mznoticia.com.br\\\/piraidosul\\\/#organization\",\"name\":\"Mz Not\u00edcia\",\"url\":\"https:\\\/\\\/mznoticia.com.br\\\/piraidosul\\\/\",\"logo\":{\"@type\":\"ImageObject\",\"inLanguage\":\"pt-BR\",\"@id\":\"https:\\\/\\\/mznoticia.com.br\\\/piraidosul\\\/#\\\/schema\\\/logo\\\/image\\\/\",\"url\":\"https:\\\/\\\/mznoticia.com.br\\\/jaguariaiva\\\/wp-content\\\/uploads\\\/2025\\\/03\\\/Design-sem-nome-4-e1741200616392.png\",\"contentUrl\":\"https:\\\/\\\/mznoticia.com.br\\\/jaguariaiva\\\/wp-content\\\/uploads\\\/2025\\\/03\\\/Design-sem-nome-4-e1741200616392.png\",\"width\":750,\"height\":563,\"caption\":\"Mz Not\u00edcia\"},\"image\":{\"@id\":\"https:\\\/\\\/mznoticia.com.br\\\/piraidosul\\\/#\\\/schema\\\/logo\\\/image\\\/\"},\"sameAs\":[\"https:\\\/\\\/www.facebook.com\\\/profile.php?id=61573479951222\",\"https:\\\/\\\/www.instagram.com\\\/mz.jaguariaiva\\\/\"]},{\"@type\":\"Person\",\"@id\":\"https:\\\/\\\/mznoticia.com.br\\\/piraidosul\\\/#\\\/schema\\\/person\\\/84012d827247b3f42f37b550da79cd03\",\"name\":\"Redacao mz\",\"image\":{\"@type\":\"ImageObject\",\"inLanguage\":\"pt-BR\",\"@id\":\"https:\\\/\\\/secure.gravatar.com\\\/avatar\\\/3835c58a73b55edb97de944593845d3f29acb93b7a088f3bf63afde947ab86ba?s=96&d=simple_local_avatar&r=g\",\"url\":\"https:\\\/\\\/secure.gravatar.com\\\/avatar\\\/3835c58a73b55edb97de944593845d3f29acb93b7a088f3bf63afde947ab86ba?s=96&d=simple_local_avatar&r=g\",\"contentUrl\":\"https:\\\/\\\/secure.gravatar.com\\\/avatar\\\/3835c58a73b55edb97de944593845d3f29acb93b7a088f3bf63afde947ab86ba?s=96&d=simple_local_avatar&r=g\",\"caption\":\"Redacao mz\"},\"sameAs\":[\"http:\\\/\\\/mznoticia.com.br\"],\"url\":\"https:\\\/\\\/mznoticia.com.br\\\/piraidosul\\\/author\\\/lucimara\\\/\"}]}<\/script>\n<!-- \/ Yoast SEO plugin. -->","yoast_head_json":{"title":"Pai e dois filhos morrem carbonizados em acidente na SC-305 - Mz Not\u00edcias","description":"Acidente entre carro e caminh\u00e3o deixou quatro mortos na SC-305, em S\u00e3o Louren\u00e7o do Oeste. Pai e dois filhos seguiam para treino de futsal.","robots":{"index":"index","follow":"follow","max-snippet":"max-snippet:-1","max-image-preview":"max-image-preview:large","max-video-preview":"max-video-preview:-1"},"canonical":"https:\/\/mznoticia.com.br\/piraidosul\/pai-e-dois-filhos-morrem-carbonizados-em-acidente-na-sc-305\/","og_locale":"pt_BR","og_type":"article","og_title":"Pai e dois filhos morrem carbonizados em acidente na SC-305 - Mz Not\u00edcias","og_description":"Acidente entre carro e caminh\u00e3o deixou quatro mortos na SC-305, em S\u00e3o Louren\u00e7o do Oeste. Pai e dois filhos seguiam para treino de futsal.","og_url":"https:\/\/mznoticia.com.br\/piraidosul\/pai-e-dois-filhos-morrem-carbonizados-em-acidente-na-sc-305\/","og_site_name":"Mz Not\u00edcias","article_publisher":"https:\/\/www.facebook.com\/profile.php?id=61573479951222","article_published_time":"2026-08-21T13:11:29+00:00","og_image":[{"width":848,"height":477,"url":"https:\/\/mznoticia.com.br\/piraidosul\/wp-content\/uploads\/2026\/08\/10.jpg-1.webp","type":"image\/webp"}],"author":"Redacao mz","twitter_card":"summary_large_image","twitter_misc":{"Escrito por":"Redacao mz","Est. tempo de leitura":"3 minutos"},"schema":{"@context":"https:\/\/schema.org","@graph":[{"@type":"Article","@id":"https:\/\/mznoticia.com.br\/piraidosul\/pai-e-dois-filhos-morrem-carbonizados-em-acidente-na-sc-305\/#article","isPartOf":{"@id":"https:\/\/mznoticia.com.br\/piraidosul\/pai-e-dois-filhos-morrem-carbonizados-em-acidente-na-sc-305\/"},"author":{"name":"Redacao mz","@id":"https:\/\/mznoticia.com.br\/piraidosul\/#\/schema\/person\/84012d827247b3f42f37b550da79cd03"},"headline":"Pai e dois filhos morrem carbonizados em acidente na SC-305","datePublished":"2026-08-21T13:11:29+00:00","mainEntityOfPage":{"@id":"https:\/\/mznoticia.com.br\/piraidosul\/pai-e-dois-filhos-morrem-carbonizados-em-acidente-na-sc-305\/"},"wordCount":442,"commentCount":0,"publisher":{"@id":"https:\/\/mznoticia.com.br\/piraidosul\/#organization"},"image":{"@id":"https:\/\/mznoticia.com.br\/piraidosul\/pai-e-dois-filhos-morrem-carbonizados-em-acidente-na-sc-305\/#primaryimage"},"thumbnailUrl":"https:\/\/mznoticia.com.br\/piraidosul\/wp-content\/uploads\/2026\/08\/10.jpg-1.webp","keywords":["acidente","caminh\u00e3o","Colis\u00e3o Frontal","Futsal","Mortes","Pai e filhos","policia civil","Policia Militar","Santa Catarina","S\u00e3o Louren\u00e7o do Oeste","SC-305","tr\u00e2nsito"],"articleSection":["Acidente"],"inLanguage":"pt-BR","potentialAction":[{"@type":"CommentAction","name":"Comment","target":["https:\/\/mznoticia.com.br\/piraidosul\/pai-e-dois-filhos-morrem-carbonizados-em-acidente-na-sc-305\/#respond"]}]},{"@type":"WebPage","@id":"https:\/\/mznoticia.com.br\/piraidosul\/pai-e-dois-filhos-morrem-carbonizados-em-acidente-na-sc-305\/","url":"https:\/\/mznoticia.com.br\/piraidosul\/pai-e-dois-filhos-morrem-carbonizados-em-acidente-na-sc-305\/","name":"Pai e dois filhos morrem carbonizados em acidente na SC-305 - Mz Not\u00edcias","isPartOf":{"@id":"https:\/\/mznoticia.com.br\/piraidosul\/#website"},"primaryImageOfPage":{"@id":"https:\/\/mznoticia.com.br\/piraidosul\/pai-e-dois-filhos-morrem-carbonizados-em-acidente-na-sc-305\/#primaryimage"},"image":{"@id":"https:\/\/mznoticia.com.br\/piraidosul\/pai-e-dois-filhos-morrem-carbonizados-em-acidente-na-sc-305\/#primaryimage"},"thumbnailUrl":"https:\/\/mznoticia.com.br\/piraidosul\/wp-content\/uploads\/2026\/08\/10.jpg-1.webp","datePublished":"2026-08-21T13:11:29+00:00","description":"Acidente entre carro e caminh\u00e3o deixou quatro mortos na SC-305, em S\u00e3o Louren\u00e7o do Oeste. Pai e dois filhos seguiam para treino de futsal.","breadcrumb":{"@id":"https:\/\/mznoticia.com.br\/piraidosul\/pai-e-dois-filhos-morrem-carbonizados-em-acidente-na-sc-305\/#breadcrumb"},"inLanguage":"pt-BR","potentialAction":[{"@type":"ReadAction","target":["https:\/\/mznoticia.com.br\/piraidosul\/pai-e-dois-filhos-morrem-carbonizados-em-acidente-na-sc-305\/"]}]},{"@type":"ImageObject","inLanguage":"pt-BR","@id":"https:\/\/mznoticia.com.br\/piraidosul\/pai-e-dois-filhos-morrem-carbonizados-em-acidente-na-sc-305\/#primaryimage","url":"https:\/\/mznoticia.com.br\/piraidosul\/wp-content\/uploads\/2026\/08\/10.jpg-1.webp","contentUrl":"https:\/\/mznoticia.com.br\/piraidosul\/wp-content\/uploads\/2026\/08\/10.jpg-1.webp","width":848,"height":477},{"@type":"BreadcrumbList","@id":"https:\/\/mznoticia.com.br\/piraidosul\/pai-e-dois-filhos-morrem-carbonizados-em-acidente-na-sc-305\/#breadcrumb","itemListElement":[{"@type":"ListItem","position":1,"name":"Home","item":"https:\/\/mznoticia.com.br\/piraidosul\/"},{"@type":"ListItem","position":2,"name":"Pai e dois filhos morrem carbonizados em acidente na SC-305"}]},{"@type":"WebSite","@id":"https:\/\/mznoticia.com.br\/piraidosul\/#website","url":"https:\/\/mznoticia.com.br\/piraidosul\/","name":"Mz Not\u00edcia","description":"A informa\u00e7\u00e3o que voc\u00ea precisa na hora certa!","publisher":{"@id":"https:\/\/mznoticia.com.br\/piraidosul\/#organization"},"potentialAction":[{"@type":"SearchAction","target":{"@type":"EntryPoint","urlTemplate":"https:\/\/mznoticia.com.br\/piraidosul\/?s={search_term_string}"},"query-input":{"@type":"PropertyValueSpecification","valueRequired":true,"valueName":"search_term_string"}}],"inLanguage":"pt-BR"},{"@type":"Organization","@id":"https:\/\/mznoticia.com.br\/piraidosul\/#organization","name":"Mz Not\u00edcia","url":"https:\/\/mznoticia.com.br\/piraidosul\/","logo":{"@type":"ImageObject","inLanguage":"pt-BR","@id":"https:\/\/mznoticia.com.br\/piraidosul\/#\/schema\/logo\/image\/","url":"https:\/\/mznoticia.com.br\/jaguariaiva\/wp-content\/uploads\/2025\/03\/Design-sem-nome-4-e1741200616392.png","contentUrl":"https:\/\/mznoticia.com.br\/jaguariaiva\/wp-content\/uploads\/2025\/03\/Design-sem-nome-4-e1741200616392.png","width":750,"height":563,"caption":"Mz Not\u00edcia"},"image":{"@id":"https:\/\/mznoticia.com.br\/piraidosul\/#\/schema\/logo\/image\/"},"sameAs":["https:\/\/www.facebook.com\/profile.php?id=61573479951222","https:\/\/www.instagram.com\/mz.jaguariaiva\/"]},{"@type":"Person","@id":"https:\/\/mznoticia.com.br\/piraidosul\/#\/schema\/person\/84012d827247b3f42f37b550da79cd03","name":"Redacao mz","image":{"@type":"ImageObject","inLanguage":"pt-BR","@id":"https:\/\/secure.gravatar.com\/avatar\/3835c58a73b55edb97de944593845d3f29acb93b7a088f3bf63afde947ab86ba?s=96&d=simple_local_avatar&r=g","url":"https:\/\/secure.gravatar.com\/avatar\/3835c58a73b55edb97de944593845d3f29acb93b7a088f3bf63afde947ab86ba?s=96&d=simple_local_avatar&r=g","contentUrl":"https:\/\/secure.gravatar.com\/avatar\/3835c58a73b55edb97de944593845d3f29acb93b7a088f3bf63afde947ab86ba?s=96&d=simple_local_avatar&r=g","caption":"Redacao mz"},"sameAs":["http:\/\/mznoticia.com.br"],"url":"https:\/\/mznoticia.com.br\/piraidosul\/author\/lucimara\/"}]}},"_links":{"self":[{"href":"https:\/\/mznoticia.com.br\/piraidosul\/wp-json\/wp\/v2\/posts\/7254","targetHints":{"allow":["GET"]}}],"collection":[{"href":"https:\/\/mznoticia.com.br\/piraidosul\/wp-json\/wp\/v2\/posts"}],"about":[{"href":"https:\/\/mznoticia.com.br\/piraidosul\/wp-json\/wp\/v2\/types\/post"}],"author":[{"embeddable":true,"href":"https:\/\/mznoticia.com.br\/piraidosul\/wp-json\/wp\/v2\/users\/16"}],"replies":[{"embeddable":true,"href":"https:\/\/mznoticia.com.br\/piraidosul\/wp-json\/wp\/v2\/comments?post=7254"}],"version-history":[{"count":1,"href":"https:\/\/mznoticia.com.br\/piraidosul\/wp-json\/wp\/v2\/posts\/7254\/revisions"}],"predecessor-version":[{"id":7256,"href":"https:\/\/mznoticia.com.br\/piraidosul\/wp-json\/wp\/v2\/posts\/7254\/revisions\/7256"}],"wp:featuredmedia":[{"embeddable":true,"href":"https:\/\/mznoticia.com.br\/piraidosul\/wp-json\/wp\/v2\/media\/7255"}],"wp:attachment":[{"href":"https:\/\/mznoticia.com.br\/piraidosul\/wp-json\/wp\/v2\/media?parent=7254"}],"wp:term":[{"taxonomy":"category","embeddable":true,"href":"https:\/\/mznoticia.com.br\/piraidosul\/wp-json\/wp\/v2\/categories?post=7254"},{"taxonomy":"post_tag","embeddable":true,"href":"https:\/\/mznoticia.com.br\/piraidosul\/wp-json\/wp\/v2\/tags?post=7254"}],"curies":[{"name":"wp","href":"https:\/\/api.w.org\/{rel}","templated":true}]}}