{"id":7296,"date":"2026-08-21T18:21:07","date_gmt":"2026-08-21T18:21:07","guid":{"rendered":"https:\/\/mznoticia.com.br\/piraidosul\/?p=7296"},"modified":"2026-08-21T18:21:07","modified_gmt":"2026-08-21T18:21:07","slug":"jovem-sobrevive-a-tragedia-na-br-373-e-diz-ter-sobrevivido-nao-tem-explicacao","status":"publish","type":"post","link":"https:\/\/mznoticia.com.br\/piraidosul\/jovem-sobrevive-a-tragedia-na-br-373-e-diz-ter-sobrevivido-nao-tem-explicacao\/","title":{"rendered":"Jovem sobrevive \u00e0 trag\u00e9dia na BR-373 e diz: \u201cTer sobrevivido n\u00e3o tem explica\u00e7\u00e3o\u201d"},"content":{"rendered":"<p class=\"PDq2pG_selectionAnchorContainer\" data-start=\"84\" data-end=\"243\"><strong data-start=\"84\" data-end=\"243\">Jo\u00e3o Miguel Pereira, de 22 anos, estava no micro-\u00f4nibus que foi atingido por uma carreta e deixou 23 mortos em Ipiranga; ele sofreu apenas ferimentos leves<\/strong><\/p>\n<p data-start=\"245\" data-end=\"567\">O estudante <strong data-start=\"257\" data-end=\"292\">Jo\u00e3o Miguel Pereira, de 22 anos<\/strong>, est\u00e1 entre os cinco sobreviventes da trag\u00e9dia que deixou 23 mortos na BR-373, em Ipiranga, nos Campos Gerais do Paran\u00e1. O micro-\u00f4nibus da Secretaria de Sa\u00fade de Imbituva foi atingido de frente por uma carreta que invadiu a pista contr\u00e1ria na madrugada de quarta-feira (19).<\/p>\n<p data-start=\"569\" data-end=\"722\">Apesar da viol\u00eancia da colis\u00e3o, Jo\u00e3o sofreu apenas ferimentos no rosto e precisou levar pontos na sobrancelha. Ele recebeu alta horas depois do acidente.<\/p>\n<p data-start=\"724\" data-end=\"806\">Para o jovem, ter escapado com vida diante da dimens\u00e3o da trag\u00e9dia foi um milagre.<\/p>\n<blockquote data-start=\"808\" data-end=\"956\">\n<p data-start=\"810\" data-end=\"956\">\u201cTer sobrevivido a um acidente nessa magnitude n\u00e3o tem explica\u00e7\u00e3o, a n\u00e3o ser Deus. Eu n\u00e3o sei como vai ser minha vida daqui para frente\u201d, afirmou.<\/p>\n<\/blockquote>\n<h2 data-section-id=\"1xt3djr\" data-start=\"958\" data-end=\"998\">Banco onde jovem estava ficou intacto<\/h2>\n<p data-start=\"1000\" data-end=\"1199\">Jo\u00e3o estava no banco traseiro do micro-\u00f4nibus e utilizava o cinto de seguran\u00e7a. Segundo ele, o local onde estava sentado foi uma das poucas partes do ve\u00edculo que permaneceram intactas ap\u00f3s a colis\u00e3o.<\/p>\n<p data-start=\"1201\" data-end=\"1300\">\u201cOs da frente ficaram todos amassados, os de tr\u00e1s tamb\u00e9m, e o meu lugar estava intacto\u201d, relembrou.<\/p>\n<p data-start=\"1302\" data-end=\"1425\">O jovem viajava no ve\u00edculo que transportava pacientes de Imbituva para consultas e atendimentos m\u00e9dicos na Grande Curitiba.<\/p>\n<p data-start=\"1427\" data-end=\"1661\">Al\u00e9m de Jo\u00e3o, outras quatro pessoas sobreviveram. Uma mulher de 26 anos recebeu alta. Um menino de 6 anos permanece em estado est\u00e1vel e perdeu a m\u00e3e no acidente. Um homem de 49 anos continua internado e outro, de 50 anos, est\u00e1 na UTI.<\/p>\n<h2 data-section-id=\"78yddd\" data-start=\"1663\" data-end=\"1700\">\u201cFiz uma ora\u00e7\u00e3o e dormi no \u00f4nibus\u201d<\/h2>\n<p data-start=\"1702\" data-end=\"1773\">Antes da viagem, Jo\u00e3o conta que sentiu uma forte sensa\u00e7\u00e3o de ansiedade.<\/p>\n<p data-start=\"1775\" data-end=\"1856\">\u201cEu estava nervoso, estava tremendo, sabe? S\u00f3 que eu n\u00e3o sabia o porqu\u00ea\u201d, contou.<\/p>\n<p data-start=\"1858\" data-end=\"1979\">Ao entrar no micro-\u00f4nibus, escolheu um assento de onde conseguia ver o motorista. Em seguida, fez uma ora\u00e7\u00e3o e adormeceu.<\/p>\n<p data-start=\"1981\" data-end=\"2027\">Por isso, n\u00e3o presenciou o momento da colis\u00e3o.<\/p>\n<p data-start=\"2029\" data-end=\"2181\">\u201cFiz uma ora\u00e7\u00e3o e dormi no \u00f4nibus. Quando eu acordei, j\u00e1 estava fora do \u00f4nibus, depois do acidente. Eu abro o olho e estou deitado na estrada\u201d, relatou.<\/p>\n<p data-start=\"2183\" data-end=\"2340\">Ao perceber a presen\u00e7a de equipes da Pol\u00edcia Rodovi\u00e1ria Federal e observar o caminh\u00e3o atravessado sobre o micro-\u00f4nibus, Jo\u00e3o entendeu a dimens\u00e3o do acidente.<\/p>\n<h2 data-section-id=\"1ds6isz\" data-start=\"2342\" data-end=\"2379\">Primeira preocupa\u00e7\u00e3o foi com a m\u00e3e<\/h2>\n<p data-start=\"2381\" data-end=\"2605\">Logo depois de perceber o que havia acontecido, Jo\u00e3o ligou para a m\u00e3e, <strong data-start=\"2452\" data-end=\"2488\">Nilza Bernadete Ribeiro de Jesus<\/strong>. Segundo ele, a inten\u00e7\u00e3o era tranquiliz\u00e1-la antes que ela recebesse informa\u00e7\u00f5es sobre a trag\u00e9dia por outras pessoas.<\/p>\n<p data-start=\"2607\" data-end=\"2695\">A m\u00e3e conta que perguntou ao filho se algu\u00e9m havia morrido e se o motorista estava vivo.<\/p>\n<p data-start=\"2697\" data-end=\"2887\">Segundo Nilza, Jo\u00e3o respondeu que praticamente todos haviam morrido e que o \u00f4nibus estava completamente destru\u00eddo. Para evitar assust\u00e1-la ainda mais, ele decidiu n\u00e3o enviar imagens do local.<\/p>\n<h2 data-section-id=\"85p5pf\" data-start=\"2889\" data-end=\"2942\">Al\u00edvio pela sobreviv\u00eancia e tristeza pelas v\u00edtimas<\/h2>\n<p data-start=\"2944\" data-end=\"3116\">Ap\u00f3s receber alta, Jo\u00e3o e a fam\u00edlia passaram a conviver com sentimentos diferentes: o al\u00edvio por ele ter sobrevivido e a tristeza pelas 23 pessoas que morreram na trag\u00e9dia.<\/p>\n<p data-start=\"3118\" data-end=\"3267\">\u201c\u00c9 uma ang\u00fastia pelas fam\u00edlias que perderam seus entes, mas \u00e9 uma alegria de eu poder estar aqui com a minha fam\u00edlia mais um dia\u201d, desabafou o jovem.<\/p>\n<p data-start=\"3269\" data-end=\"3499\">O acidente aconteceu na madrugada de quarta-feira (19), na BR-373, entre Ipiranga e Imbituva. A colis\u00e3o frontal envolveu o micro-\u00f4nibus da Secretaria de Sa\u00fade de Imbituva e uma carreta e deixou <strong data-start=\"3463\" data-end=\"3498\">23 mortos e cinco sobreviventes<\/strong>.<\/p>\n<p data-start=\"3269\" data-end=\"3499\">Foto: Reproduc\u00e3o RPC<\/p>\n","protected":false},"excerpt":{"rendered":"<p>Jo\u00e3o Miguel Pereira, de 22 anos, estava no micro-\u00f4nibus que foi atingido por uma carreta e deixou 23 mortos em Ipiranga; ele sofreu apenas ferimentos leves O estudante Jo\u00e3o Miguel Pereira, de 22 anos, est\u00e1 entre os cinco sobreviventes da trag\u00e9dia que deixou 23 mortos na BR-373, em Ipiranga, nos Campos Gerais do Paran\u00e1. O [&hellip;]<\/p>\n","protected":false},"author":16,"featured_media":7297,"comment_status":"open","ping_status":"open","sticky":false,"template":"","format":"standard","meta":{"footnotes":""},"categories":[149],"tags":[31,1103,1884,196,1738,47,2318,391,2531,2335,77,24,2530,1644],"class_list":["post-7296","post","type-post","status-publish","format-standard","has-post-thumbnail","hentry","category-acidente","tag-acidente","tag-acidente-de-transito","tag-br-373","tag-campos-gerais","tag-carreta","tag-destaque","tag-imbituva","tag-ipiranga","tag-joao-miguel-pereira","tag-micro-onibus","tag-parana","tag-ponta-grossa","tag-sobreviventes","tag-tragedia"],"yoast_head":"<!-- This site is optimized with the Yoast SEO plugin v28.1 - https:\/\/yoast.com\/product\/yoast-seo-wordpress\/ -->\n<title>Jovem sobrevive \u00e0 trag\u00e9dia na BR-373 e diz: \u201cTer sobrevivido n\u00e3o tem explica\u00e7\u00e3o\u201d - Mz Not\u00edcias<\/title>\n<meta name=\"description\" content=\"Jo\u00e3o Miguel Pereira, de 22 anos, sobreviveu \u00e0 trag\u00e9dia na BR-373, em Ipiranga, que deixou 23 mortos. Ele sofreu apenas ferimentos leves.\" \/>\n<meta name=\"robots\" content=\"index, follow, max-snippet:-1, max-image-preview:large, max-video-preview:-1\" \/>\n<link rel=\"canonical\" href=\"https:\/\/mznoticia.com.br\/piraidosul\/jovem-sobrevive-a-tragedia-na-br-373-e-diz-ter-sobrevivido-nao-tem-explicacao\/\" \/>\n<meta property=\"og:locale\" content=\"pt_BR\" \/>\n<meta property=\"og:type\" content=\"article\" \/>\n<meta property=\"og:title\" content=\"Jovem sobrevive \u00e0 trag\u00e9dia na BR-373 e diz: \u201cTer sobrevivido n\u00e3o tem explica\u00e7\u00e3o\u201d - Mz Not\u00edcias\" \/>\n<meta property=\"og:description\" content=\"Jo\u00e3o Miguel Pereira, de 22 anos, sobreviveu \u00e0 trag\u00e9dia na BR-373, em Ipiranga, que deixou 23 mortos. Ele sofreu apenas ferimentos leves.\" \/>\n<meta property=\"og:url\" content=\"https:\/\/mznoticia.com.br\/piraidosul\/jovem-sobrevive-a-tragedia-na-br-373-e-diz-ter-sobrevivido-nao-tem-explicacao\/\" \/>\n<meta property=\"og:site_name\" content=\"Mz Not\u00edcias\" \/>\n<meta property=\"article:publisher\" content=\"https:\/\/www.facebook.com\/profile.php?id=61573479951222\" \/>\n<meta property=\"article:published_time\" content=\"2026-08-21T18:21:07+00:00\" \/>\n<meta name=\"author\" content=\"Redacao mz\" \/>\n<meta name=\"twitter:card\" content=\"summary_large_image\" \/>\n<meta name=\"twitter:label1\" content=\"Escrito por\" \/>\n\t<meta name=\"twitter:data1\" content=\"Redacao mz\" \/>\n\t<meta name=\"twitter:label2\" content=\"Est. tempo de leitura\" \/>\n\t<meta name=\"twitter:data2\" content=\"4 minutos\" \/>\n<script type=\"application\/ld+json\" class=\"yoast-schema-graph\">{\"@context\":\"https:\\\/\\\/schema.org\",\"@graph\":[{\"@type\":\"Article\",\"@id\":\"https:\\\/\\\/mznoticia.com.br\\\/piraidosul\\\/jovem-sobrevive-a-tragedia-na-br-373-e-diz-ter-sobrevivido-nao-tem-explicacao\\\/#article\",\"isPartOf\":{\"@id\":\"https:\\\/\\\/mznoticia.com.br\\\/piraidosul\\\/jovem-sobrevive-a-tragedia-na-br-373-e-diz-ter-sobrevivido-nao-tem-explicacao\\\/\"},\"author\":{\"name\":\"Redacao mz\",\"@id\":\"https:\\\/\\\/mznoticia.com.br\\\/piraidosul\\\/#\\\/schema\\\/person\\\/84012d827247b3f42f37b550da79cd03\"},\"headline\":\"Jovem sobrevive \u00e0 trag\u00e9dia na BR-373 e diz: \u201cTer sobrevivido n\u00e3o tem explica\u00e7\u00e3o\u201d\",\"datePublished\":\"2026-08-21T18:21:07+00:00\",\"mainEntityOfPage\":{\"@id\":\"https:\\\/\\\/mznoticia.com.br\\\/piraidosul\\\/jovem-sobrevive-a-tragedia-na-br-373-e-diz-ter-sobrevivido-nao-tem-explicacao\\\/\"},\"wordCount\":640,\"commentCount\":0,\"publisher\":{\"@id\":\"https:\\\/\\\/mznoticia.com.br\\\/piraidosul\\\/#organization\"},\"image\":{\"@id\":\"https:\\\/\\\/mznoticia.com.br\\\/piraidosul\\\/jovem-sobrevive-a-tragedia-na-br-373-e-diz-ter-sobrevivido-nao-tem-explicacao\\\/#primaryimage\"},\"thumbnailUrl\":\"https:\\\/\\\/mznoticia.com.br\\\/piraidosul\\\/wp-content\\\/uploads\\\/2026\\\/08\\\/50-1.avif\",\"keywords\":[\"acidente\",\"Acidente de Tr\u00e2nsito\",\"BR-373\",\"campos gerais\",\"Carreta\",\"destaque\",\"Imbituva\",\"Ipiranga\",\"Jo\u00e3o Miguel Pereira\",\"micro-\u00f4nibus\",\"parana\",\"Ponta Grossa\",\"sobreviventes\",\"Trag\u00e9dia\"],\"articleSection\":[\"Acidente\"],\"inLanguage\":\"pt-BR\",\"potentialAction\":[{\"@type\":\"CommentAction\",\"name\":\"Comment\",\"target\":[\"https:\\\/\\\/mznoticia.com.br\\\/piraidosul\\\/jovem-sobrevive-a-tragedia-na-br-373-e-diz-ter-sobrevivido-nao-tem-explicacao\\\/#respond\"]}]},{\"@type\":\"WebPage\",\"@id\":\"https:\\\/\\\/mznoticia.com.br\\\/piraidosul\\\/jovem-sobrevive-a-tragedia-na-br-373-e-diz-ter-sobrevivido-nao-tem-explicacao\\\/\",\"url\":\"https:\\\/\\\/mznoticia.com.br\\\/piraidosul\\\/jovem-sobrevive-a-tragedia-na-br-373-e-diz-ter-sobrevivido-nao-tem-explicacao\\\/\",\"name\":\"Jovem sobrevive \u00e0 trag\u00e9dia na BR-373 e diz: \u201cTer sobrevivido n\u00e3o tem explica\u00e7\u00e3o\u201d - Mz Not\u00edcias\",\"isPartOf\":{\"@id\":\"https:\\\/\\\/mznoticia.com.br\\\/piraidosul\\\/#website\"},\"primaryImageOfPage\":{\"@id\":\"https:\\\/\\\/mznoticia.com.br\\\/piraidosul\\\/jovem-sobrevive-a-tragedia-na-br-373-e-diz-ter-sobrevivido-nao-tem-explicacao\\\/#primaryimage\"},\"image\":{\"@id\":\"https:\\\/\\\/mznoticia.com.br\\\/piraidosul\\\/jovem-sobrevive-a-tragedia-na-br-373-e-diz-ter-sobrevivido-nao-tem-explicacao\\\/#primaryimage\"},\"thumbnailUrl\":\"https:\\\/\\\/mznoticia.com.br\\\/piraidosul\\\/wp-content\\\/uploads\\\/2026\\\/08\\\/50-1.avif\",\"datePublished\":\"2026-08-21T18:21:07+00:00\",\"description\":\"Jo\u00e3o Miguel Pereira, de 22 anos, sobreviveu \u00e0 trag\u00e9dia na BR-373, em Ipiranga, que deixou 23 mortos. Ele sofreu apenas ferimentos leves.\",\"breadcrumb\":{\"@id\":\"https:\\\/\\\/mznoticia.com.br\\\/piraidosul\\\/jovem-sobrevive-a-tragedia-na-br-373-e-diz-ter-sobrevivido-nao-tem-explicacao\\\/#breadcrumb\"},\"inLanguage\":\"pt-BR\",\"potentialAction\":[{\"@type\":\"ReadAction\",\"target\":[\"https:\\\/\\\/mznoticia.com.br\\\/piraidosul\\\/jovem-sobrevive-a-tragedia-na-br-373-e-diz-ter-sobrevivido-nao-tem-explicacao\\\/\"]}]},{\"@type\":\"ImageObject\",\"inLanguage\":\"pt-BR\",\"@id\":\"https:\\\/\\\/mznoticia.com.br\\\/piraidosul\\\/jovem-sobrevive-a-tragedia-na-br-373-e-diz-ter-sobrevivido-nao-tem-explicacao\\\/#primaryimage\",\"url\":\"https:\\\/\\\/mznoticia.com.br\\\/piraidosul\\\/wp-content\\\/uploads\\\/2026\\\/08\\\/50-1.avif\",\"contentUrl\":\"https:\\\/\\\/mznoticia.com.br\\\/piraidosul\\\/wp-content\\\/uploads\\\/2026\\\/08\\\/50-1.avif\",\"width\":984,\"height\":554},{\"@type\":\"BreadcrumbList\",\"@id\":\"https:\\\/\\\/mznoticia.com.br\\\/piraidosul\\\/jovem-sobrevive-a-tragedia-na-br-373-e-diz-ter-sobrevivido-nao-tem-explicacao\\\/#breadcrumb\",\"itemListElement\":[{\"@type\":\"ListItem\",\"position\":1,\"name\":\"Home\",\"item\":\"https:\\\/\\\/mznoticia.com.br\\\/piraidosul\\\/\"},{\"@type\":\"ListItem\",\"position\":2,\"name\":\"Jovem sobrevive \u00e0 trag\u00e9dia na BR-373 e diz: \u201cTer sobrevivido n\u00e3o tem explica\u00e7\u00e3o\u201d\"}]},{\"@type\":\"WebSite\",\"@id\":\"https:\\\/\\\/mznoticia.com.br\\\/piraidosul\\\/#website\",\"url\":\"https:\\\/\\\/mznoticia.com.br\\\/piraidosul\\\/\",\"name\":\"Mz Not\u00edcia\",\"description\":\"A informa\u00e7\u00e3o que voc\u00ea precisa na hora certa!\",\"publisher\":{\"@id\":\"https:\\\/\\\/mznoticia.com.br\\\/piraidosul\\\/#organization\"},\"potentialAction\":[{\"@type\":\"SearchAction\",\"target\":{\"@type\":\"EntryPoint\",\"urlTemplate\":\"https:\\\/\\\/mznoticia.com.br\\\/piraidosul\\\/?s={search_term_string}\"},\"query-input\":{\"@type\":\"PropertyValueSpecification\",\"valueRequired\":true,\"valueName\":\"search_term_string\"}}],\"inLanguage\":\"pt-BR\"},{\"@type\":\"Organization\",\"@id\":\"https:\\\/\\\/mznoticia.com.br\\\/piraidosul\\\/#organization\",\"name\":\"Mz Not\u00edcia\",\"url\":\"https:\\\/\\\/mznoticia.com.br\\\/piraidosul\\\/\",\"logo\":{\"@type\":\"ImageObject\",\"inLanguage\":\"pt-BR\",\"@id\":\"https:\\\/\\\/mznoticia.com.br\\\/piraidosul\\\/#\\\/schema\\\/logo\\\/image\\\/\",\"url\":\"https:\\\/\\\/mznoticia.com.br\\\/jaguariaiva\\\/wp-content\\\/uploads\\\/2025\\\/03\\\/Design-sem-nome-4-e1741200616392.png\",\"contentUrl\":\"https:\\\/\\\/mznoticia.com.br\\\/jaguariaiva\\\/wp-content\\\/uploads\\\/2025\\\/03\\\/Design-sem-nome-4-e1741200616392.png\",\"width\":750,\"height\":563,\"caption\":\"Mz Not\u00edcia\"},\"image\":{\"@id\":\"https:\\\/\\\/mznoticia.com.br\\\/piraidosul\\\/#\\\/schema\\\/logo\\\/image\\\/\"},\"sameAs\":[\"https:\\\/\\\/www.facebook.com\\\/profile.php?id=61573479951222\",\"https:\\\/\\\/www.instagram.com\\\/mz.jaguariaiva\\\/\"]},{\"@type\":\"Person\",\"@id\":\"https:\\\/\\\/mznoticia.com.br\\\/piraidosul\\\/#\\\/schema\\\/person\\\/84012d827247b3f42f37b550da79cd03\",\"name\":\"Redacao mz\",\"image\":{\"@type\":\"ImageObject\",\"inLanguage\":\"pt-BR\",\"@id\":\"https:\\\/\\\/secure.gravatar.com\\\/avatar\\\/3835c58a73b55edb97de944593845d3f29acb93b7a088f3bf63afde947ab86ba?s=96&d=simple_local_avatar&r=g\",\"url\":\"https:\\\/\\\/secure.gravatar.com\\\/avatar\\\/3835c58a73b55edb97de944593845d3f29acb93b7a088f3bf63afde947ab86ba?s=96&d=simple_local_avatar&r=g\",\"contentUrl\":\"https:\\\/\\\/secure.gravatar.com\\\/avatar\\\/3835c58a73b55edb97de944593845d3f29acb93b7a088f3bf63afde947ab86ba?s=96&d=simple_local_avatar&r=g\",\"caption\":\"Redacao mz\"},\"sameAs\":[\"http:\\\/\\\/mznoticia.com.br\"],\"url\":\"https:\\\/\\\/mznoticia.com.br\\\/piraidosul\\\/author\\\/lucimara\\\/\"}]}<\/script>\n<!-- \/ Yoast SEO plugin. -->","yoast_head_json":{"title":"Jovem sobrevive \u00e0 trag\u00e9dia na BR-373 e diz: \u201cTer sobrevivido n\u00e3o tem explica\u00e7\u00e3o\u201d - Mz Not\u00edcias","description":"Jo\u00e3o Miguel Pereira, de 22 anos, sobreviveu \u00e0 trag\u00e9dia na BR-373, em Ipiranga, que deixou 23 mortos. Ele sofreu apenas ferimentos leves.","robots":{"index":"index","follow":"follow","max-snippet":"max-snippet:-1","max-image-preview":"max-image-preview:large","max-video-preview":"max-video-preview:-1"},"canonical":"https:\/\/mznoticia.com.br\/piraidosul\/jovem-sobrevive-a-tragedia-na-br-373-e-diz-ter-sobrevivido-nao-tem-explicacao\/","og_locale":"pt_BR","og_type":"article","og_title":"Jovem sobrevive \u00e0 trag\u00e9dia na BR-373 e diz: \u201cTer sobrevivido n\u00e3o tem explica\u00e7\u00e3o\u201d - Mz Not\u00edcias","og_description":"Jo\u00e3o Miguel Pereira, de 22 anos, sobreviveu \u00e0 trag\u00e9dia na BR-373, em Ipiranga, que deixou 23 mortos. Ele sofreu apenas ferimentos leves.","og_url":"https:\/\/mznoticia.com.br\/piraidosul\/jovem-sobrevive-a-tragedia-na-br-373-e-diz-ter-sobrevivido-nao-tem-explicacao\/","og_site_name":"Mz Not\u00edcias","article_publisher":"https:\/\/www.facebook.com\/profile.php?id=61573479951222","article_published_time":"2026-08-21T18:21:07+00:00","author":"Redacao mz","twitter_card":"summary_large_image","twitter_misc":{"Escrito por":"Redacao mz","Est. tempo de leitura":"4 minutos"},"schema":{"@context":"https:\/\/schema.org","@graph":[{"@type":"Article","@id":"https:\/\/mznoticia.com.br\/piraidosul\/jovem-sobrevive-a-tragedia-na-br-373-e-diz-ter-sobrevivido-nao-tem-explicacao\/#article","isPartOf":{"@id":"https:\/\/mznoticia.com.br\/piraidosul\/jovem-sobrevive-a-tragedia-na-br-373-e-diz-ter-sobrevivido-nao-tem-explicacao\/"},"author":{"name":"Redacao mz","@id":"https:\/\/mznoticia.com.br\/piraidosul\/#\/schema\/person\/84012d827247b3f42f37b550da79cd03"},"headline":"Jovem sobrevive \u00e0 trag\u00e9dia na BR-373 e diz: \u201cTer sobrevivido n\u00e3o tem explica\u00e7\u00e3o\u201d","datePublished":"2026-08-21T18:21:07+00:00","mainEntityOfPage":{"@id":"https:\/\/mznoticia.com.br\/piraidosul\/jovem-sobrevive-a-tragedia-na-br-373-e-diz-ter-sobrevivido-nao-tem-explicacao\/"},"wordCount":640,"commentCount":0,"publisher":{"@id":"https:\/\/mznoticia.com.br\/piraidosul\/#organization"},"image":{"@id":"https:\/\/mznoticia.com.br\/piraidosul\/jovem-sobrevive-a-tragedia-na-br-373-e-diz-ter-sobrevivido-nao-tem-explicacao\/#primaryimage"},"thumbnailUrl":"https:\/\/mznoticia.com.br\/piraidosul\/wp-content\/uploads\/2026\/08\/50-1.avif","keywords":["acidente","Acidente de Tr\u00e2nsito","BR-373","campos gerais","Carreta","destaque","Imbituva","Ipiranga","Jo\u00e3o Miguel Pereira","micro-\u00f4nibus","parana","Ponta Grossa","sobreviventes","Trag\u00e9dia"],"articleSection":["Acidente"],"inLanguage":"pt-BR","potentialAction":[{"@type":"CommentAction","name":"Comment","target":["https:\/\/mznoticia.com.br\/piraidosul\/jovem-sobrevive-a-tragedia-na-br-373-e-diz-ter-sobrevivido-nao-tem-explicacao\/#respond"]}]},{"@type":"WebPage","@id":"https:\/\/mznoticia.com.br\/piraidosul\/jovem-sobrevive-a-tragedia-na-br-373-e-diz-ter-sobrevivido-nao-tem-explicacao\/","url":"https:\/\/mznoticia.com.br\/piraidosul\/jovem-sobrevive-a-tragedia-na-br-373-e-diz-ter-sobrevivido-nao-tem-explicacao\/","name":"Jovem sobrevive \u00e0 trag\u00e9dia na BR-373 e diz: \u201cTer sobrevivido n\u00e3o tem explica\u00e7\u00e3o\u201d - Mz Not\u00edcias","isPartOf":{"@id":"https:\/\/mznoticia.com.br\/piraidosul\/#website"},"primaryImageOfPage":{"@id":"https:\/\/mznoticia.com.br\/piraidosul\/jovem-sobrevive-a-tragedia-na-br-373-e-diz-ter-sobrevivido-nao-tem-explicacao\/#primaryimage"},"image":{"@id":"https:\/\/mznoticia.com.br\/piraidosul\/jovem-sobrevive-a-tragedia-na-br-373-e-diz-ter-sobrevivido-nao-tem-explicacao\/#primaryimage"},"thumbnailUrl":"https:\/\/mznoticia.com.br\/piraidosul\/wp-content\/uploads\/2026\/08\/50-1.avif","datePublished":"2026-08-21T18:21:07+00:00","description":"Jo\u00e3o Miguel Pereira, de 22 anos, sobreviveu \u00e0 trag\u00e9dia na BR-373, em Ipiranga, que deixou 23 mortos. Ele sofreu apenas ferimentos leves.","breadcrumb":{"@id":"https:\/\/mznoticia.com.br\/piraidosul\/jovem-sobrevive-a-tragedia-na-br-373-e-diz-ter-sobrevivido-nao-tem-explicacao\/#breadcrumb"},"inLanguage":"pt-BR","potentialAction":[{"@type":"ReadAction","target":["https:\/\/mznoticia.com.br\/piraidosul\/jovem-sobrevive-a-tragedia-na-br-373-e-diz-ter-sobrevivido-nao-tem-explicacao\/"]}]},{"@type":"ImageObject","inLanguage":"pt-BR","@id":"https:\/\/mznoticia.com.br\/piraidosul\/jovem-sobrevive-a-tragedia-na-br-373-e-diz-ter-sobrevivido-nao-tem-explicacao\/#primaryimage","url":"https:\/\/mznoticia.com.br\/piraidosul\/wp-content\/uploads\/2026\/08\/50-1.avif","contentUrl":"https:\/\/mznoticia.com.br\/piraidosul\/wp-content\/uploads\/2026\/08\/50-1.avif","width":984,"height":554},{"@type":"BreadcrumbList","@id":"https:\/\/mznoticia.com.br\/piraidosul\/jovem-sobrevive-a-tragedia-na-br-373-e-diz-ter-sobrevivido-nao-tem-explicacao\/#breadcrumb","itemListElement":[{"@type":"ListItem","position":1,"name":"Home","item":"https:\/\/mznoticia.com.br\/piraidosul\/"},{"@type":"ListItem","position":2,"name":"Jovem sobrevive \u00e0 trag\u00e9dia na BR-373 e diz: \u201cTer sobrevivido n\u00e3o tem explica\u00e7\u00e3o\u201d"}]},{"@type":"WebSite","@id":"https:\/\/mznoticia.com.br\/piraidosul\/#website","url":"https:\/\/mznoticia.com.br\/piraidosul\/","name":"Mz Not\u00edcia","description":"A informa\u00e7\u00e3o que voc\u00ea precisa na hora certa!","publisher":{"@id":"https:\/\/mznoticia.com.br\/piraidosul\/#organization"},"potentialAction":[{"@type":"SearchAction","target":{"@type":"EntryPoint","urlTemplate":"https:\/\/mznoticia.com.br\/piraidosul\/?s={search_term_string}"},"query-input":{"@type":"PropertyValueSpecification","valueRequired":true,"valueName":"search_term_string"}}],"inLanguage":"pt-BR"},{"@type":"Organization","@id":"https:\/\/mznoticia.com.br\/piraidosul\/#organization","name":"Mz Not\u00edcia","url":"https:\/\/mznoticia.com.br\/piraidosul\/","logo":{"@type":"ImageObject","inLanguage":"pt-BR","@id":"https:\/\/mznoticia.com.br\/piraidosul\/#\/schema\/logo\/image\/","url":"https:\/\/mznoticia.com.br\/jaguariaiva\/wp-content\/uploads\/2025\/03\/Design-sem-nome-4-e1741200616392.png","contentUrl":"https:\/\/mznoticia.com.br\/jaguariaiva\/wp-content\/uploads\/2025\/03\/Design-sem-nome-4-e1741200616392.png","width":750,"height":563,"caption":"Mz Not\u00edcia"},"image":{"@id":"https:\/\/mznoticia.com.br\/piraidosul\/#\/schema\/logo\/image\/"},"sameAs":["https:\/\/www.facebook.com\/profile.php?id=61573479951222","https:\/\/www.instagram.com\/mz.jaguariaiva\/"]},{"@type":"Person","@id":"https:\/\/mznoticia.com.br\/piraidosul\/#\/schema\/person\/84012d827247b3f42f37b550da79cd03","name":"Redacao mz","image":{"@type":"ImageObject","inLanguage":"pt-BR","@id":"https:\/\/secure.gravatar.com\/avatar\/3835c58a73b55edb97de944593845d3f29acb93b7a088f3bf63afde947ab86ba?s=96&d=simple_local_avatar&r=g","url":"https:\/\/secure.gravatar.com\/avatar\/3835c58a73b55edb97de944593845d3f29acb93b7a088f3bf63afde947ab86ba?s=96&d=simple_local_avatar&r=g","contentUrl":"https:\/\/secure.gravatar.com\/avatar\/3835c58a73b55edb97de944593845d3f29acb93b7a088f3bf63afde947ab86ba?s=96&d=simple_local_avatar&r=g","caption":"Redacao mz"},"sameAs":["http:\/\/mznoticia.com.br"],"url":"https:\/\/mznoticia.com.br\/piraidosul\/author\/lucimara\/"}]}},"_links":{"self":[{"href":"https:\/\/mznoticia.com.br\/piraidosul\/wp-json\/wp\/v2\/posts\/7296","targetHints":{"allow":["GET"]}}],"collection":[{"href":"https:\/\/mznoticia.com.br\/piraidosul\/wp-json\/wp\/v2\/posts"}],"about":[{"href":"https:\/\/mznoticia.com.br\/piraidosul\/wp-json\/wp\/v2\/types\/post"}],"author":[{"embeddable":true,"href":"https:\/\/mznoticia.com.br\/piraidosul\/wp-json\/wp\/v2\/users\/16"}],"replies":[{"embeddable":true,"href":"https:\/\/mznoticia.com.br\/piraidosul\/wp-json\/wp\/v2\/comments?post=7296"}],"version-history":[{"count":1,"href":"https:\/\/mznoticia.com.br\/piraidosul\/wp-json\/wp\/v2\/posts\/7296\/revisions"}],"predecessor-version":[{"id":7298,"href":"https:\/\/mznoticia.com.br\/piraidosul\/wp-json\/wp\/v2\/posts\/7296\/revisions\/7298"}],"wp:featuredmedia":[{"embeddable":true,"href":"https:\/\/mznoticia.com.br\/piraidosul\/wp-json\/wp\/v2\/media\/7297"}],"wp:attachment":[{"href":"https:\/\/mznoticia.com.br\/piraidosul\/wp-json\/wp\/v2\/media?parent=7296"}],"wp:term":[{"taxonomy":"category","embeddable":true,"href":"https:\/\/mznoticia.com.br\/piraidosul\/wp-json\/wp\/v2\/categories?post=7296"},{"taxonomy":"post_tag","embeddable":true,"href":"https:\/\/mznoticia.com.br\/piraidosul\/wp-json\/wp\/v2\/tags?post=7296"}],"curies":[{"name":"wp","href":"https:\/\/api.w.org\/{rel}","templated":true}]}}