{"id":7310,"date":"2026-08-24T11:51:12","date_gmt":"2026-08-24T11:51:12","guid":{"rendered":"https:\/\/mznoticia.com.br\/piraidosul\/?p=7310"},"modified":"2026-08-24T11:51:12","modified_gmt":"2026-08-24T11:51:12","slug":"carreta-com-guincho-furtado-e-localizada-em-posto-de-combustiveis-em-pirai-do-sul","status":"publish","type":"post","link":"https:\/\/mznoticia.com.br\/piraidosul\/carreta-com-guincho-furtado-e-localizada-em-posto-de-combustiveis-em-pirai-do-sul\/","title":{"rendered":"Carreta com guincho furtado \u00e9 localizada em posto de combust\u00edveis em Pira\u00ed do Sul"},"content":{"rendered":"<p class=\"isSelectedEnd\">Equipamento e outros objetos foram recuperados pela Patrulha Rural Comunit\u00e1ria durante dilig\u00eancias relacionadas a um furto qualificado.<\/p>\n<h2>Carreta foi localizada durante dilig\u00eancias<\/h2>\n<p class=\"isSelectedEnd\">Uma carreta que transportava um guincho furtado foi localizada pela Patrulha Rural Comunit\u00e1ria neste domingo (23), em Pira\u00ed do Sul, nos Campos Gerais.<\/p>\n<p class=\"isSelectedEnd\">A equipe policial realizava dilig\u00eancias ap\u00f3s o registro de um boletim de ocorr\u00eancia referente a um furto qualificado. Durante as buscas, os policiais receberam informa\u00e7\u00f5es de que uma carreta com caracter\u00edsticas semelhantes \u00e0s do ve\u00edculo utilizado no crime estaria circulando pela Estrada Rural do bairro Pira\u00ed Mirim.<\/p>\n<p class=\"isSelectedEnd\">Com as informa\u00e7\u00f5es, o patrulhamento foi intensificado na regi\u00e3o. A carreta foi encontrada estacionada no p\u00e1tio de um posto de combust\u00edveis.<\/p>\n<h2>Equipamentos furtados foram encontrados<\/h2>\n<p class=\"isSelectedEnd\">Durante a verifica\u00e7\u00e3o, os policiais encontraram no interior da carreta o guincho que havia sido furtado, al\u00e9m dos respectivos acess\u00f3rios.<\/p>\n<p class=\"isSelectedEnd\">Tamb\u00e9m foram localizados uma m\u00e1quina de lavar movida a gasolina e uma m\u00e1quina de solda.<\/p>\n<p class=\"isSelectedEnd\">O ve\u00edculo-reboque estava imobilizado com um cadeado nas rodas. A Pol\u00edcia Civil foi acionada e um investigador de plant\u00e3o compareceu ao local.<\/p>\n<p class=\"isSelectedEnd\">Com apoio policial, o dispositivo de seguran\u00e7a foi removido para permitir o transporte dos bens recuperados at\u00e9 a Delegacia de Pol\u00edcia.<\/p>\n<h2>V\u00edtima reconheceu os materiais<\/h2>\n<p class=\"isSelectedEnd\">Uma das v\u00edtimas compareceu ao local e reconheceu os materiais encontrados como sendo de sua propriedade.<\/p>\n<p class=\"isSelectedEnd\">A v\u00edtima tamb\u00e9m repassou \u00e0s autoridades informa\u00e7\u00f5es preliminares sobre poss\u00edveis suspeitos envolvidos no crime e sobre um ve\u00edculo que teria sido utilizado durante a a\u00e7\u00e3o.<\/p>\n<p class=\"isSelectedEnd\">Os objetos recuperados foram encaminhados e entregues na Delegacia de Pol\u00edcia de Pira\u00ed do Sul para as provid\u00eancias cab\u00edveis.<\/p>\n<h3>Objetos recuperados<\/h3>\n<ul data-spread=\"false\">\n<li>Uma m\u00e1quina de lavar;<\/li>\n<li>Um implemento agr\u00edcola;<\/li>\n<li>Um aparelho de solda;<\/li>\n<li>Um guincho e seus acess\u00f3rios.<\/li>\n<\/ul>\n","protected":false},"excerpt":{"rendered":"<p>Equipamento e outros objetos foram recuperados pela Patrulha Rural Comunit\u00e1ria durante dilig\u00eancias relacionadas a um furto qualificado. Carreta foi localizada durante dilig\u00eancias Uma carreta que transportava um guincho furtado foi localizada pela Patrulha Rural Comunit\u00e1ria neste domingo (23), em Pira\u00ed do Sul, nos Campos Gerais. A equipe policial realizava dilig\u00eancias ap\u00f3s o registro de um [&hellip;]<\/p>\n","protected":false},"author":16,"featured_media":7311,"comment_status":"open","ping_status":"open","sticky":false,"template":"","format":"standard","meta":{"footnotes":""},"categories":[4],"tags":[1738,47,173,2540,2541,756,135,205],"class_list":["post-7310","post","type-post","status-publish","format-standard","has-post-thumbnail","hentry","category-policial","tag-carreta","tag-destaque","tag-furto","tag-guincho","tag-objetos-recuperados","tag-patrulha-rural","tag-pirai-do-sul","tag-policia-civil"],"yoast_head":"<!-- This site is optimized with the Yoast SEO plugin v28.1 - https:\/\/yoast.com\/product\/yoast-seo-wordpress\/ -->\n<title>Carreta com guincho furtado \u00e9 localizada em posto de combust\u00edveis em Pira\u00ed do Sul - Mz Not\u00edcias<\/title>\n<meta name=\"description\" content=\"Patrulha Rural Comunit\u00e1ria localizou carreta com guincho furtado e outros equipamentos em um posto de combust\u00edveis de Pira\u00ed do Sul.\" \/>\n<meta name=\"robots\" content=\"index, follow, max-snippet:-1, max-image-preview:large, max-video-preview:-1\" \/>\n<link rel=\"canonical\" href=\"https:\/\/mznoticia.com.br\/piraidosul\/carreta-com-guincho-furtado-e-localizada-em-posto-de-combustiveis-em-pirai-do-sul\/\" \/>\n<meta property=\"og:locale\" content=\"pt_BR\" \/>\n<meta property=\"og:type\" content=\"article\" \/>\n<meta property=\"og:title\" content=\"Carreta com guincho furtado \u00e9 localizada em posto de combust\u00edveis em Pira\u00ed do Sul - Mz Not\u00edcias\" \/>\n<meta property=\"og:description\" content=\"Patrulha Rural Comunit\u00e1ria localizou carreta com guincho furtado e outros equipamentos em um posto de combust\u00edveis de Pira\u00ed do Sul.\" \/>\n<meta property=\"og:url\" content=\"https:\/\/mznoticia.com.br\/piraidosul\/carreta-com-guincho-furtado-e-localizada-em-posto-de-combustiveis-em-pirai-do-sul\/\" \/>\n<meta property=\"og:site_name\" content=\"Mz Not\u00edcias\" \/>\n<meta property=\"article:publisher\" content=\"https:\/\/www.facebook.com\/profile.php?id=61573479951222\" \/>\n<meta property=\"article:published_time\" content=\"2026-08-24T11:51:12+00:00\" \/>\n<meta property=\"og:image\" content=\"https:\/\/mznoticia.com.br\/piraidosul\/wp-content\/uploads\/2026\/08\/pm-mil-2.webp\" \/>\n\t<meta property=\"og:image:width\" content=\"1000\" \/>\n\t<meta property=\"og:image:height\" content=\"667\" \/>\n\t<meta property=\"og:image:type\" content=\"image\/webp\" \/>\n<meta name=\"author\" content=\"Redacao mz\" \/>\n<meta name=\"twitter:card\" content=\"summary_large_image\" \/>\n<meta name=\"twitter:label1\" content=\"Escrito por\" \/>\n\t<meta name=\"twitter:data1\" content=\"Redacao mz\" \/>\n\t<meta name=\"twitter:label2\" content=\"Est. tempo de leitura\" \/>\n\t<meta name=\"twitter:data2\" content=\"2 minutos\" \/>\n<script type=\"application\/ld+json\" class=\"yoast-schema-graph\">{\"@context\":\"https:\\\/\\\/schema.org\",\"@graph\":[{\"@type\":\"Article\",\"@id\":\"https:\\\/\\\/mznoticia.com.br\\\/piraidosul\\\/carreta-com-guincho-furtado-e-localizada-em-posto-de-combustiveis-em-pirai-do-sul\\\/#article\",\"isPartOf\":{\"@id\":\"https:\\\/\\\/mznoticia.com.br\\\/piraidosul\\\/carreta-com-guincho-furtado-e-localizada-em-posto-de-combustiveis-em-pirai-do-sul\\\/\"},\"author\":{\"name\":\"Redacao mz\",\"@id\":\"https:\\\/\\\/mznoticia.com.br\\\/piraidosul\\\/#\\\/schema\\\/person\\\/84012d827247b3f42f37b550da79cd03\"},\"headline\":\"Carreta com guincho furtado \u00e9 localizada em posto de combust\u00edveis em Pira\u00ed do Sul\",\"datePublished\":\"2026-08-24T11:51:12+00:00\",\"mainEntityOfPage\":{\"@id\":\"https:\\\/\\\/mznoticia.com.br\\\/piraidosul\\\/carreta-com-guincho-furtado-e-localizada-em-posto-de-combustiveis-em-pirai-do-sul\\\/\"},\"wordCount\":329,\"commentCount\":0,\"publisher\":{\"@id\":\"https:\\\/\\\/mznoticia.com.br\\\/piraidosul\\\/#organization\"},\"image\":{\"@id\":\"https:\\\/\\\/mznoticia.com.br\\\/piraidosul\\\/carreta-com-guincho-furtado-e-localizada-em-posto-de-combustiveis-em-pirai-do-sul\\\/#primaryimage\"},\"thumbnailUrl\":\"https:\\\/\\\/mznoticia.com.br\\\/piraidosul\\\/wp-content\\\/uploads\\\/2026\\\/08\\\/pm-mil-2.webp\",\"keywords\":[\"Carreta\",\"destaque\",\"furto\",\"Guincho\",\"Objetos Recuperados\",\"Patrulha Rural\",\"Pira\u00ed do Sul\",\"policia civil\"],\"articleSection\":[\"Policial\"],\"inLanguage\":\"pt-BR\",\"potentialAction\":[{\"@type\":\"CommentAction\",\"name\":\"Comment\",\"target\":[\"https:\\\/\\\/mznoticia.com.br\\\/piraidosul\\\/carreta-com-guincho-furtado-e-localizada-em-posto-de-combustiveis-em-pirai-do-sul\\\/#respond\"]}]},{\"@type\":\"WebPage\",\"@id\":\"https:\\\/\\\/mznoticia.com.br\\\/piraidosul\\\/carreta-com-guincho-furtado-e-localizada-em-posto-de-combustiveis-em-pirai-do-sul\\\/\",\"url\":\"https:\\\/\\\/mznoticia.com.br\\\/piraidosul\\\/carreta-com-guincho-furtado-e-localizada-em-posto-de-combustiveis-em-pirai-do-sul\\\/\",\"name\":\"Carreta com guincho furtado \u00e9 localizada em posto de combust\u00edveis em Pira\u00ed do Sul - Mz Not\u00edcias\",\"isPartOf\":{\"@id\":\"https:\\\/\\\/mznoticia.com.br\\\/piraidosul\\\/#website\"},\"primaryImageOfPage\":{\"@id\":\"https:\\\/\\\/mznoticia.com.br\\\/piraidosul\\\/carreta-com-guincho-furtado-e-localizada-em-posto-de-combustiveis-em-pirai-do-sul\\\/#primaryimage\"},\"image\":{\"@id\":\"https:\\\/\\\/mznoticia.com.br\\\/piraidosul\\\/carreta-com-guincho-furtado-e-localizada-em-posto-de-combustiveis-em-pirai-do-sul\\\/#primaryimage\"},\"thumbnailUrl\":\"https:\\\/\\\/mznoticia.com.br\\\/piraidosul\\\/wp-content\\\/uploads\\\/2026\\\/08\\\/pm-mil-2.webp\",\"datePublished\":\"2026-08-24T11:51:12+00:00\",\"description\":\"Patrulha Rural Comunit\u00e1ria localizou carreta com guincho furtado e outros equipamentos em um posto de combust\u00edveis de Pira\u00ed do Sul.\",\"breadcrumb\":{\"@id\":\"https:\\\/\\\/mznoticia.com.br\\\/piraidosul\\\/carreta-com-guincho-furtado-e-localizada-em-posto-de-combustiveis-em-pirai-do-sul\\\/#breadcrumb\"},\"inLanguage\":\"pt-BR\",\"potentialAction\":[{\"@type\":\"ReadAction\",\"target\":[\"https:\\\/\\\/mznoticia.com.br\\\/piraidosul\\\/carreta-com-guincho-furtado-e-localizada-em-posto-de-combustiveis-em-pirai-do-sul\\\/\"]}]},{\"@type\":\"ImageObject\",\"inLanguage\":\"pt-BR\",\"@id\":\"https:\\\/\\\/mznoticia.com.br\\\/piraidosul\\\/carreta-com-guincho-furtado-e-localizada-em-posto-de-combustiveis-em-pirai-do-sul\\\/#primaryimage\",\"url\":\"https:\\\/\\\/mznoticia.com.br\\\/piraidosul\\\/wp-content\\\/uploads\\\/2026\\\/08\\\/pm-mil-2.webp\",\"contentUrl\":\"https:\\\/\\\/mznoticia.com.br\\\/piraidosul\\\/wp-content\\\/uploads\\\/2026\\\/08\\\/pm-mil-2.webp\",\"width\":1000,\"height\":667},{\"@type\":\"BreadcrumbList\",\"@id\":\"https:\\\/\\\/mznoticia.com.br\\\/piraidosul\\\/carreta-com-guincho-furtado-e-localizada-em-posto-de-combustiveis-em-pirai-do-sul\\\/#breadcrumb\",\"itemListElement\":[{\"@type\":\"ListItem\",\"position\":1,\"name\":\"Home\",\"item\":\"https:\\\/\\\/mznoticia.com.br\\\/piraidosul\\\/\"},{\"@type\":\"ListItem\",\"position\":2,\"name\":\"Carreta com guincho furtado \u00e9 localizada em posto de combust\u00edveis em Pira\u00ed do Sul\"}]},{\"@type\":\"WebSite\",\"@id\":\"https:\\\/\\\/mznoticia.com.br\\\/piraidosul\\\/#website\",\"url\":\"https:\\\/\\\/mznoticia.com.br\\\/piraidosul\\\/\",\"name\":\"Mz Not\u00edcia\",\"description\":\"A informa\u00e7\u00e3o que voc\u00ea precisa na hora certa!\",\"publisher\":{\"@id\":\"https:\\\/\\\/mznoticia.com.br\\\/piraidosul\\\/#organization\"},\"potentialAction\":[{\"@type\":\"SearchAction\",\"target\":{\"@type\":\"EntryPoint\",\"urlTemplate\":\"https:\\\/\\\/mznoticia.com.br\\\/piraidosul\\\/?s={search_term_string}\"},\"query-input\":{\"@type\":\"PropertyValueSpecification\",\"valueRequired\":true,\"valueName\":\"search_term_string\"}}],\"inLanguage\":\"pt-BR\"},{\"@type\":\"Organization\",\"@id\":\"https:\\\/\\\/mznoticia.com.br\\\/piraidosul\\\/#organization\",\"name\":\"Mz Not\u00edcia\",\"url\":\"https:\\\/\\\/mznoticia.com.br\\\/piraidosul\\\/\",\"logo\":{\"@type\":\"ImageObject\",\"inLanguage\":\"pt-BR\",\"@id\":\"https:\\\/\\\/mznoticia.com.br\\\/piraidosul\\\/#\\\/schema\\\/logo\\\/image\\\/\",\"url\":\"https:\\\/\\\/mznoticia.com.br\\\/jaguariaiva\\\/wp-content\\\/uploads\\\/2025\\\/03\\\/Design-sem-nome-4-e1741200616392.png\",\"contentUrl\":\"https:\\\/\\\/mznoticia.com.br\\\/jaguariaiva\\\/wp-content\\\/uploads\\\/2025\\\/03\\\/Design-sem-nome-4-e1741200616392.png\",\"width\":750,\"height\":563,\"caption\":\"Mz Not\u00edcia\"},\"image\":{\"@id\":\"https:\\\/\\\/mznoticia.com.br\\\/piraidosul\\\/#\\\/schema\\\/logo\\\/image\\\/\"},\"sameAs\":[\"https:\\\/\\\/www.facebook.com\\\/profile.php?id=61573479951222\",\"https:\\\/\\\/www.instagram.com\\\/mz.jaguariaiva\\\/\"]},{\"@type\":\"Person\",\"@id\":\"https:\\\/\\\/mznoticia.com.br\\\/piraidosul\\\/#\\\/schema\\\/person\\\/84012d827247b3f42f37b550da79cd03\",\"name\":\"Redacao mz\",\"image\":{\"@type\":\"ImageObject\",\"inLanguage\":\"pt-BR\",\"@id\":\"https:\\\/\\\/secure.gravatar.com\\\/avatar\\\/3835c58a73b55edb97de944593845d3f29acb93b7a088f3bf63afde947ab86ba?s=96&d=simple_local_avatar&r=g\",\"url\":\"https:\\\/\\\/secure.gravatar.com\\\/avatar\\\/3835c58a73b55edb97de944593845d3f29acb93b7a088f3bf63afde947ab86ba?s=96&d=simple_local_avatar&r=g\",\"contentUrl\":\"https:\\\/\\\/secure.gravatar.com\\\/avatar\\\/3835c58a73b55edb97de944593845d3f29acb93b7a088f3bf63afde947ab86ba?s=96&d=simple_local_avatar&r=g\",\"caption\":\"Redacao mz\"},\"sameAs\":[\"http:\\\/\\\/mznoticia.com.br\"],\"url\":\"https:\\\/\\\/mznoticia.com.br\\\/piraidosul\\\/author\\\/lucimara\\\/\"}]}<\/script>\n<!-- \/ Yoast SEO plugin. -->","yoast_head_json":{"title":"Carreta com guincho furtado \u00e9 localizada em posto de combust\u00edveis em Pira\u00ed do Sul - Mz Not\u00edcias","description":"Patrulha Rural Comunit\u00e1ria localizou carreta com guincho furtado e outros equipamentos em um posto de combust\u00edveis de Pira\u00ed do Sul.","robots":{"index":"index","follow":"follow","max-snippet":"max-snippet:-1","max-image-preview":"max-image-preview:large","max-video-preview":"max-video-preview:-1"},"canonical":"https:\/\/mznoticia.com.br\/piraidosul\/carreta-com-guincho-furtado-e-localizada-em-posto-de-combustiveis-em-pirai-do-sul\/","og_locale":"pt_BR","og_type":"article","og_title":"Carreta com guincho furtado \u00e9 localizada em posto de combust\u00edveis em Pira\u00ed do Sul - Mz Not\u00edcias","og_description":"Patrulha Rural Comunit\u00e1ria localizou carreta com guincho furtado e outros equipamentos em um posto de combust\u00edveis de Pira\u00ed do Sul.","og_url":"https:\/\/mznoticia.com.br\/piraidosul\/carreta-com-guincho-furtado-e-localizada-em-posto-de-combustiveis-em-pirai-do-sul\/","og_site_name":"Mz Not\u00edcias","article_publisher":"https:\/\/www.facebook.com\/profile.php?id=61573479951222","article_published_time":"2026-08-24T11:51:12+00:00","og_image":[{"width":1000,"height":667,"url":"https:\/\/mznoticia.com.br\/piraidosul\/wp-content\/uploads\/2026\/08\/pm-mil-2.webp","type":"image\/webp"}],"author":"Redacao mz","twitter_card":"summary_large_image","twitter_misc":{"Escrito por":"Redacao mz","Est. tempo de leitura":"2 minutos"},"schema":{"@context":"https:\/\/schema.org","@graph":[{"@type":"Article","@id":"https:\/\/mznoticia.com.br\/piraidosul\/carreta-com-guincho-furtado-e-localizada-em-posto-de-combustiveis-em-pirai-do-sul\/#article","isPartOf":{"@id":"https:\/\/mznoticia.com.br\/piraidosul\/carreta-com-guincho-furtado-e-localizada-em-posto-de-combustiveis-em-pirai-do-sul\/"},"author":{"name":"Redacao mz","@id":"https:\/\/mznoticia.com.br\/piraidosul\/#\/schema\/person\/84012d827247b3f42f37b550da79cd03"},"headline":"Carreta com guincho furtado \u00e9 localizada em posto de combust\u00edveis em Pira\u00ed do Sul","datePublished":"2026-08-24T11:51:12+00:00","mainEntityOfPage":{"@id":"https:\/\/mznoticia.com.br\/piraidosul\/carreta-com-guincho-furtado-e-localizada-em-posto-de-combustiveis-em-pirai-do-sul\/"},"wordCount":329,"commentCount":0,"publisher":{"@id":"https:\/\/mznoticia.com.br\/piraidosul\/#organization"},"image":{"@id":"https:\/\/mznoticia.com.br\/piraidosul\/carreta-com-guincho-furtado-e-localizada-em-posto-de-combustiveis-em-pirai-do-sul\/#primaryimage"},"thumbnailUrl":"https:\/\/mznoticia.com.br\/piraidosul\/wp-content\/uploads\/2026\/08\/pm-mil-2.webp","keywords":["Carreta","destaque","furto","Guincho","Objetos Recuperados","Patrulha Rural","Pira\u00ed do Sul","policia civil"],"articleSection":["Policial"],"inLanguage":"pt-BR","potentialAction":[{"@type":"CommentAction","name":"Comment","target":["https:\/\/mznoticia.com.br\/piraidosul\/carreta-com-guincho-furtado-e-localizada-em-posto-de-combustiveis-em-pirai-do-sul\/#respond"]}]},{"@type":"WebPage","@id":"https:\/\/mznoticia.com.br\/piraidosul\/carreta-com-guincho-furtado-e-localizada-em-posto-de-combustiveis-em-pirai-do-sul\/","url":"https:\/\/mznoticia.com.br\/piraidosul\/carreta-com-guincho-furtado-e-localizada-em-posto-de-combustiveis-em-pirai-do-sul\/","name":"Carreta com guincho furtado \u00e9 localizada em posto de combust\u00edveis em Pira\u00ed do Sul - Mz Not\u00edcias","isPartOf":{"@id":"https:\/\/mznoticia.com.br\/piraidosul\/#website"},"primaryImageOfPage":{"@id":"https:\/\/mznoticia.com.br\/piraidosul\/carreta-com-guincho-furtado-e-localizada-em-posto-de-combustiveis-em-pirai-do-sul\/#primaryimage"},"image":{"@id":"https:\/\/mznoticia.com.br\/piraidosul\/carreta-com-guincho-furtado-e-localizada-em-posto-de-combustiveis-em-pirai-do-sul\/#primaryimage"},"thumbnailUrl":"https:\/\/mznoticia.com.br\/piraidosul\/wp-content\/uploads\/2026\/08\/pm-mil-2.webp","datePublished":"2026-08-24T11:51:12+00:00","description":"Patrulha Rural Comunit\u00e1ria localizou carreta com guincho furtado e outros equipamentos em um posto de combust\u00edveis de Pira\u00ed do Sul.","breadcrumb":{"@id":"https:\/\/mznoticia.com.br\/piraidosul\/carreta-com-guincho-furtado-e-localizada-em-posto-de-combustiveis-em-pirai-do-sul\/#breadcrumb"},"inLanguage":"pt-BR","potentialAction":[{"@type":"ReadAction","target":["https:\/\/mznoticia.com.br\/piraidosul\/carreta-com-guincho-furtado-e-localizada-em-posto-de-combustiveis-em-pirai-do-sul\/"]}]},{"@type":"ImageObject","inLanguage":"pt-BR","@id":"https:\/\/mznoticia.com.br\/piraidosul\/carreta-com-guincho-furtado-e-localizada-em-posto-de-combustiveis-em-pirai-do-sul\/#primaryimage","url":"https:\/\/mznoticia.com.br\/piraidosul\/wp-content\/uploads\/2026\/08\/pm-mil-2.webp","contentUrl":"https:\/\/mznoticia.com.br\/piraidosul\/wp-content\/uploads\/2026\/08\/pm-mil-2.webp","width":1000,"height":667},{"@type":"BreadcrumbList","@id":"https:\/\/mznoticia.com.br\/piraidosul\/carreta-com-guincho-furtado-e-localizada-em-posto-de-combustiveis-em-pirai-do-sul\/#breadcrumb","itemListElement":[{"@type":"ListItem","position":1,"name":"Home","item":"https:\/\/mznoticia.com.br\/piraidosul\/"},{"@type":"ListItem","position":2,"name":"Carreta com guincho furtado \u00e9 localizada em posto de combust\u00edveis em Pira\u00ed do Sul"}]},{"@type":"WebSite","@id":"https:\/\/mznoticia.com.br\/piraidosul\/#website","url":"https:\/\/mznoticia.com.br\/piraidosul\/","name":"Mz Not\u00edcia","description":"A informa\u00e7\u00e3o que voc\u00ea precisa na hora certa!","publisher":{"@id":"https:\/\/mznoticia.com.br\/piraidosul\/#organization"},"potentialAction":[{"@type":"SearchAction","target":{"@type":"EntryPoint","urlTemplate":"https:\/\/mznoticia.com.br\/piraidosul\/?s={search_term_string}"},"query-input":{"@type":"PropertyValueSpecification","valueRequired":true,"valueName":"search_term_string"}}],"inLanguage":"pt-BR"},{"@type":"Organization","@id":"https:\/\/mznoticia.com.br\/piraidosul\/#organization","name":"Mz Not\u00edcia","url":"https:\/\/mznoticia.com.br\/piraidosul\/","logo":{"@type":"ImageObject","inLanguage":"pt-BR","@id":"https:\/\/mznoticia.com.br\/piraidosul\/#\/schema\/logo\/image\/","url":"https:\/\/mznoticia.com.br\/jaguariaiva\/wp-content\/uploads\/2025\/03\/Design-sem-nome-4-e1741200616392.png","contentUrl":"https:\/\/mznoticia.com.br\/jaguariaiva\/wp-content\/uploads\/2025\/03\/Design-sem-nome-4-e1741200616392.png","width":750,"height":563,"caption":"Mz Not\u00edcia"},"image":{"@id":"https:\/\/mznoticia.com.br\/piraidosul\/#\/schema\/logo\/image\/"},"sameAs":["https:\/\/www.facebook.com\/profile.php?id=61573479951222","https:\/\/www.instagram.com\/mz.jaguariaiva\/"]},{"@type":"Person","@id":"https:\/\/mznoticia.com.br\/piraidosul\/#\/schema\/person\/84012d827247b3f42f37b550da79cd03","name":"Redacao mz","image":{"@type":"ImageObject","inLanguage":"pt-BR","@id":"https:\/\/secure.gravatar.com\/avatar\/3835c58a73b55edb97de944593845d3f29acb93b7a088f3bf63afde947ab86ba?s=96&d=simple_local_avatar&r=g","url":"https:\/\/secure.gravatar.com\/avatar\/3835c58a73b55edb97de944593845d3f29acb93b7a088f3bf63afde947ab86ba?s=96&d=simple_local_avatar&r=g","contentUrl":"https:\/\/secure.gravatar.com\/avatar\/3835c58a73b55edb97de944593845d3f29acb93b7a088f3bf63afde947ab86ba?s=96&d=simple_local_avatar&r=g","caption":"Redacao mz"},"sameAs":["http:\/\/mznoticia.com.br"],"url":"https:\/\/mznoticia.com.br\/piraidosul\/author\/lucimara\/"}]}},"_links":{"self":[{"href":"https:\/\/mznoticia.com.br\/piraidosul\/wp-json\/wp\/v2\/posts\/7310","targetHints":{"allow":["GET"]}}],"collection":[{"href":"https:\/\/mznoticia.com.br\/piraidosul\/wp-json\/wp\/v2\/posts"}],"about":[{"href":"https:\/\/mznoticia.com.br\/piraidosul\/wp-json\/wp\/v2\/types\/post"}],"author":[{"embeddable":true,"href":"https:\/\/mznoticia.com.br\/piraidosul\/wp-json\/wp\/v2\/users\/16"}],"replies":[{"embeddable":true,"href":"https:\/\/mznoticia.com.br\/piraidosul\/wp-json\/wp\/v2\/comments?post=7310"}],"version-history":[{"count":1,"href":"https:\/\/mznoticia.com.br\/piraidosul\/wp-json\/wp\/v2\/posts\/7310\/revisions"}],"predecessor-version":[{"id":7312,"href":"https:\/\/mznoticia.com.br\/piraidosul\/wp-json\/wp\/v2\/posts\/7310\/revisions\/7312"}],"wp:featuredmedia":[{"embeddable":true,"href":"https:\/\/mznoticia.com.br\/piraidosul\/wp-json\/wp\/v2\/media\/7311"}],"wp:attachment":[{"href":"https:\/\/mznoticia.com.br\/piraidosul\/wp-json\/wp\/v2\/media?parent=7310"}],"wp:term":[{"taxonomy":"category","embeddable":true,"href":"https:\/\/mznoticia.com.br\/piraidosul\/wp-json\/wp\/v2\/categories?post=7310"},{"taxonomy":"post_tag","embeddable":true,"href":"https:\/\/mznoticia.com.br\/piraidosul\/wp-json\/wp\/v2\/tags?post=7310"}],"curies":[{"name":"wp","href":"https:\/\/api.w.org\/{rel}","templated":true}]}}