{"id":7346,"date":"2026-08-24T16:32:39","date_gmt":"2026-08-24T16:32:39","guid":{"rendered":"https:\/\/mznoticia.com.br\/piraidosul\/?p=7346"},"modified":"2026-08-24T16:32:39","modified_gmt":"2026-08-24T16:32:39","slug":"neno-aos-80-anos-e-reconhecido-como-a-pessoa-com-sindrome-de-down-mais-longeva-do-brasil","status":"publish","type":"post","link":"https:\/\/mznoticia.com.br\/piraidosul\/neno-aos-80-anos-e-reconhecido-como-a-pessoa-com-sindrome-de-down-mais-longeva-do-brasil\/","title":{"rendered":"Neno, aos 80 anos, \u00e9 reconhecido como a pessoa com s\u00edndrome de Down mais longeva do Brasil"},"content":{"rendered":"<p class=\"PDq2pG_selectionAnchorContainer\" data-start=\"0\" data-end=\"277\">Aos 80 anos, Jo\u00e3o C\u00e9sar Machiori, conhecido como Neno, de S\u00e3o Manuel (SP), foi reconhecido como a pessoa com s\u00edndrome de Down mais longeva do Brasil. Nascido em 1946, ele nunca frequentou a escola, mas construiu uma vida cercada pela fam\u00edlia, amigos e uma rotina de atividades.<\/p>\n<p data-start=\"279\" data-end=\"490\">Neno gosta de passear, dan\u00e7ar, ir \u00e0 igreja, caminhar at\u00e9 a padaria e frequentar a academia. Ap\u00f3s sofrer um AVC, passou a ter mais dificuldade para falar, mas continua se comunicando por meio de gestos e olhares.<\/p>\n<p data-start=\"492\" data-end=\"773\">A longevidade chama aten\u00e7\u00e3o porque, quando Neno nasceu, a expectativa de vida de pessoas com s\u00edndrome de Down era de cerca de 12 anos. Atualmente, a m\u00e9dia est\u00e1 entre 60 e 65 anos. Segundo especialistas, os avan\u00e7os na medicina e nos cuidados de sa\u00fade contribu\u00edram para esse aumento.<\/p>\n<p data-start=\"775\" data-end=\"965\" data-is-last-node=\"\" data-is-only-node=\"\">Para a fam\u00edlia, al\u00e9m dos cuidados m\u00e9dicos, o estilo de vida ativo, o carinho e a conviv\u00eancia social tamb\u00e9m fazem parte da hist\u00f3ria de Neno, que chegou aos 80 anos cercado de afeto e alegria.<\/p>\n","protected":false},"excerpt":{"rendered":"<p>Aos 80 anos, Jo\u00e3o C\u00e9sar Machiori, conhecido como Neno, de S\u00e3o Manuel (SP), foi reconhecido como a pessoa com s\u00edndrome de Down mais longeva do Brasil. Nascido em 1946, ele nunca frequentou a escola, mas construiu uma vida cercada pela fam\u00edlia, amigos e uma rotina de atividades. Neno gosta de passear, dan\u00e7ar, ir \u00e0 igreja, [&hellip;]<\/p>\n","protected":false},"author":16,"featured_media":7347,"comment_status":"open","ping_status":"open","sticky":false,"template":"","format":"standard","meta":{"footnotes":""},"categories":[5],"tags":[82,47,2592,110,681,2588,1847,2590,113,70,2589,2591],"class_list":["post-7346","post","type-post","status-publish","format-standard","has-post-thumbnail","hentry","category-brasil","tag-brasil","tag-destaque","tag-expectativa-de-vida","tag-inclusao","tag-longevidade","tag-neno","tag-qualidade-de-vida","tag-sao-manuel","tag-sao-paulo","tag-saude","tag-sindrome-de-down","tag-terceira-idade"],"yoast_head":"<!-- This site is optimized with the Yoast SEO plugin v28.1 - https:\/\/yoast.com\/product\/yoast-seo-wordpress\/ -->\n<title>Neno, aos 80 anos, \u00e9 reconhecido como a pessoa com s\u00edndrome de Down mais longeva do Brasil - Mz Not\u00edcias<\/title>\n<meta name=\"description\" content=\"Aos 80 anos, Neno, morador de S\u00e3o Manuel (SP), \u00e9 reconhecido como o brasileiro mais longevo com s\u00edndrome de Down.\" \/>\n<meta name=\"robots\" content=\"index, follow, max-snippet:-1, max-image-preview:large, max-video-preview:-1\" \/>\n<link rel=\"canonical\" href=\"https:\/\/mznoticia.com.br\/piraidosul\/neno-aos-80-anos-e-reconhecido-como-a-pessoa-com-sindrome-de-down-mais-longeva-do-brasil\/\" \/>\n<meta property=\"og:locale\" content=\"pt_BR\" \/>\n<meta property=\"og:type\" content=\"article\" \/>\n<meta property=\"og:title\" content=\"Neno, aos 80 anos, \u00e9 reconhecido como a pessoa com s\u00edndrome de Down mais longeva do Brasil - Mz Not\u00edcias\" \/>\n<meta property=\"og:description\" content=\"Aos 80 anos, Neno, morador de S\u00e3o Manuel (SP), \u00e9 reconhecido como o brasileiro mais longevo com s\u00edndrome de Down.\" \/>\n<meta property=\"og:url\" content=\"https:\/\/mznoticia.com.br\/piraidosul\/neno-aos-80-anos-e-reconhecido-como-a-pessoa-com-sindrome-de-down-mais-longeva-do-brasil\/\" \/>\n<meta property=\"og:site_name\" content=\"Mz Not\u00edcias\" \/>\n<meta property=\"article:publisher\" content=\"https:\/\/www.facebook.com\/profile.php?id=61573479951222\" \/>\n<meta property=\"article:published_time\" content=\"2026-08-24T16:32:39+00:00\" \/>\n<meta property=\"og:image\" content=\"https:\/\/mznoticia.com.br\/piraidosul\/wp-content\/uploads\/2026\/08\/10.jpg-9.webp\" \/>\n\t<meta property=\"og:image:width\" content=\"960\" \/>\n\t<meta property=\"og:image:height\" content=\"540\" \/>\n\t<meta property=\"og:image:type\" content=\"image\/webp\" \/>\n<meta name=\"author\" content=\"Redacao mz\" \/>\n<meta name=\"twitter:card\" content=\"summary_large_image\" \/>\n<meta name=\"twitter:label1\" content=\"Escrito por\" \/>\n\t<meta name=\"twitter:data1\" content=\"Redacao mz\" \/>\n\t<meta name=\"twitter:label2\" content=\"Est. tempo de leitura\" \/>\n\t<meta name=\"twitter:data2\" content=\"2 minutos\" \/>\n<script type=\"application\/ld+json\" class=\"yoast-schema-graph\">{\"@context\":\"https:\\\/\\\/schema.org\",\"@graph\":[{\"@type\":\"Article\",\"@id\":\"https:\\\/\\\/mznoticia.com.br\\\/piraidosul\\\/neno-aos-80-anos-e-reconhecido-como-a-pessoa-com-sindrome-de-down-mais-longeva-do-brasil\\\/#article\",\"isPartOf\":{\"@id\":\"https:\\\/\\\/mznoticia.com.br\\\/piraidosul\\\/neno-aos-80-anos-e-reconhecido-como-a-pessoa-com-sindrome-de-down-mais-longeva-do-brasil\\\/\"},\"author\":{\"name\":\"Redacao mz\",\"@id\":\"https:\\\/\\\/mznoticia.com.br\\\/piraidosul\\\/#\\\/schema\\\/person\\\/84012d827247b3f42f37b550da79cd03\"},\"headline\":\"Neno, aos 80 anos, \u00e9 reconhecido como a pessoa com s\u00edndrome de Down mais longeva do Brasil\",\"datePublished\":\"2026-08-24T16:32:39+00:00\",\"mainEntityOfPage\":{\"@id\":\"https:\\\/\\\/mznoticia.com.br\\\/piraidosul\\\/neno-aos-80-anos-e-reconhecido-como-a-pessoa-com-sindrome-de-down-mais-longeva-do-brasil\\\/\"},\"wordCount\":195,\"commentCount\":0,\"publisher\":{\"@id\":\"https:\\\/\\\/mznoticia.com.br\\\/piraidosul\\\/#organization\"},\"image\":{\"@id\":\"https:\\\/\\\/mznoticia.com.br\\\/piraidosul\\\/neno-aos-80-anos-e-reconhecido-como-a-pessoa-com-sindrome-de-down-mais-longeva-do-brasil\\\/#primaryimage\"},\"thumbnailUrl\":\"https:\\\/\\\/mznoticia.com.br\\\/piraidosul\\\/wp-content\\\/uploads\\\/2026\\\/08\\\/10.jpg-9.webp\",\"keywords\":[\"brasil\",\"destaque\",\"expectativa de vida\",\"Inclus\u00e3o\",\"Longevidade\",\"Neno\",\"Qualidade de Vida\",\"S\u00e3o Manuel\",\"S\u00e3o Paulo\",\"saude\",\"s\u00edndrome de Down\",\"terceira idade\"],\"articleSection\":[\"Brasil\"],\"inLanguage\":\"pt-BR\",\"potentialAction\":[{\"@type\":\"CommentAction\",\"name\":\"Comment\",\"target\":[\"https:\\\/\\\/mznoticia.com.br\\\/piraidosul\\\/neno-aos-80-anos-e-reconhecido-como-a-pessoa-com-sindrome-de-down-mais-longeva-do-brasil\\\/#respond\"]}]},{\"@type\":\"WebPage\",\"@id\":\"https:\\\/\\\/mznoticia.com.br\\\/piraidosul\\\/neno-aos-80-anos-e-reconhecido-como-a-pessoa-com-sindrome-de-down-mais-longeva-do-brasil\\\/\",\"url\":\"https:\\\/\\\/mznoticia.com.br\\\/piraidosul\\\/neno-aos-80-anos-e-reconhecido-como-a-pessoa-com-sindrome-de-down-mais-longeva-do-brasil\\\/\",\"name\":\"Neno, aos 80 anos, \u00e9 reconhecido como a pessoa com s\u00edndrome de Down mais longeva do Brasil - Mz Not\u00edcias\",\"isPartOf\":{\"@id\":\"https:\\\/\\\/mznoticia.com.br\\\/piraidosul\\\/#website\"},\"primaryImageOfPage\":{\"@id\":\"https:\\\/\\\/mznoticia.com.br\\\/piraidosul\\\/neno-aos-80-anos-e-reconhecido-como-a-pessoa-com-sindrome-de-down-mais-longeva-do-brasil\\\/#primaryimage\"},\"image\":{\"@id\":\"https:\\\/\\\/mznoticia.com.br\\\/piraidosul\\\/neno-aos-80-anos-e-reconhecido-como-a-pessoa-com-sindrome-de-down-mais-longeva-do-brasil\\\/#primaryimage\"},\"thumbnailUrl\":\"https:\\\/\\\/mznoticia.com.br\\\/piraidosul\\\/wp-content\\\/uploads\\\/2026\\\/08\\\/10.jpg-9.webp\",\"datePublished\":\"2026-08-24T16:32:39+00:00\",\"description\":\"Aos 80 anos, Neno, morador de S\u00e3o Manuel (SP), \u00e9 reconhecido como o brasileiro mais longevo com s\u00edndrome de Down.\",\"breadcrumb\":{\"@id\":\"https:\\\/\\\/mznoticia.com.br\\\/piraidosul\\\/neno-aos-80-anos-e-reconhecido-como-a-pessoa-com-sindrome-de-down-mais-longeva-do-brasil\\\/#breadcrumb\"},\"inLanguage\":\"pt-BR\",\"potentialAction\":[{\"@type\":\"ReadAction\",\"target\":[\"https:\\\/\\\/mznoticia.com.br\\\/piraidosul\\\/neno-aos-80-anos-e-reconhecido-como-a-pessoa-com-sindrome-de-down-mais-longeva-do-brasil\\\/\"]}]},{\"@type\":\"ImageObject\",\"inLanguage\":\"pt-BR\",\"@id\":\"https:\\\/\\\/mznoticia.com.br\\\/piraidosul\\\/neno-aos-80-anos-e-reconhecido-como-a-pessoa-com-sindrome-de-down-mais-longeva-do-brasil\\\/#primaryimage\",\"url\":\"https:\\\/\\\/mznoticia.com.br\\\/piraidosul\\\/wp-content\\\/uploads\\\/2026\\\/08\\\/10.jpg-9.webp\",\"contentUrl\":\"https:\\\/\\\/mznoticia.com.br\\\/piraidosul\\\/wp-content\\\/uploads\\\/2026\\\/08\\\/10.jpg-9.webp\",\"width\":960,\"height\":540},{\"@type\":\"BreadcrumbList\",\"@id\":\"https:\\\/\\\/mznoticia.com.br\\\/piraidosul\\\/neno-aos-80-anos-e-reconhecido-como-a-pessoa-com-sindrome-de-down-mais-longeva-do-brasil\\\/#breadcrumb\",\"itemListElement\":[{\"@type\":\"ListItem\",\"position\":1,\"name\":\"Home\",\"item\":\"https:\\\/\\\/mznoticia.com.br\\\/piraidosul\\\/\"},{\"@type\":\"ListItem\",\"position\":2,\"name\":\"Neno, aos 80 anos, \u00e9 reconhecido como a pessoa com s\u00edndrome de Down mais longeva do Brasil\"}]},{\"@type\":\"WebSite\",\"@id\":\"https:\\\/\\\/mznoticia.com.br\\\/piraidosul\\\/#website\",\"url\":\"https:\\\/\\\/mznoticia.com.br\\\/piraidosul\\\/\",\"name\":\"Mz Not\u00edcia\",\"description\":\"A informa\u00e7\u00e3o que voc\u00ea precisa na hora certa!\",\"publisher\":{\"@id\":\"https:\\\/\\\/mznoticia.com.br\\\/piraidosul\\\/#organization\"},\"potentialAction\":[{\"@type\":\"SearchAction\",\"target\":{\"@type\":\"EntryPoint\",\"urlTemplate\":\"https:\\\/\\\/mznoticia.com.br\\\/piraidosul\\\/?s={search_term_string}\"},\"query-input\":{\"@type\":\"PropertyValueSpecification\",\"valueRequired\":true,\"valueName\":\"search_term_string\"}}],\"inLanguage\":\"pt-BR\"},{\"@type\":\"Organization\",\"@id\":\"https:\\\/\\\/mznoticia.com.br\\\/piraidosul\\\/#organization\",\"name\":\"Mz Not\u00edcia\",\"url\":\"https:\\\/\\\/mznoticia.com.br\\\/piraidosul\\\/\",\"logo\":{\"@type\":\"ImageObject\",\"inLanguage\":\"pt-BR\",\"@id\":\"https:\\\/\\\/mznoticia.com.br\\\/piraidosul\\\/#\\\/schema\\\/logo\\\/image\\\/\",\"url\":\"https:\\\/\\\/mznoticia.com.br\\\/jaguariaiva\\\/wp-content\\\/uploads\\\/2025\\\/03\\\/Design-sem-nome-4-e1741200616392.png\",\"contentUrl\":\"https:\\\/\\\/mznoticia.com.br\\\/jaguariaiva\\\/wp-content\\\/uploads\\\/2025\\\/03\\\/Design-sem-nome-4-e1741200616392.png\",\"width\":750,\"height\":563,\"caption\":\"Mz Not\u00edcia\"},\"image\":{\"@id\":\"https:\\\/\\\/mznoticia.com.br\\\/piraidosul\\\/#\\\/schema\\\/logo\\\/image\\\/\"},\"sameAs\":[\"https:\\\/\\\/www.facebook.com\\\/profile.php?id=61573479951222\",\"https:\\\/\\\/www.instagram.com\\\/mz.jaguariaiva\\\/\"]},{\"@type\":\"Person\",\"@id\":\"https:\\\/\\\/mznoticia.com.br\\\/piraidosul\\\/#\\\/schema\\\/person\\\/84012d827247b3f42f37b550da79cd03\",\"name\":\"Redacao mz\",\"image\":{\"@type\":\"ImageObject\",\"inLanguage\":\"pt-BR\",\"@id\":\"https:\\\/\\\/secure.gravatar.com\\\/avatar\\\/3835c58a73b55edb97de944593845d3f29acb93b7a088f3bf63afde947ab86ba?s=96&d=simple_local_avatar&r=g\",\"url\":\"https:\\\/\\\/secure.gravatar.com\\\/avatar\\\/3835c58a73b55edb97de944593845d3f29acb93b7a088f3bf63afde947ab86ba?s=96&d=simple_local_avatar&r=g\",\"contentUrl\":\"https:\\\/\\\/secure.gravatar.com\\\/avatar\\\/3835c58a73b55edb97de944593845d3f29acb93b7a088f3bf63afde947ab86ba?s=96&d=simple_local_avatar&r=g\",\"caption\":\"Redacao mz\"},\"sameAs\":[\"http:\\\/\\\/mznoticia.com.br\"],\"url\":\"https:\\\/\\\/mznoticia.com.br\\\/piraidosul\\\/author\\\/lucimara\\\/\"}]}<\/script>\n<!-- \/ Yoast SEO plugin. -->","yoast_head_json":{"title":"Neno, aos 80 anos, \u00e9 reconhecido como a pessoa com s\u00edndrome de Down mais longeva do Brasil - Mz Not\u00edcias","description":"Aos 80 anos, Neno, morador de S\u00e3o Manuel (SP), \u00e9 reconhecido como o brasileiro mais longevo com s\u00edndrome de Down.","robots":{"index":"index","follow":"follow","max-snippet":"max-snippet:-1","max-image-preview":"max-image-preview:large","max-video-preview":"max-video-preview:-1"},"canonical":"https:\/\/mznoticia.com.br\/piraidosul\/neno-aos-80-anos-e-reconhecido-como-a-pessoa-com-sindrome-de-down-mais-longeva-do-brasil\/","og_locale":"pt_BR","og_type":"article","og_title":"Neno, aos 80 anos, \u00e9 reconhecido como a pessoa com s\u00edndrome de Down mais longeva do Brasil - Mz Not\u00edcias","og_description":"Aos 80 anos, Neno, morador de S\u00e3o Manuel (SP), \u00e9 reconhecido como o brasileiro mais longevo com s\u00edndrome de Down.","og_url":"https:\/\/mznoticia.com.br\/piraidosul\/neno-aos-80-anos-e-reconhecido-como-a-pessoa-com-sindrome-de-down-mais-longeva-do-brasil\/","og_site_name":"Mz Not\u00edcias","article_publisher":"https:\/\/www.facebook.com\/profile.php?id=61573479951222","article_published_time":"2026-08-24T16:32:39+00:00","og_image":[{"width":960,"height":540,"url":"https:\/\/mznoticia.com.br\/piraidosul\/wp-content\/uploads\/2026\/08\/10.jpg-9.webp","type":"image\/webp"}],"author":"Redacao mz","twitter_card":"summary_large_image","twitter_misc":{"Escrito por":"Redacao mz","Est. tempo de leitura":"2 minutos"},"schema":{"@context":"https:\/\/schema.org","@graph":[{"@type":"Article","@id":"https:\/\/mznoticia.com.br\/piraidosul\/neno-aos-80-anos-e-reconhecido-como-a-pessoa-com-sindrome-de-down-mais-longeva-do-brasil\/#article","isPartOf":{"@id":"https:\/\/mznoticia.com.br\/piraidosul\/neno-aos-80-anos-e-reconhecido-como-a-pessoa-com-sindrome-de-down-mais-longeva-do-brasil\/"},"author":{"name":"Redacao mz","@id":"https:\/\/mznoticia.com.br\/piraidosul\/#\/schema\/person\/84012d827247b3f42f37b550da79cd03"},"headline":"Neno, aos 80 anos, \u00e9 reconhecido como a pessoa com s\u00edndrome de Down mais longeva do Brasil","datePublished":"2026-08-24T16:32:39+00:00","mainEntityOfPage":{"@id":"https:\/\/mznoticia.com.br\/piraidosul\/neno-aos-80-anos-e-reconhecido-como-a-pessoa-com-sindrome-de-down-mais-longeva-do-brasil\/"},"wordCount":195,"commentCount":0,"publisher":{"@id":"https:\/\/mznoticia.com.br\/piraidosul\/#organization"},"image":{"@id":"https:\/\/mznoticia.com.br\/piraidosul\/neno-aos-80-anos-e-reconhecido-como-a-pessoa-com-sindrome-de-down-mais-longeva-do-brasil\/#primaryimage"},"thumbnailUrl":"https:\/\/mznoticia.com.br\/piraidosul\/wp-content\/uploads\/2026\/08\/10.jpg-9.webp","keywords":["brasil","destaque","expectativa de vida","Inclus\u00e3o","Longevidade","Neno","Qualidade de Vida","S\u00e3o Manuel","S\u00e3o Paulo","saude","s\u00edndrome de Down","terceira idade"],"articleSection":["Brasil"],"inLanguage":"pt-BR","potentialAction":[{"@type":"CommentAction","name":"Comment","target":["https:\/\/mznoticia.com.br\/piraidosul\/neno-aos-80-anos-e-reconhecido-como-a-pessoa-com-sindrome-de-down-mais-longeva-do-brasil\/#respond"]}]},{"@type":"WebPage","@id":"https:\/\/mznoticia.com.br\/piraidosul\/neno-aos-80-anos-e-reconhecido-como-a-pessoa-com-sindrome-de-down-mais-longeva-do-brasil\/","url":"https:\/\/mznoticia.com.br\/piraidosul\/neno-aos-80-anos-e-reconhecido-como-a-pessoa-com-sindrome-de-down-mais-longeva-do-brasil\/","name":"Neno, aos 80 anos, \u00e9 reconhecido como a pessoa com s\u00edndrome de Down mais longeva do Brasil - Mz Not\u00edcias","isPartOf":{"@id":"https:\/\/mznoticia.com.br\/piraidosul\/#website"},"primaryImageOfPage":{"@id":"https:\/\/mznoticia.com.br\/piraidosul\/neno-aos-80-anos-e-reconhecido-como-a-pessoa-com-sindrome-de-down-mais-longeva-do-brasil\/#primaryimage"},"image":{"@id":"https:\/\/mznoticia.com.br\/piraidosul\/neno-aos-80-anos-e-reconhecido-como-a-pessoa-com-sindrome-de-down-mais-longeva-do-brasil\/#primaryimage"},"thumbnailUrl":"https:\/\/mznoticia.com.br\/piraidosul\/wp-content\/uploads\/2026\/08\/10.jpg-9.webp","datePublished":"2026-08-24T16:32:39+00:00","description":"Aos 80 anos, Neno, morador de S\u00e3o Manuel (SP), \u00e9 reconhecido como o brasileiro mais longevo com s\u00edndrome de Down.","breadcrumb":{"@id":"https:\/\/mznoticia.com.br\/piraidosul\/neno-aos-80-anos-e-reconhecido-como-a-pessoa-com-sindrome-de-down-mais-longeva-do-brasil\/#breadcrumb"},"inLanguage":"pt-BR","potentialAction":[{"@type":"ReadAction","target":["https:\/\/mznoticia.com.br\/piraidosul\/neno-aos-80-anos-e-reconhecido-como-a-pessoa-com-sindrome-de-down-mais-longeva-do-brasil\/"]}]},{"@type":"ImageObject","inLanguage":"pt-BR","@id":"https:\/\/mznoticia.com.br\/piraidosul\/neno-aos-80-anos-e-reconhecido-como-a-pessoa-com-sindrome-de-down-mais-longeva-do-brasil\/#primaryimage","url":"https:\/\/mznoticia.com.br\/piraidosul\/wp-content\/uploads\/2026\/08\/10.jpg-9.webp","contentUrl":"https:\/\/mznoticia.com.br\/piraidosul\/wp-content\/uploads\/2026\/08\/10.jpg-9.webp","width":960,"height":540},{"@type":"BreadcrumbList","@id":"https:\/\/mznoticia.com.br\/piraidosul\/neno-aos-80-anos-e-reconhecido-como-a-pessoa-com-sindrome-de-down-mais-longeva-do-brasil\/#breadcrumb","itemListElement":[{"@type":"ListItem","position":1,"name":"Home","item":"https:\/\/mznoticia.com.br\/piraidosul\/"},{"@type":"ListItem","position":2,"name":"Neno, aos 80 anos, \u00e9 reconhecido como a pessoa com s\u00edndrome de Down mais longeva do Brasil"}]},{"@type":"WebSite","@id":"https:\/\/mznoticia.com.br\/piraidosul\/#website","url":"https:\/\/mznoticia.com.br\/piraidosul\/","name":"Mz Not\u00edcia","description":"A informa\u00e7\u00e3o que voc\u00ea precisa na hora certa!","publisher":{"@id":"https:\/\/mznoticia.com.br\/piraidosul\/#organization"},"potentialAction":[{"@type":"SearchAction","target":{"@type":"EntryPoint","urlTemplate":"https:\/\/mznoticia.com.br\/piraidosul\/?s={search_term_string}"},"query-input":{"@type":"PropertyValueSpecification","valueRequired":true,"valueName":"search_term_string"}}],"inLanguage":"pt-BR"},{"@type":"Organization","@id":"https:\/\/mznoticia.com.br\/piraidosul\/#organization","name":"Mz Not\u00edcia","url":"https:\/\/mznoticia.com.br\/piraidosul\/","logo":{"@type":"ImageObject","inLanguage":"pt-BR","@id":"https:\/\/mznoticia.com.br\/piraidosul\/#\/schema\/logo\/image\/","url":"https:\/\/mznoticia.com.br\/jaguariaiva\/wp-content\/uploads\/2025\/03\/Design-sem-nome-4-e1741200616392.png","contentUrl":"https:\/\/mznoticia.com.br\/jaguariaiva\/wp-content\/uploads\/2025\/03\/Design-sem-nome-4-e1741200616392.png","width":750,"height":563,"caption":"Mz Not\u00edcia"},"image":{"@id":"https:\/\/mznoticia.com.br\/piraidosul\/#\/schema\/logo\/image\/"},"sameAs":["https:\/\/www.facebook.com\/profile.php?id=61573479951222","https:\/\/www.instagram.com\/mz.jaguariaiva\/"]},{"@type":"Person","@id":"https:\/\/mznoticia.com.br\/piraidosul\/#\/schema\/person\/84012d827247b3f42f37b550da79cd03","name":"Redacao mz","image":{"@type":"ImageObject","inLanguage":"pt-BR","@id":"https:\/\/secure.gravatar.com\/avatar\/3835c58a73b55edb97de944593845d3f29acb93b7a088f3bf63afde947ab86ba?s=96&d=simple_local_avatar&r=g","url":"https:\/\/secure.gravatar.com\/avatar\/3835c58a73b55edb97de944593845d3f29acb93b7a088f3bf63afde947ab86ba?s=96&d=simple_local_avatar&r=g","contentUrl":"https:\/\/secure.gravatar.com\/avatar\/3835c58a73b55edb97de944593845d3f29acb93b7a088f3bf63afde947ab86ba?s=96&d=simple_local_avatar&r=g","caption":"Redacao mz"},"sameAs":["http:\/\/mznoticia.com.br"],"url":"https:\/\/mznoticia.com.br\/piraidosul\/author\/lucimara\/"}]}},"_links":{"self":[{"href":"https:\/\/mznoticia.com.br\/piraidosul\/wp-json\/wp\/v2\/posts\/7346","targetHints":{"allow":["GET"]}}],"collection":[{"href":"https:\/\/mznoticia.com.br\/piraidosul\/wp-json\/wp\/v2\/posts"}],"about":[{"href":"https:\/\/mznoticia.com.br\/piraidosul\/wp-json\/wp\/v2\/types\/post"}],"author":[{"embeddable":true,"href":"https:\/\/mznoticia.com.br\/piraidosul\/wp-json\/wp\/v2\/users\/16"}],"replies":[{"embeddable":true,"href":"https:\/\/mznoticia.com.br\/piraidosul\/wp-json\/wp\/v2\/comments?post=7346"}],"version-history":[{"count":1,"href":"https:\/\/mznoticia.com.br\/piraidosul\/wp-json\/wp\/v2\/posts\/7346\/revisions"}],"predecessor-version":[{"id":7348,"href":"https:\/\/mznoticia.com.br\/piraidosul\/wp-json\/wp\/v2\/posts\/7346\/revisions\/7348"}],"wp:featuredmedia":[{"embeddable":true,"href":"https:\/\/mznoticia.com.br\/piraidosul\/wp-json\/wp\/v2\/media\/7347"}],"wp:attachment":[{"href":"https:\/\/mznoticia.com.br\/piraidosul\/wp-json\/wp\/v2\/media?parent=7346"}],"wp:term":[{"taxonomy":"category","embeddable":true,"href":"https:\/\/mznoticia.com.br\/piraidosul\/wp-json\/wp\/v2\/categories?post=7346"},{"taxonomy":"post_tag","embeddable":true,"href":"https:\/\/mznoticia.com.br\/piraidosul\/wp-json\/wp\/v2\/tags?post=7346"}],"curies":[{"name":"wp","href":"https:\/\/api.w.org\/{rel}","templated":true}]}}