{"id":7352,"date":"2026-08-24T17:10:49","date_gmt":"2026-08-24T17:10:49","guid":{"rendered":"https:\/\/mznoticia.com.br\/piraidosul\/?p=7352"},"modified":"2026-08-24T17:10:49","modified_gmt":"2026-08-24T17:10:49","slug":"pirai-do-sul-amplia-monitoramento-meteorologico-com-instalacao-de-novos-pluviometros","status":"publish","type":"post","link":"https:\/\/mznoticia.com.br\/piraidosul\/pirai-do-sul-amplia-monitoramento-meteorologico-com-instalacao-de-novos-pluviometros\/","title":{"rendered":"Pira\u00ed do Sul amplia monitoramento meteorol\u00f3gico com instala\u00e7\u00e3o de novos pluvi\u00f4metros"},"content":{"rendered":"<h2 class=\"PDq2pG_selectionAnchorContainer\" data-section-id=\"1oqlf34\" data-start=\"88\" data-end=\"232\">Equipamentos autom\u00e1ticos permitem acompanhar o volume de chuvas e refor\u00e7am a preven\u00e7\u00e3o de riscos como alagamentos, enxurradas e deslizamentos<\/h2>\n<h3 data-section-id=\"1aevbxm\" data-start=\"234\" data-end=\"288\">Novos equipamentos foram instalados na \u00e1rea urbana<\/h3>\n<p data-start=\"290\" data-end=\"670\">O munic\u00edpio de Pira\u00ed do Sul ampliou a estrutura de monitoramento meteorol\u00f3gico com a instala\u00e7\u00e3o de <strong data-start=\"389\" data-end=\"428\">dois novos pluvi\u00f4metros autom\u00e1ticos<\/strong> na \u00e1rea urbana. Os equipamentos foram recebidos por meio do Centro Nacional de Monitoramento e Alertas de Desastres Naturais (Cemaden) e instalados na Secretaria Municipal de Agropecu\u00e1ria e Abastecimento e no CMEI Cec\u00edlia de Freitas Barbosa.<\/p>\n<p data-start=\"672\" data-end=\"854\">A medida aumenta a capacidade do munic\u00edpio de acompanhar as condi\u00e7\u00f5es meteorol\u00f3gicas e o volume de chuvas, contribuindo para a\u00e7\u00f5es preventivas diante de poss\u00edveis situa\u00e7\u00f5es de risco.<\/p>\n<h3 data-section-id=\"5i2iul\" data-start=\"856\" data-end=\"907\">Monitoramento ajuda na preven\u00e7\u00e3o de ocorr\u00eancias<\/h3>\n<p data-start=\"909\" data-end=\"1143\">Os pluvi\u00f4metros autom\u00e1ticos medem a quantidade de chuva acumulada em determinado per\u00edodo. Os dados coletados podem ser acompanhados e analisados pelas equipes respons\u00e1veis pelo monitoramento e pela preven\u00e7\u00e3o de ocorr\u00eancias clim\u00e1ticas.<\/p>\n<p data-start=\"1145\" data-end=\"1347\">Com informa\u00e7\u00f5es mais precisas sobre as precipita\u00e7\u00f5es, o munic\u00edpio passa a contar com mais uma ferramenta para avaliar situa\u00e7\u00f5es que possam favorecer <strong data-start=\"1294\" data-end=\"1346\">alagamentos, enxurradas e deslizamentos de terra<\/strong>.<\/p>\n<h3 data-section-id=\"1qphthc\" data-start=\"1349\" data-end=\"1403\">Defesa Civil ganha refor\u00e7o para tomada de decis\u00f5es<\/h3>\n<p data-start=\"1405\" data-end=\"1512\">A amplia\u00e7\u00e3o da rede de monitoramento fortalece o trabalho preventivo realizado pela Defesa Civil Municipal.<\/p>\n<p data-start=\"1514\" data-end=\"1684\">Os dados obtidos pelos equipamentos podem auxiliar as equipes na avalia\u00e7\u00e3o das condi\u00e7\u00f5es clim\u00e1ticas e na tomada de decis\u00f5es em situa\u00e7\u00f5es que apresentem risco \u00e0 popula\u00e7\u00e3o.<\/p>\n<p data-start=\"1686\" data-end=\"1833\">Segundo o prefeito Henrique Carneiro, a instala\u00e7\u00e3o dos novos pluvi\u00f4metros representa um refor\u00e7o nas a\u00e7\u00f5es de preven\u00e7\u00e3o e seguran\u00e7a em Pira\u00ed do Sul.<\/p>\n<p data-start=\"1835\" data-end=\"2189\">\u201cEstamos fortalecendo o trabalho preventivo da Defesa Civil e ampliando nossa capacidade de acompanhar as condi\u00e7\u00f5es clim\u00e1ticas em Pira\u00ed do Sul. Esses novos equipamentos nos permitem ter informa\u00e7\u00f5es mais precisas sobre o volume de chuvas e, principalmente, ajudam na tomada de decis\u00f5es diante de situa\u00e7\u00f5es que possam oferecer risco \u00e0 popula\u00e7\u00e3o\u201d, destacou.<\/p>\n","protected":false},"excerpt":{"rendered":"<p>Equipamentos autom\u00e1ticos permitem acompanhar o volume de chuvas e refor\u00e7am a preven\u00e7\u00e3o de riscos como alagamentos, enxurradas e deslizamentos Novos equipamentos foram instalados na \u00e1rea urbana O munic\u00edpio de Pira\u00ed do Sul ampliou a estrutura de monitoramento meteorol\u00f3gico com a instala\u00e7\u00e3o de dois novos pluvi\u00f4metros autom\u00e1ticos na \u00e1rea urbana. Os equipamentos foram recebidos por meio [&hellip;]<\/p>\n","protected":false},"author":16,"featured_media":7353,"comment_status":"open","ping_status":"open","sticky":false,"template":"","format":"standard","meta":{"footnotes":""},"categories":[12],"tags":[901,840,414,413,558,1336,47,2181,2597,77,135,2596,555,2598,377],"class_list":["post-7352","post","type-post","status-publish","format-standard","has-post-thumbnail","hentry","category-geral","tag-alagamentos","tag-cemaden","tag-chuvas","tag-clima","tag-defesa-civil","tag-deslizamentos","tag-destaque","tag-enxurradas","tag-monitoramento-meteorologico","tag-parana","tag-pirai-do-sul","tag-pluviometros","tag-prevencao","tag-regiao-dos-campos-gerais","tag-seguranca"],"yoast_head":"<!-- This site is optimized with the Yoast SEO plugin v28.1 - https:\/\/yoast.com\/product\/yoast-seo-wordpress\/ -->\n<title>Pira\u00ed do Sul amplia monitoramento meteorol\u00f3gico com instala\u00e7\u00e3o de novos pluvi\u00f4metros - Mz Not\u00edcias<\/title>\n<meta name=\"description\" content=\"Pira\u00ed do Sul instala dois novos pluvi\u00f4metros autom\u00e1ticos para ampliar o monitoramento das chuvas e refor\u00e7ar a preven\u00e7\u00e3o de riscos clim\u00e1ticos.\" \/>\n<meta name=\"robots\" content=\"index, follow, max-snippet:-1, max-image-preview:large, max-video-preview:-1\" \/>\n<link rel=\"canonical\" href=\"https:\/\/mznoticia.com.br\/piraidosul\/pirai-do-sul-amplia-monitoramento-meteorologico-com-instalacao-de-novos-pluviometros\/\" \/>\n<meta property=\"og:locale\" content=\"pt_BR\" \/>\n<meta property=\"og:type\" content=\"article\" \/>\n<meta property=\"og:title\" content=\"Pira\u00ed do Sul amplia monitoramento meteorol\u00f3gico com instala\u00e7\u00e3o de novos pluvi\u00f4metros - Mz Not\u00edcias\" \/>\n<meta property=\"og:description\" content=\"Pira\u00ed do Sul instala dois novos pluvi\u00f4metros autom\u00e1ticos para ampliar o monitoramento das chuvas e refor\u00e7ar a preven\u00e7\u00e3o de riscos clim\u00e1ticos.\" \/>\n<meta property=\"og:url\" content=\"https:\/\/mznoticia.com.br\/piraidosul\/pirai-do-sul-amplia-monitoramento-meteorologico-com-instalacao-de-novos-pluviometros\/\" \/>\n<meta property=\"og:site_name\" content=\"Mz Not\u00edcias\" \/>\n<meta property=\"article:publisher\" content=\"https:\/\/www.facebook.com\/profile.php?id=61573479951222\" \/>\n<meta property=\"article:published_time\" content=\"2026-08-24T17:10:49+00:00\" \/>\n<meta name=\"author\" content=\"Redacao mz\" \/>\n<meta name=\"twitter:card\" content=\"summary_large_image\" \/>\n<meta name=\"twitter:label1\" content=\"Escrito por\" \/>\n\t<meta name=\"twitter:data1\" content=\"Redacao mz\" \/>\n\t<meta name=\"twitter:label2\" content=\"Est. tempo de leitura\" \/>\n\t<meta name=\"twitter:data2\" content=\"2 minutos\" \/>\n<script type=\"application\/ld+json\" class=\"yoast-schema-graph\">{\"@context\":\"https:\\\/\\\/schema.org\",\"@graph\":[{\"@type\":\"Article\",\"@id\":\"https:\\\/\\\/mznoticia.com.br\\\/piraidosul\\\/pirai-do-sul-amplia-monitoramento-meteorologico-com-instalacao-de-novos-pluviometros\\\/#article\",\"isPartOf\":{\"@id\":\"https:\\\/\\\/mznoticia.com.br\\\/piraidosul\\\/pirai-do-sul-amplia-monitoramento-meteorologico-com-instalacao-de-novos-pluviometros\\\/\"},\"author\":{\"name\":\"Redacao mz\",\"@id\":\"https:\\\/\\\/mznoticia.com.br\\\/piraidosul\\\/#\\\/schema\\\/person\\\/84012d827247b3f42f37b550da79cd03\"},\"headline\":\"Pira\u00ed do Sul amplia monitoramento meteorol\u00f3gico com instala\u00e7\u00e3o de novos pluvi\u00f4metros\",\"datePublished\":\"2026-08-24T17:10:49+00:00\",\"mainEntityOfPage\":{\"@id\":\"https:\\\/\\\/mznoticia.com.br\\\/piraidosul\\\/pirai-do-sul-amplia-monitoramento-meteorologico-com-instalacao-de-novos-pluviometros\\\/\"},\"wordCount\":360,\"commentCount\":0,\"publisher\":{\"@id\":\"https:\\\/\\\/mznoticia.com.br\\\/piraidosul\\\/#organization\"},\"image\":{\"@id\":\"https:\\\/\\\/mznoticia.com.br\\\/piraidosul\\\/pirai-do-sul-amplia-monitoramento-meteorologico-com-instalacao-de-novos-pluviometros\\\/#primaryimage\"},\"thumbnailUrl\":\"https:\\\/\\\/mznoticia.com.br\\\/piraidosul\\\/wp-content\\\/uploads\\\/2026\\\/08\\\/50-3.avif\",\"keywords\":[\"Alagamentos\",\"Cemaden\",\"Chuvas\",\"Clima\",\"defesa civil\",\"Deslizamentos\",\"destaque\",\"enxurradas\",\"monitoramento meteorol\u00f3gico\",\"parana\",\"Pira\u00ed do Sul\",\"pluvi\u00f4metros\",\"preven\u00e7\u00e3o\",\"regi\u00e3o dos Campos Gerais\",\"Seguran\u00e7a\"],\"articleSection\":[\"Geral\"],\"inLanguage\":\"pt-BR\",\"potentialAction\":[{\"@type\":\"CommentAction\",\"name\":\"Comment\",\"target\":[\"https:\\\/\\\/mznoticia.com.br\\\/piraidosul\\\/pirai-do-sul-amplia-monitoramento-meteorologico-com-instalacao-de-novos-pluviometros\\\/#respond\"]}]},{\"@type\":\"WebPage\",\"@id\":\"https:\\\/\\\/mznoticia.com.br\\\/piraidosul\\\/pirai-do-sul-amplia-monitoramento-meteorologico-com-instalacao-de-novos-pluviometros\\\/\",\"url\":\"https:\\\/\\\/mznoticia.com.br\\\/piraidosul\\\/pirai-do-sul-amplia-monitoramento-meteorologico-com-instalacao-de-novos-pluviometros\\\/\",\"name\":\"Pira\u00ed do Sul amplia monitoramento meteorol\u00f3gico com instala\u00e7\u00e3o de novos pluvi\u00f4metros - Mz Not\u00edcias\",\"isPartOf\":{\"@id\":\"https:\\\/\\\/mznoticia.com.br\\\/piraidosul\\\/#website\"},\"primaryImageOfPage\":{\"@id\":\"https:\\\/\\\/mznoticia.com.br\\\/piraidosul\\\/pirai-do-sul-amplia-monitoramento-meteorologico-com-instalacao-de-novos-pluviometros\\\/#primaryimage\"},\"image\":{\"@id\":\"https:\\\/\\\/mznoticia.com.br\\\/piraidosul\\\/pirai-do-sul-amplia-monitoramento-meteorologico-com-instalacao-de-novos-pluviometros\\\/#primaryimage\"},\"thumbnailUrl\":\"https:\\\/\\\/mznoticia.com.br\\\/piraidosul\\\/wp-content\\\/uploads\\\/2026\\\/08\\\/50-3.avif\",\"datePublished\":\"2026-08-24T17:10:49+00:00\",\"description\":\"Pira\u00ed do Sul instala dois novos pluvi\u00f4metros autom\u00e1ticos para ampliar o monitoramento das chuvas e refor\u00e7ar a preven\u00e7\u00e3o de riscos clim\u00e1ticos.\",\"breadcrumb\":{\"@id\":\"https:\\\/\\\/mznoticia.com.br\\\/piraidosul\\\/pirai-do-sul-amplia-monitoramento-meteorologico-com-instalacao-de-novos-pluviometros\\\/#breadcrumb\"},\"inLanguage\":\"pt-BR\",\"potentialAction\":[{\"@type\":\"ReadAction\",\"target\":[\"https:\\\/\\\/mznoticia.com.br\\\/piraidosul\\\/pirai-do-sul-amplia-monitoramento-meteorologico-com-instalacao-de-novos-pluviometros\\\/\"]}]},{\"@type\":\"ImageObject\",\"inLanguage\":\"pt-BR\",\"@id\":\"https:\\\/\\\/mznoticia.com.br\\\/piraidosul\\\/pirai-do-sul-amplia-monitoramento-meteorologico-com-instalacao-de-novos-pluviometros\\\/#primaryimage\",\"url\":\"https:\\\/\\\/mznoticia.com.br\\\/piraidosul\\\/wp-content\\\/uploads\\\/2026\\\/08\\\/50-3.avif\",\"contentUrl\":\"https:\\\/\\\/mznoticia.com.br\\\/piraidosul\\\/wp-content\\\/uploads\\\/2026\\\/08\\\/50-3.avif\",\"width\":1080,\"height\":608},{\"@type\":\"BreadcrumbList\",\"@id\":\"https:\\\/\\\/mznoticia.com.br\\\/piraidosul\\\/pirai-do-sul-amplia-monitoramento-meteorologico-com-instalacao-de-novos-pluviometros\\\/#breadcrumb\",\"itemListElement\":[{\"@type\":\"ListItem\",\"position\":1,\"name\":\"Home\",\"item\":\"https:\\\/\\\/mznoticia.com.br\\\/piraidosul\\\/\"},{\"@type\":\"ListItem\",\"position\":2,\"name\":\"Pira\u00ed do Sul amplia monitoramento meteorol\u00f3gico com instala\u00e7\u00e3o de novos pluvi\u00f4metros\"}]},{\"@type\":\"WebSite\",\"@id\":\"https:\\\/\\\/mznoticia.com.br\\\/piraidosul\\\/#website\",\"url\":\"https:\\\/\\\/mznoticia.com.br\\\/piraidosul\\\/\",\"name\":\"Mz Not\u00edcia\",\"description\":\"A informa\u00e7\u00e3o que voc\u00ea precisa na hora certa!\",\"publisher\":{\"@id\":\"https:\\\/\\\/mznoticia.com.br\\\/piraidosul\\\/#organization\"},\"potentialAction\":[{\"@type\":\"SearchAction\",\"target\":{\"@type\":\"EntryPoint\",\"urlTemplate\":\"https:\\\/\\\/mznoticia.com.br\\\/piraidosul\\\/?s={search_term_string}\"},\"query-input\":{\"@type\":\"PropertyValueSpecification\",\"valueRequired\":true,\"valueName\":\"search_term_string\"}}],\"inLanguage\":\"pt-BR\"},{\"@type\":\"Organization\",\"@id\":\"https:\\\/\\\/mznoticia.com.br\\\/piraidosul\\\/#organization\",\"name\":\"Mz Not\u00edcia\",\"url\":\"https:\\\/\\\/mznoticia.com.br\\\/piraidosul\\\/\",\"logo\":{\"@type\":\"ImageObject\",\"inLanguage\":\"pt-BR\",\"@id\":\"https:\\\/\\\/mznoticia.com.br\\\/piraidosul\\\/#\\\/schema\\\/logo\\\/image\\\/\",\"url\":\"https:\\\/\\\/mznoticia.com.br\\\/jaguariaiva\\\/wp-content\\\/uploads\\\/2025\\\/03\\\/Design-sem-nome-4-e1741200616392.png\",\"contentUrl\":\"https:\\\/\\\/mznoticia.com.br\\\/jaguariaiva\\\/wp-content\\\/uploads\\\/2025\\\/03\\\/Design-sem-nome-4-e1741200616392.png\",\"width\":750,\"height\":563,\"caption\":\"Mz Not\u00edcia\"},\"image\":{\"@id\":\"https:\\\/\\\/mznoticia.com.br\\\/piraidosul\\\/#\\\/schema\\\/logo\\\/image\\\/\"},\"sameAs\":[\"https:\\\/\\\/www.facebook.com\\\/profile.php?id=61573479951222\",\"https:\\\/\\\/www.instagram.com\\\/mz.jaguariaiva\\\/\"]},{\"@type\":\"Person\",\"@id\":\"https:\\\/\\\/mznoticia.com.br\\\/piraidosul\\\/#\\\/schema\\\/person\\\/84012d827247b3f42f37b550da79cd03\",\"name\":\"Redacao mz\",\"image\":{\"@type\":\"ImageObject\",\"inLanguage\":\"pt-BR\",\"@id\":\"https:\\\/\\\/secure.gravatar.com\\\/avatar\\\/3835c58a73b55edb97de944593845d3f29acb93b7a088f3bf63afde947ab86ba?s=96&d=simple_local_avatar&r=g\",\"url\":\"https:\\\/\\\/secure.gravatar.com\\\/avatar\\\/3835c58a73b55edb97de944593845d3f29acb93b7a088f3bf63afde947ab86ba?s=96&d=simple_local_avatar&r=g\",\"contentUrl\":\"https:\\\/\\\/secure.gravatar.com\\\/avatar\\\/3835c58a73b55edb97de944593845d3f29acb93b7a088f3bf63afde947ab86ba?s=96&d=simple_local_avatar&r=g\",\"caption\":\"Redacao mz\"},\"sameAs\":[\"http:\\\/\\\/mznoticia.com.br\"],\"url\":\"https:\\\/\\\/mznoticia.com.br\\\/piraidosul\\\/author\\\/lucimara\\\/\"}]}<\/script>\n<!-- \/ Yoast SEO plugin. -->","yoast_head_json":{"title":"Pira\u00ed do Sul amplia monitoramento meteorol\u00f3gico com instala\u00e7\u00e3o de novos pluvi\u00f4metros - Mz Not\u00edcias","description":"Pira\u00ed do Sul instala dois novos pluvi\u00f4metros autom\u00e1ticos para ampliar o monitoramento das chuvas e refor\u00e7ar a preven\u00e7\u00e3o de riscos clim\u00e1ticos.","robots":{"index":"index","follow":"follow","max-snippet":"max-snippet:-1","max-image-preview":"max-image-preview:large","max-video-preview":"max-video-preview:-1"},"canonical":"https:\/\/mznoticia.com.br\/piraidosul\/pirai-do-sul-amplia-monitoramento-meteorologico-com-instalacao-de-novos-pluviometros\/","og_locale":"pt_BR","og_type":"article","og_title":"Pira\u00ed do Sul amplia monitoramento meteorol\u00f3gico com instala\u00e7\u00e3o de novos pluvi\u00f4metros - Mz Not\u00edcias","og_description":"Pira\u00ed do Sul instala dois novos pluvi\u00f4metros autom\u00e1ticos para ampliar o monitoramento das chuvas e refor\u00e7ar a preven\u00e7\u00e3o de riscos clim\u00e1ticos.","og_url":"https:\/\/mznoticia.com.br\/piraidosul\/pirai-do-sul-amplia-monitoramento-meteorologico-com-instalacao-de-novos-pluviometros\/","og_site_name":"Mz Not\u00edcias","article_publisher":"https:\/\/www.facebook.com\/profile.php?id=61573479951222","article_published_time":"2026-08-24T17:10:49+00:00","author":"Redacao mz","twitter_card":"summary_large_image","twitter_misc":{"Escrito por":"Redacao mz","Est. tempo de leitura":"2 minutos"},"schema":{"@context":"https:\/\/schema.org","@graph":[{"@type":"Article","@id":"https:\/\/mznoticia.com.br\/piraidosul\/pirai-do-sul-amplia-monitoramento-meteorologico-com-instalacao-de-novos-pluviometros\/#article","isPartOf":{"@id":"https:\/\/mznoticia.com.br\/piraidosul\/pirai-do-sul-amplia-monitoramento-meteorologico-com-instalacao-de-novos-pluviometros\/"},"author":{"name":"Redacao mz","@id":"https:\/\/mznoticia.com.br\/piraidosul\/#\/schema\/person\/84012d827247b3f42f37b550da79cd03"},"headline":"Pira\u00ed do Sul amplia monitoramento meteorol\u00f3gico com instala\u00e7\u00e3o de novos pluvi\u00f4metros","datePublished":"2026-08-24T17:10:49+00:00","mainEntityOfPage":{"@id":"https:\/\/mznoticia.com.br\/piraidosul\/pirai-do-sul-amplia-monitoramento-meteorologico-com-instalacao-de-novos-pluviometros\/"},"wordCount":360,"commentCount":0,"publisher":{"@id":"https:\/\/mznoticia.com.br\/piraidosul\/#organization"},"image":{"@id":"https:\/\/mznoticia.com.br\/piraidosul\/pirai-do-sul-amplia-monitoramento-meteorologico-com-instalacao-de-novos-pluviometros\/#primaryimage"},"thumbnailUrl":"https:\/\/mznoticia.com.br\/piraidosul\/wp-content\/uploads\/2026\/08\/50-3.avif","keywords":["Alagamentos","Cemaden","Chuvas","Clima","defesa civil","Deslizamentos","destaque","enxurradas","monitoramento meteorol\u00f3gico","parana","Pira\u00ed do Sul","pluvi\u00f4metros","preven\u00e7\u00e3o","regi\u00e3o dos Campos Gerais","Seguran\u00e7a"],"articleSection":["Geral"],"inLanguage":"pt-BR","potentialAction":[{"@type":"CommentAction","name":"Comment","target":["https:\/\/mznoticia.com.br\/piraidosul\/pirai-do-sul-amplia-monitoramento-meteorologico-com-instalacao-de-novos-pluviometros\/#respond"]}]},{"@type":"WebPage","@id":"https:\/\/mznoticia.com.br\/piraidosul\/pirai-do-sul-amplia-monitoramento-meteorologico-com-instalacao-de-novos-pluviometros\/","url":"https:\/\/mznoticia.com.br\/piraidosul\/pirai-do-sul-amplia-monitoramento-meteorologico-com-instalacao-de-novos-pluviometros\/","name":"Pira\u00ed do Sul amplia monitoramento meteorol\u00f3gico com instala\u00e7\u00e3o de novos pluvi\u00f4metros - Mz Not\u00edcias","isPartOf":{"@id":"https:\/\/mznoticia.com.br\/piraidosul\/#website"},"primaryImageOfPage":{"@id":"https:\/\/mznoticia.com.br\/piraidosul\/pirai-do-sul-amplia-monitoramento-meteorologico-com-instalacao-de-novos-pluviometros\/#primaryimage"},"image":{"@id":"https:\/\/mznoticia.com.br\/piraidosul\/pirai-do-sul-amplia-monitoramento-meteorologico-com-instalacao-de-novos-pluviometros\/#primaryimage"},"thumbnailUrl":"https:\/\/mznoticia.com.br\/piraidosul\/wp-content\/uploads\/2026\/08\/50-3.avif","datePublished":"2026-08-24T17:10:49+00:00","description":"Pira\u00ed do Sul instala dois novos pluvi\u00f4metros autom\u00e1ticos para ampliar o monitoramento das chuvas e refor\u00e7ar a preven\u00e7\u00e3o de riscos clim\u00e1ticos.","breadcrumb":{"@id":"https:\/\/mznoticia.com.br\/piraidosul\/pirai-do-sul-amplia-monitoramento-meteorologico-com-instalacao-de-novos-pluviometros\/#breadcrumb"},"inLanguage":"pt-BR","potentialAction":[{"@type":"ReadAction","target":["https:\/\/mznoticia.com.br\/piraidosul\/pirai-do-sul-amplia-monitoramento-meteorologico-com-instalacao-de-novos-pluviometros\/"]}]},{"@type":"ImageObject","inLanguage":"pt-BR","@id":"https:\/\/mznoticia.com.br\/piraidosul\/pirai-do-sul-amplia-monitoramento-meteorologico-com-instalacao-de-novos-pluviometros\/#primaryimage","url":"https:\/\/mznoticia.com.br\/piraidosul\/wp-content\/uploads\/2026\/08\/50-3.avif","contentUrl":"https:\/\/mznoticia.com.br\/piraidosul\/wp-content\/uploads\/2026\/08\/50-3.avif","width":1080,"height":608},{"@type":"BreadcrumbList","@id":"https:\/\/mznoticia.com.br\/piraidosul\/pirai-do-sul-amplia-monitoramento-meteorologico-com-instalacao-de-novos-pluviometros\/#breadcrumb","itemListElement":[{"@type":"ListItem","position":1,"name":"Home","item":"https:\/\/mznoticia.com.br\/piraidosul\/"},{"@type":"ListItem","position":2,"name":"Pira\u00ed do Sul amplia monitoramento meteorol\u00f3gico com instala\u00e7\u00e3o de novos pluvi\u00f4metros"}]},{"@type":"WebSite","@id":"https:\/\/mznoticia.com.br\/piraidosul\/#website","url":"https:\/\/mznoticia.com.br\/piraidosul\/","name":"Mz Not\u00edcia","description":"A informa\u00e7\u00e3o que voc\u00ea precisa na hora certa!","publisher":{"@id":"https:\/\/mznoticia.com.br\/piraidosul\/#organization"},"potentialAction":[{"@type":"SearchAction","target":{"@type":"EntryPoint","urlTemplate":"https:\/\/mznoticia.com.br\/piraidosul\/?s={search_term_string}"},"query-input":{"@type":"PropertyValueSpecification","valueRequired":true,"valueName":"search_term_string"}}],"inLanguage":"pt-BR"},{"@type":"Organization","@id":"https:\/\/mznoticia.com.br\/piraidosul\/#organization","name":"Mz Not\u00edcia","url":"https:\/\/mznoticia.com.br\/piraidosul\/","logo":{"@type":"ImageObject","inLanguage":"pt-BR","@id":"https:\/\/mznoticia.com.br\/piraidosul\/#\/schema\/logo\/image\/","url":"https:\/\/mznoticia.com.br\/jaguariaiva\/wp-content\/uploads\/2025\/03\/Design-sem-nome-4-e1741200616392.png","contentUrl":"https:\/\/mznoticia.com.br\/jaguariaiva\/wp-content\/uploads\/2025\/03\/Design-sem-nome-4-e1741200616392.png","width":750,"height":563,"caption":"Mz Not\u00edcia"},"image":{"@id":"https:\/\/mznoticia.com.br\/piraidosul\/#\/schema\/logo\/image\/"},"sameAs":["https:\/\/www.facebook.com\/profile.php?id=61573479951222","https:\/\/www.instagram.com\/mz.jaguariaiva\/"]},{"@type":"Person","@id":"https:\/\/mznoticia.com.br\/piraidosul\/#\/schema\/person\/84012d827247b3f42f37b550da79cd03","name":"Redacao mz","image":{"@type":"ImageObject","inLanguage":"pt-BR","@id":"https:\/\/secure.gravatar.com\/avatar\/3835c58a73b55edb97de944593845d3f29acb93b7a088f3bf63afde947ab86ba?s=96&d=simple_local_avatar&r=g","url":"https:\/\/secure.gravatar.com\/avatar\/3835c58a73b55edb97de944593845d3f29acb93b7a088f3bf63afde947ab86ba?s=96&d=simple_local_avatar&r=g","contentUrl":"https:\/\/secure.gravatar.com\/avatar\/3835c58a73b55edb97de944593845d3f29acb93b7a088f3bf63afde947ab86ba?s=96&d=simple_local_avatar&r=g","caption":"Redacao mz"},"sameAs":["http:\/\/mznoticia.com.br"],"url":"https:\/\/mznoticia.com.br\/piraidosul\/author\/lucimara\/"}]}},"_links":{"self":[{"href":"https:\/\/mznoticia.com.br\/piraidosul\/wp-json\/wp\/v2\/posts\/7352","targetHints":{"allow":["GET"]}}],"collection":[{"href":"https:\/\/mznoticia.com.br\/piraidosul\/wp-json\/wp\/v2\/posts"}],"about":[{"href":"https:\/\/mznoticia.com.br\/piraidosul\/wp-json\/wp\/v2\/types\/post"}],"author":[{"embeddable":true,"href":"https:\/\/mznoticia.com.br\/piraidosul\/wp-json\/wp\/v2\/users\/16"}],"replies":[{"embeddable":true,"href":"https:\/\/mznoticia.com.br\/piraidosul\/wp-json\/wp\/v2\/comments?post=7352"}],"version-history":[{"count":1,"href":"https:\/\/mznoticia.com.br\/piraidosul\/wp-json\/wp\/v2\/posts\/7352\/revisions"}],"predecessor-version":[{"id":7354,"href":"https:\/\/mznoticia.com.br\/piraidosul\/wp-json\/wp\/v2\/posts\/7352\/revisions\/7354"}],"wp:featuredmedia":[{"embeddable":true,"href":"https:\/\/mznoticia.com.br\/piraidosul\/wp-json\/wp\/v2\/media\/7353"}],"wp:attachment":[{"href":"https:\/\/mznoticia.com.br\/piraidosul\/wp-json\/wp\/v2\/media?parent=7352"}],"wp:term":[{"taxonomy":"category","embeddable":true,"href":"https:\/\/mznoticia.com.br\/piraidosul\/wp-json\/wp\/v2\/categories?post=7352"},{"taxonomy":"post_tag","embeddable":true,"href":"https:\/\/mznoticia.com.br\/piraidosul\/wp-json\/wp\/v2\/tags?post=7352"}],"curies":[{"name":"wp","href":"https:\/\/api.w.org\/{rel}","templated":true}]}}