{"id":7367,"date":"2026-08-25T12:22:26","date_gmt":"2026-08-25T12:22:26","guid":{"rendered":"https:\/\/mznoticia.com.br\/piraidosul\/?p=7367"},"modified":"2026-08-25T12:22:26","modified_gmt":"2026-08-25T12:22:26","slug":"carro-sai-da-pista-capota-na-pr-151-e-quatro-pessoas-ficam-feridas-em-pirai-do-sul","status":"publish","type":"post","link":"https:\/\/mznoticia.com.br\/piraidosul\/carro-sai-da-pista-capota-na-pr-151-e-quatro-pessoas-ficam-feridas-em-pirai-do-sul\/","title":{"rendered":"Carro sai da pista, capota na PR-151 e quatro pessoas ficam feridas em Pira\u00ed do Sul"},"content":{"rendered":"<h2>Acidente aconteceu durante a madrugada e deixou quatro ocupantes com ferimentos leves; entre os feridos est\u00e3o duas crian\u00e7as<\/h2>\n<p class=\"isSelectedEnd\">Uma sa\u00edda de pista seguida de capotamento deixou quatro pessoas feridas na madrugada desta ter\u00e7a-feira (25), na PR-151, em Pira\u00ed do Sul, nos Campos Gerais.<\/p>\n<p class=\"isSelectedEnd\">O acidente aconteceu no quil\u00f4metro 259 da rodovia. Segundo o levantamento realizado no local, um VW Gol seguia no sentido Jaguaria\u00edva quando a condutora, de 30 anos, perdeu o controle da dire\u00e7\u00e3o.<\/p>\n<p class=\"isSelectedEnd\">O autom\u00f3vel saiu da pista e capotou, parando no canteiro central da rodovia.<\/p>\n<h2>Quatro pessoas ficam feridas<\/h2>\n<p class=\"isSelectedEnd\">Cinco pessoas estavam no ve\u00edculo no momento do acidente. Quatro ocupantes ficaram feridos e foram encaminhados ao Hospital Santo Ant\u00f4nio de Pira\u00ed do Sul com ferimentos leves.<\/p>\n<p class=\"isSelectedEnd\">Entre os feridos estavam:<\/p>\n<ul data-spread=\"false\">\n<li>A condutora, de 30 anos;<\/li>\n<li>Uma passageira, de 39 anos;<\/li>\n<li>Uma crian\u00e7a de 11 anos;<\/li>\n<li>Uma crian\u00e7a de 6 anos.<\/li>\n<\/ul>\n<p class=\"isSelectedEnd\">Um homem de 55 anos, que tamb\u00e9m estava no carro, n\u00e3o sofreu ferimentos e permaneceu no local.<\/p>\n<h2>Atendimento<\/h2>\n<p>As quatro pessoas feridas receberam atendimento e foram encaminhadas ao Hospital Santo Ant\u00f4nio de Pira\u00ed do Sul.<\/p>\n","protected":false},"excerpt":{"rendered":"<p>Acidente aconteceu durante a madrugada e deixou quatro ocupantes com ferimentos leves; entre os feridos est\u00e3o duas crian\u00e7as Uma sa\u00edda de pista seguida de capotamento deixou quatro pessoas feridas na madrugada desta ter\u00e7a-feira (25), na PR-151, em Pira\u00ed do Sul, nos Campos Gerais. O acidente aconteceu no quil\u00f4metro 259 da rodovia. Segundo o levantamento realizado [&hellip;]<\/p>\n","protected":false},"author":16,"featured_media":7368,"comment_status":"open","ping_status":"open","sticky":false,"template":"","format":"standard","meta":{"footnotes":""},"categories":[149],"tags":[31,196,781,185,47,2160,135,176,167,568],"class_list":["post-7367","post","type-post","status-publish","format-standard","has-post-thumbnail","hentry","category-acidente","tag-acidente","tag-campos-gerais","tag-capotamento","tag-criancas","tag-destaque","tag-feridos","tag-pirai-do-sul","tag-policia-rodoviaria-estadual","tag-pr-151","tag-transito"],"yoast_head":"<!-- This site is optimized with the Yoast SEO plugin v28.1 - https:\/\/yoast.com\/product\/yoast-seo-wordpress\/ -->\n<title>Carro sai da pista, capota na PR-151 e quatro pessoas ficam feridas em Pira\u00ed do Sul - Mz Not\u00edcias<\/title>\n<meta name=\"description\" content=\"Carro sai da pista e capota na PR-151, em Pira\u00ed do Sul. Quatro pessoas ficaram feridas, entre elas duas crian\u00e7as, na madrugada desta ter\u00e7a-feira.\" \/>\n<meta name=\"robots\" content=\"index, follow, max-snippet:-1, max-image-preview:large, max-video-preview:-1\" \/>\n<link rel=\"canonical\" href=\"https:\/\/mznoticia.com.br\/piraidosul\/carro-sai-da-pista-capota-na-pr-151-e-quatro-pessoas-ficam-feridas-em-pirai-do-sul\/\" \/>\n<meta property=\"og:locale\" content=\"pt_BR\" \/>\n<meta property=\"og:type\" content=\"article\" \/>\n<meta property=\"og:title\" content=\"Carro sai da pista, capota na PR-151 e quatro pessoas ficam feridas em Pira\u00ed do Sul - Mz Not\u00edcias\" \/>\n<meta property=\"og:description\" content=\"Carro sai da pista e capota na PR-151, em Pira\u00ed do Sul. Quatro pessoas ficaram feridas, entre elas duas crian\u00e7as, na madrugada desta ter\u00e7a-feira.\" \/>\n<meta property=\"og:url\" content=\"https:\/\/mznoticia.com.br\/piraidosul\/carro-sai-da-pista-capota-na-pr-151-e-quatro-pessoas-ficam-feridas-em-pirai-do-sul\/\" \/>\n<meta property=\"og:site_name\" content=\"Mz Not\u00edcias\" \/>\n<meta property=\"article:publisher\" content=\"https:\/\/www.facebook.com\/profile.php?id=61573479951222\" \/>\n<meta property=\"article:published_time\" content=\"2026-08-25T12:22:26+00:00\" \/>\n<meta name=\"author\" content=\"Redacao mz\" \/>\n<meta name=\"twitter:card\" content=\"summary_large_image\" \/>\n<meta name=\"twitter:label1\" content=\"Escrito por\" \/>\n\t<meta name=\"twitter:data1\" content=\"Redacao mz\" \/>\n\t<meta name=\"twitter:label2\" content=\"Est. tempo de leitura\" \/>\n\t<meta name=\"twitter:data2\" content=\"1 minuto\" \/>\n<script type=\"application\/ld+json\" class=\"yoast-schema-graph\">{\"@context\":\"https:\\\/\\\/schema.org\",\"@graph\":[{\"@type\":\"Article\",\"@id\":\"https:\\\/\\\/mznoticia.com.br\\\/piraidosul\\\/carro-sai-da-pista-capota-na-pr-151-e-quatro-pessoas-ficam-feridas-em-pirai-do-sul\\\/#article\",\"isPartOf\":{\"@id\":\"https:\\\/\\\/mznoticia.com.br\\\/piraidosul\\\/carro-sai-da-pista-capota-na-pr-151-e-quatro-pessoas-ficam-feridas-em-pirai-do-sul\\\/\"},\"author\":{\"name\":\"Redacao mz\",\"@id\":\"https:\\\/\\\/mznoticia.com.br\\\/piraidosul\\\/#\\\/schema\\\/person\\\/84012d827247b3f42f37b550da79cd03\"},\"headline\":\"Carro sai da pista, capota na PR-151 e quatro pessoas ficam feridas em Pira\u00ed do Sul\",\"datePublished\":\"2026-08-25T12:22:26+00:00\",\"mainEntityOfPage\":{\"@id\":\"https:\\\/\\\/mznoticia.com.br\\\/piraidosul\\\/carro-sai-da-pista-capota-na-pr-151-e-quatro-pessoas-ficam-feridas-em-pirai-do-sul\\\/\"},\"wordCount\":201,\"commentCount\":0,\"publisher\":{\"@id\":\"https:\\\/\\\/mznoticia.com.br\\\/piraidosul\\\/#organization\"},\"image\":{\"@id\":\"https:\\\/\\\/mznoticia.com.br\\\/piraidosul\\\/carro-sai-da-pista-capota-na-pr-151-e-quatro-pessoas-ficam-feridas-em-pirai-do-sul\\\/#primaryimage\"},\"thumbnailUrl\":\"https:\\\/\\\/mznoticia.com.br\\\/piraidosul\\\/wp-content\\\/uploads\\\/2026\\\/08\\\/02-3.avif\",\"keywords\":[\"acidente\",\"campos gerais\",\"Capotamento\",\"crian\u00e7as\",\"destaque\",\"feridos\",\"Pira\u00ed do Sul\",\"policia rodoviaria estadual\",\"PR-151\",\"tr\u00e2nsito\"],\"articleSection\":[\"Acidente\"],\"inLanguage\":\"pt-BR\",\"potentialAction\":[{\"@type\":\"CommentAction\",\"name\":\"Comment\",\"target\":[\"https:\\\/\\\/mznoticia.com.br\\\/piraidosul\\\/carro-sai-da-pista-capota-na-pr-151-e-quatro-pessoas-ficam-feridas-em-pirai-do-sul\\\/#respond\"]}]},{\"@type\":\"WebPage\",\"@id\":\"https:\\\/\\\/mznoticia.com.br\\\/piraidosul\\\/carro-sai-da-pista-capota-na-pr-151-e-quatro-pessoas-ficam-feridas-em-pirai-do-sul\\\/\",\"url\":\"https:\\\/\\\/mznoticia.com.br\\\/piraidosul\\\/carro-sai-da-pista-capota-na-pr-151-e-quatro-pessoas-ficam-feridas-em-pirai-do-sul\\\/\",\"name\":\"Carro sai da pista, capota na PR-151 e quatro pessoas ficam feridas em Pira\u00ed do Sul - Mz Not\u00edcias\",\"isPartOf\":{\"@id\":\"https:\\\/\\\/mznoticia.com.br\\\/piraidosul\\\/#website\"},\"primaryImageOfPage\":{\"@id\":\"https:\\\/\\\/mznoticia.com.br\\\/piraidosul\\\/carro-sai-da-pista-capota-na-pr-151-e-quatro-pessoas-ficam-feridas-em-pirai-do-sul\\\/#primaryimage\"},\"image\":{\"@id\":\"https:\\\/\\\/mznoticia.com.br\\\/piraidosul\\\/carro-sai-da-pista-capota-na-pr-151-e-quatro-pessoas-ficam-feridas-em-pirai-do-sul\\\/#primaryimage\"},\"thumbnailUrl\":\"https:\\\/\\\/mznoticia.com.br\\\/piraidosul\\\/wp-content\\\/uploads\\\/2026\\\/08\\\/02-3.avif\",\"datePublished\":\"2026-08-25T12:22:26+00:00\",\"description\":\"Carro sai da pista e capota na PR-151, em Pira\u00ed do Sul. Quatro pessoas ficaram feridas, entre elas duas crian\u00e7as, na madrugada desta ter\u00e7a-feira.\",\"breadcrumb\":{\"@id\":\"https:\\\/\\\/mznoticia.com.br\\\/piraidosul\\\/carro-sai-da-pista-capota-na-pr-151-e-quatro-pessoas-ficam-feridas-em-pirai-do-sul\\\/#breadcrumb\"},\"inLanguage\":\"pt-BR\",\"potentialAction\":[{\"@type\":\"ReadAction\",\"target\":[\"https:\\\/\\\/mznoticia.com.br\\\/piraidosul\\\/carro-sai-da-pista-capota-na-pr-151-e-quatro-pessoas-ficam-feridas-em-pirai-do-sul\\\/\"]}]},{\"@type\":\"ImageObject\",\"inLanguage\":\"pt-BR\",\"@id\":\"https:\\\/\\\/mznoticia.com.br\\\/piraidosul\\\/carro-sai-da-pista-capota-na-pr-151-e-quatro-pessoas-ficam-feridas-em-pirai-do-sul\\\/#primaryimage\",\"url\":\"https:\\\/\\\/mznoticia.com.br\\\/piraidosul\\\/wp-content\\\/uploads\\\/2026\\\/08\\\/02-3.avif\",\"contentUrl\":\"https:\\\/\\\/mznoticia.com.br\\\/piraidosul\\\/wp-content\\\/uploads\\\/2026\\\/08\\\/02-3.avif\",\"width\":1080,\"height\":608},{\"@type\":\"BreadcrumbList\",\"@id\":\"https:\\\/\\\/mznoticia.com.br\\\/piraidosul\\\/carro-sai-da-pista-capota-na-pr-151-e-quatro-pessoas-ficam-feridas-em-pirai-do-sul\\\/#breadcrumb\",\"itemListElement\":[{\"@type\":\"ListItem\",\"position\":1,\"name\":\"Home\",\"item\":\"https:\\\/\\\/mznoticia.com.br\\\/piraidosul\\\/\"},{\"@type\":\"ListItem\",\"position\":2,\"name\":\"Carro sai da pista, capota na PR-151 e quatro pessoas ficam feridas em Pira\u00ed do Sul\"}]},{\"@type\":\"WebSite\",\"@id\":\"https:\\\/\\\/mznoticia.com.br\\\/piraidosul\\\/#website\",\"url\":\"https:\\\/\\\/mznoticia.com.br\\\/piraidosul\\\/\",\"name\":\"Mz Not\u00edcia\",\"description\":\"A informa\u00e7\u00e3o que voc\u00ea precisa na hora certa!\",\"publisher\":{\"@id\":\"https:\\\/\\\/mznoticia.com.br\\\/piraidosul\\\/#organization\"},\"potentialAction\":[{\"@type\":\"SearchAction\",\"target\":{\"@type\":\"EntryPoint\",\"urlTemplate\":\"https:\\\/\\\/mznoticia.com.br\\\/piraidosul\\\/?s={search_term_string}\"},\"query-input\":{\"@type\":\"PropertyValueSpecification\",\"valueRequired\":true,\"valueName\":\"search_term_string\"}}],\"inLanguage\":\"pt-BR\"},{\"@type\":\"Organization\",\"@id\":\"https:\\\/\\\/mznoticia.com.br\\\/piraidosul\\\/#organization\",\"name\":\"Mz Not\u00edcia\",\"url\":\"https:\\\/\\\/mznoticia.com.br\\\/piraidosul\\\/\",\"logo\":{\"@type\":\"ImageObject\",\"inLanguage\":\"pt-BR\",\"@id\":\"https:\\\/\\\/mznoticia.com.br\\\/piraidosul\\\/#\\\/schema\\\/logo\\\/image\\\/\",\"url\":\"https:\\\/\\\/mznoticia.com.br\\\/jaguariaiva\\\/wp-content\\\/uploads\\\/2025\\\/03\\\/Design-sem-nome-4-e1741200616392.png\",\"contentUrl\":\"https:\\\/\\\/mznoticia.com.br\\\/jaguariaiva\\\/wp-content\\\/uploads\\\/2025\\\/03\\\/Design-sem-nome-4-e1741200616392.png\",\"width\":750,\"height\":563,\"caption\":\"Mz Not\u00edcia\"},\"image\":{\"@id\":\"https:\\\/\\\/mznoticia.com.br\\\/piraidosul\\\/#\\\/schema\\\/logo\\\/image\\\/\"},\"sameAs\":[\"https:\\\/\\\/www.facebook.com\\\/profile.php?id=61573479951222\",\"https:\\\/\\\/www.instagram.com\\\/mz.jaguariaiva\\\/\"]},{\"@type\":\"Person\",\"@id\":\"https:\\\/\\\/mznoticia.com.br\\\/piraidosul\\\/#\\\/schema\\\/person\\\/84012d827247b3f42f37b550da79cd03\",\"name\":\"Redacao mz\",\"image\":{\"@type\":\"ImageObject\",\"inLanguage\":\"pt-BR\",\"@id\":\"https:\\\/\\\/secure.gravatar.com\\\/avatar\\\/3835c58a73b55edb97de944593845d3f29acb93b7a088f3bf63afde947ab86ba?s=96&d=simple_local_avatar&r=g\",\"url\":\"https:\\\/\\\/secure.gravatar.com\\\/avatar\\\/3835c58a73b55edb97de944593845d3f29acb93b7a088f3bf63afde947ab86ba?s=96&d=simple_local_avatar&r=g\",\"contentUrl\":\"https:\\\/\\\/secure.gravatar.com\\\/avatar\\\/3835c58a73b55edb97de944593845d3f29acb93b7a088f3bf63afde947ab86ba?s=96&d=simple_local_avatar&r=g\",\"caption\":\"Redacao mz\"},\"sameAs\":[\"http:\\\/\\\/mznoticia.com.br\"],\"url\":\"https:\\\/\\\/mznoticia.com.br\\\/piraidosul\\\/author\\\/lucimara\\\/\"}]}<\/script>\n<!-- \/ Yoast SEO plugin. -->","yoast_head_json":{"title":"Carro sai da pista, capota na PR-151 e quatro pessoas ficam feridas em Pira\u00ed do Sul - Mz Not\u00edcias","description":"Carro sai da pista e capota na PR-151, em Pira\u00ed do Sul. Quatro pessoas ficaram feridas, entre elas duas crian\u00e7as, na madrugada desta ter\u00e7a-feira.","robots":{"index":"index","follow":"follow","max-snippet":"max-snippet:-1","max-image-preview":"max-image-preview:large","max-video-preview":"max-video-preview:-1"},"canonical":"https:\/\/mznoticia.com.br\/piraidosul\/carro-sai-da-pista-capota-na-pr-151-e-quatro-pessoas-ficam-feridas-em-pirai-do-sul\/","og_locale":"pt_BR","og_type":"article","og_title":"Carro sai da pista, capota na PR-151 e quatro pessoas ficam feridas em Pira\u00ed do Sul - Mz Not\u00edcias","og_description":"Carro sai da pista e capota na PR-151, em Pira\u00ed do Sul. Quatro pessoas ficaram feridas, entre elas duas crian\u00e7as, na madrugada desta ter\u00e7a-feira.","og_url":"https:\/\/mznoticia.com.br\/piraidosul\/carro-sai-da-pista-capota-na-pr-151-e-quatro-pessoas-ficam-feridas-em-pirai-do-sul\/","og_site_name":"Mz Not\u00edcias","article_publisher":"https:\/\/www.facebook.com\/profile.php?id=61573479951222","article_published_time":"2026-08-25T12:22:26+00:00","author":"Redacao mz","twitter_card":"summary_large_image","twitter_misc":{"Escrito por":"Redacao mz","Est. tempo de leitura":"1 minuto"},"schema":{"@context":"https:\/\/schema.org","@graph":[{"@type":"Article","@id":"https:\/\/mznoticia.com.br\/piraidosul\/carro-sai-da-pista-capota-na-pr-151-e-quatro-pessoas-ficam-feridas-em-pirai-do-sul\/#article","isPartOf":{"@id":"https:\/\/mznoticia.com.br\/piraidosul\/carro-sai-da-pista-capota-na-pr-151-e-quatro-pessoas-ficam-feridas-em-pirai-do-sul\/"},"author":{"name":"Redacao mz","@id":"https:\/\/mznoticia.com.br\/piraidosul\/#\/schema\/person\/84012d827247b3f42f37b550da79cd03"},"headline":"Carro sai da pista, capota na PR-151 e quatro pessoas ficam feridas em Pira\u00ed do Sul","datePublished":"2026-08-25T12:22:26+00:00","mainEntityOfPage":{"@id":"https:\/\/mznoticia.com.br\/piraidosul\/carro-sai-da-pista-capota-na-pr-151-e-quatro-pessoas-ficam-feridas-em-pirai-do-sul\/"},"wordCount":201,"commentCount":0,"publisher":{"@id":"https:\/\/mznoticia.com.br\/piraidosul\/#organization"},"image":{"@id":"https:\/\/mznoticia.com.br\/piraidosul\/carro-sai-da-pista-capota-na-pr-151-e-quatro-pessoas-ficam-feridas-em-pirai-do-sul\/#primaryimage"},"thumbnailUrl":"https:\/\/mznoticia.com.br\/piraidosul\/wp-content\/uploads\/2026\/08\/02-3.avif","keywords":["acidente","campos gerais","Capotamento","crian\u00e7as","destaque","feridos","Pira\u00ed do Sul","policia rodoviaria estadual","PR-151","tr\u00e2nsito"],"articleSection":["Acidente"],"inLanguage":"pt-BR","potentialAction":[{"@type":"CommentAction","name":"Comment","target":["https:\/\/mznoticia.com.br\/piraidosul\/carro-sai-da-pista-capota-na-pr-151-e-quatro-pessoas-ficam-feridas-em-pirai-do-sul\/#respond"]}]},{"@type":"WebPage","@id":"https:\/\/mznoticia.com.br\/piraidosul\/carro-sai-da-pista-capota-na-pr-151-e-quatro-pessoas-ficam-feridas-em-pirai-do-sul\/","url":"https:\/\/mznoticia.com.br\/piraidosul\/carro-sai-da-pista-capota-na-pr-151-e-quatro-pessoas-ficam-feridas-em-pirai-do-sul\/","name":"Carro sai da pista, capota na PR-151 e quatro pessoas ficam feridas em Pira\u00ed do Sul - Mz Not\u00edcias","isPartOf":{"@id":"https:\/\/mznoticia.com.br\/piraidosul\/#website"},"primaryImageOfPage":{"@id":"https:\/\/mznoticia.com.br\/piraidosul\/carro-sai-da-pista-capota-na-pr-151-e-quatro-pessoas-ficam-feridas-em-pirai-do-sul\/#primaryimage"},"image":{"@id":"https:\/\/mznoticia.com.br\/piraidosul\/carro-sai-da-pista-capota-na-pr-151-e-quatro-pessoas-ficam-feridas-em-pirai-do-sul\/#primaryimage"},"thumbnailUrl":"https:\/\/mznoticia.com.br\/piraidosul\/wp-content\/uploads\/2026\/08\/02-3.avif","datePublished":"2026-08-25T12:22:26+00:00","description":"Carro sai da pista e capota na PR-151, em Pira\u00ed do Sul. Quatro pessoas ficaram feridas, entre elas duas crian\u00e7as, na madrugada desta ter\u00e7a-feira.","breadcrumb":{"@id":"https:\/\/mznoticia.com.br\/piraidosul\/carro-sai-da-pista-capota-na-pr-151-e-quatro-pessoas-ficam-feridas-em-pirai-do-sul\/#breadcrumb"},"inLanguage":"pt-BR","potentialAction":[{"@type":"ReadAction","target":["https:\/\/mznoticia.com.br\/piraidosul\/carro-sai-da-pista-capota-na-pr-151-e-quatro-pessoas-ficam-feridas-em-pirai-do-sul\/"]}]},{"@type":"ImageObject","inLanguage":"pt-BR","@id":"https:\/\/mznoticia.com.br\/piraidosul\/carro-sai-da-pista-capota-na-pr-151-e-quatro-pessoas-ficam-feridas-em-pirai-do-sul\/#primaryimage","url":"https:\/\/mznoticia.com.br\/piraidosul\/wp-content\/uploads\/2026\/08\/02-3.avif","contentUrl":"https:\/\/mznoticia.com.br\/piraidosul\/wp-content\/uploads\/2026\/08\/02-3.avif","width":1080,"height":608},{"@type":"BreadcrumbList","@id":"https:\/\/mznoticia.com.br\/piraidosul\/carro-sai-da-pista-capota-na-pr-151-e-quatro-pessoas-ficam-feridas-em-pirai-do-sul\/#breadcrumb","itemListElement":[{"@type":"ListItem","position":1,"name":"Home","item":"https:\/\/mznoticia.com.br\/piraidosul\/"},{"@type":"ListItem","position":2,"name":"Carro sai da pista, capota na PR-151 e quatro pessoas ficam feridas em Pira\u00ed do Sul"}]},{"@type":"WebSite","@id":"https:\/\/mznoticia.com.br\/piraidosul\/#website","url":"https:\/\/mznoticia.com.br\/piraidosul\/","name":"Mz Not\u00edcia","description":"A informa\u00e7\u00e3o que voc\u00ea precisa na hora certa!","publisher":{"@id":"https:\/\/mznoticia.com.br\/piraidosul\/#organization"},"potentialAction":[{"@type":"SearchAction","target":{"@type":"EntryPoint","urlTemplate":"https:\/\/mznoticia.com.br\/piraidosul\/?s={search_term_string}"},"query-input":{"@type":"PropertyValueSpecification","valueRequired":true,"valueName":"search_term_string"}}],"inLanguage":"pt-BR"},{"@type":"Organization","@id":"https:\/\/mznoticia.com.br\/piraidosul\/#organization","name":"Mz Not\u00edcia","url":"https:\/\/mznoticia.com.br\/piraidosul\/","logo":{"@type":"ImageObject","inLanguage":"pt-BR","@id":"https:\/\/mznoticia.com.br\/piraidosul\/#\/schema\/logo\/image\/","url":"https:\/\/mznoticia.com.br\/jaguariaiva\/wp-content\/uploads\/2025\/03\/Design-sem-nome-4-e1741200616392.png","contentUrl":"https:\/\/mznoticia.com.br\/jaguariaiva\/wp-content\/uploads\/2025\/03\/Design-sem-nome-4-e1741200616392.png","width":750,"height":563,"caption":"Mz Not\u00edcia"},"image":{"@id":"https:\/\/mznoticia.com.br\/piraidosul\/#\/schema\/logo\/image\/"},"sameAs":["https:\/\/www.facebook.com\/profile.php?id=61573479951222","https:\/\/www.instagram.com\/mz.jaguariaiva\/"]},{"@type":"Person","@id":"https:\/\/mznoticia.com.br\/piraidosul\/#\/schema\/person\/84012d827247b3f42f37b550da79cd03","name":"Redacao mz","image":{"@type":"ImageObject","inLanguage":"pt-BR","@id":"https:\/\/secure.gravatar.com\/avatar\/3835c58a73b55edb97de944593845d3f29acb93b7a088f3bf63afde947ab86ba?s=96&d=simple_local_avatar&r=g","url":"https:\/\/secure.gravatar.com\/avatar\/3835c58a73b55edb97de944593845d3f29acb93b7a088f3bf63afde947ab86ba?s=96&d=simple_local_avatar&r=g","contentUrl":"https:\/\/secure.gravatar.com\/avatar\/3835c58a73b55edb97de944593845d3f29acb93b7a088f3bf63afde947ab86ba?s=96&d=simple_local_avatar&r=g","caption":"Redacao mz"},"sameAs":["http:\/\/mznoticia.com.br"],"url":"https:\/\/mznoticia.com.br\/piraidosul\/author\/lucimara\/"}]}},"_links":{"self":[{"href":"https:\/\/mznoticia.com.br\/piraidosul\/wp-json\/wp\/v2\/posts\/7367","targetHints":{"allow":["GET"]}}],"collection":[{"href":"https:\/\/mznoticia.com.br\/piraidosul\/wp-json\/wp\/v2\/posts"}],"about":[{"href":"https:\/\/mznoticia.com.br\/piraidosul\/wp-json\/wp\/v2\/types\/post"}],"author":[{"embeddable":true,"href":"https:\/\/mznoticia.com.br\/piraidosul\/wp-json\/wp\/v2\/users\/16"}],"replies":[{"embeddable":true,"href":"https:\/\/mznoticia.com.br\/piraidosul\/wp-json\/wp\/v2\/comments?post=7367"}],"version-history":[{"count":1,"href":"https:\/\/mznoticia.com.br\/piraidosul\/wp-json\/wp\/v2\/posts\/7367\/revisions"}],"predecessor-version":[{"id":7369,"href":"https:\/\/mznoticia.com.br\/piraidosul\/wp-json\/wp\/v2\/posts\/7367\/revisions\/7369"}],"wp:featuredmedia":[{"embeddable":true,"href":"https:\/\/mznoticia.com.br\/piraidosul\/wp-json\/wp\/v2\/media\/7368"}],"wp:attachment":[{"href":"https:\/\/mznoticia.com.br\/piraidosul\/wp-json\/wp\/v2\/media?parent=7367"}],"wp:term":[{"taxonomy":"category","embeddable":true,"href":"https:\/\/mznoticia.com.br\/piraidosul\/wp-json\/wp\/v2\/categories?post=7367"},{"taxonomy":"post_tag","embeddable":true,"href":"https:\/\/mznoticia.com.br\/piraidosul\/wp-json\/wp\/v2\/tags?post=7367"}],"curies":[{"name":"wp","href":"https:\/\/api.w.org\/{rel}","templated":true}]}}