{"id":7373,"date":"2026-08-25T12:56:25","date_gmt":"2026-08-25T12:56:25","guid":{"rendered":"https:\/\/mznoticia.com.br\/piraidosul\/?p=7373"},"modified":"2026-08-25T12:56:25","modified_gmt":"2026-08-25T12:56:25","slug":"pedagio-fica-mais-caro-no-parana-a-partir-de-sexta-feira-28-veja-novos-valores","status":"publish","type":"post","link":"https:\/\/mznoticia.com.br\/piraidosul\/pedagio-fica-mais-caro-no-parana-a-partir-de-sexta-feira-28-veja-novos-valores\/","title":{"rendered":"Ped\u00e1gio fica mais caro no Paran\u00e1 a partir de sexta-feira (28); veja novos valores"},"content":{"rendered":"<h2>Via Arauc\u00e1ria reajusta tarifas das cinco pra\u00e7as sob sua administra\u00e7\u00e3o; para ve\u00edculos leves, pre\u00e7os passam a variar entre R$ 9,80 e R$ 12,90<\/h2>\n<p class=\"isSelectedEnd\">As tarifas de ped\u00e1gio das cinco pra\u00e7as administradas pela Via Arauc\u00e1ria Paran\u00e1 ficar\u00e3o mais caras a partir da 0h desta sexta-feira (28). O reajuste foi autorizado pela Ag\u00eancia Nacional de Transportes Terrestres (ANTT) e altera os valores cobrados em trechos de rodovias federais e estaduais do Paran\u00e1.<\/p>\n<p class=\"isSelectedEnd\">Para ve\u00edculos leves, as novas tarifas v\u00e3o variar de R$ 9,80 a R$ 12,90. O aumento chega a R$ 0,60 em algumas das pra\u00e7as.<\/p>\n<p class=\"isSelectedEnd\">Com o reajuste, o ped\u00e1gio administrado pela Via Arauc\u00e1ria ficar\u00e1, em m\u00e9dia, 5,3% mais caro.<\/p>\n<h2>Reajuste foi autorizado pela ANTT<\/h2>\n<p class=\"isSelectedEnd\">Segundo a ANTT, o reajuste segue as regras previstas no contrato de concess\u00e3o. A revis\u00e3o anual considera fatores como a varia\u00e7\u00e3o da infla\u00e7\u00e3o e outras flutua\u00e7\u00f5es de pre\u00e7os.<\/p>\n<p class=\"isSelectedEnd\">A Via Arauc\u00e1ria administra 473 quil\u00f4metros de rodovias federais e estaduais que integram o Lote 1 das concess\u00f5es rodovi\u00e1rias do Paran\u00e1.<\/p>\n<h2>Veja os novos valores para carros de passeio<\/h2>\n<p class=\"isSelectedEnd\">As tarifas para autom\u00f3veis, caminhonetes e furg\u00f5es passam a ser:<\/p>\n<ul data-spread=\"false\">\n<li><strong>S\u00e3o Luiz do Purun\u00e3, na BR-277:<\/strong> de R$ 9,30 para <strong>R$ 9,80<\/strong><\/li>\n<li><strong>Porto Amazonas, na BR-277:<\/strong> de R$ 11,70 para <strong>R$ 12,30<\/strong><\/li>\n<li><strong>Irati, na BR-277:<\/strong> de R$ 10,90 para <strong>R$ 11,50<\/strong><\/li>\n<li><strong>Imbituva, na BR-277:<\/strong> de R$ 10,70 para <strong>R$ 11,30<\/strong><\/li>\n<li><strong>Lapa, na BR-476:<\/strong> de R$ 12,30 para <strong>R$ 12,90<\/strong><\/li>\n<\/ul>\n<p class=\"isSelectedEnd\">Motocicletas, motonetas, triciclos e motos continuam isentos.<\/p>\n<h2>S\u00e3o Luiz do Purun\u00e3<\/h2>\n<table>\n<tbody>\n<tr>\n<th>Categoria<\/th>\n<th>Eixo<\/th>\n<th>Nova tarifa<\/th>\n<\/tr>\n<tr>\n<td>Autom\u00f3vel, caminhonete e furg\u00e3o<\/td>\n<td>2S<\/td>\n<td>R$ 9,80<\/td>\n<\/tr>\n<tr>\n<td>Caminh\u00e3o leve, \u00f4nibus, caminh\u00e3o-trator e furg\u00e3o<\/td>\n<td>2D<\/td>\n<td>R$ 19,60<\/td>\n<\/tr>\n<tr>\n<td>Autom\u00f3vel e caminhonete com semirreboque<\/td>\n<td>3S<\/td>\n<td>R$ 14,70<\/td>\n<\/tr>\n<tr>\n<td>Caminh\u00e3o, caminh\u00e3o-trator, caminh\u00e3o-trator com semirreboque e \u00f4nibus<\/td>\n<td>3D<\/td>\n<td>R$ 29,40<\/td>\n<\/tr>\n<tr>\n<td>Autom\u00f3vel e caminhonete com reboque<\/td>\n<td>4S<\/td>\n<td>R$ 19,60<\/td>\n<\/tr>\n<tr>\n<td>Caminh\u00e3o com reboque, caminh\u00e3o-trator com semirreboque<\/td>\n<td>4D<\/td>\n<td>R$ 39,20<\/td>\n<\/tr>\n<tr>\n<td>Caminh\u00e3o com reboque, caminh\u00e3o-trator com semirreboque<\/td>\n<td>5D<\/td>\n<td>R$ 49,00<\/td>\n<\/tr>\n<tr>\n<td>Caminh\u00e3o com reboque, caminh\u00e3o-trator com semirreboque<\/td>\n<td>6D<\/td>\n<td>R$ 58,80<\/td>\n<\/tr>\n<tr>\n<td>Caminh\u00e3o com reboque, caminh\u00e3o-trator com semirreboque<\/td>\n<td>7D<\/td>\n<td>R$ 67,60<\/td>\n<\/tr>\n<tr>\n<td>Caminh\u00e3o com reboque, caminh\u00e3o-trator com semirreboque<\/td>\n<td>8D<\/td>\n<td>R$ 78,40<\/td>\n<\/tr>\n<tr>\n<td>Motocicleta, motoneta, triciclo e moto<\/td>\n<td>\u2014<\/td>\n<td>Isento<\/td>\n<\/tr>\n<\/tbody>\n<\/table>\n<h2>Porto Amazonas<\/h2>\n<table>\n<tbody>\n<tr>\n<td>Categoria<\/td>\n<td>Eixo<\/td>\n<td>Nova tarifa<\/td>\n<\/tr>\n<tr>\n<td>Autom\u00f3vel, caminhonete e furg\u00e3o<\/td>\n<td>2S<\/td>\n<td>R$ 12,30<\/td>\n<\/tr>\n<tr>\n<td>Caminh\u00e3o leve, \u00f4nibus, caminh\u00e3o-trator e furg\u00e3o<\/td>\n<td>2D<\/td>\n<td>R$ 24,60<\/td>\n<\/tr>\n<tr>\n<td>Autom\u00f3vel e caminhonete com semirreboque<\/td>\n<td>3S<\/td>\n<td>R$ 18,45<\/td>\n<\/tr>\n<tr>\n<td>Caminh\u00e3o, caminh\u00e3o-trator, caminh\u00e3o-trator com semirreboque e \u00f4nibus<\/td>\n<td>3D<\/td>\n<td>R$ 36,90<\/td>\n<\/tr>\n<tr>\n<td>Autom\u00f3vel e caminhonete com reboque<\/td>\n<td>4S<\/td>\n<td>R$ 24,60<\/td>\n<\/tr>\n<tr>\n<td>Caminh\u00e3o com reboque, caminh\u00e3o-trator com semirreboque<\/td>\n<td>4D<\/td>\n<td>R$ 49,20<\/td>\n<\/tr>\n<tr>\n<td>Caminh\u00e3o com reboque, caminh\u00e3o-trator com semirreboque<\/td>\n<td>5D<\/td>\n<td>R$ 61,50<\/td>\n<\/tr>\n<tr>\n<td>Caminh\u00e3o com reboque, caminh\u00e3o-trator com semirreboque<\/td>\n<td>6D<\/td>\n<td>R$ 73,80<\/td>\n<\/tr>\n<tr>\n<td>Caminh\u00e3o com reboque, caminh\u00e3o-trator com semirreboque<\/td>\n<td>7D<\/td>\n<td>R$ 86,10<\/td>\n<\/tr>\n<tr>\n<td>Caminh\u00e3o com reboque, caminh\u00e3o-trator com semirreboque<\/td>\n<td>8D<\/td>\n<td>R$ 98,40<\/td>\n<\/tr>\n<tr>\n<td>Motocicleta, motoneta, triciclo e moto<\/td>\n<td>\u2014<\/td>\n<td>Isento<\/td>\n<\/tr>\n<\/tbody>\n<\/table>\n<h2>Irati<\/h2>\n<table>\n<tbody>\n<tr>\n<td>Categoria<\/td>\n<td>Eixo<\/td>\n<td>Nova tarifa<\/td>\n<\/tr>\n<tr>\n<td>Autom\u00f3vel, caminhonete e furg\u00e3o<\/td>\n<td>2S<\/td>\n<td>R$ 11,50<\/td>\n<\/tr>\n<tr>\n<td>Caminh\u00e3o leve, \u00f4nibus, caminh\u00e3o-trator e furg\u00e3o<\/td>\n<td>2D<\/td>\n<td>R$ 23,00<\/td>\n<\/tr>\n<tr>\n<td>Autom\u00f3vel e caminhonete com semirreboque<\/td>\n<td>3S<\/td>\n<td>R$ 17,25<\/td>\n<\/tr>\n<tr>\n<td>Caminh\u00e3o, caminh\u00e3o-trator, caminh\u00e3o-trator com semirreboque e \u00f4nibus<\/td>\n<td>3D<\/td>\n<td>R$ 34,50<\/td>\n<\/tr>\n<tr>\n<td>Autom\u00f3vel e caminhonete com reboque<\/td>\n<td>4S<\/td>\n<td>R$ 23,00<\/td>\n<\/tr>\n<tr>\n<td>Caminh\u00e3o com reboque, caminh\u00e3o-trator com semirreboque<\/td>\n<td>4D<\/td>\n<td>R$ 46,00<\/td>\n<\/tr>\n<tr>\n<td>Caminh\u00e3o com reboque, caminh\u00e3o-trator com semirreboque<\/td>\n<td>5D<\/td>\n<td>R$ 57,50<\/td>\n<\/tr>\n<tr>\n<td>Caminh\u00e3o com reboque, caminh\u00e3o-trator com semirreboque<\/td>\n<td>6D<\/td>\n<td>R$ 69,00<\/td>\n<\/tr>\n<tr>\n<td>Caminh\u00e3o com reboque, caminh\u00e3o-trator com semirreboque<\/td>\n<td>7D<\/td>\n<td>R$ 80,50<\/td>\n<\/tr>\n<tr>\n<td>Caminh\u00e3o com reboque, caminh\u00e3o-trator com semirreboque<\/td>\n<td>8D<\/td>\n<td>R$ 92,00<\/td>\n<\/tr>\n<tr>\n<td>Motocicleta, motoneta, triciclo e moto<\/td>\n<td>\u2014<\/td>\n<td>Isento<\/td>\n<\/tr>\n<\/tbody>\n<\/table>\n<h2>Imbituva<\/h2>\n<table>\n<tbody>\n<tr>\n<td>Categoria<\/td>\n<td>Eixo<\/td>\n<td>Nova tarifa<\/td>\n<\/tr>\n<tr>\n<td>Autom\u00f3vel, caminhonete e furg\u00e3o<\/td>\n<td>2S<\/td>\n<td>R$ 11,30<\/td>\n<\/tr>\n<tr>\n<td>Caminh\u00e3o leve, \u00f4nibus, caminh\u00e3o-trator e furg\u00e3o<\/td>\n<td>2D<\/td>\n<td>R$ 22,60<\/td>\n<\/tr>\n<tr>\n<td>Autom\u00f3vel e caminhonete com semirreboque<\/td>\n<td>3S<\/td>\n<td>R$ 16,95<\/td>\n<\/tr>\n<tr>\n<td>Caminh\u00e3o, caminh\u00e3o-trator, caminh\u00e3o-trator com semirreboque e \u00f4nibus<\/td>\n<td>3D<\/td>\n<td>R$ 33,90<\/td>\n<\/tr>\n<tr>\n<td>Autom\u00f3vel e caminhonete com reboque<\/td>\n<td>4S<\/td>\n<td>R$ 22,60<\/td>\n<\/tr>\n<tr>\n<td>Caminh\u00e3o com reboque, caminh\u00e3o-trator com semirreboque<\/td>\n<td>4D<\/td>\n<td>R$ 45,20<\/td>\n<\/tr>\n<tr>\n<td>Caminh\u00e3o com reboque, caminh\u00e3o-trator com semirreboque<\/td>\n<td>5D<\/td>\n<td>R$ 56,50<\/td>\n<\/tr>\n<tr>\n<td>Caminh\u00e3o com reboque, caminh\u00e3o-trator com semirreboque<\/td>\n<td>6D<\/td>\n<td>R$ 67,80<\/td>\n<\/tr>\n<tr>\n<td>Caminh\u00e3o com reboque, caminh\u00e3o-trator com semirreboque<\/td>\n<td>7D<\/td>\n<td>R$ 79,10<\/td>\n<\/tr>\n<tr>\n<td>Caminh\u00e3o com reboque, caminh\u00e3o-trator com semirreboque<\/td>\n<td>8D<\/td>\n<td>R$ 90,40<\/td>\n<\/tr>\n<tr>\n<td>Motocicleta, motoneta, triciclo e moto<\/td>\n<td>\u2014<\/td>\n<td>Isento<\/td>\n<\/tr>\n<\/tbody>\n<\/table>\n<h2>Lapa<\/h2>\n<table>\n<tbody>\n<tr>\n<td>Categoria<\/td>\n<td>Eixo<\/td>\n<td>Nova tarifa<\/td>\n<\/tr>\n<tr>\n<td>Autom\u00f3vel, caminhonete e furg\u00e3o<\/td>\n<td>2S<\/td>\n<td>R$ 12,90<\/td>\n<\/tr>\n<tr>\n<td>Caminh\u00e3o leve, \u00f4nibus, caminh\u00e3o-trator e furg\u00e3o<\/td>\n<td>2D<\/td>\n<td>R$ 25,80<\/td>\n<\/tr>\n<tr>\n<td>Autom\u00f3vel e caminhonete com semirreboque<\/td>\n<td>3S<\/td>\n<td>R$ 19,35<\/td>\n<\/tr>\n<tr>\n<td>Caminh\u00e3o, caminh\u00e3o-trator, caminh\u00e3o-trator com semirreboque e \u00f4nibus<\/td>\n<td>3D<\/td>\n<td>R$ 38,70<\/td>\n<\/tr>\n<tr>\n<td>Autom\u00f3vel e caminhonete com reboque<\/td>\n<td>4S<\/td>\n<td>R$ 25,80<\/td>\n<\/tr>\n<tr>\n<td>Caminh\u00e3o com reboque, caminh\u00e3o-trator com semirreboque<\/td>\n<td>4D<\/td>\n<td>R$ 51,60<\/td>\n<\/tr>\n<tr>\n<td>Caminh\u00e3o com reboque, caminh\u00e3o-trator com semirreboque<\/td>\n<td>5D<\/td>\n<td>R$ 65,50<\/td>\n<\/tr>\n<tr>\n<td>Caminh\u00e3o com reboque, caminh\u00e3o-trator com semirreboque<\/td>\n<td>6D<\/td>\n<td>R$ 77,40<\/td>\n<\/tr>\n<tr>\n<td>Caminh\u00e3o com reboque, caminh\u00e3o-trator com semirreboque<\/td>\n<td>7D<\/td>\n<td>R$ 90,30<\/td>\n<\/tr>\n<tr>\n<td>Caminh\u00e3o com reboque, caminh\u00e3o-trator com semirreboque<\/td>\n<td>8D<\/td>\n<td>R$ 103,20<\/td>\n<\/tr>\n<tr>\n<td>Motocicleta, motoneta, triciclo e moto<\/td>\n<td>\u2014<\/td>\n<td>Isento<\/td>\n<\/tr>\n<\/tbody>\n<\/table>\n<p>As novas tarifas entram em vigor a partir da 0h desta sexta-feira (28).<\/p>\n","protected":false},"excerpt":{"rendered":"<p>Via Arauc\u00e1ria reajusta tarifas das cinco pra\u00e7as sob sua administra\u00e7\u00e3o; para ve\u00edculos leves, pre\u00e7os passam a variar entre R$ 9,80 e R$ 12,90 As tarifas de ped\u00e1gio das cinco pra\u00e7as administradas pela Via Arauc\u00e1ria Paran\u00e1 ficar\u00e3o mais caras a partir da 0h desta sexta-feira (28). O reajuste foi autorizado pela Ag\u00eancia Nacional de Transportes Terrestres [&hellip;]<\/p>\n","protected":false},"author":16,"featured_media":7374,"comment_status":"open","ping_status":"open","sticky":false,"template":"","format":"standard","meta":{"footnotes":""},"categories":[303],"tags":[892,696,2617,47,2318,888,2620,77,894,2619,726,2618,2621,2616],"class_list":["post-7373","post","type-post","status-publish","format-standard","has-post-thumbnail","hentry","category-parana","tag-antt","tag-br-277","tag-br-476","tag-destaque","tag-imbituva","tag-irati","tag-lapa","tag-parana","tag-pedagio","tag-porto-amazonas","tag-rodovias","tag-sao-luiz-do-puruna","tag-transporte","tag-via-araucaria"],"yoast_head":"<!-- This site is optimized with the Yoast SEO plugin v28.1 - https:\/\/yoast.com\/product\/yoast-seo-wordpress\/ -->\n<title>Ped\u00e1gio fica mais caro no Paran\u00e1 a partir de sexta-feira (28); veja novos valores - Mz Not\u00edcias<\/title>\n<meta name=\"description\" content=\"Ped\u00e1gio fica mais caro no Paran\u00e1 a partir de sexta-feira (28). Veja os novos valores das cinco pra\u00e7as administradas pela Via Arauc\u00e1ria.\" \/>\n<meta name=\"robots\" content=\"index, follow, max-snippet:-1, max-image-preview:large, max-video-preview:-1\" \/>\n<link rel=\"canonical\" href=\"https:\/\/mznoticia.com.br\/piraidosul\/pedagio-fica-mais-caro-no-parana-a-partir-de-sexta-feira-28-veja-novos-valores\/\" \/>\n<meta property=\"og:locale\" content=\"pt_BR\" \/>\n<meta property=\"og:type\" content=\"article\" \/>\n<meta property=\"og:title\" content=\"Ped\u00e1gio fica mais caro no Paran\u00e1 a partir de sexta-feira (28); veja novos valores - Mz Not\u00edcias\" \/>\n<meta property=\"og:description\" content=\"Ped\u00e1gio fica mais caro no Paran\u00e1 a partir de sexta-feira (28). Veja os novos valores das cinco pra\u00e7as administradas pela Via Arauc\u00e1ria.\" \/>\n<meta property=\"og:url\" content=\"https:\/\/mznoticia.com.br\/piraidosul\/pedagio-fica-mais-caro-no-parana-a-partir-de-sexta-feira-28-veja-novos-valores\/\" \/>\n<meta property=\"og:site_name\" content=\"Mz Not\u00edcias\" \/>\n<meta property=\"article:publisher\" content=\"https:\/\/www.facebook.com\/profile.php?id=61573479951222\" \/>\n<meta property=\"article:published_time\" content=\"2026-08-25T12:56:25+00:00\" \/>\n<meta property=\"og:image\" content=\"https:\/\/mznoticia.com.br\/piraidosul\/wp-content\/uploads\/2026\/08\/102-6.jpg\" \/>\n\t<meta property=\"og:image:width\" content=\"516\" \/>\n\t<meta property=\"og:image:height\" content=\"387\" \/>\n\t<meta property=\"og:image:type\" content=\"image\/jpeg\" \/>\n<meta name=\"author\" content=\"Redacao mz\" \/>\n<meta name=\"twitter:card\" content=\"summary_large_image\" \/>\n<meta name=\"twitter:label1\" content=\"Escrito por\" \/>\n\t<meta name=\"twitter:data1\" content=\"Redacao mz\" \/>\n\t<meta name=\"twitter:label2\" content=\"Est. tempo de leitura\" \/>\n\t<meta name=\"twitter:data2\" content=\"5 minutos\" \/>\n<script type=\"application\/ld+json\" class=\"yoast-schema-graph\">{\"@context\":\"https:\\\/\\\/schema.org\",\"@graph\":[{\"@type\":\"Article\",\"@id\":\"https:\\\/\\\/mznoticia.com.br\\\/piraidosul\\\/pedagio-fica-mais-caro-no-parana-a-partir-de-sexta-feira-28-veja-novos-valores\\\/#article\",\"isPartOf\":{\"@id\":\"https:\\\/\\\/mznoticia.com.br\\\/piraidosul\\\/pedagio-fica-mais-caro-no-parana-a-partir-de-sexta-feira-28-veja-novos-valores\\\/\"},\"author\":{\"name\":\"Redacao mz\",\"@id\":\"https:\\\/\\\/mznoticia.com.br\\\/piraidosul\\\/#\\\/schema\\\/person\\\/84012d827247b3f42f37b550da79cd03\"},\"headline\":\"Ped\u00e1gio fica mais caro no Paran\u00e1 a partir de sexta-feira (28); veja novos valores\",\"datePublished\":\"2026-08-25T12:56:25+00:00\",\"mainEntityOfPage\":{\"@id\":\"https:\\\/\\\/mznoticia.com.br\\\/piraidosul\\\/pedagio-fica-mais-caro-no-parana-a-partir-de-sexta-feira-28-veja-novos-valores\\\/\"},\"wordCount\":818,\"commentCount\":0,\"publisher\":{\"@id\":\"https:\\\/\\\/mznoticia.com.br\\\/piraidosul\\\/#organization\"},\"image\":{\"@id\":\"https:\\\/\\\/mznoticia.com.br\\\/piraidosul\\\/pedagio-fica-mais-caro-no-parana-a-partir-de-sexta-feira-28-veja-novos-valores\\\/#primaryimage\"},\"thumbnailUrl\":\"https:\\\/\\\/mznoticia.com.br\\\/piraidosul\\\/wp-content\\\/uploads\\\/2026\\\/08\\\/102-6.jpg\",\"keywords\":[\"ANTT\",\"BR-277\",\"BR-476\",\"destaque\",\"Imbituva\",\"Irati\",\"Lapa\",\"parana\",\"Ped\u00e1gio\",\"Porto Amazonas\",\"Rodovias\",\"S\u00e3o Luiz do Purun\u00e3\",\"Transporte\",\"Via Arauc\u00e1ria\"],\"articleSection\":[\"Paran\u00e1\"],\"inLanguage\":\"pt-BR\",\"potentialAction\":[{\"@type\":\"CommentAction\",\"name\":\"Comment\",\"target\":[\"https:\\\/\\\/mznoticia.com.br\\\/piraidosul\\\/pedagio-fica-mais-caro-no-parana-a-partir-de-sexta-feira-28-veja-novos-valores\\\/#respond\"]}]},{\"@type\":\"WebPage\",\"@id\":\"https:\\\/\\\/mznoticia.com.br\\\/piraidosul\\\/pedagio-fica-mais-caro-no-parana-a-partir-de-sexta-feira-28-veja-novos-valores\\\/\",\"url\":\"https:\\\/\\\/mznoticia.com.br\\\/piraidosul\\\/pedagio-fica-mais-caro-no-parana-a-partir-de-sexta-feira-28-veja-novos-valores\\\/\",\"name\":\"Ped\u00e1gio fica mais caro no Paran\u00e1 a partir de sexta-feira (28); veja novos valores - Mz Not\u00edcias\",\"isPartOf\":{\"@id\":\"https:\\\/\\\/mznoticia.com.br\\\/piraidosul\\\/#website\"},\"primaryImageOfPage\":{\"@id\":\"https:\\\/\\\/mznoticia.com.br\\\/piraidosul\\\/pedagio-fica-mais-caro-no-parana-a-partir-de-sexta-feira-28-veja-novos-valores\\\/#primaryimage\"},\"image\":{\"@id\":\"https:\\\/\\\/mznoticia.com.br\\\/piraidosul\\\/pedagio-fica-mais-caro-no-parana-a-partir-de-sexta-feira-28-veja-novos-valores\\\/#primaryimage\"},\"thumbnailUrl\":\"https:\\\/\\\/mznoticia.com.br\\\/piraidosul\\\/wp-content\\\/uploads\\\/2026\\\/08\\\/102-6.jpg\",\"datePublished\":\"2026-08-25T12:56:25+00:00\",\"description\":\"Ped\u00e1gio fica mais caro no Paran\u00e1 a partir de sexta-feira (28). Veja os novos valores das cinco pra\u00e7as administradas pela Via Arauc\u00e1ria.\",\"breadcrumb\":{\"@id\":\"https:\\\/\\\/mznoticia.com.br\\\/piraidosul\\\/pedagio-fica-mais-caro-no-parana-a-partir-de-sexta-feira-28-veja-novos-valores\\\/#breadcrumb\"},\"inLanguage\":\"pt-BR\",\"potentialAction\":[{\"@type\":\"ReadAction\",\"target\":[\"https:\\\/\\\/mznoticia.com.br\\\/piraidosul\\\/pedagio-fica-mais-caro-no-parana-a-partir-de-sexta-feira-28-veja-novos-valores\\\/\"]}]},{\"@type\":\"ImageObject\",\"inLanguage\":\"pt-BR\",\"@id\":\"https:\\\/\\\/mznoticia.com.br\\\/piraidosul\\\/pedagio-fica-mais-caro-no-parana-a-partir-de-sexta-feira-28-veja-novos-valores\\\/#primaryimage\",\"url\":\"https:\\\/\\\/mznoticia.com.br\\\/piraidosul\\\/wp-content\\\/uploads\\\/2026\\\/08\\\/102-6.jpg\",\"contentUrl\":\"https:\\\/\\\/mznoticia.com.br\\\/piraidosul\\\/wp-content\\\/uploads\\\/2026\\\/08\\\/102-6.jpg\",\"width\":516,\"height\":387},{\"@type\":\"BreadcrumbList\",\"@id\":\"https:\\\/\\\/mznoticia.com.br\\\/piraidosul\\\/pedagio-fica-mais-caro-no-parana-a-partir-de-sexta-feira-28-veja-novos-valores\\\/#breadcrumb\",\"itemListElement\":[{\"@type\":\"ListItem\",\"position\":1,\"name\":\"Home\",\"item\":\"https:\\\/\\\/mznoticia.com.br\\\/piraidosul\\\/\"},{\"@type\":\"ListItem\",\"position\":2,\"name\":\"Ped\u00e1gio fica mais caro no Paran\u00e1 a partir de sexta-feira (28); veja novos valores\"}]},{\"@type\":\"WebSite\",\"@id\":\"https:\\\/\\\/mznoticia.com.br\\\/piraidosul\\\/#website\",\"url\":\"https:\\\/\\\/mznoticia.com.br\\\/piraidosul\\\/\",\"name\":\"Mz Not\u00edcia\",\"description\":\"A informa\u00e7\u00e3o que voc\u00ea precisa na hora certa!\",\"publisher\":{\"@id\":\"https:\\\/\\\/mznoticia.com.br\\\/piraidosul\\\/#organization\"},\"potentialAction\":[{\"@type\":\"SearchAction\",\"target\":{\"@type\":\"EntryPoint\",\"urlTemplate\":\"https:\\\/\\\/mznoticia.com.br\\\/piraidosul\\\/?s={search_term_string}\"},\"query-input\":{\"@type\":\"PropertyValueSpecification\",\"valueRequired\":true,\"valueName\":\"search_term_string\"}}],\"inLanguage\":\"pt-BR\"},{\"@type\":\"Organization\",\"@id\":\"https:\\\/\\\/mznoticia.com.br\\\/piraidosul\\\/#organization\",\"name\":\"Mz Not\u00edcia\",\"url\":\"https:\\\/\\\/mznoticia.com.br\\\/piraidosul\\\/\",\"logo\":{\"@type\":\"ImageObject\",\"inLanguage\":\"pt-BR\",\"@id\":\"https:\\\/\\\/mznoticia.com.br\\\/piraidosul\\\/#\\\/schema\\\/logo\\\/image\\\/\",\"url\":\"https:\\\/\\\/mznoticia.com.br\\\/jaguariaiva\\\/wp-content\\\/uploads\\\/2025\\\/03\\\/Design-sem-nome-4-e1741200616392.png\",\"contentUrl\":\"https:\\\/\\\/mznoticia.com.br\\\/jaguariaiva\\\/wp-content\\\/uploads\\\/2025\\\/03\\\/Design-sem-nome-4-e1741200616392.png\",\"width\":750,\"height\":563,\"caption\":\"Mz Not\u00edcia\"},\"image\":{\"@id\":\"https:\\\/\\\/mznoticia.com.br\\\/piraidosul\\\/#\\\/schema\\\/logo\\\/image\\\/\"},\"sameAs\":[\"https:\\\/\\\/www.facebook.com\\\/profile.php?id=61573479951222\",\"https:\\\/\\\/www.instagram.com\\\/mz.jaguariaiva\\\/\"]},{\"@type\":\"Person\",\"@id\":\"https:\\\/\\\/mznoticia.com.br\\\/piraidosul\\\/#\\\/schema\\\/person\\\/84012d827247b3f42f37b550da79cd03\",\"name\":\"Redacao mz\",\"image\":{\"@type\":\"ImageObject\",\"inLanguage\":\"pt-BR\",\"@id\":\"https:\\\/\\\/secure.gravatar.com\\\/avatar\\\/3835c58a73b55edb97de944593845d3f29acb93b7a088f3bf63afde947ab86ba?s=96&d=simple_local_avatar&r=g\",\"url\":\"https:\\\/\\\/secure.gravatar.com\\\/avatar\\\/3835c58a73b55edb97de944593845d3f29acb93b7a088f3bf63afde947ab86ba?s=96&d=simple_local_avatar&r=g\",\"contentUrl\":\"https:\\\/\\\/secure.gravatar.com\\\/avatar\\\/3835c58a73b55edb97de944593845d3f29acb93b7a088f3bf63afde947ab86ba?s=96&d=simple_local_avatar&r=g\",\"caption\":\"Redacao mz\"},\"sameAs\":[\"http:\\\/\\\/mznoticia.com.br\"],\"url\":\"https:\\\/\\\/mznoticia.com.br\\\/piraidosul\\\/author\\\/lucimara\\\/\"}]}<\/script>\n<!-- \/ Yoast SEO plugin. -->","yoast_head_json":{"title":"Ped\u00e1gio fica mais caro no Paran\u00e1 a partir de sexta-feira (28); veja novos valores - Mz Not\u00edcias","description":"Ped\u00e1gio fica mais caro no Paran\u00e1 a partir de sexta-feira (28). Veja os novos valores das cinco pra\u00e7as administradas pela Via Arauc\u00e1ria.","robots":{"index":"index","follow":"follow","max-snippet":"max-snippet:-1","max-image-preview":"max-image-preview:large","max-video-preview":"max-video-preview:-1"},"canonical":"https:\/\/mznoticia.com.br\/piraidosul\/pedagio-fica-mais-caro-no-parana-a-partir-de-sexta-feira-28-veja-novos-valores\/","og_locale":"pt_BR","og_type":"article","og_title":"Ped\u00e1gio fica mais caro no Paran\u00e1 a partir de sexta-feira (28); veja novos valores - Mz Not\u00edcias","og_description":"Ped\u00e1gio fica mais caro no Paran\u00e1 a partir de sexta-feira (28). Veja os novos valores das cinco pra\u00e7as administradas pela Via Arauc\u00e1ria.","og_url":"https:\/\/mznoticia.com.br\/piraidosul\/pedagio-fica-mais-caro-no-parana-a-partir-de-sexta-feira-28-veja-novos-valores\/","og_site_name":"Mz Not\u00edcias","article_publisher":"https:\/\/www.facebook.com\/profile.php?id=61573479951222","article_published_time":"2026-08-25T12:56:25+00:00","og_image":[{"width":516,"height":387,"url":"https:\/\/mznoticia.com.br\/piraidosul\/wp-content\/uploads\/2026\/08\/102-6.jpg","type":"image\/jpeg"}],"author":"Redacao mz","twitter_card":"summary_large_image","twitter_misc":{"Escrito por":"Redacao mz","Est. tempo de leitura":"5 minutos"},"schema":{"@context":"https:\/\/schema.org","@graph":[{"@type":"Article","@id":"https:\/\/mznoticia.com.br\/piraidosul\/pedagio-fica-mais-caro-no-parana-a-partir-de-sexta-feira-28-veja-novos-valores\/#article","isPartOf":{"@id":"https:\/\/mznoticia.com.br\/piraidosul\/pedagio-fica-mais-caro-no-parana-a-partir-de-sexta-feira-28-veja-novos-valores\/"},"author":{"name":"Redacao mz","@id":"https:\/\/mznoticia.com.br\/piraidosul\/#\/schema\/person\/84012d827247b3f42f37b550da79cd03"},"headline":"Ped\u00e1gio fica mais caro no Paran\u00e1 a partir de sexta-feira (28); veja novos valores","datePublished":"2026-08-25T12:56:25+00:00","mainEntityOfPage":{"@id":"https:\/\/mznoticia.com.br\/piraidosul\/pedagio-fica-mais-caro-no-parana-a-partir-de-sexta-feira-28-veja-novos-valores\/"},"wordCount":818,"commentCount":0,"publisher":{"@id":"https:\/\/mznoticia.com.br\/piraidosul\/#organization"},"image":{"@id":"https:\/\/mznoticia.com.br\/piraidosul\/pedagio-fica-mais-caro-no-parana-a-partir-de-sexta-feira-28-veja-novos-valores\/#primaryimage"},"thumbnailUrl":"https:\/\/mznoticia.com.br\/piraidosul\/wp-content\/uploads\/2026\/08\/102-6.jpg","keywords":["ANTT","BR-277","BR-476","destaque","Imbituva","Irati","Lapa","parana","Ped\u00e1gio","Porto Amazonas","Rodovias","S\u00e3o Luiz do Purun\u00e3","Transporte","Via Arauc\u00e1ria"],"articleSection":["Paran\u00e1"],"inLanguage":"pt-BR","potentialAction":[{"@type":"CommentAction","name":"Comment","target":["https:\/\/mznoticia.com.br\/piraidosul\/pedagio-fica-mais-caro-no-parana-a-partir-de-sexta-feira-28-veja-novos-valores\/#respond"]}]},{"@type":"WebPage","@id":"https:\/\/mznoticia.com.br\/piraidosul\/pedagio-fica-mais-caro-no-parana-a-partir-de-sexta-feira-28-veja-novos-valores\/","url":"https:\/\/mznoticia.com.br\/piraidosul\/pedagio-fica-mais-caro-no-parana-a-partir-de-sexta-feira-28-veja-novos-valores\/","name":"Ped\u00e1gio fica mais caro no Paran\u00e1 a partir de sexta-feira (28); veja novos valores - Mz Not\u00edcias","isPartOf":{"@id":"https:\/\/mznoticia.com.br\/piraidosul\/#website"},"primaryImageOfPage":{"@id":"https:\/\/mznoticia.com.br\/piraidosul\/pedagio-fica-mais-caro-no-parana-a-partir-de-sexta-feira-28-veja-novos-valores\/#primaryimage"},"image":{"@id":"https:\/\/mznoticia.com.br\/piraidosul\/pedagio-fica-mais-caro-no-parana-a-partir-de-sexta-feira-28-veja-novos-valores\/#primaryimage"},"thumbnailUrl":"https:\/\/mznoticia.com.br\/piraidosul\/wp-content\/uploads\/2026\/08\/102-6.jpg","datePublished":"2026-08-25T12:56:25+00:00","description":"Ped\u00e1gio fica mais caro no Paran\u00e1 a partir de sexta-feira (28). Veja os novos valores das cinco pra\u00e7as administradas pela Via Arauc\u00e1ria.","breadcrumb":{"@id":"https:\/\/mznoticia.com.br\/piraidosul\/pedagio-fica-mais-caro-no-parana-a-partir-de-sexta-feira-28-veja-novos-valores\/#breadcrumb"},"inLanguage":"pt-BR","potentialAction":[{"@type":"ReadAction","target":["https:\/\/mznoticia.com.br\/piraidosul\/pedagio-fica-mais-caro-no-parana-a-partir-de-sexta-feira-28-veja-novos-valores\/"]}]},{"@type":"ImageObject","inLanguage":"pt-BR","@id":"https:\/\/mznoticia.com.br\/piraidosul\/pedagio-fica-mais-caro-no-parana-a-partir-de-sexta-feira-28-veja-novos-valores\/#primaryimage","url":"https:\/\/mznoticia.com.br\/piraidosul\/wp-content\/uploads\/2026\/08\/102-6.jpg","contentUrl":"https:\/\/mznoticia.com.br\/piraidosul\/wp-content\/uploads\/2026\/08\/102-6.jpg","width":516,"height":387},{"@type":"BreadcrumbList","@id":"https:\/\/mznoticia.com.br\/piraidosul\/pedagio-fica-mais-caro-no-parana-a-partir-de-sexta-feira-28-veja-novos-valores\/#breadcrumb","itemListElement":[{"@type":"ListItem","position":1,"name":"Home","item":"https:\/\/mznoticia.com.br\/piraidosul\/"},{"@type":"ListItem","position":2,"name":"Ped\u00e1gio fica mais caro no Paran\u00e1 a partir de sexta-feira (28); veja novos valores"}]},{"@type":"WebSite","@id":"https:\/\/mznoticia.com.br\/piraidosul\/#website","url":"https:\/\/mznoticia.com.br\/piraidosul\/","name":"Mz Not\u00edcia","description":"A informa\u00e7\u00e3o que voc\u00ea precisa na hora certa!","publisher":{"@id":"https:\/\/mznoticia.com.br\/piraidosul\/#organization"},"potentialAction":[{"@type":"SearchAction","target":{"@type":"EntryPoint","urlTemplate":"https:\/\/mznoticia.com.br\/piraidosul\/?s={search_term_string}"},"query-input":{"@type":"PropertyValueSpecification","valueRequired":true,"valueName":"search_term_string"}}],"inLanguage":"pt-BR"},{"@type":"Organization","@id":"https:\/\/mznoticia.com.br\/piraidosul\/#organization","name":"Mz Not\u00edcia","url":"https:\/\/mznoticia.com.br\/piraidosul\/","logo":{"@type":"ImageObject","inLanguage":"pt-BR","@id":"https:\/\/mznoticia.com.br\/piraidosul\/#\/schema\/logo\/image\/","url":"https:\/\/mznoticia.com.br\/jaguariaiva\/wp-content\/uploads\/2025\/03\/Design-sem-nome-4-e1741200616392.png","contentUrl":"https:\/\/mznoticia.com.br\/jaguariaiva\/wp-content\/uploads\/2025\/03\/Design-sem-nome-4-e1741200616392.png","width":750,"height":563,"caption":"Mz Not\u00edcia"},"image":{"@id":"https:\/\/mznoticia.com.br\/piraidosul\/#\/schema\/logo\/image\/"},"sameAs":["https:\/\/www.facebook.com\/profile.php?id=61573479951222","https:\/\/www.instagram.com\/mz.jaguariaiva\/"]},{"@type":"Person","@id":"https:\/\/mznoticia.com.br\/piraidosul\/#\/schema\/person\/84012d827247b3f42f37b550da79cd03","name":"Redacao mz","image":{"@type":"ImageObject","inLanguage":"pt-BR","@id":"https:\/\/secure.gravatar.com\/avatar\/3835c58a73b55edb97de944593845d3f29acb93b7a088f3bf63afde947ab86ba?s=96&d=simple_local_avatar&r=g","url":"https:\/\/secure.gravatar.com\/avatar\/3835c58a73b55edb97de944593845d3f29acb93b7a088f3bf63afde947ab86ba?s=96&d=simple_local_avatar&r=g","contentUrl":"https:\/\/secure.gravatar.com\/avatar\/3835c58a73b55edb97de944593845d3f29acb93b7a088f3bf63afde947ab86ba?s=96&d=simple_local_avatar&r=g","caption":"Redacao mz"},"sameAs":["http:\/\/mznoticia.com.br"],"url":"https:\/\/mznoticia.com.br\/piraidosul\/author\/lucimara\/"}]}},"_links":{"self":[{"href":"https:\/\/mznoticia.com.br\/piraidosul\/wp-json\/wp\/v2\/posts\/7373","targetHints":{"allow":["GET"]}}],"collection":[{"href":"https:\/\/mznoticia.com.br\/piraidosul\/wp-json\/wp\/v2\/posts"}],"about":[{"href":"https:\/\/mznoticia.com.br\/piraidosul\/wp-json\/wp\/v2\/types\/post"}],"author":[{"embeddable":true,"href":"https:\/\/mznoticia.com.br\/piraidosul\/wp-json\/wp\/v2\/users\/16"}],"replies":[{"embeddable":true,"href":"https:\/\/mznoticia.com.br\/piraidosul\/wp-json\/wp\/v2\/comments?post=7373"}],"version-history":[{"count":1,"href":"https:\/\/mznoticia.com.br\/piraidosul\/wp-json\/wp\/v2\/posts\/7373\/revisions"}],"predecessor-version":[{"id":7375,"href":"https:\/\/mznoticia.com.br\/piraidosul\/wp-json\/wp\/v2\/posts\/7373\/revisions\/7375"}],"wp:featuredmedia":[{"embeddable":true,"href":"https:\/\/mznoticia.com.br\/piraidosul\/wp-json\/wp\/v2\/media\/7374"}],"wp:attachment":[{"href":"https:\/\/mznoticia.com.br\/piraidosul\/wp-json\/wp\/v2\/media?parent=7373"}],"wp:term":[{"taxonomy":"category","embeddable":true,"href":"https:\/\/mznoticia.com.br\/piraidosul\/wp-json\/wp\/v2\/categories?post=7373"},{"taxonomy":"post_tag","embeddable":true,"href":"https:\/\/mznoticia.com.br\/piraidosul\/wp-json\/wp\/v2\/tags?post=7373"}],"curies":[{"name":"wp","href":"https:\/\/api.w.org\/{rel}","templated":true}]}}