{"id":7423,"date":"2026-08-25T17:48:12","date_gmt":"2026-08-25T17:48:12","guid":{"rendered":"https:\/\/mznoticia.com.br\/piraidosul\/?p=7423"},"modified":"2026-08-25T17:48:12","modified_gmt":"2026-08-25T17:48:12","slug":"br-277-e-totalmente-interditada-apos-caminhao-pegar-fogo-na-serra-da-esperanca","status":"publish","type":"post","link":"https:\/\/mznoticia.com.br\/piraidosul\/br-277-e-totalmente-interditada-apos-caminhao-pegar-fogo-na-serra-da-esperanca\/","title":{"rendered":"BR-277 \u00e9 totalmente interditada ap\u00f3s caminh\u00e3o pegar fogo na Serra da Esperan\u00e7a"},"content":{"rendered":"<p class=\"PDq2pG_selectionAnchorContainer\" data-start=\"82\" data-end=\"238\">A BR-277 foi totalmente interditada nos dois sentidos, na tarde desta ter\u00e7a-feira (25), ap\u00f3s um caminh\u00e3o pegar fogo na regi\u00e3o da Serra da Esperan\u00e7a.<\/p>\n<p data-start=\"240\" data-end=\"375\">A ocorr\u00eancia foi registrada por volta das 12h35. Equipes foram mobilizadas para combater as chamas e controlar a situa\u00e7\u00e3o no local.<\/p>\n<p data-start=\"377\" data-end=\"508\">Por conta do inc\u00eandio, o tr\u00e1fego precisou ser bloqueado nos dois sentidos da rodovia, provocando impacto na circula\u00e7\u00e3o de ve\u00edculos.<\/p>\n<h3 data-section-id=\"oiooex\" data-start=\"510\" data-end=\"536\">Aten\u00e7\u00e3o aos motoristas<\/h3>\n<p data-start=\"538\" data-end=\"670\">Motoristas que precisam passar pela Serra da Esperan\u00e7a devem evitar o trecho e redobrar a aten\u00e7\u00e3o at\u00e9 que a pista seja liberada.<\/p>\n<p data-start=\"672\" data-end=\"782\">As equipes seguem trabalhando no local e, at\u00e9 o momento, n\u00e3o h\u00e1 previs\u00e3o para a libera\u00e7\u00e3o total da BR-277.<\/p>\n<p data-start=\"784\" data-end=\"934\" data-is-last-node=\"\" data-is-only-node=\"\">As circunst\u00e2ncias que provocaram o inc\u00eandio ainda ser\u00e3o apuradas. Novas informa\u00e7\u00f5es devem ser divulgadas conforme o atendimento da ocorr\u00eancia avan\u00e7ar.<\/p>\n","protected":false},"excerpt":{"rendered":"<p>A BR-277 foi totalmente interditada nos dois sentidos, na tarde desta ter\u00e7a-feira (25), ap\u00f3s um caminh\u00e3o pegar fogo na regi\u00e3o da Serra da Esperan\u00e7a. A ocorr\u00eancia foi registrada por volta das 12h35. Equipes foram mobilizadas para combater as chamas e controlar a situa\u00e7\u00e3o no local. Por conta do inc\u00eandio, o tr\u00e1fego precisou ser bloqueado nos [&hellip;]<\/p>\n","protected":false},"author":16,"featured_media":7424,"comment_status":"open","ping_status":"open","sticky":false,"template":"","format":"standard","meta":{"footnotes":""},"categories":[149],"tags":[31,696,2691,196,695,768,77,2692,2690,2693,568],"class_list":["post-7423","post","type-post","status-publish","format-standard","has-post-thumbnail","hentry","category-acidente","tag-acidente","tag-br-277","tag-caminhao-pega-fogo","tag-campos-gerais","tag-emergencia","tag-incendio","tag-parana","tag-rodovia-interditada","tag-serra-da-esperanca","tag-trafego","tag-transito"],"yoast_head":"<!-- This site is optimized with the Yoast SEO plugin v28.1 - https:\/\/yoast.com\/product\/yoast-seo-wordpress\/ -->\n<title>BR-277 \u00e9 totalmente interditada ap\u00f3s caminh\u00e3o pegar fogo na Serra da Esperan\u00e7a - Mz Not\u00edcias<\/title>\n<meta name=\"description\" content=\"BR-277 \u00e9 totalmente interditada nos dois sentidos ap\u00f3s caminh\u00e3o pegar fogo na Serra da Esperan\u00e7a nesta ter\u00e7a-feira (25).\" \/>\n<meta name=\"robots\" content=\"index, follow, max-snippet:-1, max-image-preview:large, max-video-preview:-1\" \/>\n<link rel=\"canonical\" href=\"https:\/\/mznoticia.com.br\/piraidosul\/br-277-e-totalmente-interditada-apos-caminhao-pegar-fogo-na-serra-da-esperanca\/\" \/>\n<meta property=\"og:locale\" content=\"pt_BR\" \/>\n<meta property=\"og:type\" content=\"article\" \/>\n<meta property=\"og:title\" content=\"BR-277 \u00e9 totalmente interditada ap\u00f3s caminh\u00e3o pegar fogo na Serra da Esperan\u00e7a - Mz Not\u00edcias\" \/>\n<meta property=\"og:description\" content=\"BR-277 \u00e9 totalmente interditada nos dois sentidos ap\u00f3s caminh\u00e3o pegar fogo na Serra da Esperan\u00e7a nesta ter\u00e7a-feira (25).\" \/>\n<meta property=\"og:url\" content=\"https:\/\/mznoticia.com.br\/piraidosul\/br-277-e-totalmente-interditada-apos-caminhao-pegar-fogo-na-serra-da-esperanca\/\" \/>\n<meta property=\"og:site_name\" content=\"Mz Not\u00edcias\" \/>\n<meta property=\"article:publisher\" content=\"https:\/\/www.facebook.com\/profile.php?id=61573479951222\" \/>\n<meta property=\"article:published_time\" content=\"2026-08-25T17:48:12+00:00\" \/>\n<meta property=\"og:image\" content=\"https:\/\/mznoticia.com.br\/piraidosul\/wp-content\/uploads\/2026\/08\/10-25.jpg\" \/>\n\t<meta property=\"og:image:width\" content=\"1280\" \/>\n\t<meta property=\"og:image:height\" content=\"1076\" \/>\n\t<meta property=\"og:image:type\" content=\"image\/jpeg\" \/>\n<meta name=\"author\" content=\"Redacao mz\" \/>\n<meta name=\"twitter:card\" content=\"summary_large_image\" \/>\n<meta name=\"twitter:label1\" content=\"Escrito por\" \/>\n\t<meta name=\"twitter:data1\" content=\"Redacao mz\" \/>\n\t<meta name=\"twitter:label2\" content=\"Est. tempo de leitura\" \/>\n\t<meta name=\"twitter:data2\" content=\"1 minuto\" \/>\n<script type=\"application\/ld+json\" class=\"yoast-schema-graph\">{\"@context\":\"https:\\\/\\\/schema.org\",\"@graph\":[{\"@type\":\"Article\",\"@id\":\"https:\\\/\\\/mznoticia.com.br\\\/piraidosul\\\/br-277-e-totalmente-interditada-apos-caminhao-pegar-fogo-na-serra-da-esperanca\\\/#article\",\"isPartOf\":{\"@id\":\"https:\\\/\\\/mznoticia.com.br\\\/piraidosul\\\/br-277-e-totalmente-interditada-apos-caminhao-pegar-fogo-na-serra-da-esperanca\\\/\"},\"author\":{\"name\":\"Redacao mz\",\"@id\":\"https:\\\/\\\/mznoticia.com.br\\\/piraidosul\\\/#\\\/schema\\\/person\\\/84012d827247b3f42f37b550da79cd03\"},\"headline\":\"BR-277 \u00e9 totalmente interditada ap\u00f3s caminh\u00e3o pegar fogo na Serra da Esperan\u00e7a\",\"datePublished\":\"2026-08-25T17:48:12+00:00\",\"mainEntityOfPage\":{\"@id\":\"https:\\\/\\\/mznoticia.com.br\\\/piraidosul\\\/br-277-e-totalmente-interditada-apos-caminhao-pegar-fogo-na-serra-da-esperanca\\\/\"},\"wordCount\":165,\"commentCount\":0,\"publisher\":{\"@id\":\"https:\\\/\\\/mznoticia.com.br\\\/piraidosul\\\/#organization\"},\"image\":{\"@id\":\"https:\\\/\\\/mznoticia.com.br\\\/piraidosul\\\/br-277-e-totalmente-interditada-apos-caminhao-pegar-fogo-na-serra-da-esperanca\\\/#primaryimage\"},\"thumbnailUrl\":\"https:\\\/\\\/mznoticia.com.br\\\/piraidosul\\\/wp-content\\\/uploads\\\/2026\\\/08\\\/10-25.jpg\",\"keywords\":[\"acidente\",\"BR-277\",\"caminh\u00e3o pega fogo\",\"campos gerais\",\"Emerg\u00eancia\",\"Inc\u00eandio\",\"parana\",\"rodovia interditada\",\"Serra da Esperan\u00e7a\",\"tr\u00e1fego\",\"tr\u00e2nsito\"],\"articleSection\":[\"Acidente\"],\"inLanguage\":\"pt-BR\",\"potentialAction\":[{\"@type\":\"CommentAction\",\"name\":\"Comment\",\"target\":[\"https:\\\/\\\/mznoticia.com.br\\\/piraidosul\\\/br-277-e-totalmente-interditada-apos-caminhao-pegar-fogo-na-serra-da-esperanca\\\/#respond\"]}]},{\"@type\":\"WebPage\",\"@id\":\"https:\\\/\\\/mznoticia.com.br\\\/piraidosul\\\/br-277-e-totalmente-interditada-apos-caminhao-pegar-fogo-na-serra-da-esperanca\\\/\",\"url\":\"https:\\\/\\\/mznoticia.com.br\\\/piraidosul\\\/br-277-e-totalmente-interditada-apos-caminhao-pegar-fogo-na-serra-da-esperanca\\\/\",\"name\":\"BR-277 \u00e9 totalmente interditada ap\u00f3s caminh\u00e3o pegar fogo na Serra da Esperan\u00e7a - Mz Not\u00edcias\",\"isPartOf\":{\"@id\":\"https:\\\/\\\/mznoticia.com.br\\\/piraidosul\\\/#website\"},\"primaryImageOfPage\":{\"@id\":\"https:\\\/\\\/mznoticia.com.br\\\/piraidosul\\\/br-277-e-totalmente-interditada-apos-caminhao-pegar-fogo-na-serra-da-esperanca\\\/#primaryimage\"},\"image\":{\"@id\":\"https:\\\/\\\/mznoticia.com.br\\\/piraidosul\\\/br-277-e-totalmente-interditada-apos-caminhao-pegar-fogo-na-serra-da-esperanca\\\/#primaryimage\"},\"thumbnailUrl\":\"https:\\\/\\\/mznoticia.com.br\\\/piraidosul\\\/wp-content\\\/uploads\\\/2026\\\/08\\\/10-25.jpg\",\"datePublished\":\"2026-08-25T17:48:12+00:00\",\"description\":\"BR-277 \u00e9 totalmente interditada nos dois sentidos ap\u00f3s caminh\u00e3o pegar fogo na Serra da Esperan\u00e7a nesta ter\u00e7a-feira (25).\",\"breadcrumb\":{\"@id\":\"https:\\\/\\\/mznoticia.com.br\\\/piraidosul\\\/br-277-e-totalmente-interditada-apos-caminhao-pegar-fogo-na-serra-da-esperanca\\\/#breadcrumb\"},\"inLanguage\":\"pt-BR\",\"potentialAction\":[{\"@type\":\"ReadAction\",\"target\":[\"https:\\\/\\\/mznoticia.com.br\\\/piraidosul\\\/br-277-e-totalmente-interditada-apos-caminhao-pegar-fogo-na-serra-da-esperanca\\\/\"]}]},{\"@type\":\"ImageObject\",\"inLanguage\":\"pt-BR\",\"@id\":\"https:\\\/\\\/mznoticia.com.br\\\/piraidosul\\\/br-277-e-totalmente-interditada-apos-caminhao-pegar-fogo-na-serra-da-esperanca\\\/#primaryimage\",\"url\":\"https:\\\/\\\/mznoticia.com.br\\\/piraidosul\\\/wp-content\\\/uploads\\\/2026\\\/08\\\/10-25.jpg\",\"contentUrl\":\"https:\\\/\\\/mznoticia.com.br\\\/piraidosul\\\/wp-content\\\/uploads\\\/2026\\\/08\\\/10-25.jpg\",\"width\":1280,\"height\":1076},{\"@type\":\"BreadcrumbList\",\"@id\":\"https:\\\/\\\/mznoticia.com.br\\\/piraidosul\\\/br-277-e-totalmente-interditada-apos-caminhao-pegar-fogo-na-serra-da-esperanca\\\/#breadcrumb\",\"itemListElement\":[{\"@type\":\"ListItem\",\"position\":1,\"name\":\"Home\",\"item\":\"https:\\\/\\\/mznoticia.com.br\\\/piraidosul\\\/\"},{\"@type\":\"ListItem\",\"position\":2,\"name\":\"BR-277 \u00e9 totalmente interditada ap\u00f3s caminh\u00e3o pegar fogo na Serra da Esperan\u00e7a\"}]},{\"@type\":\"WebSite\",\"@id\":\"https:\\\/\\\/mznoticia.com.br\\\/piraidosul\\\/#website\",\"url\":\"https:\\\/\\\/mznoticia.com.br\\\/piraidosul\\\/\",\"name\":\"Mz Not\u00edcia\",\"description\":\"A informa\u00e7\u00e3o que voc\u00ea precisa na hora certa!\",\"publisher\":{\"@id\":\"https:\\\/\\\/mznoticia.com.br\\\/piraidosul\\\/#organization\"},\"potentialAction\":[{\"@type\":\"SearchAction\",\"target\":{\"@type\":\"EntryPoint\",\"urlTemplate\":\"https:\\\/\\\/mznoticia.com.br\\\/piraidosul\\\/?s={search_term_string}\"},\"query-input\":{\"@type\":\"PropertyValueSpecification\",\"valueRequired\":true,\"valueName\":\"search_term_string\"}}],\"inLanguage\":\"pt-BR\"},{\"@type\":\"Organization\",\"@id\":\"https:\\\/\\\/mznoticia.com.br\\\/piraidosul\\\/#organization\",\"name\":\"Mz Not\u00edcia\",\"url\":\"https:\\\/\\\/mznoticia.com.br\\\/piraidosul\\\/\",\"logo\":{\"@type\":\"ImageObject\",\"inLanguage\":\"pt-BR\",\"@id\":\"https:\\\/\\\/mznoticia.com.br\\\/piraidosul\\\/#\\\/schema\\\/logo\\\/image\\\/\",\"url\":\"https:\\\/\\\/mznoticia.com.br\\\/jaguariaiva\\\/wp-content\\\/uploads\\\/2025\\\/03\\\/Design-sem-nome-4-e1741200616392.png\",\"contentUrl\":\"https:\\\/\\\/mznoticia.com.br\\\/jaguariaiva\\\/wp-content\\\/uploads\\\/2025\\\/03\\\/Design-sem-nome-4-e1741200616392.png\",\"width\":750,\"height\":563,\"caption\":\"Mz Not\u00edcia\"},\"image\":{\"@id\":\"https:\\\/\\\/mznoticia.com.br\\\/piraidosul\\\/#\\\/schema\\\/logo\\\/image\\\/\"},\"sameAs\":[\"https:\\\/\\\/www.facebook.com\\\/profile.php?id=61573479951222\",\"https:\\\/\\\/www.instagram.com\\\/mz.jaguariaiva\\\/\"]},{\"@type\":\"Person\",\"@id\":\"https:\\\/\\\/mznoticia.com.br\\\/piraidosul\\\/#\\\/schema\\\/person\\\/84012d827247b3f42f37b550da79cd03\",\"name\":\"Redacao mz\",\"image\":{\"@type\":\"ImageObject\",\"inLanguage\":\"pt-BR\",\"@id\":\"https:\\\/\\\/secure.gravatar.com\\\/avatar\\\/3835c58a73b55edb97de944593845d3f29acb93b7a088f3bf63afde947ab86ba?s=96&d=simple_local_avatar&r=g\",\"url\":\"https:\\\/\\\/secure.gravatar.com\\\/avatar\\\/3835c58a73b55edb97de944593845d3f29acb93b7a088f3bf63afde947ab86ba?s=96&d=simple_local_avatar&r=g\",\"contentUrl\":\"https:\\\/\\\/secure.gravatar.com\\\/avatar\\\/3835c58a73b55edb97de944593845d3f29acb93b7a088f3bf63afde947ab86ba?s=96&d=simple_local_avatar&r=g\",\"caption\":\"Redacao mz\"},\"sameAs\":[\"http:\\\/\\\/mznoticia.com.br\"],\"url\":\"https:\\\/\\\/mznoticia.com.br\\\/piraidosul\\\/author\\\/lucimara\\\/\"}]}<\/script>\n<!-- \/ Yoast SEO plugin. -->","yoast_head_json":{"title":"BR-277 \u00e9 totalmente interditada ap\u00f3s caminh\u00e3o pegar fogo na Serra da Esperan\u00e7a - Mz Not\u00edcias","description":"BR-277 \u00e9 totalmente interditada nos dois sentidos ap\u00f3s caminh\u00e3o pegar fogo na Serra da Esperan\u00e7a nesta ter\u00e7a-feira (25).","robots":{"index":"index","follow":"follow","max-snippet":"max-snippet:-1","max-image-preview":"max-image-preview:large","max-video-preview":"max-video-preview:-1"},"canonical":"https:\/\/mznoticia.com.br\/piraidosul\/br-277-e-totalmente-interditada-apos-caminhao-pegar-fogo-na-serra-da-esperanca\/","og_locale":"pt_BR","og_type":"article","og_title":"BR-277 \u00e9 totalmente interditada ap\u00f3s caminh\u00e3o pegar fogo na Serra da Esperan\u00e7a - Mz Not\u00edcias","og_description":"BR-277 \u00e9 totalmente interditada nos dois sentidos ap\u00f3s caminh\u00e3o pegar fogo na Serra da Esperan\u00e7a nesta ter\u00e7a-feira (25).","og_url":"https:\/\/mznoticia.com.br\/piraidosul\/br-277-e-totalmente-interditada-apos-caminhao-pegar-fogo-na-serra-da-esperanca\/","og_site_name":"Mz Not\u00edcias","article_publisher":"https:\/\/www.facebook.com\/profile.php?id=61573479951222","article_published_time":"2026-08-25T17:48:12+00:00","og_image":[{"width":1280,"height":1076,"url":"https:\/\/mznoticia.com.br\/piraidosul\/wp-content\/uploads\/2026\/08\/10-25.jpg","type":"image\/jpeg"}],"author":"Redacao mz","twitter_card":"summary_large_image","twitter_misc":{"Escrito por":"Redacao mz","Est. tempo de leitura":"1 minuto"},"schema":{"@context":"https:\/\/schema.org","@graph":[{"@type":"Article","@id":"https:\/\/mznoticia.com.br\/piraidosul\/br-277-e-totalmente-interditada-apos-caminhao-pegar-fogo-na-serra-da-esperanca\/#article","isPartOf":{"@id":"https:\/\/mznoticia.com.br\/piraidosul\/br-277-e-totalmente-interditada-apos-caminhao-pegar-fogo-na-serra-da-esperanca\/"},"author":{"name":"Redacao mz","@id":"https:\/\/mznoticia.com.br\/piraidosul\/#\/schema\/person\/84012d827247b3f42f37b550da79cd03"},"headline":"BR-277 \u00e9 totalmente interditada ap\u00f3s caminh\u00e3o pegar fogo na Serra da Esperan\u00e7a","datePublished":"2026-08-25T17:48:12+00:00","mainEntityOfPage":{"@id":"https:\/\/mznoticia.com.br\/piraidosul\/br-277-e-totalmente-interditada-apos-caminhao-pegar-fogo-na-serra-da-esperanca\/"},"wordCount":165,"commentCount":0,"publisher":{"@id":"https:\/\/mznoticia.com.br\/piraidosul\/#organization"},"image":{"@id":"https:\/\/mznoticia.com.br\/piraidosul\/br-277-e-totalmente-interditada-apos-caminhao-pegar-fogo-na-serra-da-esperanca\/#primaryimage"},"thumbnailUrl":"https:\/\/mznoticia.com.br\/piraidosul\/wp-content\/uploads\/2026\/08\/10-25.jpg","keywords":["acidente","BR-277","caminh\u00e3o pega fogo","campos gerais","Emerg\u00eancia","Inc\u00eandio","parana","rodovia interditada","Serra da Esperan\u00e7a","tr\u00e1fego","tr\u00e2nsito"],"articleSection":["Acidente"],"inLanguage":"pt-BR","potentialAction":[{"@type":"CommentAction","name":"Comment","target":["https:\/\/mznoticia.com.br\/piraidosul\/br-277-e-totalmente-interditada-apos-caminhao-pegar-fogo-na-serra-da-esperanca\/#respond"]}]},{"@type":"WebPage","@id":"https:\/\/mznoticia.com.br\/piraidosul\/br-277-e-totalmente-interditada-apos-caminhao-pegar-fogo-na-serra-da-esperanca\/","url":"https:\/\/mznoticia.com.br\/piraidosul\/br-277-e-totalmente-interditada-apos-caminhao-pegar-fogo-na-serra-da-esperanca\/","name":"BR-277 \u00e9 totalmente interditada ap\u00f3s caminh\u00e3o pegar fogo na Serra da Esperan\u00e7a - Mz Not\u00edcias","isPartOf":{"@id":"https:\/\/mznoticia.com.br\/piraidosul\/#website"},"primaryImageOfPage":{"@id":"https:\/\/mznoticia.com.br\/piraidosul\/br-277-e-totalmente-interditada-apos-caminhao-pegar-fogo-na-serra-da-esperanca\/#primaryimage"},"image":{"@id":"https:\/\/mznoticia.com.br\/piraidosul\/br-277-e-totalmente-interditada-apos-caminhao-pegar-fogo-na-serra-da-esperanca\/#primaryimage"},"thumbnailUrl":"https:\/\/mznoticia.com.br\/piraidosul\/wp-content\/uploads\/2026\/08\/10-25.jpg","datePublished":"2026-08-25T17:48:12+00:00","description":"BR-277 \u00e9 totalmente interditada nos dois sentidos ap\u00f3s caminh\u00e3o pegar fogo na Serra da Esperan\u00e7a nesta ter\u00e7a-feira (25).","breadcrumb":{"@id":"https:\/\/mznoticia.com.br\/piraidosul\/br-277-e-totalmente-interditada-apos-caminhao-pegar-fogo-na-serra-da-esperanca\/#breadcrumb"},"inLanguage":"pt-BR","potentialAction":[{"@type":"ReadAction","target":["https:\/\/mznoticia.com.br\/piraidosul\/br-277-e-totalmente-interditada-apos-caminhao-pegar-fogo-na-serra-da-esperanca\/"]}]},{"@type":"ImageObject","inLanguage":"pt-BR","@id":"https:\/\/mznoticia.com.br\/piraidosul\/br-277-e-totalmente-interditada-apos-caminhao-pegar-fogo-na-serra-da-esperanca\/#primaryimage","url":"https:\/\/mznoticia.com.br\/piraidosul\/wp-content\/uploads\/2026\/08\/10-25.jpg","contentUrl":"https:\/\/mznoticia.com.br\/piraidosul\/wp-content\/uploads\/2026\/08\/10-25.jpg","width":1280,"height":1076},{"@type":"BreadcrumbList","@id":"https:\/\/mznoticia.com.br\/piraidosul\/br-277-e-totalmente-interditada-apos-caminhao-pegar-fogo-na-serra-da-esperanca\/#breadcrumb","itemListElement":[{"@type":"ListItem","position":1,"name":"Home","item":"https:\/\/mznoticia.com.br\/piraidosul\/"},{"@type":"ListItem","position":2,"name":"BR-277 \u00e9 totalmente interditada ap\u00f3s caminh\u00e3o pegar fogo na Serra da Esperan\u00e7a"}]},{"@type":"WebSite","@id":"https:\/\/mznoticia.com.br\/piraidosul\/#website","url":"https:\/\/mznoticia.com.br\/piraidosul\/","name":"Mz Not\u00edcia","description":"A informa\u00e7\u00e3o que voc\u00ea precisa na hora certa!","publisher":{"@id":"https:\/\/mznoticia.com.br\/piraidosul\/#organization"},"potentialAction":[{"@type":"SearchAction","target":{"@type":"EntryPoint","urlTemplate":"https:\/\/mznoticia.com.br\/piraidosul\/?s={search_term_string}"},"query-input":{"@type":"PropertyValueSpecification","valueRequired":true,"valueName":"search_term_string"}}],"inLanguage":"pt-BR"},{"@type":"Organization","@id":"https:\/\/mznoticia.com.br\/piraidosul\/#organization","name":"Mz Not\u00edcia","url":"https:\/\/mznoticia.com.br\/piraidosul\/","logo":{"@type":"ImageObject","inLanguage":"pt-BR","@id":"https:\/\/mznoticia.com.br\/piraidosul\/#\/schema\/logo\/image\/","url":"https:\/\/mznoticia.com.br\/jaguariaiva\/wp-content\/uploads\/2025\/03\/Design-sem-nome-4-e1741200616392.png","contentUrl":"https:\/\/mznoticia.com.br\/jaguariaiva\/wp-content\/uploads\/2025\/03\/Design-sem-nome-4-e1741200616392.png","width":750,"height":563,"caption":"Mz Not\u00edcia"},"image":{"@id":"https:\/\/mznoticia.com.br\/piraidosul\/#\/schema\/logo\/image\/"},"sameAs":["https:\/\/www.facebook.com\/profile.php?id=61573479951222","https:\/\/www.instagram.com\/mz.jaguariaiva\/"]},{"@type":"Person","@id":"https:\/\/mznoticia.com.br\/piraidosul\/#\/schema\/person\/84012d827247b3f42f37b550da79cd03","name":"Redacao mz","image":{"@type":"ImageObject","inLanguage":"pt-BR","@id":"https:\/\/secure.gravatar.com\/avatar\/3835c58a73b55edb97de944593845d3f29acb93b7a088f3bf63afde947ab86ba?s=96&d=simple_local_avatar&r=g","url":"https:\/\/secure.gravatar.com\/avatar\/3835c58a73b55edb97de944593845d3f29acb93b7a088f3bf63afde947ab86ba?s=96&d=simple_local_avatar&r=g","contentUrl":"https:\/\/secure.gravatar.com\/avatar\/3835c58a73b55edb97de944593845d3f29acb93b7a088f3bf63afde947ab86ba?s=96&d=simple_local_avatar&r=g","caption":"Redacao mz"},"sameAs":["http:\/\/mznoticia.com.br"],"url":"https:\/\/mznoticia.com.br\/piraidosul\/author\/lucimara\/"}]}},"_links":{"self":[{"href":"https:\/\/mznoticia.com.br\/piraidosul\/wp-json\/wp\/v2\/posts\/7423","targetHints":{"allow":["GET"]}}],"collection":[{"href":"https:\/\/mznoticia.com.br\/piraidosul\/wp-json\/wp\/v2\/posts"}],"about":[{"href":"https:\/\/mznoticia.com.br\/piraidosul\/wp-json\/wp\/v2\/types\/post"}],"author":[{"embeddable":true,"href":"https:\/\/mznoticia.com.br\/piraidosul\/wp-json\/wp\/v2\/users\/16"}],"replies":[{"embeddable":true,"href":"https:\/\/mznoticia.com.br\/piraidosul\/wp-json\/wp\/v2\/comments?post=7423"}],"version-history":[{"count":1,"href":"https:\/\/mznoticia.com.br\/piraidosul\/wp-json\/wp\/v2\/posts\/7423\/revisions"}],"predecessor-version":[{"id":7425,"href":"https:\/\/mznoticia.com.br\/piraidosul\/wp-json\/wp\/v2\/posts\/7423\/revisions\/7425"}],"wp:featuredmedia":[{"embeddable":true,"href":"https:\/\/mznoticia.com.br\/piraidosul\/wp-json\/wp\/v2\/media\/7424"}],"wp:attachment":[{"href":"https:\/\/mznoticia.com.br\/piraidosul\/wp-json\/wp\/v2\/media?parent=7423"}],"wp:term":[{"taxonomy":"category","embeddable":true,"href":"https:\/\/mznoticia.com.br\/piraidosul\/wp-json\/wp\/v2\/categories?post=7423"},{"taxonomy":"post_tag","embeddable":true,"href":"https:\/\/mznoticia.com.br\/piraidosul\/wp-json\/wp\/v2\/tags?post=7423"}],"curies":[{"name":"wp","href":"https:\/\/api.w.org\/{rel}","templated":true}]}}