{"id":7551,"date":"2026-08-27T15:05:29","date_gmt":"2026-08-27T15:05:29","guid":{"rendered":"https:\/\/mznoticia.com.br\/piraidosul\/?p=7551"},"modified":"2026-08-27T15:05:29","modified_gmt":"2026-08-27T15:05:29","slug":"colisao-frontal-deixa-cinco-trabalhadores-mortos-na-pr-090-em-ventania","status":"publish","type":"post","link":"https:\/\/mznoticia.com.br\/piraidosul\/colisao-frontal-deixa-cinco-trabalhadores-mortos-na-pr-090-em-ventania\/","title":{"rendered":"Colis\u00e3o frontal deixa cinco trabalhadores mortos na PR-090, em Ventania"},"content":{"rendered":"<h2 class=\"PDq2pG_selectionAnchorContainer\" data-section-id=\"g1w22v\" data-start=\"75\" data-end=\"244\">Caminhonete com cinco ocupantes bateu de frente com caminh\u00e3o no trecho entre Ventania e Pira\u00ed do Sul; v\u00edtimas trabalhavam para companhia de energia el\u00e9trica do Paran\u00e1<\/h2>\n<h3 data-section-id=\"1d25mq9\" data-start=\"246\" data-end=\"296\">Acidente aconteceu na manh\u00e3 desta quinta-feira<\/h3>\n<p data-start=\"298\" data-end=\"527\">Uma colis\u00e3o frontal deixou cinco homens mortos na manh\u00e3 desta quinta-feira (27), na PR-090, em Ventania, nos Campos Gerais. O acidente aconteceu por volta das 9h, no km 199 da rodovia, no trecho entre Ventania e Pira\u00ed do Sul.<\/p>\n<p data-start=\"529\" data-end=\"759\">As v\u00edtimas estavam em uma caminhonete Fiat Titano, com placas de Londrina. O motorista e os quatro passageiros morreram ainda no local. At\u00e9 a divulga\u00e7\u00e3o das informa\u00e7\u00f5es, os ocupantes n\u00e3o haviam sido oficialmente identificados.<\/p>\n<p data-start=\"761\" data-end=\"936\">A caminhonete se envolveu em uma colis\u00e3o frontal com um caminh\u00e3o Volvo FH440, que tracionava dois semirreboques Randon e tinha placas de Guaraci, no interior de S\u00e3o Paulo.<\/p>\n<h3 data-section-id=\"1x6dlrg\" data-start=\"938\" data-end=\"999\">Ocupantes do caminh\u00e3o foram encaminhados para atendimento<\/h3>\n<p data-start=\"1001\" data-end=\"1181\">O motorista do caminh\u00e3o n\u00e3o sofreu ferimentos, mas foi levado \u00e0 UPA de Ventania para avalia\u00e7\u00e3o m\u00e9dica. Uma passageira teve ferimentos leves e tamb\u00e9m recebeu atendimento na unidade.<\/p>\n<p data-start=\"1183\" data-end=\"1326\">Segundo o Batalh\u00e3o de Pol\u00edcia Rodovi\u00e1ria, a Fiat Titano seguia no sentido de Ventania, enquanto o caminh\u00e3o trafegava em dire\u00e7\u00e3o a Pira\u00ed do Sul.<\/p>\n<h3 data-section-id=\"1o4ih48\" data-start=\"1328\" data-end=\"1371\">Equipes de emerg\u00eancia foram mobilizadas<\/h3>\n<p data-start=\"1373\" data-end=\"1531\">Equipes do Samu, do Pronto Socorro de Ventania, do atendimento aerom\u00e9dico e do Corpo de Bombeiros de Tel\u00eamaco Borba foram acionadas para atender a ocorr\u00eancia.<\/p>\n<p data-start=\"1533\" data-end=\"1745\">A Pol\u00edcia Civil e a Pol\u00edcia Cient\u00edfica tamb\u00e9m estiveram no local para os levantamentos e procedimentos necess\u00e1rios. Ap\u00f3s a libera\u00e7\u00e3o, os corpos ser\u00e3o encaminhados para identifica\u00e7\u00e3o oficial e exames de necropsia.<\/p>\n<p data-start=\"1747\" data-end=\"1869\">A din\u00e2mica e as causas da colis\u00e3o ainda ser\u00e3o investigadas. O boletim do BPRv n\u00e3o menciona tentativa de ultrapassagem.<\/p>\n","protected":false},"excerpt":{"rendered":"<p>Caminhonete com cinco ocupantes bateu de frente com caminh\u00e3o no trecho entre Ventania e Pira\u00ed do Sul; v\u00edtimas trabalhavam para companhia de energia el\u00e9trica do Paran\u00e1 Acidente aconteceu na manh\u00e3 desta quinta-feira Uma colis\u00e3o frontal deixou cinco homens mortos na manh\u00e3 desta quinta-feira (27), na PR-090, em Ventania, nos Campos Gerais. O acidente aconteceu por [&hellip;]<\/p>\n","protected":false},"author":16,"featured_media":7552,"comment_status":"open","ping_status":"open","sticky":false,"template":"","format":"standard","meta":{"footnotes":""},"categories":[149],"tags":[31,175,196,47,1642,135,1492,1756,564,568,177],"class_list":["post-7551","post","type-post","status-publish","format-standard","has-post-thumbnail","hentry","category-acidente","tag-acidente","tag-caminhao","tag-campos-gerais","tag-destaque","tag-mortes","tag-pirai-do-sul","tag-policia-rodoviaria","tag-pr-090","tag-trabalhadores","tag-transito","tag-ventania"],"yoast_head":"<!-- This site is optimized with the Yoast SEO plugin v28.1 - https:\/\/yoast.com\/product\/yoast-seo-wordpress\/ -->\n<title>Colis\u00e3o frontal deixa cinco trabalhadores mortos na PR-090, em Ventania - Mz Not\u00edcias<\/title>\n<meta name=\"description\" content=\"Colis\u00e3o frontal entre caminhonete e caminh\u00e3o deixa cinco trabalhadores mortos na PR-090, entre Ventania e Pira\u00ed do Sul.\" \/>\n<meta name=\"robots\" content=\"index, follow, max-snippet:-1, max-image-preview:large, max-video-preview:-1\" \/>\n<link rel=\"canonical\" href=\"https:\/\/mznoticia.com.br\/piraidosul\/colisao-frontal-deixa-cinco-trabalhadores-mortos-na-pr-090-em-ventania\/\" \/>\n<meta property=\"og:locale\" content=\"pt_BR\" \/>\n<meta property=\"og:type\" content=\"article\" \/>\n<meta property=\"og:title\" content=\"Colis\u00e3o frontal deixa cinco trabalhadores mortos na PR-090, em Ventania - Mz Not\u00edcias\" \/>\n<meta property=\"og:description\" content=\"Colis\u00e3o frontal entre caminhonete e caminh\u00e3o deixa cinco trabalhadores mortos na PR-090, entre Ventania e Pira\u00ed do Sul.\" \/>\n<meta property=\"og:url\" content=\"https:\/\/mznoticia.com.br\/piraidosul\/colisao-frontal-deixa-cinco-trabalhadores-mortos-na-pr-090-em-ventania\/\" \/>\n<meta property=\"og:site_name\" content=\"Mz Not\u00edcias\" \/>\n<meta property=\"article:publisher\" content=\"https:\/\/www.facebook.com\/profile.php?id=61573479951222\" \/>\n<meta property=\"article:published_time\" content=\"2026-08-27T15:05:29+00:00\" \/>\n<meta name=\"author\" content=\"Redacao mz\" \/>\n<meta name=\"twitter:card\" content=\"summary_large_image\" \/>\n<meta name=\"twitter:label1\" content=\"Escrito por\" \/>\n\t<meta name=\"twitter:data1\" content=\"Redacao mz\" \/>\n\t<meta name=\"twitter:label2\" content=\"Est. tempo de leitura\" \/>\n\t<meta name=\"twitter:data2\" content=\"2 minutos\" \/>\n<script type=\"application\/ld+json\" class=\"yoast-schema-graph\">{\"@context\":\"https:\\\/\\\/schema.org\",\"@graph\":[{\"@type\":\"Article\",\"@id\":\"https:\\\/\\\/mznoticia.com.br\\\/piraidosul\\\/colisao-frontal-deixa-cinco-trabalhadores-mortos-na-pr-090-em-ventania\\\/#article\",\"isPartOf\":{\"@id\":\"https:\\\/\\\/mznoticia.com.br\\\/piraidosul\\\/colisao-frontal-deixa-cinco-trabalhadores-mortos-na-pr-090-em-ventania\\\/\"},\"author\":{\"name\":\"Redacao mz\",\"@id\":\"https:\\\/\\\/mznoticia.com.br\\\/piraidosul\\\/#\\\/schema\\\/person\\\/84012d827247b3f42f37b550da79cd03\"},\"headline\":\"Colis\u00e3o frontal deixa cinco trabalhadores mortos na PR-090, em Ventania\",\"datePublished\":\"2026-08-27T15:05:29+00:00\",\"mainEntityOfPage\":{\"@id\":\"https:\\\/\\\/mznoticia.com.br\\\/piraidosul\\\/colisao-frontal-deixa-cinco-trabalhadores-mortos-na-pr-090-em-ventania\\\/\"},\"wordCount\":319,\"commentCount\":0,\"publisher\":{\"@id\":\"https:\\\/\\\/mznoticia.com.br\\\/piraidosul\\\/#organization\"},\"image\":{\"@id\":\"https:\\\/\\\/mznoticia.com.br\\\/piraidosul\\\/colisao-frontal-deixa-cinco-trabalhadores-mortos-na-pr-090-em-ventania\\\/#primaryimage\"},\"thumbnailUrl\":\"https:\\\/\\\/mznoticia.com.br\\\/piraidosul\\\/wp-content\\\/uploads\\\/2026\\\/08\\\/50-8.avif\",\"keywords\":[\"acidente\",\"caminh\u00e3o\",\"campos gerais\",\"destaque\",\"Mortes\",\"Pira\u00ed do Sul\",\"Pol\u00edcia Rodovi\u00e1ria\",\"PR-090\",\"trabalhadores\",\"tr\u00e2nsito\",\"Ventania\"],\"articleSection\":[\"Acidente\"],\"inLanguage\":\"pt-BR\",\"potentialAction\":[{\"@type\":\"CommentAction\",\"name\":\"Comment\",\"target\":[\"https:\\\/\\\/mznoticia.com.br\\\/piraidosul\\\/colisao-frontal-deixa-cinco-trabalhadores-mortos-na-pr-090-em-ventania\\\/#respond\"]}]},{\"@type\":\"WebPage\",\"@id\":\"https:\\\/\\\/mznoticia.com.br\\\/piraidosul\\\/colisao-frontal-deixa-cinco-trabalhadores-mortos-na-pr-090-em-ventania\\\/\",\"url\":\"https:\\\/\\\/mznoticia.com.br\\\/piraidosul\\\/colisao-frontal-deixa-cinco-trabalhadores-mortos-na-pr-090-em-ventania\\\/\",\"name\":\"Colis\u00e3o frontal deixa cinco trabalhadores mortos na PR-090, em Ventania - Mz Not\u00edcias\",\"isPartOf\":{\"@id\":\"https:\\\/\\\/mznoticia.com.br\\\/piraidosul\\\/#website\"},\"primaryImageOfPage\":{\"@id\":\"https:\\\/\\\/mznoticia.com.br\\\/piraidosul\\\/colisao-frontal-deixa-cinco-trabalhadores-mortos-na-pr-090-em-ventania\\\/#primaryimage\"},\"image\":{\"@id\":\"https:\\\/\\\/mznoticia.com.br\\\/piraidosul\\\/colisao-frontal-deixa-cinco-trabalhadores-mortos-na-pr-090-em-ventania\\\/#primaryimage\"},\"thumbnailUrl\":\"https:\\\/\\\/mznoticia.com.br\\\/piraidosul\\\/wp-content\\\/uploads\\\/2026\\\/08\\\/50-8.avif\",\"datePublished\":\"2026-08-27T15:05:29+00:00\",\"description\":\"Colis\u00e3o frontal entre caminhonete e caminh\u00e3o deixa cinco trabalhadores mortos na PR-090, entre Ventania e Pira\u00ed do Sul.\",\"breadcrumb\":{\"@id\":\"https:\\\/\\\/mznoticia.com.br\\\/piraidosul\\\/colisao-frontal-deixa-cinco-trabalhadores-mortos-na-pr-090-em-ventania\\\/#breadcrumb\"},\"inLanguage\":\"pt-BR\",\"potentialAction\":[{\"@type\":\"ReadAction\",\"target\":[\"https:\\\/\\\/mznoticia.com.br\\\/piraidosul\\\/colisao-frontal-deixa-cinco-trabalhadores-mortos-na-pr-090-em-ventania\\\/\"]}]},{\"@type\":\"ImageObject\",\"inLanguage\":\"pt-BR\",\"@id\":\"https:\\\/\\\/mznoticia.com.br\\\/piraidosul\\\/colisao-frontal-deixa-cinco-trabalhadores-mortos-na-pr-090-em-ventania\\\/#primaryimage\",\"url\":\"https:\\\/\\\/mznoticia.com.br\\\/piraidosul\\\/wp-content\\\/uploads\\\/2026\\\/08\\\/50-8.avif\",\"contentUrl\":\"https:\\\/\\\/mznoticia.com.br\\\/piraidosul\\\/wp-content\\\/uploads\\\/2026\\\/08\\\/50-8.avif\",\"width\":1080,\"height\":813},{\"@type\":\"BreadcrumbList\",\"@id\":\"https:\\\/\\\/mznoticia.com.br\\\/piraidosul\\\/colisao-frontal-deixa-cinco-trabalhadores-mortos-na-pr-090-em-ventania\\\/#breadcrumb\",\"itemListElement\":[{\"@type\":\"ListItem\",\"position\":1,\"name\":\"Home\",\"item\":\"https:\\\/\\\/mznoticia.com.br\\\/piraidosul\\\/\"},{\"@type\":\"ListItem\",\"position\":2,\"name\":\"Colis\u00e3o frontal deixa cinco trabalhadores mortos na PR-090, em Ventania\"}]},{\"@type\":\"WebSite\",\"@id\":\"https:\\\/\\\/mznoticia.com.br\\\/piraidosul\\\/#website\",\"url\":\"https:\\\/\\\/mznoticia.com.br\\\/piraidosul\\\/\",\"name\":\"Mz Not\u00edcia\",\"description\":\"A informa\u00e7\u00e3o que voc\u00ea precisa na hora certa!\",\"publisher\":{\"@id\":\"https:\\\/\\\/mznoticia.com.br\\\/piraidosul\\\/#organization\"},\"potentialAction\":[{\"@type\":\"SearchAction\",\"target\":{\"@type\":\"EntryPoint\",\"urlTemplate\":\"https:\\\/\\\/mznoticia.com.br\\\/piraidosul\\\/?s={search_term_string}\"},\"query-input\":{\"@type\":\"PropertyValueSpecification\",\"valueRequired\":true,\"valueName\":\"search_term_string\"}}],\"inLanguage\":\"pt-BR\"},{\"@type\":\"Organization\",\"@id\":\"https:\\\/\\\/mznoticia.com.br\\\/piraidosul\\\/#organization\",\"name\":\"Mz Not\u00edcia\",\"url\":\"https:\\\/\\\/mznoticia.com.br\\\/piraidosul\\\/\",\"logo\":{\"@type\":\"ImageObject\",\"inLanguage\":\"pt-BR\",\"@id\":\"https:\\\/\\\/mznoticia.com.br\\\/piraidosul\\\/#\\\/schema\\\/logo\\\/image\\\/\",\"url\":\"https:\\\/\\\/mznoticia.com.br\\\/jaguariaiva\\\/wp-content\\\/uploads\\\/2025\\\/03\\\/Design-sem-nome-4-e1741200616392.png\",\"contentUrl\":\"https:\\\/\\\/mznoticia.com.br\\\/jaguariaiva\\\/wp-content\\\/uploads\\\/2025\\\/03\\\/Design-sem-nome-4-e1741200616392.png\",\"width\":750,\"height\":563,\"caption\":\"Mz Not\u00edcia\"},\"image\":{\"@id\":\"https:\\\/\\\/mznoticia.com.br\\\/piraidosul\\\/#\\\/schema\\\/logo\\\/image\\\/\"},\"sameAs\":[\"https:\\\/\\\/www.facebook.com\\\/profile.php?id=61573479951222\",\"https:\\\/\\\/www.instagram.com\\\/mz.jaguariaiva\\\/\"]},{\"@type\":\"Person\",\"@id\":\"https:\\\/\\\/mznoticia.com.br\\\/piraidosul\\\/#\\\/schema\\\/person\\\/84012d827247b3f42f37b550da79cd03\",\"name\":\"Redacao mz\",\"image\":{\"@type\":\"ImageObject\",\"inLanguage\":\"pt-BR\",\"@id\":\"https:\\\/\\\/secure.gravatar.com\\\/avatar\\\/3835c58a73b55edb97de944593845d3f29acb93b7a088f3bf63afde947ab86ba?s=96&d=simple_local_avatar&r=g\",\"url\":\"https:\\\/\\\/secure.gravatar.com\\\/avatar\\\/3835c58a73b55edb97de944593845d3f29acb93b7a088f3bf63afde947ab86ba?s=96&d=simple_local_avatar&r=g\",\"contentUrl\":\"https:\\\/\\\/secure.gravatar.com\\\/avatar\\\/3835c58a73b55edb97de944593845d3f29acb93b7a088f3bf63afde947ab86ba?s=96&d=simple_local_avatar&r=g\",\"caption\":\"Redacao mz\"},\"sameAs\":[\"http:\\\/\\\/mznoticia.com.br\"],\"url\":\"https:\\\/\\\/mznoticia.com.br\\\/piraidosul\\\/author\\\/lucimara\\\/\"}]}<\/script>\n<!-- \/ Yoast SEO plugin. -->","yoast_head_json":{"title":"Colis\u00e3o frontal deixa cinco trabalhadores mortos na PR-090, em Ventania - Mz Not\u00edcias","description":"Colis\u00e3o frontal entre caminhonete e caminh\u00e3o deixa cinco trabalhadores mortos na PR-090, entre Ventania e Pira\u00ed do Sul.","robots":{"index":"index","follow":"follow","max-snippet":"max-snippet:-1","max-image-preview":"max-image-preview:large","max-video-preview":"max-video-preview:-1"},"canonical":"https:\/\/mznoticia.com.br\/piraidosul\/colisao-frontal-deixa-cinco-trabalhadores-mortos-na-pr-090-em-ventania\/","og_locale":"pt_BR","og_type":"article","og_title":"Colis\u00e3o frontal deixa cinco trabalhadores mortos na PR-090, em Ventania - Mz Not\u00edcias","og_description":"Colis\u00e3o frontal entre caminhonete e caminh\u00e3o deixa cinco trabalhadores mortos na PR-090, entre Ventania e Pira\u00ed do Sul.","og_url":"https:\/\/mznoticia.com.br\/piraidosul\/colisao-frontal-deixa-cinco-trabalhadores-mortos-na-pr-090-em-ventania\/","og_site_name":"Mz Not\u00edcias","article_publisher":"https:\/\/www.facebook.com\/profile.php?id=61573479951222","article_published_time":"2026-08-27T15:05:29+00:00","author":"Redacao mz","twitter_card":"summary_large_image","twitter_misc":{"Escrito por":"Redacao mz","Est. tempo de leitura":"2 minutos"},"schema":{"@context":"https:\/\/schema.org","@graph":[{"@type":"Article","@id":"https:\/\/mznoticia.com.br\/piraidosul\/colisao-frontal-deixa-cinco-trabalhadores-mortos-na-pr-090-em-ventania\/#article","isPartOf":{"@id":"https:\/\/mznoticia.com.br\/piraidosul\/colisao-frontal-deixa-cinco-trabalhadores-mortos-na-pr-090-em-ventania\/"},"author":{"name":"Redacao mz","@id":"https:\/\/mznoticia.com.br\/piraidosul\/#\/schema\/person\/84012d827247b3f42f37b550da79cd03"},"headline":"Colis\u00e3o frontal deixa cinco trabalhadores mortos na PR-090, em Ventania","datePublished":"2026-08-27T15:05:29+00:00","mainEntityOfPage":{"@id":"https:\/\/mznoticia.com.br\/piraidosul\/colisao-frontal-deixa-cinco-trabalhadores-mortos-na-pr-090-em-ventania\/"},"wordCount":319,"commentCount":0,"publisher":{"@id":"https:\/\/mznoticia.com.br\/piraidosul\/#organization"},"image":{"@id":"https:\/\/mznoticia.com.br\/piraidosul\/colisao-frontal-deixa-cinco-trabalhadores-mortos-na-pr-090-em-ventania\/#primaryimage"},"thumbnailUrl":"https:\/\/mznoticia.com.br\/piraidosul\/wp-content\/uploads\/2026\/08\/50-8.avif","keywords":["acidente","caminh\u00e3o","campos gerais","destaque","Mortes","Pira\u00ed do Sul","Pol\u00edcia Rodovi\u00e1ria","PR-090","trabalhadores","tr\u00e2nsito","Ventania"],"articleSection":["Acidente"],"inLanguage":"pt-BR","potentialAction":[{"@type":"CommentAction","name":"Comment","target":["https:\/\/mznoticia.com.br\/piraidosul\/colisao-frontal-deixa-cinco-trabalhadores-mortos-na-pr-090-em-ventania\/#respond"]}]},{"@type":"WebPage","@id":"https:\/\/mznoticia.com.br\/piraidosul\/colisao-frontal-deixa-cinco-trabalhadores-mortos-na-pr-090-em-ventania\/","url":"https:\/\/mznoticia.com.br\/piraidosul\/colisao-frontal-deixa-cinco-trabalhadores-mortos-na-pr-090-em-ventania\/","name":"Colis\u00e3o frontal deixa cinco trabalhadores mortos na PR-090, em Ventania - Mz Not\u00edcias","isPartOf":{"@id":"https:\/\/mznoticia.com.br\/piraidosul\/#website"},"primaryImageOfPage":{"@id":"https:\/\/mznoticia.com.br\/piraidosul\/colisao-frontal-deixa-cinco-trabalhadores-mortos-na-pr-090-em-ventania\/#primaryimage"},"image":{"@id":"https:\/\/mznoticia.com.br\/piraidosul\/colisao-frontal-deixa-cinco-trabalhadores-mortos-na-pr-090-em-ventania\/#primaryimage"},"thumbnailUrl":"https:\/\/mznoticia.com.br\/piraidosul\/wp-content\/uploads\/2026\/08\/50-8.avif","datePublished":"2026-08-27T15:05:29+00:00","description":"Colis\u00e3o frontal entre caminhonete e caminh\u00e3o deixa cinco trabalhadores mortos na PR-090, entre Ventania e Pira\u00ed do Sul.","breadcrumb":{"@id":"https:\/\/mznoticia.com.br\/piraidosul\/colisao-frontal-deixa-cinco-trabalhadores-mortos-na-pr-090-em-ventania\/#breadcrumb"},"inLanguage":"pt-BR","potentialAction":[{"@type":"ReadAction","target":["https:\/\/mznoticia.com.br\/piraidosul\/colisao-frontal-deixa-cinco-trabalhadores-mortos-na-pr-090-em-ventania\/"]}]},{"@type":"ImageObject","inLanguage":"pt-BR","@id":"https:\/\/mznoticia.com.br\/piraidosul\/colisao-frontal-deixa-cinco-trabalhadores-mortos-na-pr-090-em-ventania\/#primaryimage","url":"https:\/\/mznoticia.com.br\/piraidosul\/wp-content\/uploads\/2026\/08\/50-8.avif","contentUrl":"https:\/\/mznoticia.com.br\/piraidosul\/wp-content\/uploads\/2026\/08\/50-8.avif","width":1080,"height":813},{"@type":"BreadcrumbList","@id":"https:\/\/mznoticia.com.br\/piraidosul\/colisao-frontal-deixa-cinco-trabalhadores-mortos-na-pr-090-em-ventania\/#breadcrumb","itemListElement":[{"@type":"ListItem","position":1,"name":"Home","item":"https:\/\/mznoticia.com.br\/piraidosul\/"},{"@type":"ListItem","position":2,"name":"Colis\u00e3o frontal deixa cinco trabalhadores mortos na PR-090, em Ventania"}]},{"@type":"WebSite","@id":"https:\/\/mznoticia.com.br\/piraidosul\/#website","url":"https:\/\/mznoticia.com.br\/piraidosul\/","name":"Mz Not\u00edcia","description":"A informa\u00e7\u00e3o que voc\u00ea precisa na hora certa!","publisher":{"@id":"https:\/\/mznoticia.com.br\/piraidosul\/#organization"},"potentialAction":[{"@type":"SearchAction","target":{"@type":"EntryPoint","urlTemplate":"https:\/\/mznoticia.com.br\/piraidosul\/?s={search_term_string}"},"query-input":{"@type":"PropertyValueSpecification","valueRequired":true,"valueName":"search_term_string"}}],"inLanguage":"pt-BR"},{"@type":"Organization","@id":"https:\/\/mznoticia.com.br\/piraidosul\/#organization","name":"Mz Not\u00edcia","url":"https:\/\/mznoticia.com.br\/piraidosul\/","logo":{"@type":"ImageObject","inLanguage":"pt-BR","@id":"https:\/\/mznoticia.com.br\/piraidosul\/#\/schema\/logo\/image\/","url":"https:\/\/mznoticia.com.br\/jaguariaiva\/wp-content\/uploads\/2025\/03\/Design-sem-nome-4-e1741200616392.png","contentUrl":"https:\/\/mznoticia.com.br\/jaguariaiva\/wp-content\/uploads\/2025\/03\/Design-sem-nome-4-e1741200616392.png","width":750,"height":563,"caption":"Mz Not\u00edcia"},"image":{"@id":"https:\/\/mznoticia.com.br\/piraidosul\/#\/schema\/logo\/image\/"},"sameAs":["https:\/\/www.facebook.com\/profile.php?id=61573479951222","https:\/\/www.instagram.com\/mz.jaguariaiva\/"]},{"@type":"Person","@id":"https:\/\/mznoticia.com.br\/piraidosul\/#\/schema\/person\/84012d827247b3f42f37b550da79cd03","name":"Redacao mz","image":{"@type":"ImageObject","inLanguage":"pt-BR","@id":"https:\/\/secure.gravatar.com\/avatar\/3835c58a73b55edb97de944593845d3f29acb93b7a088f3bf63afde947ab86ba?s=96&d=simple_local_avatar&r=g","url":"https:\/\/secure.gravatar.com\/avatar\/3835c58a73b55edb97de944593845d3f29acb93b7a088f3bf63afde947ab86ba?s=96&d=simple_local_avatar&r=g","contentUrl":"https:\/\/secure.gravatar.com\/avatar\/3835c58a73b55edb97de944593845d3f29acb93b7a088f3bf63afde947ab86ba?s=96&d=simple_local_avatar&r=g","caption":"Redacao mz"},"sameAs":["http:\/\/mznoticia.com.br"],"url":"https:\/\/mznoticia.com.br\/piraidosul\/author\/lucimara\/"}]}},"_links":{"self":[{"href":"https:\/\/mznoticia.com.br\/piraidosul\/wp-json\/wp\/v2\/posts\/7551","targetHints":{"allow":["GET"]}}],"collection":[{"href":"https:\/\/mznoticia.com.br\/piraidosul\/wp-json\/wp\/v2\/posts"}],"about":[{"href":"https:\/\/mznoticia.com.br\/piraidosul\/wp-json\/wp\/v2\/types\/post"}],"author":[{"embeddable":true,"href":"https:\/\/mznoticia.com.br\/piraidosul\/wp-json\/wp\/v2\/users\/16"}],"replies":[{"embeddable":true,"href":"https:\/\/mznoticia.com.br\/piraidosul\/wp-json\/wp\/v2\/comments?post=7551"}],"version-history":[{"count":1,"href":"https:\/\/mznoticia.com.br\/piraidosul\/wp-json\/wp\/v2\/posts\/7551\/revisions"}],"predecessor-version":[{"id":7553,"href":"https:\/\/mznoticia.com.br\/piraidosul\/wp-json\/wp\/v2\/posts\/7551\/revisions\/7553"}],"wp:featuredmedia":[{"embeddable":true,"href":"https:\/\/mznoticia.com.br\/piraidosul\/wp-json\/wp\/v2\/media\/7552"}],"wp:attachment":[{"href":"https:\/\/mznoticia.com.br\/piraidosul\/wp-json\/wp\/v2\/media?parent=7551"}],"wp:term":[{"taxonomy":"category","embeddable":true,"href":"https:\/\/mznoticia.com.br\/piraidosul\/wp-json\/wp\/v2\/categories?post=7551"},{"taxonomy":"post_tag","embeddable":true,"href":"https:\/\/mznoticia.com.br\/piraidosul\/wp-json\/wp\/v2\/tags?post=7551"}],"curies":[{"name":"wp","href":"https:\/\/api.w.org\/{rel}","templated":true}]}}