{"id":7557,"date":"2026-08-27T16:28:02","date_gmt":"2026-08-27T16:28:02","guid":{"rendered":"https:\/\/mznoticia.com.br\/piraidosul\/?p=7557"},"modified":"2026-08-27T16:28:02","modified_gmt":"2026-08-27T16:28:02","slug":"policial-militar-e-preso-suspeito-de-matar-mulher-trans-e-esconder-corpo-em-area-de-mata","status":"publish","type":"post","link":"https:\/\/mznoticia.com.br\/piraidosul\/policial-militar-e-preso-suspeito-de-matar-mulher-trans-e-esconder-corpo-em-area-de-mata\/","title":{"rendered":"Policial militar \u00e9 preso suspeito de matar mulher trans e esconder corpo em \u00e1rea de mata"},"content":{"rendered":"<h2 class=\"PDq2pG_selectionAnchorContainer\" data-section-id=\"1rq05k3\" data-start=\"92\" data-end=\"252\">PM de 43 anos confessou o crime durante depoimento e levou os policiais at\u00e9 o local onde o corpo da conselheira tutelar Maryna Colucci de Jesus foi enterrado<\/h2>\n<p data-start=\"254\" data-end=\"458\">Um policial militar de 43 anos foi preso preventivamente, suspeito de matar a conselheira tutelar Maryna Colucci de Jesus, de 34 anos, e ocultar o corpo em uma \u00e1rea de mata. A v\u00edtima era uma mulher trans.<\/p>\n<p data-start=\"460\" data-end=\"613\">A pris\u00e3o foi determinada na quarta-feira (26), durante audi\u00eancia de cust\u00f3dia. O militar \u00e9 investigado pelos crimes de feminic\u00eddio e oculta\u00e7\u00e3o de cad\u00e1ver.<\/p>\n<h3 data-section-id=\"345tuq\" data-start=\"615\" data-end=\"645\">V\u00edtima estava desaparecida<\/h3>\n<p data-start=\"647\" data-end=\"871\">O caso come\u00e7ou a ser investigado ap\u00f3s a m\u00e3e de Maryna comunicar o desaparecimento da filha na sexta-feira (21). Segundo as informa\u00e7\u00f5es apresentadas na investiga\u00e7\u00e3o, ela havia sa\u00eddo de casa no in\u00edcio da tarde e n\u00e3o retornado.<\/p>\n<p data-start=\"873\" data-end=\"1045\">Conforme o Tribunal de Justi\u00e7a de Minas Gerais (TJMG), o pr\u00f3prio policial militar chegou a figurar como relator no boletim de ocorr\u00eancia registrado sobre o desaparecimento.<\/p>\n<h3 data-section-id=\"1bw35u1\" data-start=\"1047\" data-end=\"1097\">Pol\u00edcia descobriu relacionamento entre os dois<\/h3>\n<p data-start=\"1099\" data-end=\"1339\">Durante as investiga\u00e7\u00f5es, policiais analisaram di\u00e1rios, redes sociais e depoimentos de familiares. A partir dessas informa\u00e7\u00f5es, foi identificado que o militar e Maryna mantinham um relacionamento amoroso e trocavam mensagens com frequ\u00eancia.<\/p>\n<p data-start=\"1341\" data-end=\"1401\">No dia do desaparecimento, os dois tamb\u00e9m haviam conversado.<\/p>\n<p data-start=\"1403\" data-end=\"1532\">O policial compareceu espontaneamente \u00e0 sede da corpora\u00e7\u00e3o acompanhado de advogados. Durante o depoimento, ele confessou o crime.<\/p>\n<p data-start=\"1534\" data-end=\"1738\">Segundo o relato apresentado pelo investigado, Maryna teria amea\u00e7ado revelar o relacionamento extraconjugal \u00e0 esposa dele, al\u00e9m de expor a situa\u00e7\u00e3o para pessoas da cidade e para a pr\u00f3pria Pol\u00edcia Militar.<\/p>\n<h3 data-section-id=\"r5dp86\" data-start=\"1740\" data-end=\"1781\">Suspeito levou v\u00edtima para \u00e1rea rural<\/h3>\n<p data-start=\"1783\" data-end=\"1911\">Ainda de acordo com a vers\u00e3o apresentada pelo policial, ele teria levado Maryna at\u00e9 uma regi\u00e3o rural utilizando uma caminhonete.<\/p>\n<p data-start=\"1913\" data-end=\"2044\">O militar afirmou que, no local, a v\u00edtima teria se exaltado e tentado atac\u00e1-lo com uma faca, atingindo o banco traseiro do ve\u00edculo.<\/p>\n<p data-start=\"2046\" data-end=\"2212\">O suspeito declarou que reagiu efetuando tr\u00eas ou quatro disparos de arma de fogo contra o rosto da mulher. Segundo o depoimento, os tiros provocaram a morte imediata.<\/p>\n<h3 data-section-id=\"s9s7yo\" data-start=\"2214\" data-end=\"2253\">Corpo foi enterrado em \u00e1rea de mata<\/h3>\n<p data-start=\"2255\" data-end=\"2372\">Ap\u00f3s a morte, o policial afirmou que levou o corpo de Maryna para uma \u00e1rea de mata e o enterrou pr\u00f3ximo a uma \u00e1rvore.<\/p>\n<p data-start=\"2374\" data-end=\"2505\">Posteriormente, o pr\u00f3prio investigado acompanhou os policiais at\u00e9 o local indicado como cen\u00e1rio do crime e da oculta\u00e7\u00e3o do cad\u00e1ver.<\/p>\n<p data-start=\"2507\" data-end=\"2626\">Durante os trabalhos, a per\u00edcia apreendeu a caminhonete utilizada no deslocamento e uma faca localizada junto ao corpo.<\/p>\n<h3 data-section-id=\"1i6wqsl\" data-start=\"2628\" data-end=\"2661\">Justi\u00e7a mant\u00e9m policial preso<\/h3>\n<p data-start=\"2663\" data-end=\"2771\">O Minist\u00e9rio P\u00fablico de Minas Gerais (MPMG) pediu a convers\u00e3o da pris\u00e3o em flagrante para pris\u00e3o preventiva.<\/p>\n<p data-start=\"2773\" data-end=\"2891\">A defesa do policial solicitou liberdade provis\u00f3ria mediante medidas cautelares, mas o pedido foi negado pela Justi\u00e7a.<\/p>\n<p data-start=\"2893\" data-end=\"2999\">O caso segue sob investiga\u00e7\u00e3o para esclarecer todas as circunst\u00e2ncias da morte de Maryna Colucci de Jesus.<\/p>\n","protected":false},"excerpt":{"rendered":"<p>PM de 43 anos confessou o crime durante depoimento e levou os policiais at\u00e9 o local onde o corpo da conselheira tutelar Maryna Colucci de Jesus foi enterrado Um policial militar de 43 anos foi preso preventivamente, suspeito de matar a conselheira tutelar Maryna Colucci de Jesus, de 34 anos, e ocultar o corpo em [&hellip;]<\/p>\n","protected":false},"author":16,"featured_media":7558,"comment_status":"open","ping_status":"open","sticky":false,"template":"","format":"standard","meta":{"footnotes":""},"categories":[5],"tags":[2871,1155,912,2870,1836,2869,378,2872,266,2868,749],"class_list":["post-7557","post","type-post","status-publish","format-standard","has-post-thumbnail","hentry","category-brasil","tag-conselheira-tutelar","tag-crime","tag-feminicidio","tag-maryna-colucci-de-jesus","tag-minas-gerais","tag-mulher-trans","tag-mz-noticias","tag-ocultacao-de-cadaver","tag-policia","tag-policial-militar","tag-prisao-preventiva"],"yoast_head":"<!-- This site is optimized with the Yoast SEO plugin v28.1 - https:\/\/yoast.com\/product\/yoast-seo-wordpress\/ -->\n<title>Policial militar \u00e9 preso suspeito de matar mulher trans e esconder corpo em \u00e1rea de mata - Mz Not\u00edcias<\/title>\n<meta name=\"description\" content=\"Policial militar de 43 anos \u00e9 preso suspeito de matar a conselheira tutelar Maryna Colucci de Jesus e ocultar o corpo em uma \u00e1rea de mata.\" \/>\n<meta name=\"robots\" content=\"index, follow, max-snippet:-1, max-image-preview:large, max-video-preview:-1\" \/>\n<link rel=\"canonical\" href=\"https:\/\/mznoticia.com.br\/piraidosul\/policial-militar-e-preso-suspeito-de-matar-mulher-trans-e-esconder-corpo-em-area-de-mata\/\" \/>\n<meta property=\"og:locale\" content=\"pt_BR\" \/>\n<meta property=\"og:type\" content=\"article\" \/>\n<meta property=\"og:title\" content=\"Policial militar \u00e9 preso suspeito de matar mulher trans e esconder corpo em \u00e1rea de mata - Mz Not\u00edcias\" \/>\n<meta property=\"og:description\" content=\"Policial militar de 43 anos \u00e9 preso suspeito de matar a conselheira tutelar Maryna Colucci de Jesus e ocultar o corpo em uma \u00e1rea de mata.\" \/>\n<meta property=\"og:url\" content=\"https:\/\/mznoticia.com.br\/piraidosul\/policial-militar-e-preso-suspeito-de-matar-mulher-trans-e-esconder-corpo-em-area-de-mata\/\" \/>\n<meta property=\"og:site_name\" content=\"Mz Not\u00edcias\" \/>\n<meta property=\"article:publisher\" content=\"https:\/\/www.facebook.com\/profile.php?id=61573479951222\" \/>\n<meta property=\"article:published_time\" content=\"2026-08-27T16:28:02+00:00\" \/>\n<meta property=\"og:image\" content=\"https:\/\/mznoticia.com.br\/piraidosul\/wp-content\/uploads\/2026\/08\/10-6.webp\" \/>\n\t<meta property=\"og:image:width\" content=\"960\" \/>\n\t<meta property=\"og:image:height\" content=\"592\" \/>\n\t<meta property=\"og:image:type\" content=\"image\/webp\" \/>\n<meta name=\"author\" content=\"Redacao mz\" \/>\n<meta name=\"twitter:card\" content=\"summary_large_image\" \/>\n<meta name=\"twitter:label1\" content=\"Escrito por\" \/>\n\t<meta name=\"twitter:data1\" content=\"Redacao mz\" \/>\n\t<meta name=\"twitter:label2\" content=\"Est. tempo de leitura\" \/>\n\t<meta name=\"twitter:data2\" content=\"3 minutos\" \/>\n<script type=\"application\/ld+json\" class=\"yoast-schema-graph\">{\"@context\":\"https:\\\/\\\/schema.org\",\"@graph\":[{\"@type\":\"Article\",\"@id\":\"https:\\\/\\\/mznoticia.com.br\\\/piraidosul\\\/policial-militar-e-preso-suspeito-de-matar-mulher-trans-e-esconder-corpo-em-area-de-mata\\\/#article\",\"isPartOf\":{\"@id\":\"https:\\\/\\\/mznoticia.com.br\\\/piraidosul\\\/policial-militar-e-preso-suspeito-de-matar-mulher-trans-e-esconder-corpo-em-area-de-mata\\\/\"},\"author\":{\"name\":\"Redacao mz\",\"@id\":\"https:\\\/\\\/mznoticia.com.br\\\/piraidosul\\\/#\\\/schema\\\/person\\\/84012d827247b3f42f37b550da79cd03\"},\"headline\":\"Policial militar \u00e9 preso suspeito de matar mulher trans e esconder corpo em \u00e1rea de mata\",\"datePublished\":\"2026-08-27T16:28:02+00:00\",\"mainEntityOfPage\":{\"@id\":\"https:\\\/\\\/mznoticia.com.br\\\/piraidosul\\\/policial-militar-e-preso-suspeito-de-matar-mulher-trans-e-esconder-corpo-em-area-de-mata\\\/\"},\"wordCount\":514,\"commentCount\":0,\"publisher\":{\"@id\":\"https:\\\/\\\/mznoticia.com.br\\\/piraidosul\\\/#organization\"},\"image\":{\"@id\":\"https:\\\/\\\/mznoticia.com.br\\\/piraidosul\\\/policial-militar-e-preso-suspeito-de-matar-mulher-trans-e-esconder-corpo-em-area-de-mata\\\/#primaryimage\"},\"thumbnailUrl\":\"https:\\\/\\\/mznoticia.com.br\\\/piraidosul\\\/wp-content\\\/uploads\\\/2026\\\/08\\\/10-6.webp\",\"keywords\":[\"Conselheira tutelar\",\"Crime\",\"Feminic\u00eddio\",\"Maryna Colucci de Jesus\",\"Minas Gerais\",\"Mulher trans\",\"MZ Not\u00edcias.\",\"Oculta\u00e7\u00e3o de cad\u00e1ver\",\"POLICIA\",\"Policial militar\",\"Pris\u00e3o Preventiva\"],\"articleSection\":[\"Brasil\"],\"inLanguage\":\"pt-BR\",\"potentialAction\":[{\"@type\":\"CommentAction\",\"name\":\"Comment\",\"target\":[\"https:\\\/\\\/mznoticia.com.br\\\/piraidosul\\\/policial-militar-e-preso-suspeito-de-matar-mulher-trans-e-esconder-corpo-em-area-de-mata\\\/#respond\"]}]},{\"@type\":\"WebPage\",\"@id\":\"https:\\\/\\\/mznoticia.com.br\\\/piraidosul\\\/policial-militar-e-preso-suspeito-de-matar-mulher-trans-e-esconder-corpo-em-area-de-mata\\\/\",\"url\":\"https:\\\/\\\/mznoticia.com.br\\\/piraidosul\\\/policial-militar-e-preso-suspeito-de-matar-mulher-trans-e-esconder-corpo-em-area-de-mata\\\/\",\"name\":\"Policial militar \u00e9 preso suspeito de matar mulher trans e esconder corpo em \u00e1rea de mata - Mz Not\u00edcias\",\"isPartOf\":{\"@id\":\"https:\\\/\\\/mznoticia.com.br\\\/piraidosul\\\/#website\"},\"primaryImageOfPage\":{\"@id\":\"https:\\\/\\\/mznoticia.com.br\\\/piraidosul\\\/policial-militar-e-preso-suspeito-de-matar-mulher-trans-e-esconder-corpo-em-area-de-mata\\\/#primaryimage\"},\"image\":{\"@id\":\"https:\\\/\\\/mznoticia.com.br\\\/piraidosul\\\/policial-militar-e-preso-suspeito-de-matar-mulher-trans-e-esconder-corpo-em-area-de-mata\\\/#primaryimage\"},\"thumbnailUrl\":\"https:\\\/\\\/mznoticia.com.br\\\/piraidosul\\\/wp-content\\\/uploads\\\/2026\\\/08\\\/10-6.webp\",\"datePublished\":\"2026-08-27T16:28:02+00:00\",\"description\":\"Policial militar de 43 anos \u00e9 preso suspeito de matar a conselheira tutelar Maryna Colucci de Jesus e ocultar o corpo em uma \u00e1rea de mata.\",\"breadcrumb\":{\"@id\":\"https:\\\/\\\/mznoticia.com.br\\\/piraidosul\\\/policial-militar-e-preso-suspeito-de-matar-mulher-trans-e-esconder-corpo-em-area-de-mata\\\/#breadcrumb\"},\"inLanguage\":\"pt-BR\",\"potentialAction\":[{\"@type\":\"ReadAction\",\"target\":[\"https:\\\/\\\/mznoticia.com.br\\\/piraidosul\\\/policial-militar-e-preso-suspeito-de-matar-mulher-trans-e-esconder-corpo-em-area-de-mata\\\/\"]}]},{\"@type\":\"ImageObject\",\"inLanguage\":\"pt-BR\",\"@id\":\"https:\\\/\\\/mznoticia.com.br\\\/piraidosul\\\/policial-militar-e-preso-suspeito-de-matar-mulher-trans-e-esconder-corpo-em-area-de-mata\\\/#primaryimage\",\"url\":\"https:\\\/\\\/mznoticia.com.br\\\/piraidosul\\\/wp-content\\\/uploads\\\/2026\\\/08\\\/10-6.webp\",\"contentUrl\":\"https:\\\/\\\/mznoticia.com.br\\\/piraidosul\\\/wp-content\\\/uploads\\\/2026\\\/08\\\/10-6.webp\",\"width\":960,\"height\":592},{\"@type\":\"BreadcrumbList\",\"@id\":\"https:\\\/\\\/mznoticia.com.br\\\/piraidosul\\\/policial-militar-e-preso-suspeito-de-matar-mulher-trans-e-esconder-corpo-em-area-de-mata\\\/#breadcrumb\",\"itemListElement\":[{\"@type\":\"ListItem\",\"position\":1,\"name\":\"Home\",\"item\":\"https:\\\/\\\/mznoticia.com.br\\\/piraidosul\\\/\"},{\"@type\":\"ListItem\",\"position\":2,\"name\":\"Policial militar \u00e9 preso suspeito de matar mulher trans e esconder corpo em \u00e1rea de mata\"}]},{\"@type\":\"WebSite\",\"@id\":\"https:\\\/\\\/mznoticia.com.br\\\/piraidosul\\\/#website\",\"url\":\"https:\\\/\\\/mznoticia.com.br\\\/piraidosul\\\/\",\"name\":\"Mz Not\u00edcia\",\"description\":\"A informa\u00e7\u00e3o que voc\u00ea precisa na hora certa!\",\"publisher\":{\"@id\":\"https:\\\/\\\/mznoticia.com.br\\\/piraidosul\\\/#organization\"},\"potentialAction\":[{\"@type\":\"SearchAction\",\"target\":{\"@type\":\"EntryPoint\",\"urlTemplate\":\"https:\\\/\\\/mznoticia.com.br\\\/piraidosul\\\/?s={search_term_string}\"},\"query-input\":{\"@type\":\"PropertyValueSpecification\",\"valueRequired\":true,\"valueName\":\"search_term_string\"}}],\"inLanguage\":\"pt-BR\"},{\"@type\":\"Organization\",\"@id\":\"https:\\\/\\\/mznoticia.com.br\\\/piraidosul\\\/#organization\",\"name\":\"Mz Not\u00edcia\",\"url\":\"https:\\\/\\\/mznoticia.com.br\\\/piraidosul\\\/\",\"logo\":{\"@type\":\"ImageObject\",\"inLanguage\":\"pt-BR\",\"@id\":\"https:\\\/\\\/mznoticia.com.br\\\/piraidosul\\\/#\\\/schema\\\/logo\\\/image\\\/\",\"url\":\"https:\\\/\\\/mznoticia.com.br\\\/jaguariaiva\\\/wp-content\\\/uploads\\\/2025\\\/03\\\/Design-sem-nome-4-e1741200616392.png\",\"contentUrl\":\"https:\\\/\\\/mznoticia.com.br\\\/jaguariaiva\\\/wp-content\\\/uploads\\\/2025\\\/03\\\/Design-sem-nome-4-e1741200616392.png\",\"width\":750,\"height\":563,\"caption\":\"Mz Not\u00edcia\"},\"image\":{\"@id\":\"https:\\\/\\\/mznoticia.com.br\\\/piraidosul\\\/#\\\/schema\\\/logo\\\/image\\\/\"},\"sameAs\":[\"https:\\\/\\\/www.facebook.com\\\/profile.php?id=61573479951222\",\"https:\\\/\\\/www.instagram.com\\\/mz.jaguariaiva\\\/\"]},{\"@type\":\"Person\",\"@id\":\"https:\\\/\\\/mznoticia.com.br\\\/piraidosul\\\/#\\\/schema\\\/person\\\/84012d827247b3f42f37b550da79cd03\",\"name\":\"Redacao mz\",\"image\":{\"@type\":\"ImageObject\",\"inLanguage\":\"pt-BR\",\"@id\":\"https:\\\/\\\/secure.gravatar.com\\\/avatar\\\/3835c58a73b55edb97de944593845d3f29acb93b7a088f3bf63afde947ab86ba?s=96&d=simple_local_avatar&r=g\",\"url\":\"https:\\\/\\\/secure.gravatar.com\\\/avatar\\\/3835c58a73b55edb97de944593845d3f29acb93b7a088f3bf63afde947ab86ba?s=96&d=simple_local_avatar&r=g\",\"contentUrl\":\"https:\\\/\\\/secure.gravatar.com\\\/avatar\\\/3835c58a73b55edb97de944593845d3f29acb93b7a088f3bf63afde947ab86ba?s=96&d=simple_local_avatar&r=g\",\"caption\":\"Redacao mz\"},\"sameAs\":[\"http:\\\/\\\/mznoticia.com.br\"],\"url\":\"https:\\\/\\\/mznoticia.com.br\\\/piraidosul\\\/author\\\/lucimara\\\/\"}]}<\/script>\n<!-- \/ Yoast SEO plugin. -->","yoast_head_json":{"title":"Policial militar \u00e9 preso suspeito de matar mulher trans e esconder corpo em \u00e1rea de mata - Mz Not\u00edcias","description":"Policial militar de 43 anos \u00e9 preso suspeito de matar a conselheira tutelar Maryna Colucci de Jesus e ocultar o corpo em uma \u00e1rea de mata.","robots":{"index":"index","follow":"follow","max-snippet":"max-snippet:-1","max-image-preview":"max-image-preview:large","max-video-preview":"max-video-preview:-1"},"canonical":"https:\/\/mznoticia.com.br\/piraidosul\/policial-militar-e-preso-suspeito-de-matar-mulher-trans-e-esconder-corpo-em-area-de-mata\/","og_locale":"pt_BR","og_type":"article","og_title":"Policial militar \u00e9 preso suspeito de matar mulher trans e esconder corpo em \u00e1rea de mata - Mz Not\u00edcias","og_description":"Policial militar de 43 anos \u00e9 preso suspeito de matar a conselheira tutelar Maryna Colucci de Jesus e ocultar o corpo em uma \u00e1rea de mata.","og_url":"https:\/\/mznoticia.com.br\/piraidosul\/policial-militar-e-preso-suspeito-de-matar-mulher-trans-e-esconder-corpo-em-area-de-mata\/","og_site_name":"Mz Not\u00edcias","article_publisher":"https:\/\/www.facebook.com\/profile.php?id=61573479951222","article_published_time":"2026-08-27T16:28:02+00:00","og_image":[{"width":960,"height":592,"url":"https:\/\/mznoticia.com.br\/piraidosul\/wp-content\/uploads\/2026\/08\/10-6.webp","type":"image\/webp"}],"author":"Redacao mz","twitter_card":"summary_large_image","twitter_misc":{"Escrito por":"Redacao mz","Est. tempo de leitura":"3 minutos"},"schema":{"@context":"https:\/\/schema.org","@graph":[{"@type":"Article","@id":"https:\/\/mznoticia.com.br\/piraidosul\/policial-militar-e-preso-suspeito-de-matar-mulher-trans-e-esconder-corpo-em-area-de-mata\/#article","isPartOf":{"@id":"https:\/\/mznoticia.com.br\/piraidosul\/policial-militar-e-preso-suspeito-de-matar-mulher-trans-e-esconder-corpo-em-area-de-mata\/"},"author":{"name":"Redacao mz","@id":"https:\/\/mznoticia.com.br\/piraidosul\/#\/schema\/person\/84012d827247b3f42f37b550da79cd03"},"headline":"Policial militar \u00e9 preso suspeito de matar mulher trans e esconder corpo em \u00e1rea de mata","datePublished":"2026-08-27T16:28:02+00:00","mainEntityOfPage":{"@id":"https:\/\/mznoticia.com.br\/piraidosul\/policial-militar-e-preso-suspeito-de-matar-mulher-trans-e-esconder-corpo-em-area-de-mata\/"},"wordCount":514,"commentCount":0,"publisher":{"@id":"https:\/\/mznoticia.com.br\/piraidosul\/#organization"},"image":{"@id":"https:\/\/mznoticia.com.br\/piraidosul\/policial-militar-e-preso-suspeito-de-matar-mulher-trans-e-esconder-corpo-em-area-de-mata\/#primaryimage"},"thumbnailUrl":"https:\/\/mznoticia.com.br\/piraidosul\/wp-content\/uploads\/2026\/08\/10-6.webp","keywords":["Conselheira tutelar","Crime","Feminic\u00eddio","Maryna Colucci de Jesus","Minas Gerais","Mulher trans","MZ Not\u00edcias.","Oculta\u00e7\u00e3o de cad\u00e1ver","POLICIA","Policial militar","Pris\u00e3o Preventiva"],"articleSection":["Brasil"],"inLanguage":"pt-BR","potentialAction":[{"@type":"CommentAction","name":"Comment","target":["https:\/\/mznoticia.com.br\/piraidosul\/policial-militar-e-preso-suspeito-de-matar-mulher-trans-e-esconder-corpo-em-area-de-mata\/#respond"]}]},{"@type":"WebPage","@id":"https:\/\/mznoticia.com.br\/piraidosul\/policial-militar-e-preso-suspeito-de-matar-mulher-trans-e-esconder-corpo-em-area-de-mata\/","url":"https:\/\/mznoticia.com.br\/piraidosul\/policial-militar-e-preso-suspeito-de-matar-mulher-trans-e-esconder-corpo-em-area-de-mata\/","name":"Policial militar \u00e9 preso suspeito de matar mulher trans e esconder corpo em \u00e1rea de mata - Mz Not\u00edcias","isPartOf":{"@id":"https:\/\/mznoticia.com.br\/piraidosul\/#website"},"primaryImageOfPage":{"@id":"https:\/\/mznoticia.com.br\/piraidosul\/policial-militar-e-preso-suspeito-de-matar-mulher-trans-e-esconder-corpo-em-area-de-mata\/#primaryimage"},"image":{"@id":"https:\/\/mznoticia.com.br\/piraidosul\/policial-militar-e-preso-suspeito-de-matar-mulher-trans-e-esconder-corpo-em-area-de-mata\/#primaryimage"},"thumbnailUrl":"https:\/\/mznoticia.com.br\/piraidosul\/wp-content\/uploads\/2026\/08\/10-6.webp","datePublished":"2026-08-27T16:28:02+00:00","description":"Policial militar de 43 anos \u00e9 preso suspeito de matar a conselheira tutelar Maryna Colucci de Jesus e ocultar o corpo em uma \u00e1rea de mata.","breadcrumb":{"@id":"https:\/\/mznoticia.com.br\/piraidosul\/policial-militar-e-preso-suspeito-de-matar-mulher-trans-e-esconder-corpo-em-area-de-mata\/#breadcrumb"},"inLanguage":"pt-BR","potentialAction":[{"@type":"ReadAction","target":["https:\/\/mznoticia.com.br\/piraidosul\/policial-militar-e-preso-suspeito-de-matar-mulher-trans-e-esconder-corpo-em-area-de-mata\/"]}]},{"@type":"ImageObject","inLanguage":"pt-BR","@id":"https:\/\/mznoticia.com.br\/piraidosul\/policial-militar-e-preso-suspeito-de-matar-mulher-trans-e-esconder-corpo-em-area-de-mata\/#primaryimage","url":"https:\/\/mznoticia.com.br\/piraidosul\/wp-content\/uploads\/2026\/08\/10-6.webp","contentUrl":"https:\/\/mznoticia.com.br\/piraidosul\/wp-content\/uploads\/2026\/08\/10-6.webp","width":960,"height":592},{"@type":"BreadcrumbList","@id":"https:\/\/mznoticia.com.br\/piraidosul\/policial-militar-e-preso-suspeito-de-matar-mulher-trans-e-esconder-corpo-em-area-de-mata\/#breadcrumb","itemListElement":[{"@type":"ListItem","position":1,"name":"Home","item":"https:\/\/mznoticia.com.br\/piraidosul\/"},{"@type":"ListItem","position":2,"name":"Policial militar \u00e9 preso suspeito de matar mulher trans e esconder corpo em \u00e1rea de mata"}]},{"@type":"WebSite","@id":"https:\/\/mznoticia.com.br\/piraidosul\/#website","url":"https:\/\/mznoticia.com.br\/piraidosul\/","name":"Mz Not\u00edcia","description":"A informa\u00e7\u00e3o que voc\u00ea precisa na hora certa!","publisher":{"@id":"https:\/\/mznoticia.com.br\/piraidosul\/#organization"},"potentialAction":[{"@type":"SearchAction","target":{"@type":"EntryPoint","urlTemplate":"https:\/\/mznoticia.com.br\/piraidosul\/?s={search_term_string}"},"query-input":{"@type":"PropertyValueSpecification","valueRequired":true,"valueName":"search_term_string"}}],"inLanguage":"pt-BR"},{"@type":"Organization","@id":"https:\/\/mznoticia.com.br\/piraidosul\/#organization","name":"Mz Not\u00edcia","url":"https:\/\/mznoticia.com.br\/piraidosul\/","logo":{"@type":"ImageObject","inLanguage":"pt-BR","@id":"https:\/\/mznoticia.com.br\/piraidosul\/#\/schema\/logo\/image\/","url":"https:\/\/mznoticia.com.br\/jaguariaiva\/wp-content\/uploads\/2025\/03\/Design-sem-nome-4-e1741200616392.png","contentUrl":"https:\/\/mznoticia.com.br\/jaguariaiva\/wp-content\/uploads\/2025\/03\/Design-sem-nome-4-e1741200616392.png","width":750,"height":563,"caption":"Mz Not\u00edcia"},"image":{"@id":"https:\/\/mznoticia.com.br\/piraidosul\/#\/schema\/logo\/image\/"},"sameAs":["https:\/\/www.facebook.com\/profile.php?id=61573479951222","https:\/\/www.instagram.com\/mz.jaguariaiva\/"]},{"@type":"Person","@id":"https:\/\/mznoticia.com.br\/piraidosul\/#\/schema\/person\/84012d827247b3f42f37b550da79cd03","name":"Redacao mz","image":{"@type":"ImageObject","inLanguage":"pt-BR","@id":"https:\/\/secure.gravatar.com\/avatar\/3835c58a73b55edb97de944593845d3f29acb93b7a088f3bf63afde947ab86ba?s=96&d=simple_local_avatar&r=g","url":"https:\/\/secure.gravatar.com\/avatar\/3835c58a73b55edb97de944593845d3f29acb93b7a088f3bf63afde947ab86ba?s=96&d=simple_local_avatar&r=g","contentUrl":"https:\/\/secure.gravatar.com\/avatar\/3835c58a73b55edb97de944593845d3f29acb93b7a088f3bf63afde947ab86ba?s=96&d=simple_local_avatar&r=g","caption":"Redacao mz"},"sameAs":["http:\/\/mznoticia.com.br"],"url":"https:\/\/mznoticia.com.br\/piraidosul\/author\/lucimara\/"}]}},"_links":{"self":[{"href":"https:\/\/mznoticia.com.br\/piraidosul\/wp-json\/wp\/v2\/posts\/7557","targetHints":{"allow":["GET"]}}],"collection":[{"href":"https:\/\/mznoticia.com.br\/piraidosul\/wp-json\/wp\/v2\/posts"}],"about":[{"href":"https:\/\/mznoticia.com.br\/piraidosul\/wp-json\/wp\/v2\/types\/post"}],"author":[{"embeddable":true,"href":"https:\/\/mznoticia.com.br\/piraidosul\/wp-json\/wp\/v2\/users\/16"}],"replies":[{"embeddable":true,"href":"https:\/\/mznoticia.com.br\/piraidosul\/wp-json\/wp\/v2\/comments?post=7557"}],"version-history":[{"count":1,"href":"https:\/\/mznoticia.com.br\/piraidosul\/wp-json\/wp\/v2\/posts\/7557\/revisions"}],"predecessor-version":[{"id":7559,"href":"https:\/\/mznoticia.com.br\/piraidosul\/wp-json\/wp\/v2\/posts\/7557\/revisions\/7559"}],"wp:featuredmedia":[{"embeddable":true,"href":"https:\/\/mznoticia.com.br\/piraidosul\/wp-json\/wp\/v2\/media\/7558"}],"wp:attachment":[{"href":"https:\/\/mznoticia.com.br\/piraidosul\/wp-json\/wp\/v2\/media?parent=7557"}],"wp:term":[{"taxonomy":"category","embeddable":true,"href":"https:\/\/mznoticia.com.br\/piraidosul\/wp-json\/wp\/v2\/categories?post=7557"},{"taxonomy":"post_tag","embeddable":true,"href":"https:\/\/mznoticia.com.br\/piraidosul\/wp-json\/wp\/v2\/tags?post=7557"}],"curies":[{"name":"wp","href":"https:\/\/api.w.org\/{rel}","templated":true}]}}