{"id":7563,"date":"2026-08-27T16:41:43","date_gmt":"2026-08-27T16:41:43","guid":{"rendered":"https:\/\/mznoticia.com.br\/piraidosul\/?p=7563"},"modified":"2026-08-27T16:41:43","modified_gmt":"2026-08-27T16:41:43","slug":"parana-reforca-protagonismo-nacional-e-se-consolida-no-podio-entre-estados-mais-competitivos","status":"publish","type":"post","link":"https:\/\/mznoticia.com.br\/piraidosul\/parana-reforca-protagonismo-nacional-e-se-consolida-no-podio-entre-estados-mais-competitivos\/","title":{"rendered":"Paran\u00e1 refor\u00e7a protagonismo nacional e se consolida no p\u00f3dio entre estados mais competitivos"},"content":{"rendered":"<h3 class=\"PDq2pG_selectionAnchorContainer\" data-section-id=\"cob0eq\" data-start=\"0\" data-end=\"65\">Paran\u00e1 fica entre os tr\u00eas estados mais competitivos do Brasil<\/h3>\n<p data-start=\"67\" data-end=\"315\">O Paran\u00e1 manteve a 3\u00aa coloca\u00e7\u00e3o no Ranking de Competitividade dos Estados, com 76,3 pontos, avan\u00e7o de 4,7 pontos em rela\u00e7\u00e3o a 2025. O levantamento \u00e9 realizado pelo Centro de Lideran\u00e7a P\u00fablica (CLP), em parceria com a Tend\u00eancias Consultoria.<\/p>\n<p data-start=\"317\" data-end=\"490\">O maior destaque foi a Seguran\u00e7a P\u00fablica, \u00e1rea em que o Paran\u00e1 subiu da 10\u00aa para a 4\u00aa posi\u00e7\u00e3o. Tamb\u00e9m houve avan\u00e7os em Potencial de Mercado e Infraestrutura.<\/p>\n<p data-start=\"492\" data-end=\"808\" data-is-last-node=\"\" data-is-only-node=\"\">O Estado ficou entre os oito melhores do pa\u00eds em todos os principais eixos avaliados pelo ranking, que considera 100 indicadores. Na classifica\u00e7\u00e3o geral, Santa Catarina lidera com 87,06 pontos, seguida por S\u00e3o Paulo, com 80,68. O Paran\u00e1 aparece com 76,3 pontos, reduzindo a dist\u00e2ncia para o segundo colocado.<\/p>\n","protected":false},"excerpt":{"rendered":"<p>Paran\u00e1 fica entre os tr\u00eas estados mais competitivos do Brasil O Paran\u00e1 manteve a 3\u00aa coloca\u00e7\u00e3o no Ranking de Competitividade dos Estados, com 76,3 pontos, avan\u00e7o de 4,7 pontos em rela\u00e7\u00e3o a 2025. O levantamento \u00e9 realizado pelo Centro de Lideran\u00e7a P\u00fablica (CLP), em parceria com a Tend\u00eancias Consultoria. O maior destaque foi a Seguran\u00e7a [&hellip;]<\/p>\n","protected":false},"author":16,"featured_media":7564,"comment_status":"open","ping_status":"open","sticky":false,"template":"","format":"standard","meta":{"footnotes":""},"categories":[303],"tags":[2874,464,460,2877,1555,557,378,77,2875,2876,240],"class_list":["post-7563","post","type-post","status-publish","format-standard","has-post-thumbnail","hentry","category-parana","tag-competitividade","tag-desenvolvimento","tag-economia","tag-estados-brasileiros","tag-governo-do-parana","tag-infraestrutura","tag-mz-noticias","tag-parana","tag-ranking-de-competitividade","tag-ratinho-junior","tag-seguranca-publica"],"yoast_head":"<!-- This site is optimized with the Yoast SEO plugin v28.1 - https:\/\/yoast.com\/product\/yoast-seo-wordpress\/ -->\n<title>Paran\u00e1 refor\u00e7a protagonismo nacional e se consolida no p\u00f3dio entre estados mais competitivos - Mz Not\u00edcias<\/title>\n<meta name=\"description\" content=\"Paran\u00e1 mant\u00e9m a 3\u00aa posi\u00e7\u00e3o no Ranking de Competitividade dos Estados e avan\u00e7a em seguran\u00e7a p\u00fablica, infraestrutura e potencial de mercado.\" \/>\n<meta name=\"robots\" content=\"index, follow, max-snippet:-1, max-image-preview:large, max-video-preview:-1\" \/>\n<link rel=\"canonical\" href=\"https:\/\/mznoticia.com.br\/piraidosul\/parana-reforca-protagonismo-nacional-e-se-consolida-no-podio-entre-estados-mais-competitivos\/\" \/>\n<meta property=\"og:locale\" content=\"pt_BR\" \/>\n<meta property=\"og:type\" content=\"article\" \/>\n<meta property=\"og:title\" content=\"Paran\u00e1 refor\u00e7a protagonismo nacional e se consolida no p\u00f3dio entre estados mais competitivos - Mz Not\u00edcias\" \/>\n<meta property=\"og:description\" content=\"Paran\u00e1 mant\u00e9m a 3\u00aa posi\u00e7\u00e3o no Ranking de Competitividade dos Estados e avan\u00e7a em seguran\u00e7a p\u00fablica, infraestrutura e potencial de mercado.\" \/>\n<meta property=\"og:url\" content=\"https:\/\/mznoticia.com.br\/piraidosul\/parana-reforca-protagonismo-nacional-e-se-consolida-no-podio-entre-estados-mais-competitivos\/\" \/>\n<meta property=\"og:site_name\" content=\"Mz Not\u00edcias\" \/>\n<meta property=\"article:publisher\" content=\"https:\/\/www.facebook.com\/profile.php?id=61573479951222\" \/>\n<meta property=\"article:published_time\" content=\"2026-08-27T16:41:43+00:00\" \/>\n<meta property=\"og:image\" content=\"https:\/\/mznoticia.com.br\/piraidosul\/wp-content\/uploads\/2026\/08\/10-30.jpg\" \/>\n\t<meta property=\"og:image:width\" content=\"1600\" \/>\n\t<meta property=\"og:image:height\" content=\"1066\" \/>\n\t<meta property=\"og:image:type\" content=\"image\/jpeg\" \/>\n<meta name=\"author\" content=\"Redacao mz\" \/>\n<meta name=\"twitter:card\" content=\"summary_large_image\" \/>\n<meta name=\"twitter:label1\" content=\"Escrito por\" \/>\n\t<meta name=\"twitter:data1\" content=\"Redacao mz\" \/>\n\t<meta name=\"twitter:label2\" content=\"Est. tempo de leitura\" \/>\n\t<meta name=\"twitter:data2\" content=\"1 minuto\" \/>\n<script type=\"application\/ld+json\" class=\"yoast-schema-graph\">{\"@context\":\"https:\\\/\\\/schema.org\",\"@graph\":[{\"@type\":\"Article\",\"@id\":\"https:\\\/\\\/mznoticia.com.br\\\/piraidosul\\\/parana-reforca-protagonismo-nacional-e-se-consolida-no-podio-entre-estados-mais-competitivos\\\/#article\",\"isPartOf\":{\"@id\":\"https:\\\/\\\/mznoticia.com.br\\\/piraidosul\\\/parana-reforca-protagonismo-nacional-e-se-consolida-no-podio-entre-estados-mais-competitivos\\\/\"},\"author\":{\"name\":\"Redacao mz\",\"@id\":\"https:\\\/\\\/mznoticia.com.br\\\/piraidosul\\\/#\\\/schema\\\/person\\\/84012d827247b3f42f37b550da79cd03\"},\"headline\":\"Paran\u00e1 refor\u00e7a protagonismo nacional e se consolida no p\u00f3dio entre estados mais competitivos\",\"datePublished\":\"2026-08-27T16:41:43+00:00\",\"mainEntityOfPage\":{\"@id\":\"https:\\\/\\\/mznoticia.com.br\\\/piraidosul\\\/parana-reforca-protagonismo-nacional-e-se-consolida-no-podio-entre-estados-mais-competitivos\\\/\"},\"wordCount\":146,\"commentCount\":0,\"publisher\":{\"@id\":\"https:\\\/\\\/mznoticia.com.br\\\/piraidosul\\\/#organization\"},\"image\":{\"@id\":\"https:\\\/\\\/mznoticia.com.br\\\/piraidosul\\\/parana-reforca-protagonismo-nacional-e-se-consolida-no-podio-entre-estados-mais-competitivos\\\/#primaryimage\"},\"thumbnailUrl\":\"https:\\\/\\\/mznoticia.com.br\\\/piraidosul\\\/wp-content\\\/uploads\\\/2026\\\/08\\\/10-30.jpg\",\"keywords\":[\"Competitividade\",\"Desenvolvimento\",\"Economia\",\"Estados brasileiros\",\"Governo do Paran\u00e1\",\"infraestrutura\",\"MZ Not\u00edcias.\",\"parana\",\"Ranking de Competitividade\",\"Ratinho Junior\",\"Seguran\u00e7a P\u00fablica\"],\"articleSection\":[\"Paran\u00e1\"],\"inLanguage\":\"pt-BR\",\"potentialAction\":[{\"@type\":\"CommentAction\",\"name\":\"Comment\",\"target\":[\"https:\\\/\\\/mznoticia.com.br\\\/piraidosul\\\/parana-reforca-protagonismo-nacional-e-se-consolida-no-podio-entre-estados-mais-competitivos\\\/#respond\"]}]},{\"@type\":\"WebPage\",\"@id\":\"https:\\\/\\\/mznoticia.com.br\\\/piraidosul\\\/parana-reforca-protagonismo-nacional-e-se-consolida-no-podio-entre-estados-mais-competitivos\\\/\",\"url\":\"https:\\\/\\\/mznoticia.com.br\\\/piraidosul\\\/parana-reforca-protagonismo-nacional-e-se-consolida-no-podio-entre-estados-mais-competitivos\\\/\",\"name\":\"Paran\u00e1 refor\u00e7a protagonismo nacional e se consolida no p\u00f3dio entre estados mais competitivos - Mz Not\u00edcias\",\"isPartOf\":{\"@id\":\"https:\\\/\\\/mznoticia.com.br\\\/piraidosul\\\/#website\"},\"primaryImageOfPage\":{\"@id\":\"https:\\\/\\\/mznoticia.com.br\\\/piraidosul\\\/parana-reforca-protagonismo-nacional-e-se-consolida-no-podio-entre-estados-mais-competitivos\\\/#primaryimage\"},\"image\":{\"@id\":\"https:\\\/\\\/mznoticia.com.br\\\/piraidosul\\\/parana-reforca-protagonismo-nacional-e-se-consolida-no-podio-entre-estados-mais-competitivos\\\/#primaryimage\"},\"thumbnailUrl\":\"https:\\\/\\\/mznoticia.com.br\\\/piraidosul\\\/wp-content\\\/uploads\\\/2026\\\/08\\\/10-30.jpg\",\"datePublished\":\"2026-08-27T16:41:43+00:00\",\"description\":\"Paran\u00e1 mant\u00e9m a 3\u00aa posi\u00e7\u00e3o no Ranking de Competitividade dos Estados e avan\u00e7a em seguran\u00e7a p\u00fablica, infraestrutura e potencial de mercado.\",\"breadcrumb\":{\"@id\":\"https:\\\/\\\/mznoticia.com.br\\\/piraidosul\\\/parana-reforca-protagonismo-nacional-e-se-consolida-no-podio-entre-estados-mais-competitivos\\\/#breadcrumb\"},\"inLanguage\":\"pt-BR\",\"potentialAction\":[{\"@type\":\"ReadAction\",\"target\":[\"https:\\\/\\\/mznoticia.com.br\\\/piraidosul\\\/parana-reforca-protagonismo-nacional-e-se-consolida-no-podio-entre-estados-mais-competitivos\\\/\"]}]},{\"@type\":\"ImageObject\",\"inLanguage\":\"pt-BR\",\"@id\":\"https:\\\/\\\/mznoticia.com.br\\\/piraidosul\\\/parana-reforca-protagonismo-nacional-e-se-consolida-no-podio-entre-estados-mais-competitivos\\\/#primaryimage\",\"url\":\"https:\\\/\\\/mznoticia.com.br\\\/piraidosul\\\/wp-content\\\/uploads\\\/2026\\\/08\\\/10-30.jpg\",\"contentUrl\":\"https:\\\/\\\/mznoticia.com.br\\\/piraidosul\\\/wp-content\\\/uploads\\\/2026\\\/08\\\/10-30.jpg\",\"width\":1600,\"height\":1066},{\"@type\":\"BreadcrumbList\",\"@id\":\"https:\\\/\\\/mznoticia.com.br\\\/piraidosul\\\/parana-reforca-protagonismo-nacional-e-se-consolida-no-podio-entre-estados-mais-competitivos\\\/#breadcrumb\",\"itemListElement\":[{\"@type\":\"ListItem\",\"position\":1,\"name\":\"Home\",\"item\":\"https:\\\/\\\/mznoticia.com.br\\\/piraidosul\\\/\"},{\"@type\":\"ListItem\",\"position\":2,\"name\":\"Paran\u00e1 refor\u00e7a protagonismo nacional e se consolida no p\u00f3dio entre estados mais competitivos\"}]},{\"@type\":\"WebSite\",\"@id\":\"https:\\\/\\\/mznoticia.com.br\\\/piraidosul\\\/#website\",\"url\":\"https:\\\/\\\/mznoticia.com.br\\\/piraidosul\\\/\",\"name\":\"Mz Not\u00edcia\",\"description\":\"A informa\u00e7\u00e3o que voc\u00ea precisa na hora certa!\",\"publisher\":{\"@id\":\"https:\\\/\\\/mznoticia.com.br\\\/piraidosul\\\/#organization\"},\"potentialAction\":[{\"@type\":\"SearchAction\",\"target\":{\"@type\":\"EntryPoint\",\"urlTemplate\":\"https:\\\/\\\/mznoticia.com.br\\\/piraidosul\\\/?s={search_term_string}\"},\"query-input\":{\"@type\":\"PropertyValueSpecification\",\"valueRequired\":true,\"valueName\":\"search_term_string\"}}],\"inLanguage\":\"pt-BR\"},{\"@type\":\"Organization\",\"@id\":\"https:\\\/\\\/mznoticia.com.br\\\/piraidosul\\\/#organization\",\"name\":\"Mz Not\u00edcia\",\"url\":\"https:\\\/\\\/mznoticia.com.br\\\/piraidosul\\\/\",\"logo\":{\"@type\":\"ImageObject\",\"inLanguage\":\"pt-BR\",\"@id\":\"https:\\\/\\\/mznoticia.com.br\\\/piraidosul\\\/#\\\/schema\\\/logo\\\/image\\\/\",\"url\":\"https:\\\/\\\/mznoticia.com.br\\\/jaguariaiva\\\/wp-content\\\/uploads\\\/2025\\\/03\\\/Design-sem-nome-4-e1741200616392.png\",\"contentUrl\":\"https:\\\/\\\/mznoticia.com.br\\\/jaguariaiva\\\/wp-content\\\/uploads\\\/2025\\\/03\\\/Design-sem-nome-4-e1741200616392.png\",\"width\":750,\"height\":563,\"caption\":\"Mz Not\u00edcia\"},\"image\":{\"@id\":\"https:\\\/\\\/mznoticia.com.br\\\/piraidosul\\\/#\\\/schema\\\/logo\\\/image\\\/\"},\"sameAs\":[\"https:\\\/\\\/www.facebook.com\\\/profile.php?id=61573479951222\",\"https:\\\/\\\/www.instagram.com\\\/mz.jaguariaiva\\\/\"]},{\"@type\":\"Person\",\"@id\":\"https:\\\/\\\/mznoticia.com.br\\\/piraidosul\\\/#\\\/schema\\\/person\\\/84012d827247b3f42f37b550da79cd03\",\"name\":\"Redacao mz\",\"image\":{\"@type\":\"ImageObject\",\"inLanguage\":\"pt-BR\",\"@id\":\"https:\\\/\\\/secure.gravatar.com\\\/avatar\\\/3835c58a73b55edb97de944593845d3f29acb93b7a088f3bf63afde947ab86ba?s=96&d=simple_local_avatar&r=g\",\"url\":\"https:\\\/\\\/secure.gravatar.com\\\/avatar\\\/3835c58a73b55edb97de944593845d3f29acb93b7a088f3bf63afde947ab86ba?s=96&d=simple_local_avatar&r=g\",\"contentUrl\":\"https:\\\/\\\/secure.gravatar.com\\\/avatar\\\/3835c58a73b55edb97de944593845d3f29acb93b7a088f3bf63afde947ab86ba?s=96&d=simple_local_avatar&r=g\",\"caption\":\"Redacao mz\"},\"sameAs\":[\"http:\\\/\\\/mznoticia.com.br\"],\"url\":\"https:\\\/\\\/mznoticia.com.br\\\/piraidosul\\\/author\\\/lucimara\\\/\"}]}<\/script>\n<!-- \/ Yoast SEO plugin. -->","yoast_head_json":{"title":"Paran\u00e1 refor\u00e7a protagonismo nacional e se consolida no p\u00f3dio entre estados mais competitivos - Mz Not\u00edcias","description":"Paran\u00e1 mant\u00e9m a 3\u00aa posi\u00e7\u00e3o no Ranking de Competitividade dos Estados e avan\u00e7a em seguran\u00e7a p\u00fablica, infraestrutura e potencial de mercado.","robots":{"index":"index","follow":"follow","max-snippet":"max-snippet:-1","max-image-preview":"max-image-preview:large","max-video-preview":"max-video-preview:-1"},"canonical":"https:\/\/mznoticia.com.br\/piraidosul\/parana-reforca-protagonismo-nacional-e-se-consolida-no-podio-entre-estados-mais-competitivos\/","og_locale":"pt_BR","og_type":"article","og_title":"Paran\u00e1 refor\u00e7a protagonismo nacional e se consolida no p\u00f3dio entre estados mais competitivos - Mz Not\u00edcias","og_description":"Paran\u00e1 mant\u00e9m a 3\u00aa posi\u00e7\u00e3o no Ranking de Competitividade dos Estados e avan\u00e7a em seguran\u00e7a p\u00fablica, infraestrutura e potencial de mercado.","og_url":"https:\/\/mznoticia.com.br\/piraidosul\/parana-reforca-protagonismo-nacional-e-se-consolida-no-podio-entre-estados-mais-competitivos\/","og_site_name":"Mz Not\u00edcias","article_publisher":"https:\/\/www.facebook.com\/profile.php?id=61573479951222","article_published_time":"2026-08-27T16:41:43+00:00","og_image":[{"width":1600,"height":1066,"url":"https:\/\/mznoticia.com.br\/piraidosul\/wp-content\/uploads\/2026\/08\/10-30.jpg","type":"image\/jpeg"}],"author":"Redacao mz","twitter_card":"summary_large_image","twitter_misc":{"Escrito por":"Redacao mz","Est. tempo de leitura":"1 minuto"},"schema":{"@context":"https:\/\/schema.org","@graph":[{"@type":"Article","@id":"https:\/\/mznoticia.com.br\/piraidosul\/parana-reforca-protagonismo-nacional-e-se-consolida-no-podio-entre-estados-mais-competitivos\/#article","isPartOf":{"@id":"https:\/\/mznoticia.com.br\/piraidosul\/parana-reforca-protagonismo-nacional-e-se-consolida-no-podio-entre-estados-mais-competitivos\/"},"author":{"name":"Redacao mz","@id":"https:\/\/mznoticia.com.br\/piraidosul\/#\/schema\/person\/84012d827247b3f42f37b550da79cd03"},"headline":"Paran\u00e1 refor\u00e7a protagonismo nacional e se consolida no p\u00f3dio entre estados mais competitivos","datePublished":"2026-08-27T16:41:43+00:00","mainEntityOfPage":{"@id":"https:\/\/mznoticia.com.br\/piraidosul\/parana-reforca-protagonismo-nacional-e-se-consolida-no-podio-entre-estados-mais-competitivos\/"},"wordCount":146,"commentCount":0,"publisher":{"@id":"https:\/\/mznoticia.com.br\/piraidosul\/#organization"},"image":{"@id":"https:\/\/mznoticia.com.br\/piraidosul\/parana-reforca-protagonismo-nacional-e-se-consolida-no-podio-entre-estados-mais-competitivos\/#primaryimage"},"thumbnailUrl":"https:\/\/mznoticia.com.br\/piraidosul\/wp-content\/uploads\/2026\/08\/10-30.jpg","keywords":["Competitividade","Desenvolvimento","Economia","Estados brasileiros","Governo do Paran\u00e1","infraestrutura","MZ Not\u00edcias.","parana","Ranking de Competitividade","Ratinho Junior","Seguran\u00e7a P\u00fablica"],"articleSection":["Paran\u00e1"],"inLanguage":"pt-BR","potentialAction":[{"@type":"CommentAction","name":"Comment","target":["https:\/\/mznoticia.com.br\/piraidosul\/parana-reforca-protagonismo-nacional-e-se-consolida-no-podio-entre-estados-mais-competitivos\/#respond"]}]},{"@type":"WebPage","@id":"https:\/\/mznoticia.com.br\/piraidosul\/parana-reforca-protagonismo-nacional-e-se-consolida-no-podio-entre-estados-mais-competitivos\/","url":"https:\/\/mznoticia.com.br\/piraidosul\/parana-reforca-protagonismo-nacional-e-se-consolida-no-podio-entre-estados-mais-competitivos\/","name":"Paran\u00e1 refor\u00e7a protagonismo nacional e se consolida no p\u00f3dio entre estados mais competitivos - Mz Not\u00edcias","isPartOf":{"@id":"https:\/\/mznoticia.com.br\/piraidosul\/#website"},"primaryImageOfPage":{"@id":"https:\/\/mznoticia.com.br\/piraidosul\/parana-reforca-protagonismo-nacional-e-se-consolida-no-podio-entre-estados-mais-competitivos\/#primaryimage"},"image":{"@id":"https:\/\/mznoticia.com.br\/piraidosul\/parana-reforca-protagonismo-nacional-e-se-consolida-no-podio-entre-estados-mais-competitivos\/#primaryimage"},"thumbnailUrl":"https:\/\/mznoticia.com.br\/piraidosul\/wp-content\/uploads\/2026\/08\/10-30.jpg","datePublished":"2026-08-27T16:41:43+00:00","description":"Paran\u00e1 mant\u00e9m a 3\u00aa posi\u00e7\u00e3o no Ranking de Competitividade dos Estados e avan\u00e7a em seguran\u00e7a p\u00fablica, infraestrutura e potencial de mercado.","breadcrumb":{"@id":"https:\/\/mznoticia.com.br\/piraidosul\/parana-reforca-protagonismo-nacional-e-se-consolida-no-podio-entre-estados-mais-competitivos\/#breadcrumb"},"inLanguage":"pt-BR","potentialAction":[{"@type":"ReadAction","target":["https:\/\/mznoticia.com.br\/piraidosul\/parana-reforca-protagonismo-nacional-e-se-consolida-no-podio-entre-estados-mais-competitivos\/"]}]},{"@type":"ImageObject","inLanguage":"pt-BR","@id":"https:\/\/mznoticia.com.br\/piraidosul\/parana-reforca-protagonismo-nacional-e-se-consolida-no-podio-entre-estados-mais-competitivos\/#primaryimage","url":"https:\/\/mznoticia.com.br\/piraidosul\/wp-content\/uploads\/2026\/08\/10-30.jpg","contentUrl":"https:\/\/mznoticia.com.br\/piraidosul\/wp-content\/uploads\/2026\/08\/10-30.jpg","width":1600,"height":1066},{"@type":"BreadcrumbList","@id":"https:\/\/mznoticia.com.br\/piraidosul\/parana-reforca-protagonismo-nacional-e-se-consolida-no-podio-entre-estados-mais-competitivos\/#breadcrumb","itemListElement":[{"@type":"ListItem","position":1,"name":"Home","item":"https:\/\/mznoticia.com.br\/piraidosul\/"},{"@type":"ListItem","position":2,"name":"Paran\u00e1 refor\u00e7a protagonismo nacional e se consolida no p\u00f3dio entre estados mais competitivos"}]},{"@type":"WebSite","@id":"https:\/\/mznoticia.com.br\/piraidosul\/#website","url":"https:\/\/mznoticia.com.br\/piraidosul\/","name":"Mz Not\u00edcia","description":"A informa\u00e7\u00e3o que voc\u00ea precisa na hora certa!","publisher":{"@id":"https:\/\/mznoticia.com.br\/piraidosul\/#organization"},"potentialAction":[{"@type":"SearchAction","target":{"@type":"EntryPoint","urlTemplate":"https:\/\/mznoticia.com.br\/piraidosul\/?s={search_term_string}"},"query-input":{"@type":"PropertyValueSpecification","valueRequired":true,"valueName":"search_term_string"}}],"inLanguage":"pt-BR"},{"@type":"Organization","@id":"https:\/\/mznoticia.com.br\/piraidosul\/#organization","name":"Mz Not\u00edcia","url":"https:\/\/mznoticia.com.br\/piraidosul\/","logo":{"@type":"ImageObject","inLanguage":"pt-BR","@id":"https:\/\/mznoticia.com.br\/piraidosul\/#\/schema\/logo\/image\/","url":"https:\/\/mznoticia.com.br\/jaguariaiva\/wp-content\/uploads\/2025\/03\/Design-sem-nome-4-e1741200616392.png","contentUrl":"https:\/\/mznoticia.com.br\/jaguariaiva\/wp-content\/uploads\/2025\/03\/Design-sem-nome-4-e1741200616392.png","width":750,"height":563,"caption":"Mz Not\u00edcia"},"image":{"@id":"https:\/\/mznoticia.com.br\/piraidosul\/#\/schema\/logo\/image\/"},"sameAs":["https:\/\/www.facebook.com\/profile.php?id=61573479951222","https:\/\/www.instagram.com\/mz.jaguariaiva\/"]},{"@type":"Person","@id":"https:\/\/mznoticia.com.br\/piraidosul\/#\/schema\/person\/84012d827247b3f42f37b550da79cd03","name":"Redacao mz","image":{"@type":"ImageObject","inLanguage":"pt-BR","@id":"https:\/\/secure.gravatar.com\/avatar\/3835c58a73b55edb97de944593845d3f29acb93b7a088f3bf63afde947ab86ba?s=96&d=simple_local_avatar&r=g","url":"https:\/\/secure.gravatar.com\/avatar\/3835c58a73b55edb97de944593845d3f29acb93b7a088f3bf63afde947ab86ba?s=96&d=simple_local_avatar&r=g","contentUrl":"https:\/\/secure.gravatar.com\/avatar\/3835c58a73b55edb97de944593845d3f29acb93b7a088f3bf63afde947ab86ba?s=96&d=simple_local_avatar&r=g","caption":"Redacao mz"},"sameAs":["http:\/\/mznoticia.com.br"],"url":"https:\/\/mznoticia.com.br\/piraidosul\/author\/lucimara\/"}]}},"_links":{"self":[{"href":"https:\/\/mznoticia.com.br\/piraidosul\/wp-json\/wp\/v2\/posts\/7563","targetHints":{"allow":["GET"]}}],"collection":[{"href":"https:\/\/mznoticia.com.br\/piraidosul\/wp-json\/wp\/v2\/posts"}],"about":[{"href":"https:\/\/mznoticia.com.br\/piraidosul\/wp-json\/wp\/v2\/types\/post"}],"author":[{"embeddable":true,"href":"https:\/\/mznoticia.com.br\/piraidosul\/wp-json\/wp\/v2\/users\/16"}],"replies":[{"embeddable":true,"href":"https:\/\/mznoticia.com.br\/piraidosul\/wp-json\/wp\/v2\/comments?post=7563"}],"version-history":[{"count":1,"href":"https:\/\/mznoticia.com.br\/piraidosul\/wp-json\/wp\/v2\/posts\/7563\/revisions"}],"predecessor-version":[{"id":7565,"href":"https:\/\/mznoticia.com.br\/piraidosul\/wp-json\/wp\/v2\/posts\/7563\/revisions\/7565"}],"wp:featuredmedia":[{"embeddable":true,"href":"https:\/\/mznoticia.com.br\/piraidosul\/wp-json\/wp\/v2\/media\/7564"}],"wp:attachment":[{"href":"https:\/\/mznoticia.com.br\/piraidosul\/wp-json\/wp\/v2\/media?parent=7563"}],"wp:term":[{"taxonomy":"category","embeddable":true,"href":"https:\/\/mznoticia.com.br\/piraidosul\/wp-json\/wp\/v2\/categories?post=7563"},{"taxonomy":"post_tag","embeddable":true,"href":"https:\/\/mznoticia.com.br\/piraidosul\/wp-json\/wp\/v2\/tags?post=7563"}],"curies":[{"name":"wp","href":"https:\/\/api.w.org\/{rel}","templated":true}]}}