{"id":7579,"date":"2026-08-27T17:35:20","date_gmt":"2026-08-27T17:35:20","guid":{"rendered":"https:\/\/mznoticia.com.br\/piraidosul\/?p=7579"},"modified":"2026-08-27T17:35:20","modified_gmt":"2026-08-27T17:35:20","slug":"morador-de-imbituva-percorre-1-100-km-de-bicicleta-ate-aparecida-ao-lado-de-karamelo","status":"publish","type":"post","link":"https:\/\/mznoticia.com.br\/piraidosul\/morador-de-imbituva-percorre-1-100-km-de-bicicleta-ate-aparecida-ao-lado-de-karamelo\/","title":{"rendered":"Morador de Imbituva percorre 1.100 km de bicicleta at\u00e9 Aparecida ao lado de Karamelo"},"content":{"rendered":"<h2 class=\"PDq2pG_selectionAnchorContainer\" data-section-id=\"1yzbtga\" data-start=\"88\" data-end=\"201\">Aos 47 anos, Lu\u00eds Cl\u00e1udio Neves encara 12 dias de pedalada em uma jornada marcada por f\u00e9, gratid\u00e3o e supera\u00e7\u00e3o<\/h2>\n<p data-start=\"203\" data-end=\"478\">O morador de Imbituva, Lu\u00eds Cl\u00e1udio Neves, de 47 anos, est\u00e1 enfrentando um desafio de 1.100 quil\u00f4metros de bicicleta at\u00e9 Aparecida, em S\u00e3o Paulo. Ao lado do insepar\u00e1vel Karamelo, ele iniciou a jornada em frente \u00e0 pr\u00f3pria casa e planeja concluir o percurso em 12 dias.<\/p>\n<h3 data-section-id=\"oeqrht\" data-start=\"480\" data-end=\"507\">Viagem \u00e9 movida pela f\u00e9<\/h3>\n<p data-start=\"509\" data-end=\"672\">Lu\u00eds conta que decidiu iniciar o percurso diretamente de sua resid\u00eancia como uma forma de agradecer a Deus pelas experi\u00eancias e pelos livramentos ao longo da vida.<\/p>\n<p data-start=\"674\" data-end=\"805\">Morador de Imbituva desde os 10 anos, ele \u00e9 mec\u00e2nico e professor de mec\u00e2nica e mant\u00e9m uma oficina no munic\u00edpio h\u00e1 cerca de 25 anos.<\/p>\n<h3 data-section-id=\"4bmynw\" data-start=\"807\" data-end=\"848\">Caminho da F\u00e9 faz parte da trajet\u00f3ria<\/h3>\n<p data-start=\"850\" data-end=\"987\">Esta \u00e9 a sexta vez que Lu\u00eds percorre o Caminho da F\u00e9. Desta vez, por\u00e9m, o trajeto ganhou um significado especial por come\u00e7ar em Imbituva.<\/p>\n<p data-start=\"989\" data-end=\"1140\">O percurso passa por \u00c1guas da Prata, segue pelo sul de Minas Gerais e inclui os desafios da Serra da Mantiqueira, antes da chegada a Aparecida.<\/p>\n<h3 data-section-id=\"wybqkt\" data-start=\"1142\" data-end=\"1175\">Karamelo acompanha a aventura<\/h3>\n<p data-start=\"1177\" data-end=\"1402\">Durante a viagem, Karamelo segue ao lado de Lu\u00eds, tornando-se um dos personagens da jornada. O ciclista tamb\u00e9m compartilha registros do percurso nas redes sociais e tem recebido mensagens de pessoas que acompanham a aventura.<\/p>\n<p data-start=\"1404\" data-end=\"1584\">Para Lu\u00eds, a inten\u00e7\u00e3o \u00e9 inspirar outras pessoas a buscarem seus pr\u00f3prios desafios, seja por meio do ciclismo, de atividades f\u00edsicas, de uma viagem ou at\u00e9 mesmo de uma peregrina\u00e7\u00e3o.<\/p>\n<h3 data-section-id=\"1l6hyal\" data-start=\"1586\" data-end=\"1624\">Experi\u00eancia no Caminho de Santiago<\/h3>\n<p data-start=\"1626\" data-end=\"1816\">A experi\u00eancia de Lu\u00eds em grandes peregrina\u00e7\u00f5es tamb\u00e9m inclui o Caminho de Santiago de Compostela. Em 2024, ele percorreu o trajeto tradicional, saindo da Fran\u00e7a e atravessando a Espanha.<\/p>\n<p data-start=\"1818\" data-end=\"1925\">Agora, ele utiliza essa experi\u00eancia para enfrentar novamente a estrada, desta vez em territ\u00f3rio brasileiro.<\/p>\n<p data-start=\"1927\" data-end=\"2078\">A meta \u00e9 completar os 1.100 quil\u00f4metros em 12 dias, mantendo como principais motivadores a f\u00e9, a gratid\u00e3o e a vontade de incentivar outras pessoas.<\/p>\n","protected":false},"excerpt":{"rendered":"<p>Aos 47 anos, Lu\u00eds Cl\u00e1udio Neves encara 12 dias de pedalada em uma jornada marcada por f\u00e9, gratid\u00e3o e supera\u00e7\u00e3o O morador de Imbituva, Lu\u00eds Cl\u00e1udio Neves, de 47 anos, est\u00e1 enfrentando um desafio de 1.100 quil\u00f4metros de bicicleta at\u00e9 Aparecida, em S\u00e3o Paulo. Ao lado do insepar\u00e1vel Karamelo, ele iniciou a jornada em frente [&hellip;]<\/p>\n","protected":false},"author":16,"featured_media":7580,"comment_status":"open","ping_status":"open","sticky":false,"template":"","format":"standard","meta":{"footnotes":""},"categories":[12],"tags":[2889,2888,196,2890,2892,2318,2894,2893,2891,2758],"class_list":["post-7579","post","type-post","status-publish","format-standard","has-post-thumbnail","hentry","category-geral","tag-aparecida","tag-caminho-da-fe","tag-campos-gerais","tag-ciclismo","tag-fe","tag-imbituva","tag-karamelo","tag-luis-claudio-neves","tag-peregrinacao","tag-superacao"],"yoast_head":"<!-- This site is optimized with the Yoast SEO plugin v28.1 - https:\/\/yoast.com\/product\/yoast-seo-wordpress\/ -->\n<title>Morador de Imbituva percorre 1.100 km de bicicleta at\u00e9 Aparecida ao lado de Karamelo - Mz Not\u00edcias<\/title>\n<meta name=\"description\" content=\"Morador de Imbituva, Lu\u00eds Cl\u00e1udio Neves percorre 1.100 km de bicicleta at\u00e9 Aparecida em 12 dias, acompanhado de Karamelo, em uma jornada de f\u00e9 e supera\u00e7\u00e3o.\" \/>\n<meta name=\"robots\" content=\"index, follow, max-snippet:-1, max-image-preview:large, max-video-preview:-1\" \/>\n<link rel=\"canonical\" href=\"https:\/\/mznoticia.com.br\/piraidosul\/morador-de-imbituva-percorre-1-100-km-de-bicicleta-ate-aparecida-ao-lado-de-karamelo\/\" \/>\n<meta property=\"og:locale\" content=\"pt_BR\" \/>\n<meta property=\"og:type\" content=\"article\" \/>\n<meta property=\"og:title\" content=\"Morador de Imbituva percorre 1.100 km de bicicleta at\u00e9 Aparecida ao lado de Karamelo - Mz Not\u00edcias\" \/>\n<meta property=\"og:description\" content=\"Morador de Imbituva, Lu\u00eds Cl\u00e1udio Neves percorre 1.100 km de bicicleta at\u00e9 Aparecida em 12 dias, acompanhado de Karamelo, em uma jornada de f\u00e9 e supera\u00e7\u00e3o.\" \/>\n<meta property=\"og:url\" content=\"https:\/\/mznoticia.com.br\/piraidosul\/morador-de-imbituva-percorre-1-100-km-de-bicicleta-ate-aparecida-ao-lado-de-karamelo\/\" \/>\n<meta property=\"og:site_name\" content=\"Mz Not\u00edcias\" \/>\n<meta property=\"article:publisher\" content=\"https:\/\/www.facebook.com\/profile.php?id=61573479951222\" \/>\n<meta property=\"article:published_time\" content=\"2026-08-27T17:35:20+00:00\" \/>\n<meta name=\"author\" content=\"Redacao mz\" \/>\n<meta name=\"twitter:card\" content=\"summary_large_image\" \/>\n<meta name=\"twitter:label1\" content=\"Escrito por\" \/>\n\t<meta name=\"twitter:data1\" content=\"Redacao mz\" \/>\n\t<meta name=\"twitter:label2\" content=\"Est. tempo de leitura\" \/>\n\t<meta name=\"twitter:data2\" content=\"2 minutos\" \/>\n<script type=\"application\/ld+json\" class=\"yoast-schema-graph\">{\"@context\":\"https:\\\/\\\/schema.org\",\"@graph\":[{\"@type\":\"Article\",\"@id\":\"https:\\\/\\\/mznoticia.com.br\\\/piraidosul\\\/morador-de-imbituva-percorre-1-100-km-de-bicicleta-ate-aparecida-ao-lado-de-karamelo\\\/#article\",\"isPartOf\":{\"@id\":\"https:\\\/\\\/mznoticia.com.br\\\/piraidosul\\\/morador-de-imbituva-percorre-1-100-km-de-bicicleta-ate-aparecida-ao-lado-de-karamelo\\\/\"},\"author\":{\"name\":\"Redacao mz\",\"@id\":\"https:\\\/\\\/mznoticia.com.br\\\/piraidosul\\\/#\\\/schema\\\/person\\\/84012d827247b3f42f37b550da79cd03\"},\"headline\":\"Morador de Imbituva percorre 1.100 km de bicicleta at\u00e9 Aparecida ao lado de Karamelo\",\"datePublished\":\"2026-08-27T17:35:20+00:00\",\"mainEntityOfPage\":{\"@id\":\"https:\\\/\\\/mznoticia.com.br\\\/piraidosul\\\/morador-de-imbituva-percorre-1-100-km-de-bicicleta-ate-aparecida-ao-lado-de-karamelo\\\/\"},\"wordCount\":359,\"commentCount\":0,\"publisher\":{\"@id\":\"https:\\\/\\\/mznoticia.com.br\\\/piraidosul\\\/#organization\"},\"image\":{\"@id\":\"https:\\\/\\\/mznoticia.com.br\\\/piraidosul\\\/morador-de-imbituva-percorre-1-100-km-de-bicicleta-ate-aparecida-ao-lado-de-karamelo\\\/#primaryimage\"},\"thumbnailUrl\":\"https:\\\/\\\/mznoticia.com.br\\\/piraidosul\\\/wp-content\\\/uploads\\\/2026\\\/08\\\/100-4.avif\",\"keywords\":[\"Aparecida\",\"Caminho da F\u00e9\",\"campos gerais\",\"ciclismo\",\"f\u00e9\",\"Imbituva\",\"Karamelo\",\"Lu\u00eds Cl\u00e1udio Neves\",\"peregrina\u00e7\u00e3o\",\"supera\u00e7\u00e3o\"],\"articleSection\":[\"Geral\"],\"inLanguage\":\"pt-BR\",\"potentialAction\":[{\"@type\":\"CommentAction\",\"name\":\"Comment\",\"target\":[\"https:\\\/\\\/mznoticia.com.br\\\/piraidosul\\\/morador-de-imbituva-percorre-1-100-km-de-bicicleta-ate-aparecida-ao-lado-de-karamelo\\\/#respond\"]}]},{\"@type\":\"WebPage\",\"@id\":\"https:\\\/\\\/mznoticia.com.br\\\/piraidosul\\\/morador-de-imbituva-percorre-1-100-km-de-bicicleta-ate-aparecida-ao-lado-de-karamelo\\\/\",\"url\":\"https:\\\/\\\/mznoticia.com.br\\\/piraidosul\\\/morador-de-imbituva-percorre-1-100-km-de-bicicleta-ate-aparecida-ao-lado-de-karamelo\\\/\",\"name\":\"Morador de Imbituva percorre 1.100 km de bicicleta at\u00e9 Aparecida ao lado de Karamelo - Mz Not\u00edcias\",\"isPartOf\":{\"@id\":\"https:\\\/\\\/mznoticia.com.br\\\/piraidosul\\\/#website\"},\"primaryImageOfPage\":{\"@id\":\"https:\\\/\\\/mznoticia.com.br\\\/piraidosul\\\/morador-de-imbituva-percorre-1-100-km-de-bicicleta-ate-aparecida-ao-lado-de-karamelo\\\/#primaryimage\"},\"image\":{\"@id\":\"https:\\\/\\\/mznoticia.com.br\\\/piraidosul\\\/morador-de-imbituva-percorre-1-100-km-de-bicicleta-ate-aparecida-ao-lado-de-karamelo\\\/#primaryimage\"},\"thumbnailUrl\":\"https:\\\/\\\/mznoticia.com.br\\\/piraidosul\\\/wp-content\\\/uploads\\\/2026\\\/08\\\/100-4.avif\",\"datePublished\":\"2026-08-27T17:35:20+00:00\",\"description\":\"Morador de Imbituva, Lu\u00eds Cl\u00e1udio Neves percorre 1.100 km de bicicleta at\u00e9 Aparecida em 12 dias, acompanhado de Karamelo, em uma jornada de f\u00e9 e supera\u00e7\u00e3o.\",\"breadcrumb\":{\"@id\":\"https:\\\/\\\/mznoticia.com.br\\\/piraidosul\\\/morador-de-imbituva-percorre-1-100-km-de-bicicleta-ate-aparecida-ao-lado-de-karamelo\\\/#breadcrumb\"},\"inLanguage\":\"pt-BR\",\"potentialAction\":[{\"@type\":\"ReadAction\",\"target\":[\"https:\\\/\\\/mznoticia.com.br\\\/piraidosul\\\/morador-de-imbituva-percorre-1-100-km-de-bicicleta-ate-aparecida-ao-lado-de-karamelo\\\/\"]}]},{\"@type\":\"ImageObject\",\"inLanguage\":\"pt-BR\",\"@id\":\"https:\\\/\\\/mznoticia.com.br\\\/piraidosul\\\/morador-de-imbituva-percorre-1-100-km-de-bicicleta-ate-aparecida-ao-lado-de-karamelo\\\/#primaryimage\",\"url\":\"https:\\\/\\\/mznoticia.com.br\\\/piraidosul\\\/wp-content\\\/uploads\\\/2026\\\/08\\\/100-4.avif\",\"contentUrl\":\"https:\\\/\\\/mznoticia.com.br\\\/piraidosul\\\/wp-content\\\/uploads\\\/2026\\\/08\\\/100-4.avif\",\"width\":1080,\"height\":608},{\"@type\":\"BreadcrumbList\",\"@id\":\"https:\\\/\\\/mznoticia.com.br\\\/piraidosul\\\/morador-de-imbituva-percorre-1-100-km-de-bicicleta-ate-aparecida-ao-lado-de-karamelo\\\/#breadcrumb\",\"itemListElement\":[{\"@type\":\"ListItem\",\"position\":1,\"name\":\"Home\",\"item\":\"https:\\\/\\\/mznoticia.com.br\\\/piraidosul\\\/\"},{\"@type\":\"ListItem\",\"position\":2,\"name\":\"Morador de Imbituva percorre 1.100 km de bicicleta at\u00e9 Aparecida ao lado de Karamelo\"}]},{\"@type\":\"WebSite\",\"@id\":\"https:\\\/\\\/mznoticia.com.br\\\/piraidosul\\\/#website\",\"url\":\"https:\\\/\\\/mznoticia.com.br\\\/piraidosul\\\/\",\"name\":\"Mz Not\u00edcia\",\"description\":\"A informa\u00e7\u00e3o que voc\u00ea precisa na hora certa!\",\"publisher\":{\"@id\":\"https:\\\/\\\/mznoticia.com.br\\\/piraidosul\\\/#organization\"},\"potentialAction\":[{\"@type\":\"SearchAction\",\"target\":{\"@type\":\"EntryPoint\",\"urlTemplate\":\"https:\\\/\\\/mznoticia.com.br\\\/piraidosul\\\/?s={search_term_string}\"},\"query-input\":{\"@type\":\"PropertyValueSpecification\",\"valueRequired\":true,\"valueName\":\"search_term_string\"}}],\"inLanguage\":\"pt-BR\"},{\"@type\":\"Organization\",\"@id\":\"https:\\\/\\\/mznoticia.com.br\\\/piraidosul\\\/#organization\",\"name\":\"Mz Not\u00edcia\",\"url\":\"https:\\\/\\\/mznoticia.com.br\\\/piraidosul\\\/\",\"logo\":{\"@type\":\"ImageObject\",\"inLanguage\":\"pt-BR\",\"@id\":\"https:\\\/\\\/mznoticia.com.br\\\/piraidosul\\\/#\\\/schema\\\/logo\\\/image\\\/\",\"url\":\"https:\\\/\\\/mznoticia.com.br\\\/jaguariaiva\\\/wp-content\\\/uploads\\\/2025\\\/03\\\/Design-sem-nome-4-e1741200616392.png\",\"contentUrl\":\"https:\\\/\\\/mznoticia.com.br\\\/jaguariaiva\\\/wp-content\\\/uploads\\\/2025\\\/03\\\/Design-sem-nome-4-e1741200616392.png\",\"width\":750,\"height\":563,\"caption\":\"Mz Not\u00edcia\"},\"image\":{\"@id\":\"https:\\\/\\\/mznoticia.com.br\\\/piraidosul\\\/#\\\/schema\\\/logo\\\/image\\\/\"},\"sameAs\":[\"https:\\\/\\\/www.facebook.com\\\/profile.php?id=61573479951222\",\"https:\\\/\\\/www.instagram.com\\\/mz.jaguariaiva\\\/\"]},{\"@type\":\"Person\",\"@id\":\"https:\\\/\\\/mznoticia.com.br\\\/piraidosul\\\/#\\\/schema\\\/person\\\/84012d827247b3f42f37b550da79cd03\",\"name\":\"Redacao mz\",\"image\":{\"@type\":\"ImageObject\",\"inLanguage\":\"pt-BR\",\"@id\":\"https:\\\/\\\/secure.gravatar.com\\\/avatar\\\/3835c58a73b55edb97de944593845d3f29acb93b7a088f3bf63afde947ab86ba?s=96&d=simple_local_avatar&r=g\",\"url\":\"https:\\\/\\\/secure.gravatar.com\\\/avatar\\\/3835c58a73b55edb97de944593845d3f29acb93b7a088f3bf63afde947ab86ba?s=96&d=simple_local_avatar&r=g\",\"contentUrl\":\"https:\\\/\\\/secure.gravatar.com\\\/avatar\\\/3835c58a73b55edb97de944593845d3f29acb93b7a088f3bf63afde947ab86ba?s=96&d=simple_local_avatar&r=g\",\"caption\":\"Redacao mz\"},\"sameAs\":[\"http:\\\/\\\/mznoticia.com.br\"],\"url\":\"https:\\\/\\\/mznoticia.com.br\\\/piraidosul\\\/author\\\/lucimara\\\/\"}]}<\/script>\n<!-- \/ Yoast SEO plugin. -->","yoast_head_json":{"title":"Morador de Imbituva percorre 1.100 km de bicicleta at\u00e9 Aparecida ao lado de Karamelo - Mz Not\u00edcias","description":"Morador de Imbituva, Lu\u00eds Cl\u00e1udio Neves percorre 1.100 km de bicicleta at\u00e9 Aparecida em 12 dias, acompanhado de Karamelo, em uma jornada de f\u00e9 e supera\u00e7\u00e3o.","robots":{"index":"index","follow":"follow","max-snippet":"max-snippet:-1","max-image-preview":"max-image-preview:large","max-video-preview":"max-video-preview:-1"},"canonical":"https:\/\/mznoticia.com.br\/piraidosul\/morador-de-imbituva-percorre-1-100-km-de-bicicleta-ate-aparecida-ao-lado-de-karamelo\/","og_locale":"pt_BR","og_type":"article","og_title":"Morador de Imbituva percorre 1.100 km de bicicleta at\u00e9 Aparecida ao lado de Karamelo - Mz Not\u00edcias","og_description":"Morador de Imbituva, Lu\u00eds Cl\u00e1udio Neves percorre 1.100 km de bicicleta at\u00e9 Aparecida em 12 dias, acompanhado de Karamelo, em uma jornada de f\u00e9 e supera\u00e7\u00e3o.","og_url":"https:\/\/mznoticia.com.br\/piraidosul\/morador-de-imbituva-percorre-1-100-km-de-bicicleta-ate-aparecida-ao-lado-de-karamelo\/","og_site_name":"Mz Not\u00edcias","article_publisher":"https:\/\/www.facebook.com\/profile.php?id=61573479951222","article_published_time":"2026-08-27T17:35:20+00:00","author":"Redacao mz","twitter_card":"summary_large_image","twitter_misc":{"Escrito por":"Redacao mz","Est. tempo de leitura":"2 minutos"},"schema":{"@context":"https:\/\/schema.org","@graph":[{"@type":"Article","@id":"https:\/\/mznoticia.com.br\/piraidosul\/morador-de-imbituva-percorre-1-100-km-de-bicicleta-ate-aparecida-ao-lado-de-karamelo\/#article","isPartOf":{"@id":"https:\/\/mznoticia.com.br\/piraidosul\/morador-de-imbituva-percorre-1-100-km-de-bicicleta-ate-aparecida-ao-lado-de-karamelo\/"},"author":{"name":"Redacao mz","@id":"https:\/\/mznoticia.com.br\/piraidosul\/#\/schema\/person\/84012d827247b3f42f37b550da79cd03"},"headline":"Morador de Imbituva percorre 1.100 km de bicicleta at\u00e9 Aparecida ao lado de Karamelo","datePublished":"2026-08-27T17:35:20+00:00","mainEntityOfPage":{"@id":"https:\/\/mznoticia.com.br\/piraidosul\/morador-de-imbituva-percorre-1-100-km-de-bicicleta-ate-aparecida-ao-lado-de-karamelo\/"},"wordCount":359,"commentCount":0,"publisher":{"@id":"https:\/\/mznoticia.com.br\/piraidosul\/#organization"},"image":{"@id":"https:\/\/mznoticia.com.br\/piraidosul\/morador-de-imbituva-percorre-1-100-km-de-bicicleta-ate-aparecida-ao-lado-de-karamelo\/#primaryimage"},"thumbnailUrl":"https:\/\/mznoticia.com.br\/piraidosul\/wp-content\/uploads\/2026\/08\/100-4.avif","keywords":["Aparecida","Caminho da F\u00e9","campos gerais","ciclismo","f\u00e9","Imbituva","Karamelo","Lu\u00eds Cl\u00e1udio Neves","peregrina\u00e7\u00e3o","supera\u00e7\u00e3o"],"articleSection":["Geral"],"inLanguage":"pt-BR","potentialAction":[{"@type":"CommentAction","name":"Comment","target":["https:\/\/mznoticia.com.br\/piraidosul\/morador-de-imbituva-percorre-1-100-km-de-bicicleta-ate-aparecida-ao-lado-de-karamelo\/#respond"]}]},{"@type":"WebPage","@id":"https:\/\/mznoticia.com.br\/piraidosul\/morador-de-imbituva-percorre-1-100-km-de-bicicleta-ate-aparecida-ao-lado-de-karamelo\/","url":"https:\/\/mznoticia.com.br\/piraidosul\/morador-de-imbituva-percorre-1-100-km-de-bicicleta-ate-aparecida-ao-lado-de-karamelo\/","name":"Morador de Imbituva percorre 1.100 km de bicicleta at\u00e9 Aparecida ao lado de Karamelo - Mz Not\u00edcias","isPartOf":{"@id":"https:\/\/mznoticia.com.br\/piraidosul\/#website"},"primaryImageOfPage":{"@id":"https:\/\/mznoticia.com.br\/piraidosul\/morador-de-imbituva-percorre-1-100-km-de-bicicleta-ate-aparecida-ao-lado-de-karamelo\/#primaryimage"},"image":{"@id":"https:\/\/mznoticia.com.br\/piraidosul\/morador-de-imbituva-percorre-1-100-km-de-bicicleta-ate-aparecida-ao-lado-de-karamelo\/#primaryimage"},"thumbnailUrl":"https:\/\/mznoticia.com.br\/piraidosul\/wp-content\/uploads\/2026\/08\/100-4.avif","datePublished":"2026-08-27T17:35:20+00:00","description":"Morador de Imbituva, Lu\u00eds Cl\u00e1udio Neves percorre 1.100 km de bicicleta at\u00e9 Aparecida em 12 dias, acompanhado de Karamelo, em uma jornada de f\u00e9 e supera\u00e7\u00e3o.","breadcrumb":{"@id":"https:\/\/mznoticia.com.br\/piraidosul\/morador-de-imbituva-percorre-1-100-km-de-bicicleta-ate-aparecida-ao-lado-de-karamelo\/#breadcrumb"},"inLanguage":"pt-BR","potentialAction":[{"@type":"ReadAction","target":["https:\/\/mznoticia.com.br\/piraidosul\/morador-de-imbituva-percorre-1-100-km-de-bicicleta-ate-aparecida-ao-lado-de-karamelo\/"]}]},{"@type":"ImageObject","inLanguage":"pt-BR","@id":"https:\/\/mznoticia.com.br\/piraidosul\/morador-de-imbituva-percorre-1-100-km-de-bicicleta-ate-aparecida-ao-lado-de-karamelo\/#primaryimage","url":"https:\/\/mznoticia.com.br\/piraidosul\/wp-content\/uploads\/2026\/08\/100-4.avif","contentUrl":"https:\/\/mznoticia.com.br\/piraidosul\/wp-content\/uploads\/2026\/08\/100-4.avif","width":1080,"height":608},{"@type":"BreadcrumbList","@id":"https:\/\/mznoticia.com.br\/piraidosul\/morador-de-imbituva-percorre-1-100-km-de-bicicleta-ate-aparecida-ao-lado-de-karamelo\/#breadcrumb","itemListElement":[{"@type":"ListItem","position":1,"name":"Home","item":"https:\/\/mznoticia.com.br\/piraidosul\/"},{"@type":"ListItem","position":2,"name":"Morador de Imbituva percorre 1.100 km de bicicleta at\u00e9 Aparecida ao lado de Karamelo"}]},{"@type":"WebSite","@id":"https:\/\/mznoticia.com.br\/piraidosul\/#website","url":"https:\/\/mznoticia.com.br\/piraidosul\/","name":"Mz Not\u00edcia","description":"A informa\u00e7\u00e3o que voc\u00ea precisa na hora certa!","publisher":{"@id":"https:\/\/mznoticia.com.br\/piraidosul\/#organization"},"potentialAction":[{"@type":"SearchAction","target":{"@type":"EntryPoint","urlTemplate":"https:\/\/mznoticia.com.br\/piraidosul\/?s={search_term_string}"},"query-input":{"@type":"PropertyValueSpecification","valueRequired":true,"valueName":"search_term_string"}}],"inLanguage":"pt-BR"},{"@type":"Organization","@id":"https:\/\/mznoticia.com.br\/piraidosul\/#organization","name":"Mz Not\u00edcia","url":"https:\/\/mznoticia.com.br\/piraidosul\/","logo":{"@type":"ImageObject","inLanguage":"pt-BR","@id":"https:\/\/mznoticia.com.br\/piraidosul\/#\/schema\/logo\/image\/","url":"https:\/\/mznoticia.com.br\/jaguariaiva\/wp-content\/uploads\/2025\/03\/Design-sem-nome-4-e1741200616392.png","contentUrl":"https:\/\/mznoticia.com.br\/jaguariaiva\/wp-content\/uploads\/2025\/03\/Design-sem-nome-4-e1741200616392.png","width":750,"height":563,"caption":"Mz Not\u00edcia"},"image":{"@id":"https:\/\/mznoticia.com.br\/piraidosul\/#\/schema\/logo\/image\/"},"sameAs":["https:\/\/www.facebook.com\/profile.php?id=61573479951222","https:\/\/www.instagram.com\/mz.jaguariaiva\/"]},{"@type":"Person","@id":"https:\/\/mznoticia.com.br\/piraidosul\/#\/schema\/person\/84012d827247b3f42f37b550da79cd03","name":"Redacao mz","image":{"@type":"ImageObject","inLanguage":"pt-BR","@id":"https:\/\/secure.gravatar.com\/avatar\/3835c58a73b55edb97de944593845d3f29acb93b7a088f3bf63afde947ab86ba?s=96&d=simple_local_avatar&r=g","url":"https:\/\/secure.gravatar.com\/avatar\/3835c58a73b55edb97de944593845d3f29acb93b7a088f3bf63afde947ab86ba?s=96&d=simple_local_avatar&r=g","contentUrl":"https:\/\/secure.gravatar.com\/avatar\/3835c58a73b55edb97de944593845d3f29acb93b7a088f3bf63afde947ab86ba?s=96&d=simple_local_avatar&r=g","caption":"Redacao mz"},"sameAs":["http:\/\/mznoticia.com.br"],"url":"https:\/\/mznoticia.com.br\/piraidosul\/author\/lucimara\/"}]}},"_links":{"self":[{"href":"https:\/\/mznoticia.com.br\/piraidosul\/wp-json\/wp\/v2\/posts\/7579","targetHints":{"allow":["GET"]}}],"collection":[{"href":"https:\/\/mznoticia.com.br\/piraidosul\/wp-json\/wp\/v2\/posts"}],"about":[{"href":"https:\/\/mznoticia.com.br\/piraidosul\/wp-json\/wp\/v2\/types\/post"}],"author":[{"embeddable":true,"href":"https:\/\/mznoticia.com.br\/piraidosul\/wp-json\/wp\/v2\/users\/16"}],"replies":[{"embeddable":true,"href":"https:\/\/mznoticia.com.br\/piraidosul\/wp-json\/wp\/v2\/comments?post=7579"}],"version-history":[{"count":1,"href":"https:\/\/mznoticia.com.br\/piraidosul\/wp-json\/wp\/v2\/posts\/7579\/revisions"}],"predecessor-version":[{"id":7581,"href":"https:\/\/mznoticia.com.br\/piraidosul\/wp-json\/wp\/v2\/posts\/7579\/revisions\/7581"}],"wp:featuredmedia":[{"embeddable":true,"href":"https:\/\/mznoticia.com.br\/piraidosul\/wp-json\/wp\/v2\/media\/7580"}],"wp:attachment":[{"href":"https:\/\/mznoticia.com.br\/piraidosul\/wp-json\/wp\/v2\/media?parent=7579"}],"wp:term":[{"taxonomy":"category","embeddable":true,"href":"https:\/\/mznoticia.com.br\/piraidosul\/wp-json\/wp\/v2\/categories?post=7579"},{"taxonomy":"post_tag","embeddable":true,"href":"https:\/\/mznoticia.com.br\/piraidosul\/wp-json\/wp\/v2\/tags?post=7579"}],"curies":[{"name":"wp","href":"https:\/\/api.w.org\/{rel}","templated":true}]}}