{"id":7620,"date":"2026-08-27T20:26:24","date_gmt":"2026-08-27T20:26:24","guid":{"rendered":"https:\/\/mznoticia.com.br\/piraidosul\/?p=7620"},"modified":"2026-08-27T20:26:24","modified_gmt":"2026-08-27T20:26:24","slug":"agroleite-movimenta-r-612-milhoes-em-negocios-e-reforca-forca-do-agronegocio-em-cenario-de-cautela","status":"publish","type":"post","link":"https:\/\/mznoticia.com.br\/piraidosul\/agroleite-movimenta-r-612-milhoes-em-negocios-e-reforca-forca-do-agronegocio-em-cenario-de-cautela\/","title":{"rendered":"Agroleite movimenta R$ 612 milh\u00f5es em neg\u00f3cios e refor\u00e7a for\u00e7a do agroneg\u00f3cio em cen\u00e1rio de cautela"},"content":{"rendered":"<p class=\"isSelectedEnd\">Edi\u00e7\u00e3o 2026 do evento, realizada em Castro, superou em mais de 20% a expectativa inicial e registrou o segundo maior volume de neg\u00f3cios da hist\u00f3ria da feira.<\/p>\n<h2>Agroleite supera expectativa e registra segundo melhor resultado da hist\u00f3ria<\/h2>\n<p class=\"isSelectedEnd\">Mesmo diante de um cen\u00e1rio de cautela no agroneg\u00f3cio, o Agroleite 2026 demonstrou a for\u00e7a do setor e a import\u00e2ncia do evento para a gera\u00e7\u00e3o de neg\u00f3cios, conhecimento e conex\u00f5es entre produtores e empresas.<\/p>\n<p class=\"isSelectedEnd\">Realizada entre os dias 3 e 7 de agosto, em Castro, nos Campos Gerais do Paran\u00e1, a edi\u00e7\u00e3o deste ano teve como tema <strong>\u201cMovidos por um legado\u201d<\/strong> e registrou uma movimenta\u00e7\u00e3o de <strong>R$ 612 milh\u00f5es em neg\u00f3cios<\/strong>.<\/p>\n<p class=\"isSelectedEnd\">O resultado ficou mais de 20% acima da expectativa inicial da organiza\u00e7\u00e3o, que era de R$ 500 milh\u00f5es. Com o desempenho, o Agroleite 2026 alcan\u00e7ou o segundo maior volume de neg\u00f3cios de sua hist\u00f3ria.<\/p>\n<p class=\"isSelectedEnd\">O resultado deste ano ficou atr\u00e1s apenas do recorde registrado em 2025, quando a movimenta\u00e7\u00e3o chegou a R$ 969 milh\u00f5es. Em 2024, o evento havia alcan\u00e7ado R$ 520 milh\u00f5es.<\/p>\n<h2>Cen\u00e1rio econ\u00f4mico exigiu proje\u00e7\u00e3o mais conservadora<\/h2>\n<p class=\"isSelectedEnd\">A expectativa inicial para 2026 foi calculada de forma mais cautelosa diante da compress\u00e3o das margens de lucro enfrentada por diferentes cadeias produtivas do agroneg\u00f3cio.<\/p>\n<p class=\"isSelectedEnd\">Segundo a organiza\u00e7\u00e3o, apesar da redu\u00e7\u00e3o esperada no volume de neg\u00f3cios em compara\u00e7\u00e3o com o recorde de 2025, determinados investimentos continuam sendo considerados essenciais para garantir a opera\u00e7\u00e3o e aumentar a efici\u00eancia das propriedades rurais.<\/p>\n<p class=\"isSelectedEnd\">Nesse contexto, o Agroleite se apresenta como uma oportunidade para produtores conhecerem tecnologias dispon\u00edveis, compararem pre\u00e7os e avaliarem solu\u00e7\u00f5es de acordo com as necessidades de cada propriedade.<\/p>\n<h2>Condi\u00e7\u00f5es especiais ajudaram a impulsionar os neg\u00f3cios<\/h2>\n<p class=\"isSelectedEnd\">Durante a feira, diversos expositores ofereceram condi\u00e7\u00f5es diferenciadas de financiamento, prazos especiais e pacotes promocionais.<\/p>\n<p class=\"isSelectedEnd\">As estrat\u00e9gias foram utilizadas pelas empresas para facilitar investimentos considerados importantes para os produtores, mesmo diante de um cen\u00e1rio de maior cautela no mercado.<\/p>\n<p class=\"isSelectedEnd\">O evento tamb\u00e9m funcionou como uma janela estrat\u00e9gica para a concretiza\u00e7\u00e3o de neg\u00f3cios entre empresas e produtores, contribuindo para que o volume financeiro alcan\u00e7asse um patamar expressivo.<\/p>\n<p class=\"isSelectedEnd\">O valor de R$ 612 milh\u00f5es foi levantado junto \u00e0s empresas expositoras por meio de um formul\u00e1rio oficial encaminhado ap\u00f3s o encerramento da feira. O levantamento considera os neg\u00f3cios efetivamente realizados durante o evento.<\/p>\n<h2>Mais de 400 empresas participaram do Agroleite<\/h2>\n<p class=\"isSelectedEnd\">A edi\u00e7\u00e3o 2026 contou com <strong>404 empresas expositoras<\/strong>, que apresentaram solu\u00e7\u00f5es e produtos voltados a diferentes segmentos do agroneg\u00f3cio.<\/p>\n<p class=\"isSelectedEnd\">Entre os setores representados estavam gen\u00e9tica, nutri\u00e7\u00e3o, sa\u00fade animal, sementes, equipamentos e utilit\u00e1rios, entre outros.<\/p>\n<p class=\"isSelectedEnd\">A movimenta\u00e7\u00e3o registrada pelos expositores tamb\u00e9m demonstrou o alcance do evento e a capacidade de aproximar empresas de produtores de diferentes regi\u00f5es.<\/p>\n<h2>Expositores destacam resultados acima das expectativas<\/h2>\n<p class=\"isSelectedEnd\">Empresas participantes relataram resultados positivos durante a edi\u00e7\u00e3o deste ano.<\/p>\n<p class=\"isSelectedEnd\">A Hidroponta-Po\u00e7os Artesianos, por exemplo, destacou o desempenho comercial e o movimento de clientes no estande. A empresa informou que cerca de 80% de sua carteira de clientes est\u00e1 ligada \u00e0 cadeia do leite.<\/p>\n<p class=\"isSelectedEnd\">Segundo a diretora comercial da empresa, Fernanda Moreira, a meta estabelecida para a feira j\u00e1 havia sido alcan\u00e7ada na metade do evento.<\/p>\n<p class=\"isSelectedEnd\">A CBC Seguros tamb\u00e9m registrou resultados considerados acima das expectativas. Durante o Agroleite, a empresa informou ter realizado o seguro de seis rebanhos de gado leiteiro, al\u00e9m da comercializa\u00e7\u00e3o de outros seguros tradicionais.<\/p>\n<p class=\"isSelectedEnd\">A expectativa inicial era de que os resultados surgissem principalmente a partir de contatos, conex\u00f5es e negocia\u00e7\u00f5es que seriam conclu\u00eddas ap\u00f3s o encerramento da feira. No entanto, parte dos neg\u00f3cios foi fechada imediatamente durante o evento.<\/p>\n<h2>Agroleite amplia alcance para al\u00e9m do Paran\u00e1<\/h2>\n<p class=\"isSelectedEnd\">Reconhecido como uma importante vitrine de tecnologia para a cadeia do leite na Am\u00e9rica Latina, o Agroleite tamb\u00e9m atrai empresas e produtores de diferentes regi\u00f5es do Brasil e do exterior.<\/p>\n<p class=\"isSelectedEnd\">Durante a edi\u00e7\u00e3o de 2026, a Boehringer Ingelheim informou ter fechado novas parcerias em diferentes regi\u00f5es do pa\u00eds.<\/p>\n<p class=\"isSelectedEnd\">O alcance nacional e internacional refor\u00e7a a dimens\u00e3o do evento, que deixou de ser uma feira exclusivamente regional e passou a reunir participantes de diferentes mercados.<\/p>\n<p class=\"isSelectedEnd\">A participa\u00e7\u00e3o internacional tamb\u00e9m foi destacada pela Boerger, empresa alem\u00e3 com sedes na Alemanha e nos Estados Unidos. Representante de vendas da companhia para a Am\u00e9rica Latina, Rodolfo Querales comparou o Agroleite a grandes eventos do agroneg\u00f3cio realizados nos Estados Unidos.<\/p>\n<p class=\"isSelectedEnd\">Segundo ele, a empresa ficou satisfeita com os resultados da participa\u00e7\u00e3o, com o estande e com o p\u00fablico presente durante os dias da feira.<\/p>\n<h2>Evento refor\u00e7a import\u00e2ncia da cadeia do leite<\/h2>\n<p class=\"isSelectedEnd\">Com os R$ 612 milh\u00f5es movimentados em neg\u00f3cios, o Agroleite 2026 encerrou sua edi\u00e7\u00e3o mostrando que, mesmo em um per\u00edodo de maior cautela no agroneg\u00f3cio, produtores e empresas continuam buscando tecnologias, equipamentos, servi\u00e7os e solu\u00e7\u00f5es para melhorar a produtividade e a efici\u00eancia no campo.<\/p>\n<p>O desempenho financeiro, somado \u00e0 participa\u00e7\u00e3o de 404 empresas expositoras e ao alcance nacional e internacional, refor\u00e7a a posi\u00e7\u00e3o do evento como um dos principais pontos de encontro da cadeia produtiva do leite.<\/p>\n","protected":false},"excerpt":{"rendered":"<p>Edi\u00e7\u00e3o 2026 do evento, realizada em Castro, superou em mais de 20% a expectativa inicial e registrou o segundo maior volume de neg\u00f3cios da hist\u00f3ria da feira. Agroleite supera expectativa e registra segundo melhor resultado da hist\u00f3ria Mesmo diante de um cen\u00e1rio de cautela no agroneg\u00f3cio, o Agroleite 2026 demonstrou a for\u00e7a do setor e [&hellip;]<\/p>\n","protected":false},"author":18,"featured_media":7621,"comment_status":"open","ping_status":"open","sticky":false,"template":"","format":"standard","meta":{"footnotes":""},"categories":[5,8,212,12],"tags":[2935,2933,604,196,165,2191,47,460,2934,89,77,1235,1236],"class_list":["post-7620","post","type-post","status-publish","format-standard","has-post-thumbnail","hentry","category-brasil","category-campos-gerais","category-economia","category-geral","tag-agro","tag-agroleite","tag-agronegocio","tag-campos-gerais","tag-castro","tag-cooperativismo","tag-destaque","tag-economia","tag-leite","tag-negocios","tag-parana","tag-pecuaria-leiteira","tag-tecnologia-no-campo"],"yoast_head":"<!-- This site is optimized with the Yoast SEO plugin v28.1 - https:\/\/yoast.com\/product\/yoast-seo-wordpress\/ -->\n<title>Agroleite movimenta R$ 612 milh\u00f5es em neg\u00f3cios e refor\u00e7a for\u00e7a do agroneg\u00f3cio em cen\u00e1rio de cautela - Mz Not\u00edcias<\/title>\n<meta name=\"description\" content=\"Agroleite 2026 movimentou R$ 612 milh\u00f5es em neg\u00f3cios em Castro e registrou o segundo maior resultado da hist\u00f3ria do evento.\" \/>\n<meta name=\"robots\" content=\"index, follow, max-snippet:-1, max-image-preview:large, max-video-preview:-1\" \/>\n<link rel=\"canonical\" href=\"https:\/\/mznoticia.com.br\/piraidosul\/agroleite-movimenta-r-612-milhoes-em-negocios-e-reforca-forca-do-agronegocio-em-cenario-de-cautela\/\" \/>\n<meta property=\"og:locale\" content=\"pt_BR\" \/>\n<meta property=\"og:type\" content=\"article\" \/>\n<meta property=\"og:title\" content=\"Agroleite movimenta R$ 612 milh\u00f5es em neg\u00f3cios e refor\u00e7a for\u00e7a do agroneg\u00f3cio em cen\u00e1rio de cautela - Mz Not\u00edcias\" \/>\n<meta property=\"og:description\" content=\"Agroleite 2026 movimentou R$ 612 milh\u00f5es em neg\u00f3cios em Castro e registrou o segundo maior resultado da hist\u00f3ria do evento.\" \/>\n<meta property=\"og:url\" content=\"https:\/\/mznoticia.com.br\/piraidosul\/agroleite-movimenta-r-612-milhoes-em-negocios-e-reforca-forca-do-agronegocio-em-cenario-de-cautela\/\" \/>\n<meta property=\"og:site_name\" content=\"Mz Not\u00edcias\" \/>\n<meta property=\"article:publisher\" content=\"https:\/\/www.facebook.com\/profile.php?id=61573479951222\" \/>\n<meta property=\"article:published_time\" content=\"2026-08-27T20:26:24+00:00\" \/>\n<meta property=\"og:image\" content=\"https:\/\/mznoticia.com.br\/piraidosul\/wp-content\/uploads\/2026\/08\/agro.jpg\" \/>\n\t<meta property=\"og:image:width\" content=\"1024\" \/>\n\t<meta property=\"og:image:height\" content=\"684\" \/>\n\t<meta property=\"og:image:type\" content=\"image\/jpeg\" \/>\n<meta name=\"author\" content=\"Reda\u00e7\u00e3o MZ\" \/>\n<meta name=\"twitter:card\" content=\"summary_large_image\" \/>\n<meta name=\"twitter:label1\" content=\"Escrito por\" \/>\n\t<meta name=\"twitter:data1\" content=\"Reda\u00e7\u00e3o MZ\" \/>\n\t<meta name=\"twitter:label2\" content=\"Est. tempo de leitura\" \/>\n\t<meta name=\"twitter:data2\" content=\"5 minutos\" \/>\n<script type=\"application\/ld+json\" class=\"yoast-schema-graph\">{\"@context\":\"https:\\\/\\\/schema.org\",\"@graph\":[{\"@type\":\"Article\",\"@id\":\"https:\\\/\\\/mznoticia.com.br\\\/piraidosul\\\/agroleite-movimenta-r-612-milhoes-em-negocios-e-reforca-forca-do-agronegocio-em-cenario-de-cautela\\\/#article\",\"isPartOf\":{\"@id\":\"https:\\\/\\\/mznoticia.com.br\\\/piraidosul\\\/agroleite-movimenta-r-612-milhoes-em-negocios-e-reforca-forca-do-agronegocio-em-cenario-de-cautela\\\/\"},\"author\":{\"name\":\"Reda\u00e7\u00e3o MZ\",\"@id\":\"https:\\\/\\\/mznoticia.com.br\\\/piraidosul\\\/#\\\/schema\\\/person\\\/7ecde13ae5f5a92f0ff9b2155d7a6d6e\"},\"headline\":\"Agroleite movimenta R$ 612 milh\u00f5es em neg\u00f3cios e refor\u00e7a for\u00e7a do agroneg\u00f3cio em cen\u00e1rio de cautela\",\"datePublished\":\"2026-08-27T20:26:24+00:00\",\"mainEntityOfPage\":{\"@id\":\"https:\\\/\\\/mznoticia.com.br\\\/piraidosul\\\/agroleite-movimenta-r-612-milhoes-em-negocios-e-reforca-forca-do-agronegocio-em-cenario-de-cautela\\\/\"},\"wordCount\":902,\"commentCount\":0,\"publisher\":{\"@id\":\"https:\\\/\\\/mznoticia.com.br\\\/piraidosul\\\/#organization\"},\"image\":{\"@id\":\"https:\\\/\\\/mznoticia.com.br\\\/piraidosul\\\/agroleite-movimenta-r-612-milhoes-em-negocios-e-reforca-forca-do-agronegocio-em-cenario-de-cautela\\\/#primaryimage\"},\"thumbnailUrl\":\"https:\\\/\\\/mznoticia.com.br\\\/piraidosul\\\/wp-content\\\/uploads\\\/2026\\\/08\\\/agro.jpg\",\"keywords\":[\"Agro\",\"Agroleite\",\"Agroneg\u00f3cio\",\"campos gerais\",\"castro\",\"cooperativismo\",\"destaque\",\"Economia\",\"Leite\",\"negocios\",\"parana\",\"Pecu\u00e1ria Leiteira\",\"Tecnologia no Campo\"],\"articleSection\":[\"Brasil\",\"Campos Gerais\",\"Economia\",\"Geral\"],\"inLanguage\":\"pt-BR\",\"potentialAction\":[{\"@type\":\"CommentAction\",\"name\":\"Comment\",\"target\":[\"https:\\\/\\\/mznoticia.com.br\\\/piraidosul\\\/agroleite-movimenta-r-612-milhoes-em-negocios-e-reforca-forca-do-agronegocio-em-cenario-de-cautela\\\/#respond\"]}]},{\"@type\":\"WebPage\",\"@id\":\"https:\\\/\\\/mznoticia.com.br\\\/piraidosul\\\/agroleite-movimenta-r-612-milhoes-em-negocios-e-reforca-forca-do-agronegocio-em-cenario-de-cautela\\\/\",\"url\":\"https:\\\/\\\/mznoticia.com.br\\\/piraidosul\\\/agroleite-movimenta-r-612-milhoes-em-negocios-e-reforca-forca-do-agronegocio-em-cenario-de-cautela\\\/\",\"name\":\"Agroleite movimenta R$ 612 milh\u00f5es em neg\u00f3cios e refor\u00e7a for\u00e7a do agroneg\u00f3cio em cen\u00e1rio de cautela - Mz Not\u00edcias\",\"isPartOf\":{\"@id\":\"https:\\\/\\\/mznoticia.com.br\\\/piraidosul\\\/#website\"},\"primaryImageOfPage\":{\"@id\":\"https:\\\/\\\/mznoticia.com.br\\\/piraidosul\\\/agroleite-movimenta-r-612-milhoes-em-negocios-e-reforca-forca-do-agronegocio-em-cenario-de-cautela\\\/#primaryimage\"},\"image\":{\"@id\":\"https:\\\/\\\/mznoticia.com.br\\\/piraidosul\\\/agroleite-movimenta-r-612-milhoes-em-negocios-e-reforca-forca-do-agronegocio-em-cenario-de-cautela\\\/#primaryimage\"},\"thumbnailUrl\":\"https:\\\/\\\/mznoticia.com.br\\\/piraidosul\\\/wp-content\\\/uploads\\\/2026\\\/08\\\/agro.jpg\",\"datePublished\":\"2026-08-27T20:26:24+00:00\",\"description\":\"Agroleite 2026 movimentou R$ 612 milh\u00f5es em neg\u00f3cios em Castro e registrou o segundo maior resultado da hist\u00f3ria do evento.\",\"breadcrumb\":{\"@id\":\"https:\\\/\\\/mznoticia.com.br\\\/piraidosul\\\/agroleite-movimenta-r-612-milhoes-em-negocios-e-reforca-forca-do-agronegocio-em-cenario-de-cautela\\\/#breadcrumb\"},\"inLanguage\":\"pt-BR\",\"potentialAction\":[{\"@type\":\"ReadAction\",\"target\":[\"https:\\\/\\\/mznoticia.com.br\\\/piraidosul\\\/agroleite-movimenta-r-612-milhoes-em-negocios-e-reforca-forca-do-agronegocio-em-cenario-de-cautela\\\/\"]}]},{\"@type\":\"ImageObject\",\"inLanguage\":\"pt-BR\",\"@id\":\"https:\\\/\\\/mznoticia.com.br\\\/piraidosul\\\/agroleite-movimenta-r-612-milhoes-em-negocios-e-reforca-forca-do-agronegocio-em-cenario-de-cautela\\\/#primaryimage\",\"url\":\"https:\\\/\\\/mznoticia.com.br\\\/piraidosul\\\/wp-content\\\/uploads\\\/2026\\\/08\\\/agro.jpg\",\"contentUrl\":\"https:\\\/\\\/mznoticia.com.br\\\/piraidosul\\\/wp-content\\\/uploads\\\/2026\\\/08\\\/agro.jpg\",\"width\":1024,\"height\":684},{\"@type\":\"BreadcrumbList\",\"@id\":\"https:\\\/\\\/mznoticia.com.br\\\/piraidosul\\\/agroleite-movimenta-r-612-milhoes-em-negocios-e-reforca-forca-do-agronegocio-em-cenario-de-cautela\\\/#breadcrumb\",\"itemListElement\":[{\"@type\":\"ListItem\",\"position\":1,\"name\":\"Home\",\"item\":\"https:\\\/\\\/mznoticia.com.br\\\/piraidosul\\\/\"},{\"@type\":\"ListItem\",\"position\":2,\"name\":\"Agroleite movimenta R$ 612 milh\u00f5es em neg\u00f3cios e refor\u00e7a for\u00e7a do agroneg\u00f3cio em cen\u00e1rio de cautela\"}]},{\"@type\":\"WebSite\",\"@id\":\"https:\\\/\\\/mznoticia.com.br\\\/piraidosul\\\/#website\",\"url\":\"https:\\\/\\\/mznoticia.com.br\\\/piraidosul\\\/\",\"name\":\"Mz Not\u00edcia\",\"description\":\"A informa\u00e7\u00e3o que voc\u00ea precisa na hora certa!\",\"publisher\":{\"@id\":\"https:\\\/\\\/mznoticia.com.br\\\/piraidosul\\\/#organization\"},\"potentialAction\":[{\"@type\":\"SearchAction\",\"target\":{\"@type\":\"EntryPoint\",\"urlTemplate\":\"https:\\\/\\\/mznoticia.com.br\\\/piraidosul\\\/?s={search_term_string}\"},\"query-input\":{\"@type\":\"PropertyValueSpecification\",\"valueRequired\":true,\"valueName\":\"search_term_string\"}}],\"inLanguage\":\"pt-BR\"},{\"@type\":\"Organization\",\"@id\":\"https:\\\/\\\/mznoticia.com.br\\\/piraidosul\\\/#organization\",\"name\":\"Mz Not\u00edcia\",\"url\":\"https:\\\/\\\/mznoticia.com.br\\\/piraidosul\\\/\",\"logo\":{\"@type\":\"ImageObject\",\"inLanguage\":\"pt-BR\",\"@id\":\"https:\\\/\\\/mznoticia.com.br\\\/piraidosul\\\/#\\\/schema\\\/logo\\\/image\\\/\",\"url\":\"https:\\\/\\\/mznoticia.com.br\\\/jaguariaiva\\\/wp-content\\\/uploads\\\/2025\\\/03\\\/Design-sem-nome-4-e1741200616392.png\",\"contentUrl\":\"https:\\\/\\\/mznoticia.com.br\\\/jaguariaiva\\\/wp-content\\\/uploads\\\/2025\\\/03\\\/Design-sem-nome-4-e1741200616392.png\",\"width\":750,\"height\":563,\"caption\":\"Mz Not\u00edcia\"},\"image\":{\"@id\":\"https:\\\/\\\/mznoticia.com.br\\\/piraidosul\\\/#\\\/schema\\\/logo\\\/image\\\/\"},\"sameAs\":[\"https:\\\/\\\/www.facebook.com\\\/profile.php?id=61573479951222\",\"https:\\\/\\\/www.instagram.com\\\/mz.jaguariaiva\\\/\"]},{\"@type\":\"Person\",\"@id\":\"https:\\\/\\\/mznoticia.com.br\\\/piraidosul\\\/#\\\/schema\\\/person\\\/7ecde13ae5f5a92f0ff9b2155d7a6d6e\",\"name\":\"Reda\u00e7\u00e3o MZ\",\"image\":{\"@type\":\"ImageObject\",\"inLanguage\":\"pt-BR\",\"@id\":\"https:\\\/\\\/secure.gravatar.com\\\/avatar\\\/f946d30c77919f6266a9c60fb788aafb0d09379b2e2cb3cc85de60f3f30df733?s=96&d=simple_local_avatar&r=g\",\"url\":\"https:\\\/\\\/secure.gravatar.com\\\/avatar\\\/f946d30c77919f6266a9c60fb788aafb0d09379b2e2cb3cc85de60f3f30df733?s=96&d=simple_local_avatar&r=g\",\"contentUrl\":\"https:\\\/\\\/secure.gravatar.com\\\/avatar\\\/f946d30c77919f6266a9c60fb788aafb0d09379b2e2cb3cc85de60f3f30df733?s=96&d=simple_local_avatar&r=g\",\"caption\":\"Reda\u00e7\u00e3o MZ\"},\"url\":\"https:\\\/\\\/mznoticia.com.br\\\/piraidosul\\\/author\\\/yan\\\/\"}]}<\/script>\n<!-- \/ Yoast SEO plugin. -->","yoast_head_json":{"title":"Agroleite movimenta R$ 612 milh\u00f5es em neg\u00f3cios e refor\u00e7a for\u00e7a do agroneg\u00f3cio em cen\u00e1rio de cautela - Mz Not\u00edcias","description":"Agroleite 2026 movimentou R$ 612 milh\u00f5es em neg\u00f3cios em Castro e registrou o segundo maior resultado da hist\u00f3ria do evento.","robots":{"index":"index","follow":"follow","max-snippet":"max-snippet:-1","max-image-preview":"max-image-preview:large","max-video-preview":"max-video-preview:-1"},"canonical":"https:\/\/mznoticia.com.br\/piraidosul\/agroleite-movimenta-r-612-milhoes-em-negocios-e-reforca-forca-do-agronegocio-em-cenario-de-cautela\/","og_locale":"pt_BR","og_type":"article","og_title":"Agroleite movimenta R$ 612 milh\u00f5es em neg\u00f3cios e refor\u00e7a for\u00e7a do agroneg\u00f3cio em cen\u00e1rio de cautela - Mz Not\u00edcias","og_description":"Agroleite 2026 movimentou R$ 612 milh\u00f5es em neg\u00f3cios em Castro e registrou o segundo maior resultado da hist\u00f3ria do evento.","og_url":"https:\/\/mznoticia.com.br\/piraidosul\/agroleite-movimenta-r-612-milhoes-em-negocios-e-reforca-forca-do-agronegocio-em-cenario-de-cautela\/","og_site_name":"Mz Not\u00edcias","article_publisher":"https:\/\/www.facebook.com\/profile.php?id=61573479951222","article_published_time":"2026-08-27T20:26:24+00:00","og_image":[{"width":1024,"height":684,"url":"https:\/\/mznoticia.com.br\/piraidosul\/wp-content\/uploads\/2026\/08\/agro.jpg","type":"image\/jpeg"}],"author":"Reda\u00e7\u00e3o MZ","twitter_card":"summary_large_image","twitter_misc":{"Escrito por":"Reda\u00e7\u00e3o MZ","Est. tempo de leitura":"5 minutos"},"schema":{"@context":"https:\/\/schema.org","@graph":[{"@type":"Article","@id":"https:\/\/mznoticia.com.br\/piraidosul\/agroleite-movimenta-r-612-milhoes-em-negocios-e-reforca-forca-do-agronegocio-em-cenario-de-cautela\/#article","isPartOf":{"@id":"https:\/\/mznoticia.com.br\/piraidosul\/agroleite-movimenta-r-612-milhoes-em-negocios-e-reforca-forca-do-agronegocio-em-cenario-de-cautela\/"},"author":{"name":"Reda\u00e7\u00e3o MZ","@id":"https:\/\/mznoticia.com.br\/piraidosul\/#\/schema\/person\/7ecde13ae5f5a92f0ff9b2155d7a6d6e"},"headline":"Agroleite movimenta R$ 612 milh\u00f5es em neg\u00f3cios e refor\u00e7a for\u00e7a do agroneg\u00f3cio em cen\u00e1rio de cautela","datePublished":"2026-08-27T20:26:24+00:00","mainEntityOfPage":{"@id":"https:\/\/mznoticia.com.br\/piraidosul\/agroleite-movimenta-r-612-milhoes-em-negocios-e-reforca-forca-do-agronegocio-em-cenario-de-cautela\/"},"wordCount":902,"commentCount":0,"publisher":{"@id":"https:\/\/mznoticia.com.br\/piraidosul\/#organization"},"image":{"@id":"https:\/\/mznoticia.com.br\/piraidosul\/agroleite-movimenta-r-612-milhoes-em-negocios-e-reforca-forca-do-agronegocio-em-cenario-de-cautela\/#primaryimage"},"thumbnailUrl":"https:\/\/mznoticia.com.br\/piraidosul\/wp-content\/uploads\/2026\/08\/agro.jpg","keywords":["Agro","Agroleite","Agroneg\u00f3cio","campos gerais","castro","cooperativismo","destaque","Economia","Leite","negocios","parana","Pecu\u00e1ria Leiteira","Tecnologia no Campo"],"articleSection":["Brasil","Campos Gerais","Economia","Geral"],"inLanguage":"pt-BR","potentialAction":[{"@type":"CommentAction","name":"Comment","target":["https:\/\/mznoticia.com.br\/piraidosul\/agroleite-movimenta-r-612-milhoes-em-negocios-e-reforca-forca-do-agronegocio-em-cenario-de-cautela\/#respond"]}]},{"@type":"WebPage","@id":"https:\/\/mznoticia.com.br\/piraidosul\/agroleite-movimenta-r-612-milhoes-em-negocios-e-reforca-forca-do-agronegocio-em-cenario-de-cautela\/","url":"https:\/\/mznoticia.com.br\/piraidosul\/agroleite-movimenta-r-612-milhoes-em-negocios-e-reforca-forca-do-agronegocio-em-cenario-de-cautela\/","name":"Agroleite movimenta R$ 612 milh\u00f5es em neg\u00f3cios e refor\u00e7a for\u00e7a do agroneg\u00f3cio em cen\u00e1rio de cautela - Mz Not\u00edcias","isPartOf":{"@id":"https:\/\/mznoticia.com.br\/piraidosul\/#website"},"primaryImageOfPage":{"@id":"https:\/\/mznoticia.com.br\/piraidosul\/agroleite-movimenta-r-612-milhoes-em-negocios-e-reforca-forca-do-agronegocio-em-cenario-de-cautela\/#primaryimage"},"image":{"@id":"https:\/\/mznoticia.com.br\/piraidosul\/agroleite-movimenta-r-612-milhoes-em-negocios-e-reforca-forca-do-agronegocio-em-cenario-de-cautela\/#primaryimage"},"thumbnailUrl":"https:\/\/mznoticia.com.br\/piraidosul\/wp-content\/uploads\/2026\/08\/agro.jpg","datePublished":"2026-08-27T20:26:24+00:00","description":"Agroleite 2026 movimentou R$ 612 milh\u00f5es em neg\u00f3cios em Castro e registrou o segundo maior resultado da hist\u00f3ria do evento.","breadcrumb":{"@id":"https:\/\/mznoticia.com.br\/piraidosul\/agroleite-movimenta-r-612-milhoes-em-negocios-e-reforca-forca-do-agronegocio-em-cenario-de-cautela\/#breadcrumb"},"inLanguage":"pt-BR","potentialAction":[{"@type":"ReadAction","target":["https:\/\/mznoticia.com.br\/piraidosul\/agroleite-movimenta-r-612-milhoes-em-negocios-e-reforca-forca-do-agronegocio-em-cenario-de-cautela\/"]}]},{"@type":"ImageObject","inLanguage":"pt-BR","@id":"https:\/\/mznoticia.com.br\/piraidosul\/agroleite-movimenta-r-612-milhoes-em-negocios-e-reforca-forca-do-agronegocio-em-cenario-de-cautela\/#primaryimage","url":"https:\/\/mznoticia.com.br\/piraidosul\/wp-content\/uploads\/2026\/08\/agro.jpg","contentUrl":"https:\/\/mznoticia.com.br\/piraidosul\/wp-content\/uploads\/2026\/08\/agro.jpg","width":1024,"height":684},{"@type":"BreadcrumbList","@id":"https:\/\/mznoticia.com.br\/piraidosul\/agroleite-movimenta-r-612-milhoes-em-negocios-e-reforca-forca-do-agronegocio-em-cenario-de-cautela\/#breadcrumb","itemListElement":[{"@type":"ListItem","position":1,"name":"Home","item":"https:\/\/mznoticia.com.br\/piraidosul\/"},{"@type":"ListItem","position":2,"name":"Agroleite movimenta R$ 612 milh\u00f5es em neg\u00f3cios e refor\u00e7a for\u00e7a do agroneg\u00f3cio em cen\u00e1rio de cautela"}]},{"@type":"WebSite","@id":"https:\/\/mznoticia.com.br\/piraidosul\/#website","url":"https:\/\/mznoticia.com.br\/piraidosul\/","name":"Mz Not\u00edcia","description":"A informa\u00e7\u00e3o que voc\u00ea precisa na hora certa!","publisher":{"@id":"https:\/\/mznoticia.com.br\/piraidosul\/#organization"},"potentialAction":[{"@type":"SearchAction","target":{"@type":"EntryPoint","urlTemplate":"https:\/\/mznoticia.com.br\/piraidosul\/?s={search_term_string}"},"query-input":{"@type":"PropertyValueSpecification","valueRequired":true,"valueName":"search_term_string"}}],"inLanguage":"pt-BR"},{"@type":"Organization","@id":"https:\/\/mznoticia.com.br\/piraidosul\/#organization","name":"Mz Not\u00edcia","url":"https:\/\/mznoticia.com.br\/piraidosul\/","logo":{"@type":"ImageObject","inLanguage":"pt-BR","@id":"https:\/\/mznoticia.com.br\/piraidosul\/#\/schema\/logo\/image\/","url":"https:\/\/mznoticia.com.br\/jaguariaiva\/wp-content\/uploads\/2025\/03\/Design-sem-nome-4-e1741200616392.png","contentUrl":"https:\/\/mznoticia.com.br\/jaguariaiva\/wp-content\/uploads\/2025\/03\/Design-sem-nome-4-e1741200616392.png","width":750,"height":563,"caption":"Mz Not\u00edcia"},"image":{"@id":"https:\/\/mznoticia.com.br\/piraidosul\/#\/schema\/logo\/image\/"},"sameAs":["https:\/\/www.facebook.com\/profile.php?id=61573479951222","https:\/\/www.instagram.com\/mz.jaguariaiva\/"]},{"@type":"Person","@id":"https:\/\/mznoticia.com.br\/piraidosul\/#\/schema\/person\/7ecde13ae5f5a92f0ff9b2155d7a6d6e","name":"Reda\u00e7\u00e3o MZ","image":{"@type":"ImageObject","inLanguage":"pt-BR","@id":"https:\/\/secure.gravatar.com\/avatar\/f946d30c77919f6266a9c60fb788aafb0d09379b2e2cb3cc85de60f3f30df733?s=96&d=simple_local_avatar&r=g","url":"https:\/\/secure.gravatar.com\/avatar\/f946d30c77919f6266a9c60fb788aafb0d09379b2e2cb3cc85de60f3f30df733?s=96&d=simple_local_avatar&r=g","contentUrl":"https:\/\/secure.gravatar.com\/avatar\/f946d30c77919f6266a9c60fb788aafb0d09379b2e2cb3cc85de60f3f30df733?s=96&d=simple_local_avatar&r=g","caption":"Reda\u00e7\u00e3o MZ"},"url":"https:\/\/mznoticia.com.br\/piraidosul\/author\/yan\/"}]}},"_links":{"self":[{"href":"https:\/\/mznoticia.com.br\/piraidosul\/wp-json\/wp\/v2\/posts\/7620","targetHints":{"allow":["GET"]}}],"collection":[{"href":"https:\/\/mznoticia.com.br\/piraidosul\/wp-json\/wp\/v2\/posts"}],"about":[{"href":"https:\/\/mznoticia.com.br\/piraidosul\/wp-json\/wp\/v2\/types\/post"}],"author":[{"embeddable":true,"href":"https:\/\/mznoticia.com.br\/piraidosul\/wp-json\/wp\/v2\/users\/18"}],"replies":[{"embeddable":true,"href":"https:\/\/mznoticia.com.br\/piraidosul\/wp-json\/wp\/v2\/comments?post=7620"}],"version-history":[{"count":1,"href":"https:\/\/mznoticia.com.br\/piraidosul\/wp-json\/wp\/v2\/posts\/7620\/revisions"}],"predecessor-version":[{"id":7622,"href":"https:\/\/mznoticia.com.br\/piraidosul\/wp-json\/wp\/v2\/posts\/7620\/revisions\/7622"}],"wp:featuredmedia":[{"embeddable":true,"href":"https:\/\/mznoticia.com.br\/piraidosul\/wp-json\/wp\/v2\/media\/7621"}],"wp:attachment":[{"href":"https:\/\/mznoticia.com.br\/piraidosul\/wp-json\/wp\/v2\/media?parent=7620"}],"wp:term":[{"taxonomy":"category","embeddable":true,"href":"https:\/\/mznoticia.com.br\/piraidosul\/wp-json\/wp\/v2\/categories?post=7620"},{"taxonomy":"post_tag","embeddable":true,"href":"https:\/\/mznoticia.com.br\/piraidosul\/wp-json\/wp\/v2\/tags?post=7620"}],"curies":[{"name":"wp","href":"https:\/\/api.w.org\/{rel}","templated":true}]}}