{"id":7714,"date":"2026-08-28T20:02:35","date_gmt":"2026-08-28T20:02:35","guid":{"rendered":"https:\/\/mznoticia.com.br\/piraidosul\/?p=7714"},"modified":"2026-08-28T20:02:35","modified_gmt":"2026-08-28T20:02:35","slug":"cinco-trabalhadores-morrem-acidente-pr-090-ventania-pirai-do-sul","status":"publish","type":"post","link":"https:\/\/mznoticia.com.br\/piraidosul\/cinco-trabalhadores-morrem-acidente-pr-090-ventania-pirai-do-sul\/","title":{"rendered":"Cinco trabalhadores morrem em acidente entre caminhonete e caminh\u00e3o na PR-090, em Ventania"},"content":{"rendered":"<p class=\"isSelectedEnd\"><strong>Colis\u00e3o frontal aconteceu entre Ventania e Pira\u00ed do Sul; outras duas pessoas ficaram feridas. Pol\u00edcia Civil investiga as circunst\u00e2ncias da batida.<\/strong><\/p>\n<p class=\"isSelectedEnd\">Cinco trabalhadores morreram em um grave acidente de tr\u00e2nsito registrado na manh\u00e3 desta quinta-feira (27), na PR-090, em Ventania, nos Campos Gerais do Paran\u00e1.<\/p>\n<p class=\"isSelectedEnd\">De acordo com a Pol\u00edcia Rodovi\u00e1ria Estadual (PRE), a caminhonete em que as v\u00edtimas estavam colidiu frontalmente com um caminh\u00e3o que seguia no sentido contr\u00e1rio. Os cinco ocupantes da caminhonete morreram ainda no local.<\/p>\n<p class=\"isSelectedEnd\">As v\u00edtimas trabalhavam para uma empresa de Londrina e estavam em deslocamento a servi\u00e7o. A equipe atuava em servi\u00e7os terceirizados relacionados a instala\u00e7\u00f5es el\u00e9tricas, prote\u00e7\u00e3o e qualidade de energia.<\/p>\n<h2>Acidente aconteceu entre Ventania e Pira\u00ed do Sul<\/h2>\n<p class=\"isSelectedEnd\">A colis\u00e3o aconteceu por volta das 9h, no km 199 da PR-090, trecho entre Ventania e Pira\u00ed do Sul.<\/p>\n<p class=\"isSelectedEnd\">O caminh\u00e3o era ocupado por duas pessoas, o motorista e uma passageira. Ambos sofreram ferimentos leves e foram encaminhados para atendimento m\u00e9dico na Unidade de Pronto Atendimento (UPA) de Ventania.<\/p>\n<p class=\"isSelectedEnd\">At\u00e9 o momento, os nomes das v\u00edtimas e dos demais envolvidos n\u00e3o foram divulgados.<\/p>\n<h2>Pol\u00edcia investiga poss\u00edvel ultrapassagem<\/h2>\n<p class=\"isSelectedEnd\">As circunst\u00e2ncias que provocaram o acidente est\u00e3o sendo investigadas pela Pol\u00edcia Civil.<\/p>\n<p class=\"isSelectedEnd\">Conforme informa\u00e7\u00f5es preliminares levantadas pela investiga\u00e7\u00e3o, a caminhonete pode ter iniciado uma ultrapassagem e n\u00e3o conseguido concluir a manobra a tempo. Na tentativa de evitar a colis\u00e3o, os dois ve\u00edculos teriam acabado convergindo para a mesma \u00e1rea de escape da rodovia.<\/p>\n<p class=\"isSelectedEnd\">A viol\u00eancia do impacto tamb\u00e9m levantou a possibilidade de que os ve\u00edculos estivessem em velocidade elevada. No entanto, a Pol\u00edcia Civil ressalta que ainda \u00e9 cedo para apontar a causa definitiva do acidente.<\/p>\n<p class=\"isSelectedEnd\">A conclus\u00e3o depender\u00e1 da an\u00e1lise dos vest\u00edgios encontrados no local e dos laudos periciais.<\/p>\n<h2>Empresa lamenta mortes<\/h2>\n<p class=\"isSelectedEnd\">A A1 Manuten\u00e7\u00e3o, empresa onde os trabalhadores atuavam, lamentou o acidente e manifestou solidariedade aos familiares, amigos e demais pessoas afetadas pela trag\u00e9dia.<\/p>\n<p>A investiga\u00e7\u00e3o dever\u00e1 esclarecer a din\u00e2mica da colis\u00e3o e as circunst\u00e2ncias que levaram \u00e0 morte dos cinco trabalhadores.<\/p>\n","protected":false},"excerpt":{"rendered":"<p>Colis\u00e3o frontal aconteceu entre Ventania e Pira\u00ed do Sul; outras duas pessoas ficaram feridas. Pol\u00edcia Civil investiga as circunst\u00e2ncias da batida. Cinco trabalhadores morreram em um grave acidente de tr\u00e2nsito registrado na manh\u00e3 desta quinta-feira (27), na PR-090, em Ventania, nos Campos Gerais do Paran\u00e1. De acordo com a Pol\u00edcia Rodovi\u00e1ria Estadual (PRE), a caminhonete [&hellip;]<\/p>\n","protected":false},"author":1,"featured_media":7716,"comment_status":"open","ping_status":"open","sticky":false,"template":"","format":"standard","meta":{"footnotes":""},"categories":[6],"tags":[3000],"class_list":["post-7714","post","type-post","status-publish","format-standard","has-post-thumbnail","hentry","category-piraidosul","tag-acidente-em-ventania-acidente-na-pr-090-ventania-e-pirai-do-sul-acidente-nos-campos-gerais-cinco-mortos-em-acidente-colisao-entre-caminhonete-e-caminhao-policia-civil-policia-rodoviaria-estadual"],"yoast_head":"<!-- This site is optimized with the Yoast SEO plugin v28.1 - https:\/\/yoast.com\/product\/yoast-seo-wordpress\/ -->\n<title>Cinco trabalhadores morrem em acidente entre caminhonete e caminh\u00e3o na PR-090, em Ventania - Mz Not\u00edcias<\/title>\n<meta name=\"description\" content=\"Cinco trabalhadores morreram ap\u00f3s uma caminhonete bater de frente com um caminh\u00e3o na PR-090, entre Ventania e Pira\u00ed do Sul. Pol\u00edcia investiga o acidente.\" \/>\n<meta name=\"robots\" content=\"index, follow, max-snippet:-1, max-image-preview:large, max-video-preview:-1\" \/>\n<link rel=\"canonical\" href=\"https:\/\/mznoticia.com.br\/piraidosul\/cinco-trabalhadores-morrem-acidente-pr-090-ventania-pirai-do-sul\/\" \/>\n<meta property=\"og:locale\" content=\"pt_BR\" \/>\n<meta property=\"og:type\" content=\"article\" \/>\n<meta property=\"og:title\" content=\"Cinco trabalhadores morrem em acidente entre caminhonete e caminh\u00e3o na PR-090, em Ventania - Mz Not\u00edcias\" \/>\n<meta property=\"og:description\" content=\"Cinco trabalhadores morreram ap\u00f3s uma caminhonete bater de frente com um caminh\u00e3o na PR-090, entre Ventania e Pira\u00ed do Sul. Pol\u00edcia investiga o acidente.\" \/>\n<meta property=\"og:url\" content=\"https:\/\/mznoticia.com.br\/piraidosul\/cinco-trabalhadores-morrem-acidente-pr-090-ventania-pirai-do-sul\/\" \/>\n<meta property=\"og:site_name\" content=\"Mz Not\u00edcias\" \/>\n<meta property=\"article:publisher\" content=\"https:\/\/www.facebook.com\/profile.php?id=61573479951222\" \/>\n<meta property=\"article:published_time\" content=\"2026-08-28T20:02:35+00:00\" \/>\n<meta name=\"author\" content=\"admin\" \/>\n<meta name=\"twitter:card\" content=\"summary_large_image\" \/>\n<meta name=\"twitter:label1\" content=\"Escrito por\" \/>\n\t<meta name=\"twitter:data1\" content=\"admin\" \/>\n\t<meta name=\"twitter:label2\" content=\"Est. tempo de leitura\" \/>\n\t<meta name=\"twitter:data2\" content=\"3 minutos\" \/>\n<script type=\"application\/ld+json\" class=\"yoast-schema-graph\">{\"@context\":\"https:\\\/\\\/schema.org\",\"@graph\":[{\"@type\":\"Article\",\"@id\":\"https:\\\/\\\/mznoticia.com.br\\\/piraidosul\\\/cinco-trabalhadores-morrem-acidente-pr-090-ventania-pirai-do-sul\\\/#article\",\"isPartOf\":{\"@id\":\"https:\\\/\\\/mznoticia.com.br\\\/piraidosul\\\/cinco-trabalhadores-morrem-acidente-pr-090-ventania-pirai-do-sul\\\/\"},\"author\":{\"name\":\"admin\",\"@id\":\"https:\\\/\\\/mznoticia.com.br\\\/piraidosul\\\/#\\\/schema\\\/person\\\/2c8e6591d90fd25419fb5d6ef1cba4a0\"},\"headline\":\"Cinco trabalhadores morrem em acidente entre caminhonete e caminh\u00e3o na PR-090, em Ventania\",\"datePublished\":\"2026-08-28T20:02:35+00:00\",\"mainEntityOfPage\":{\"@id\":\"https:\\\/\\\/mznoticia.com.br\\\/piraidosul\\\/cinco-trabalhadores-morrem-acidente-pr-090-ventania-pirai-do-sul\\\/\"},\"wordCount\":380,\"commentCount\":0,\"publisher\":{\"@id\":\"https:\\\/\\\/mznoticia.com.br\\\/piraidosul\\\/#organization\"},\"image\":{\"@id\":\"https:\\\/\\\/mznoticia.com.br\\\/piraidosul\\\/cinco-trabalhadores-morrem-acidente-pr-090-ventania-pirai-do-sul\\\/#primaryimage\"},\"thumbnailUrl\":\"https:\\\/\\\/mznoticia.com.br\\\/piraidosul\\\/wp-content\\\/uploads\\\/2026\\\/08\\\/whatsapp-image-2026-08-27-at-11.18.24-1-.avif\",\"keywords\":[\"acidente em Ventania acidente na PR-090 Ventania e Pira\u00ed do Sul acidente nos Campos Gerais cinco mortos em acidente colis\u00e3o entre caminhonete e caminh\u00e3o Pol\u00edcia Civil Pol\u00edcia Rodovi\u00e1ria Estadual\"],\"articleSection\":[\"Pira\u00ed do Sul\"],\"inLanguage\":\"pt-BR\",\"potentialAction\":[{\"@type\":\"CommentAction\",\"name\":\"Comment\",\"target\":[\"https:\\\/\\\/mznoticia.com.br\\\/piraidosul\\\/cinco-trabalhadores-morrem-acidente-pr-090-ventania-pirai-do-sul\\\/#respond\"]}]},{\"@type\":\"WebPage\",\"@id\":\"https:\\\/\\\/mznoticia.com.br\\\/piraidosul\\\/cinco-trabalhadores-morrem-acidente-pr-090-ventania-pirai-do-sul\\\/\",\"url\":\"https:\\\/\\\/mznoticia.com.br\\\/piraidosul\\\/cinco-trabalhadores-morrem-acidente-pr-090-ventania-pirai-do-sul\\\/\",\"name\":\"Cinco trabalhadores morrem em acidente entre caminhonete e caminh\u00e3o na PR-090, em Ventania - Mz Not\u00edcias\",\"isPartOf\":{\"@id\":\"https:\\\/\\\/mznoticia.com.br\\\/piraidosul\\\/#website\"},\"primaryImageOfPage\":{\"@id\":\"https:\\\/\\\/mznoticia.com.br\\\/piraidosul\\\/cinco-trabalhadores-morrem-acidente-pr-090-ventania-pirai-do-sul\\\/#primaryimage\"},\"image\":{\"@id\":\"https:\\\/\\\/mznoticia.com.br\\\/piraidosul\\\/cinco-trabalhadores-morrem-acidente-pr-090-ventania-pirai-do-sul\\\/#primaryimage\"},\"thumbnailUrl\":\"https:\\\/\\\/mznoticia.com.br\\\/piraidosul\\\/wp-content\\\/uploads\\\/2026\\\/08\\\/whatsapp-image-2026-08-27-at-11.18.24-1-.avif\",\"datePublished\":\"2026-08-28T20:02:35+00:00\",\"description\":\"Cinco trabalhadores morreram ap\u00f3s uma caminhonete bater de frente com um caminh\u00e3o na PR-090, entre Ventania e Pira\u00ed do Sul. Pol\u00edcia investiga o acidente.\",\"breadcrumb\":{\"@id\":\"https:\\\/\\\/mznoticia.com.br\\\/piraidosul\\\/cinco-trabalhadores-morrem-acidente-pr-090-ventania-pirai-do-sul\\\/#breadcrumb\"},\"inLanguage\":\"pt-BR\",\"potentialAction\":[{\"@type\":\"ReadAction\",\"target\":[\"https:\\\/\\\/mznoticia.com.br\\\/piraidosul\\\/cinco-trabalhadores-morrem-acidente-pr-090-ventania-pirai-do-sul\\\/\"]}]},{\"@type\":\"ImageObject\",\"inLanguage\":\"pt-BR\",\"@id\":\"https:\\\/\\\/mznoticia.com.br\\\/piraidosul\\\/cinco-trabalhadores-morrem-acidente-pr-090-ventania-pirai-do-sul\\\/#primaryimage\",\"url\":\"https:\\\/\\\/mznoticia.com.br\\\/piraidosul\\\/wp-content\\\/uploads\\\/2026\\\/08\\\/whatsapp-image-2026-08-27-at-11.18.24-1-.avif\",\"contentUrl\":\"https:\\\/\\\/mznoticia.com.br\\\/piraidosul\\\/wp-content\\\/uploads\\\/2026\\\/08\\\/whatsapp-image-2026-08-27-at-11.18.24-1-.avif\",\"width\":984,\"height\":740},{\"@type\":\"BreadcrumbList\",\"@id\":\"https:\\\/\\\/mznoticia.com.br\\\/piraidosul\\\/cinco-trabalhadores-morrem-acidente-pr-090-ventania-pirai-do-sul\\\/#breadcrumb\",\"itemListElement\":[{\"@type\":\"ListItem\",\"position\":1,\"name\":\"Home\",\"item\":\"https:\\\/\\\/mznoticia.com.br\\\/piraidosul\\\/\"},{\"@type\":\"ListItem\",\"position\":2,\"name\":\"Cinco trabalhadores morrem em acidente entre caminhonete e caminh\u00e3o na PR-090, em Ventania\"}]},{\"@type\":\"WebSite\",\"@id\":\"https:\\\/\\\/mznoticia.com.br\\\/piraidosul\\\/#website\",\"url\":\"https:\\\/\\\/mznoticia.com.br\\\/piraidosul\\\/\",\"name\":\"Mz Not\u00edcia\",\"description\":\"A informa\u00e7\u00e3o que voc\u00ea precisa na hora certa!\",\"publisher\":{\"@id\":\"https:\\\/\\\/mznoticia.com.br\\\/piraidosul\\\/#organization\"},\"potentialAction\":[{\"@type\":\"SearchAction\",\"target\":{\"@type\":\"EntryPoint\",\"urlTemplate\":\"https:\\\/\\\/mznoticia.com.br\\\/piraidosul\\\/?s={search_term_string}\"},\"query-input\":{\"@type\":\"PropertyValueSpecification\",\"valueRequired\":true,\"valueName\":\"search_term_string\"}}],\"inLanguage\":\"pt-BR\"},{\"@type\":\"Organization\",\"@id\":\"https:\\\/\\\/mznoticia.com.br\\\/piraidosul\\\/#organization\",\"name\":\"Mz Not\u00edcia\",\"url\":\"https:\\\/\\\/mznoticia.com.br\\\/piraidosul\\\/\",\"logo\":{\"@type\":\"ImageObject\",\"inLanguage\":\"pt-BR\",\"@id\":\"https:\\\/\\\/mznoticia.com.br\\\/piraidosul\\\/#\\\/schema\\\/logo\\\/image\\\/\",\"url\":\"https:\\\/\\\/mznoticia.com.br\\\/jaguariaiva\\\/wp-content\\\/uploads\\\/2025\\\/03\\\/Design-sem-nome-4-e1741200616392.png\",\"contentUrl\":\"https:\\\/\\\/mznoticia.com.br\\\/jaguariaiva\\\/wp-content\\\/uploads\\\/2025\\\/03\\\/Design-sem-nome-4-e1741200616392.png\",\"width\":750,\"height\":563,\"caption\":\"Mz Not\u00edcia\"},\"image\":{\"@id\":\"https:\\\/\\\/mznoticia.com.br\\\/piraidosul\\\/#\\\/schema\\\/logo\\\/image\\\/\"},\"sameAs\":[\"https:\\\/\\\/www.facebook.com\\\/profile.php?id=61573479951222\",\"https:\\\/\\\/www.instagram.com\\\/mz.jaguariaiva\\\/\"]},{\"@type\":\"Person\",\"@id\":\"https:\\\/\\\/mznoticia.com.br\\\/piraidosul\\\/#\\\/schema\\\/person\\\/2c8e6591d90fd25419fb5d6ef1cba4a0\",\"name\":\"admin\",\"image\":{\"@type\":\"ImageObject\",\"inLanguage\":\"pt-BR\",\"@id\":\"https:\\\/\\\/secure.gravatar.com\\\/avatar\\\/27331b5a72f7444d1f71236d389919e676d6ff324c8d72405717b7d3729fd67a?s=96&d=simple_local_avatar&r=g\",\"url\":\"https:\\\/\\\/secure.gravatar.com\\\/avatar\\\/27331b5a72f7444d1f71236d389919e676d6ff324c8d72405717b7d3729fd67a?s=96&d=simple_local_avatar&r=g\",\"contentUrl\":\"https:\\\/\\\/secure.gravatar.com\\\/avatar\\\/27331b5a72f7444d1f71236d389919e676d6ff324c8d72405717b7d3729fd67a?s=96&d=simple_local_avatar&r=g\",\"caption\":\"admin\"},\"sameAs\":[\"https:\\\/\\\/upperweb.com.br\\\/mznoticias\"],\"url\":\"https:\\\/\\\/mznoticia.com.br\\\/piraidosul\\\/author\\\/admin\\\/\"}]}<\/script>\n<!-- \/ Yoast SEO plugin. -->","yoast_head_json":{"title":"Cinco trabalhadores morrem em acidente entre caminhonete e caminh\u00e3o na PR-090, em Ventania - Mz Not\u00edcias","description":"Cinco trabalhadores morreram ap\u00f3s uma caminhonete bater de frente com um caminh\u00e3o na PR-090, entre Ventania e Pira\u00ed do Sul. Pol\u00edcia investiga o acidente.","robots":{"index":"index","follow":"follow","max-snippet":"max-snippet:-1","max-image-preview":"max-image-preview:large","max-video-preview":"max-video-preview:-1"},"canonical":"https:\/\/mznoticia.com.br\/piraidosul\/cinco-trabalhadores-morrem-acidente-pr-090-ventania-pirai-do-sul\/","og_locale":"pt_BR","og_type":"article","og_title":"Cinco trabalhadores morrem em acidente entre caminhonete e caminh\u00e3o na PR-090, em Ventania - Mz Not\u00edcias","og_description":"Cinco trabalhadores morreram ap\u00f3s uma caminhonete bater de frente com um caminh\u00e3o na PR-090, entre Ventania e Pira\u00ed do Sul. Pol\u00edcia investiga o acidente.","og_url":"https:\/\/mznoticia.com.br\/piraidosul\/cinco-trabalhadores-morrem-acidente-pr-090-ventania-pirai-do-sul\/","og_site_name":"Mz Not\u00edcias","article_publisher":"https:\/\/www.facebook.com\/profile.php?id=61573479951222","article_published_time":"2026-08-28T20:02:35+00:00","author":"admin","twitter_card":"summary_large_image","twitter_misc":{"Escrito por":"admin","Est. tempo de leitura":"3 minutos"},"schema":{"@context":"https:\/\/schema.org","@graph":[{"@type":"Article","@id":"https:\/\/mznoticia.com.br\/piraidosul\/cinco-trabalhadores-morrem-acidente-pr-090-ventania-pirai-do-sul\/#article","isPartOf":{"@id":"https:\/\/mznoticia.com.br\/piraidosul\/cinco-trabalhadores-morrem-acidente-pr-090-ventania-pirai-do-sul\/"},"author":{"name":"admin","@id":"https:\/\/mznoticia.com.br\/piraidosul\/#\/schema\/person\/2c8e6591d90fd25419fb5d6ef1cba4a0"},"headline":"Cinco trabalhadores morrem em acidente entre caminhonete e caminh\u00e3o na PR-090, em Ventania","datePublished":"2026-08-28T20:02:35+00:00","mainEntityOfPage":{"@id":"https:\/\/mznoticia.com.br\/piraidosul\/cinco-trabalhadores-morrem-acidente-pr-090-ventania-pirai-do-sul\/"},"wordCount":380,"commentCount":0,"publisher":{"@id":"https:\/\/mznoticia.com.br\/piraidosul\/#organization"},"image":{"@id":"https:\/\/mznoticia.com.br\/piraidosul\/cinco-trabalhadores-morrem-acidente-pr-090-ventania-pirai-do-sul\/#primaryimage"},"thumbnailUrl":"https:\/\/mznoticia.com.br\/piraidosul\/wp-content\/uploads\/2026\/08\/whatsapp-image-2026-08-27-at-11.18.24-1-.avif","keywords":["acidente em Ventania acidente na PR-090 Ventania e Pira\u00ed do Sul acidente nos Campos Gerais cinco mortos em acidente colis\u00e3o entre caminhonete e caminh\u00e3o Pol\u00edcia Civil Pol\u00edcia Rodovi\u00e1ria Estadual"],"articleSection":["Pira\u00ed do Sul"],"inLanguage":"pt-BR","potentialAction":[{"@type":"CommentAction","name":"Comment","target":["https:\/\/mznoticia.com.br\/piraidosul\/cinco-trabalhadores-morrem-acidente-pr-090-ventania-pirai-do-sul\/#respond"]}]},{"@type":"WebPage","@id":"https:\/\/mznoticia.com.br\/piraidosul\/cinco-trabalhadores-morrem-acidente-pr-090-ventania-pirai-do-sul\/","url":"https:\/\/mznoticia.com.br\/piraidosul\/cinco-trabalhadores-morrem-acidente-pr-090-ventania-pirai-do-sul\/","name":"Cinco trabalhadores morrem em acidente entre caminhonete e caminh\u00e3o na PR-090, em Ventania - Mz Not\u00edcias","isPartOf":{"@id":"https:\/\/mznoticia.com.br\/piraidosul\/#website"},"primaryImageOfPage":{"@id":"https:\/\/mznoticia.com.br\/piraidosul\/cinco-trabalhadores-morrem-acidente-pr-090-ventania-pirai-do-sul\/#primaryimage"},"image":{"@id":"https:\/\/mznoticia.com.br\/piraidosul\/cinco-trabalhadores-morrem-acidente-pr-090-ventania-pirai-do-sul\/#primaryimage"},"thumbnailUrl":"https:\/\/mznoticia.com.br\/piraidosul\/wp-content\/uploads\/2026\/08\/whatsapp-image-2026-08-27-at-11.18.24-1-.avif","datePublished":"2026-08-28T20:02:35+00:00","description":"Cinco trabalhadores morreram ap\u00f3s uma caminhonete bater de frente com um caminh\u00e3o na PR-090, entre Ventania e Pira\u00ed do Sul. Pol\u00edcia investiga o acidente.","breadcrumb":{"@id":"https:\/\/mznoticia.com.br\/piraidosul\/cinco-trabalhadores-morrem-acidente-pr-090-ventania-pirai-do-sul\/#breadcrumb"},"inLanguage":"pt-BR","potentialAction":[{"@type":"ReadAction","target":["https:\/\/mznoticia.com.br\/piraidosul\/cinco-trabalhadores-morrem-acidente-pr-090-ventania-pirai-do-sul\/"]}]},{"@type":"ImageObject","inLanguage":"pt-BR","@id":"https:\/\/mznoticia.com.br\/piraidosul\/cinco-trabalhadores-morrem-acidente-pr-090-ventania-pirai-do-sul\/#primaryimage","url":"https:\/\/mznoticia.com.br\/piraidosul\/wp-content\/uploads\/2026\/08\/whatsapp-image-2026-08-27-at-11.18.24-1-.avif","contentUrl":"https:\/\/mznoticia.com.br\/piraidosul\/wp-content\/uploads\/2026\/08\/whatsapp-image-2026-08-27-at-11.18.24-1-.avif","width":984,"height":740},{"@type":"BreadcrumbList","@id":"https:\/\/mznoticia.com.br\/piraidosul\/cinco-trabalhadores-morrem-acidente-pr-090-ventania-pirai-do-sul\/#breadcrumb","itemListElement":[{"@type":"ListItem","position":1,"name":"Home","item":"https:\/\/mznoticia.com.br\/piraidosul\/"},{"@type":"ListItem","position":2,"name":"Cinco trabalhadores morrem em acidente entre caminhonete e caminh\u00e3o na PR-090, em Ventania"}]},{"@type":"WebSite","@id":"https:\/\/mznoticia.com.br\/piraidosul\/#website","url":"https:\/\/mznoticia.com.br\/piraidosul\/","name":"Mz Not\u00edcia","description":"A informa\u00e7\u00e3o que voc\u00ea precisa na hora certa!","publisher":{"@id":"https:\/\/mznoticia.com.br\/piraidosul\/#organization"},"potentialAction":[{"@type":"SearchAction","target":{"@type":"EntryPoint","urlTemplate":"https:\/\/mznoticia.com.br\/piraidosul\/?s={search_term_string}"},"query-input":{"@type":"PropertyValueSpecification","valueRequired":true,"valueName":"search_term_string"}}],"inLanguage":"pt-BR"},{"@type":"Organization","@id":"https:\/\/mznoticia.com.br\/piraidosul\/#organization","name":"Mz Not\u00edcia","url":"https:\/\/mznoticia.com.br\/piraidosul\/","logo":{"@type":"ImageObject","inLanguage":"pt-BR","@id":"https:\/\/mznoticia.com.br\/piraidosul\/#\/schema\/logo\/image\/","url":"https:\/\/mznoticia.com.br\/jaguariaiva\/wp-content\/uploads\/2025\/03\/Design-sem-nome-4-e1741200616392.png","contentUrl":"https:\/\/mznoticia.com.br\/jaguariaiva\/wp-content\/uploads\/2025\/03\/Design-sem-nome-4-e1741200616392.png","width":750,"height":563,"caption":"Mz Not\u00edcia"},"image":{"@id":"https:\/\/mznoticia.com.br\/piraidosul\/#\/schema\/logo\/image\/"},"sameAs":["https:\/\/www.facebook.com\/profile.php?id=61573479951222","https:\/\/www.instagram.com\/mz.jaguariaiva\/"]},{"@type":"Person","@id":"https:\/\/mznoticia.com.br\/piraidosul\/#\/schema\/person\/2c8e6591d90fd25419fb5d6ef1cba4a0","name":"admin","image":{"@type":"ImageObject","inLanguage":"pt-BR","@id":"https:\/\/secure.gravatar.com\/avatar\/27331b5a72f7444d1f71236d389919e676d6ff324c8d72405717b7d3729fd67a?s=96&d=simple_local_avatar&r=g","url":"https:\/\/secure.gravatar.com\/avatar\/27331b5a72f7444d1f71236d389919e676d6ff324c8d72405717b7d3729fd67a?s=96&d=simple_local_avatar&r=g","contentUrl":"https:\/\/secure.gravatar.com\/avatar\/27331b5a72f7444d1f71236d389919e676d6ff324c8d72405717b7d3729fd67a?s=96&d=simple_local_avatar&r=g","caption":"admin"},"sameAs":["https:\/\/upperweb.com.br\/mznoticias"],"url":"https:\/\/mznoticia.com.br\/piraidosul\/author\/admin\/"}]}},"_links":{"self":[{"href":"https:\/\/mznoticia.com.br\/piraidosul\/wp-json\/wp\/v2\/posts\/7714","targetHints":{"allow":["GET"]}}],"collection":[{"href":"https:\/\/mznoticia.com.br\/piraidosul\/wp-json\/wp\/v2\/posts"}],"about":[{"href":"https:\/\/mznoticia.com.br\/piraidosul\/wp-json\/wp\/v2\/types\/post"}],"author":[{"embeddable":true,"href":"https:\/\/mznoticia.com.br\/piraidosul\/wp-json\/wp\/v2\/users\/1"}],"replies":[{"embeddable":true,"href":"https:\/\/mznoticia.com.br\/piraidosul\/wp-json\/wp\/v2\/comments?post=7714"}],"version-history":[{"count":1,"href":"https:\/\/mznoticia.com.br\/piraidosul\/wp-json\/wp\/v2\/posts\/7714\/revisions"}],"predecessor-version":[{"id":7717,"href":"https:\/\/mznoticia.com.br\/piraidosul\/wp-json\/wp\/v2\/posts\/7714\/revisions\/7717"}],"wp:featuredmedia":[{"embeddable":true,"href":"https:\/\/mznoticia.com.br\/piraidosul\/wp-json\/wp\/v2\/media\/7716"}],"wp:attachment":[{"href":"https:\/\/mznoticia.com.br\/piraidosul\/wp-json\/wp\/v2\/media?parent=7714"}],"wp:term":[{"taxonomy":"category","embeddable":true,"href":"https:\/\/mznoticia.com.br\/piraidosul\/wp-json\/wp\/v2\/categories?post=7714"},{"taxonomy":"post_tag","embeddable":true,"href":"https:\/\/mznoticia.com.br\/piraidosul\/wp-json\/wp\/v2\/tags?post=7714"}],"curies":[{"name":"wp","href":"https:\/\/api.w.org\/{rel}","templated":true}]}}