{"id":7744,"date":"2026-08-31T12:18:15","date_gmt":"2026-08-31T12:18:15","guid":{"rendered":"https:\/\/mznoticia.com.br\/piraidosul\/?p=7744"},"modified":"2026-08-31T12:18:46","modified_gmt":"2026-08-31T12:18:46","slug":"campos-gerais-tera-semana-de-chuva-forte-e-temperaturas-entre-10c-e-24c","status":"publish","type":"post","link":"https:\/\/mznoticia.com.br\/piraidosul\/campos-gerais-tera-semana-de-chuva-forte-e-temperaturas-entre-10c-e-24c\/","title":{"rendered":"Campos Gerais ter\u00e1 semana de chuva forte e temperaturas entre 10\u00b0C e 24\u00b0C"},"content":{"rendered":"<h2>Previs\u00e3o indica temporais, trovoadas e acumulados que podem passar de 50 mil\u00edmetros nesta ter\u00e7a-feira (1\u00ba)<\/h2>\n<p class=\"isSelectedEnd\">Campos Gerais ter\u00e1 uma semana marcada por <strong>chuvas, trovoadas e varia\u00e7\u00e3o nas temperaturas<\/strong>, de acordo com a previs\u00e3o meteorol\u00f3gica. Os maiores volumes de chuva est\u00e3o previstos para segunda-feira (31) e ter\u00e7a-feira (1\u00ba).<\/p>\n<p class=\"isSelectedEnd\">Nesta segunda-feira (31), os term\u00f4metros devem variar entre <strong>17\u00b0C e 24\u00b0C<\/strong>. A previs\u00e3o aponta <strong>32,4 mil\u00edmetros de chuva<\/strong>, com possibilidade de chuva forte durante a manh\u00e3 e \u00e0 noite. Durante a tarde, podem ocorrer aberturas de sol acompanhadas de pancadas de chuva.<\/p>\n<h3>Ter\u00e7a-feira deve ter maior volume de chuva<\/h3>\n<p class=\"isSelectedEnd\">A ter\u00e7a-feira (1\u00ba) deve concentrar o maior volume de precipita\u00e7\u00e3o da semana. A previs\u00e3o indica <strong>51,8 mil\u00edmetros de chuva<\/strong>, com <strong>99% de chance de precipita\u00e7\u00e3o<\/strong>.<\/p>\n<p class=\"isSelectedEnd\">Os term\u00f4metros devem marcar entre <strong>13\u00b0C e 22\u00b0C<\/strong>. A chuva deve ser mais intensa durante a manh\u00e3, enquanto \u00e0 tarde s\u00e3o esperados per\u00edodos de sol e diminui\u00e7\u00e3o das nuvens. \u00c0 noite, o c\u00e9u deve permanecer com muitas nuvens.<\/p>\n<p class=\"isSelectedEnd\">Tamb\u00e9m h\u00e1 previs\u00e3o de <strong>rajadas de vento de at\u00e9 51 km\/h<\/strong>.<\/p>\n<h3>Temperaturas caem na quarta-feira<\/h3>\n<p class=\"isSelectedEnd\">Na quarta-feira (2), a previs\u00e3o indica <strong>sol entre muitas nuvens<\/strong>, sem expectativa de chuva significativa. A temperatura deve variar entre <strong>10\u00b0C e 20\u00b0C<\/strong>.<\/p>\n<p class=\"isSelectedEnd\">A tend\u00eancia \u00e9 de um dia com per\u00edodos de nebulosidade \u00e0 tarde e redu\u00e7\u00e3o das nuvens durante a noite.<\/p>\n<h3>Quinta-feira ter\u00e1 sol e poucas nuvens<\/h3>\n<p class=\"isSelectedEnd\">Na quinta-feira (3), o tempo deve permanecer mais est\u00e1vel. A previs\u00e3o aponta <strong>sol com algumas nuvens e n\u00e9voa ao amanhecer<\/strong>.<\/p>\n<p class=\"isSelectedEnd\">As temperaturas ficam entre <strong>10\u00b0C e 22\u00b0C<\/strong>, sem previs\u00e3o de chuva.<\/p>\n<p class=\"isSelectedEnd\">Durante a noite, a nebulosidade deve diminuir e o c\u00e9u ter\u00e1 poucas nuvens.<\/p>\n<h3>Sexta-feira pode ter novas pancadas<\/h3>\n<p class=\"isSelectedEnd\">Na sexta-feira (4), a previs\u00e3o aponta <strong>sol, pancadas de chuva e trovoadas<\/strong>.<\/p>\n<p class=\"isSelectedEnd\">Os term\u00f4metros devem variar entre <strong>13\u00b0C e 22\u00b0C<\/strong>, com previs\u00e3o de aproximadamente <strong>2,4 mil\u00edmetros de chuva<\/strong>. O dia deve ter muitas nuvens e per\u00edodos de c\u00e9u nublado, com possibilidade de pancadas de chuva durante a noite.<\/p>\n<h3>Confira a previs\u00e3o<\/h3>\n<ul data-spread=\"false\">\n<li><strong>Segunda-feira (31):<\/strong> 17\u00b0C a 24\u00b0C \u2014 32,4 mm de chuva, com chuva forte e trovoadas.<\/li>\n<li><strong>Ter\u00e7a-feira (1\u00ba):<\/strong> 13\u00b0C a 22\u00b0C \u2014 51,8 mm de chuva e 99% de chance de precipita\u00e7\u00e3o.<\/li>\n<li><strong>Quarta-feira (2):<\/strong> 10\u00b0C a 20\u00b0C \u2014 sol entre muitas nuvens e sem chuva significativa.<\/li>\n<li><strong>Quinta-feira (3):<\/strong> 10\u00b0C a 22\u00b0C \u2014 sol com algumas nuvens e n\u00e9voa ao amanhecer.<\/li>\n<li><strong>Sexta-feira (4):<\/strong> 13\u00b0C a 22\u00b0C \u2014 sol entre nuvens, com possibilidade de pancadas de chuva e trovoadas.<\/li>\n<\/ul>\n<p>A popula\u00e7\u00e3o deve ficar atenta \u00e0s mudan\u00e7as nas condi\u00e7\u00f5es do tempo, especialmente nos per\u00edodos de chuva forte e trovoadas previstos para o in\u00edcio da semana<\/p>\n","protected":false},"excerpt":{"rendered":"<p>Previs\u00e3o indica temporais, trovoadas e acumulados que podem passar de 50 mil\u00edmetros nesta ter\u00e7a-feira (1\u00ba) Campos Gerais ter\u00e1 uma semana marcada por chuvas, trovoadas e varia\u00e7\u00e3o nas temperaturas, de acordo com a previs\u00e3o meteorol\u00f3gica. Os maiores volumes de chuva est\u00e3o previstos para segunda-feira (31) e ter\u00e7a-feira (1\u00ba). Nesta segunda-feira (31), os term\u00f4metros devem variar entre [&hellip;]<\/p>\n","protected":false},"author":16,"featured_media":7745,"comment_status":"open","ping_status":"open","sticky":false,"template":"","format":"standard","meta":{"footnotes":""},"categories":[1185],"tags":[196,236,413,47,841,24,753,1057,3023],"class_list":["post-7744","post","type-post","status-publish","format-standard","has-post-thumbnail","hentry","category-previsao-do-tempo","tag-campos-gerais","tag-chuva","tag-clima","tag-destaque","tag-meteorologia","tag-ponta-grossa","tag-previsao-do-tempo","tag-temporal","tag-trovoadas"],"yoast_head":"<!-- This site is optimized with the Yoast SEO plugin v28.1 - https:\/\/yoast.com\/product\/yoast-seo-wordpress\/ -->\n<title>Campos Gerais ter\u00e1 semana de chuva forte e temperaturas entre 10\u00b0C e 24\u00b0C - Mz Not\u00edcias<\/title>\n<meta name=\"description\" content=\"Ponta Grossa ter\u00e1 semana de chuva forte, trovoadas e temperaturas entre 10\u00b0C e 24\u00b0C. Ter\u00e7a-feira pode registrar mais de 50 mm de chuva.\" \/>\n<meta name=\"robots\" content=\"index, follow, max-snippet:-1, max-image-preview:large, max-video-preview:-1\" \/>\n<link rel=\"canonical\" href=\"https:\/\/mznoticia.com.br\/piraidosul\/campos-gerais-tera-semana-de-chuva-forte-e-temperaturas-entre-10c-e-24c\/\" \/>\n<meta property=\"og:locale\" content=\"pt_BR\" \/>\n<meta property=\"og:type\" content=\"article\" \/>\n<meta property=\"og:title\" content=\"Campos Gerais ter\u00e1 semana de chuva forte e temperaturas entre 10\u00b0C e 24\u00b0C - Mz Not\u00edcias\" \/>\n<meta property=\"og:description\" content=\"Ponta Grossa ter\u00e1 semana de chuva forte, trovoadas e temperaturas entre 10\u00b0C e 24\u00b0C. Ter\u00e7a-feira pode registrar mais de 50 mm de chuva.\" \/>\n<meta property=\"og:url\" content=\"https:\/\/mznoticia.com.br\/piraidosul\/campos-gerais-tera-semana-de-chuva-forte-e-temperaturas-entre-10c-e-24c\/\" \/>\n<meta property=\"og:site_name\" content=\"Mz Not\u00edcias\" \/>\n<meta property=\"article:publisher\" content=\"https:\/\/www.facebook.com\/profile.php?id=61573479951222\" \/>\n<meta property=\"article:published_time\" content=\"2026-08-31T12:18:15+00:00\" \/>\n<meta property=\"article:modified_time\" content=\"2026-08-31T12:18:46+00:00\" \/>\n<meta property=\"og:image\" content=\"https:\/\/mznoticia.com.br\/piraidosul\/wp-content\/uploads\/2026\/08\/tempo-2.png\" \/>\n\t<meta property=\"og:image:width\" content=\"800\" \/>\n\t<meta property=\"og:image:height\" content=\"400\" \/>\n\t<meta property=\"og:image:type\" content=\"image\/png\" \/>\n<meta name=\"author\" content=\"Redacao mz\" \/>\n<meta name=\"twitter:card\" content=\"summary_large_image\" \/>\n<meta name=\"twitter:label1\" content=\"Escrito por\" \/>\n\t<meta name=\"twitter:data1\" content=\"Redacao mz\" \/>\n\t<meta name=\"twitter:label2\" content=\"Est. tempo de leitura\" \/>\n\t<meta name=\"twitter:data2\" content=\"3 minutos\" \/>\n<script type=\"application\/ld+json\" class=\"yoast-schema-graph\">{\"@context\":\"https:\\\/\\\/schema.org\",\"@graph\":[{\"@type\":\"Article\",\"@id\":\"https:\\\/\\\/mznoticia.com.br\\\/piraidosul\\\/campos-gerais-tera-semana-de-chuva-forte-e-temperaturas-entre-10c-e-24c\\\/#article\",\"isPartOf\":{\"@id\":\"https:\\\/\\\/mznoticia.com.br\\\/piraidosul\\\/campos-gerais-tera-semana-de-chuva-forte-e-temperaturas-entre-10c-e-24c\\\/\"},\"author\":{\"name\":\"Redacao mz\",\"@id\":\"https:\\\/\\\/mznoticia.com.br\\\/piraidosul\\\/#\\\/schema\\\/person\\\/84012d827247b3f42f37b550da79cd03\"},\"headline\":\"Campos Gerais ter\u00e1 semana de chuva forte e temperaturas entre 10\u00b0C e 24\u00b0C\",\"datePublished\":\"2026-08-31T12:18:15+00:00\",\"dateModified\":\"2026-08-31T12:18:46+00:00\",\"mainEntityOfPage\":{\"@id\":\"https:\\\/\\\/mznoticia.com.br\\\/piraidosul\\\/campos-gerais-tera-semana-de-chuva-forte-e-temperaturas-entre-10c-e-24c\\\/\"},\"wordCount\":453,\"commentCount\":0,\"publisher\":{\"@id\":\"https:\\\/\\\/mznoticia.com.br\\\/piraidosul\\\/#organization\"},\"image\":{\"@id\":\"https:\\\/\\\/mznoticia.com.br\\\/piraidosul\\\/campos-gerais-tera-semana-de-chuva-forte-e-temperaturas-entre-10c-e-24c\\\/#primaryimage\"},\"thumbnailUrl\":\"https:\\\/\\\/mznoticia.com.br\\\/piraidosul\\\/wp-content\\\/uploads\\\/2026\\\/08\\\/tempo-2.png\",\"keywords\":[\"campos gerais\",\"chuva\",\"Clima\",\"destaque\",\"Meteorologia\",\"Ponta Grossa\",\"Previs\u00e3o do Tempo\",\"Temporal\",\"Trovoadas\"],\"articleSection\":[\"Previs\u00e3o do Tempo\"],\"inLanguage\":\"pt-BR\",\"potentialAction\":[{\"@type\":\"CommentAction\",\"name\":\"Comment\",\"target\":[\"https:\\\/\\\/mznoticia.com.br\\\/piraidosul\\\/campos-gerais-tera-semana-de-chuva-forte-e-temperaturas-entre-10c-e-24c\\\/#respond\"]}]},{\"@type\":\"WebPage\",\"@id\":\"https:\\\/\\\/mznoticia.com.br\\\/piraidosul\\\/campos-gerais-tera-semana-de-chuva-forte-e-temperaturas-entre-10c-e-24c\\\/\",\"url\":\"https:\\\/\\\/mznoticia.com.br\\\/piraidosul\\\/campos-gerais-tera-semana-de-chuva-forte-e-temperaturas-entre-10c-e-24c\\\/\",\"name\":\"Campos Gerais ter\u00e1 semana de chuva forte e temperaturas entre 10\u00b0C e 24\u00b0C - Mz Not\u00edcias\",\"isPartOf\":{\"@id\":\"https:\\\/\\\/mznoticia.com.br\\\/piraidosul\\\/#website\"},\"primaryImageOfPage\":{\"@id\":\"https:\\\/\\\/mznoticia.com.br\\\/piraidosul\\\/campos-gerais-tera-semana-de-chuva-forte-e-temperaturas-entre-10c-e-24c\\\/#primaryimage\"},\"image\":{\"@id\":\"https:\\\/\\\/mznoticia.com.br\\\/piraidosul\\\/campos-gerais-tera-semana-de-chuva-forte-e-temperaturas-entre-10c-e-24c\\\/#primaryimage\"},\"thumbnailUrl\":\"https:\\\/\\\/mznoticia.com.br\\\/piraidosul\\\/wp-content\\\/uploads\\\/2026\\\/08\\\/tempo-2.png\",\"datePublished\":\"2026-08-31T12:18:15+00:00\",\"dateModified\":\"2026-08-31T12:18:46+00:00\",\"description\":\"Ponta Grossa ter\u00e1 semana de chuva forte, trovoadas e temperaturas entre 10\u00b0C e 24\u00b0C. Ter\u00e7a-feira pode registrar mais de 50 mm de chuva.\",\"breadcrumb\":{\"@id\":\"https:\\\/\\\/mznoticia.com.br\\\/piraidosul\\\/campos-gerais-tera-semana-de-chuva-forte-e-temperaturas-entre-10c-e-24c\\\/#breadcrumb\"},\"inLanguage\":\"pt-BR\",\"potentialAction\":[{\"@type\":\"ReadAction\",\"target\":[\"https:\\\/\\\/mznoticia.com.br\\\/piraidosul\\\/campos-gerais-tera-semana-de-chuva-forte-e-temperaturas-entre-10c-e-24c\\\/\"]}]},{\"@type\":\"ImageObject\",\"inLanguage\":\"pt-BR\",\"@id\":\"https:\\\/\\\/mznoticia.com.br\\\/piraidosul\\\/campos-gerais-tera-semana-de-chuva-forte-e-temperaturas-entre-10c-e-24c\\\/#primaryimage\",\"url\":\"https:\\\/\\\/mznoticia.com.br\\\/piraidosul\\\/wp-content\\\/uploads\\\/2026\\\/08\\\/tempo-2.png\",\"contentUrl\":\"https:\\\/\\\/mznoticia.com.br\\\/piraidosul\\\/wp-content\\\/uploads\\\/2026\\\/08\\\/tempo-2.png\",\"width\":800,\"height\":400},{\"@type\":\"BreadcrumbList\",\"@id\":\"https:\\\/\\\/mznoticia.com.br\\\/piraidosul\\\/campos-gerais-tera-semana-de-chuva-forte-e-temperaturas-entre-10c-e-24c\\\/#breadcrumb\",\"itemListElement\":[{\"@type\":\"ListItem\",\"position\":1,\"name\":\"Home\",\"item\":\"https:\\\/\\\/mznoticia.com.br\\\/piraidosul\\\/\"},{\"@type\":\"ListItem\",\"position\":2,\"name\":\"Campos Gerais ter\u00e1 semana de chuva forte e temperaturas entre 10\u00b0C e 24\u00b0C\"}]},{\"@type\":\"WebSite\",\"@id\":\"https:\\\/\\\/mznoticia.com.br\\\/piraidosul\\\/#website\",\"url\":\"https:\\\/\\\/mznoticia.com.br\\\/piraidosul\\\/\",\"name\":\"Mz Not\u00edcia\",\"description\":\"A informa\u00e7\u00e3o que voc\u00ea precisa na hora certa!\",\"publisher\":{\"@id\":\"https:\\\/\\\/mznoticia.com.br\\\/piraidosul\\\/#organization\"},\"potentialAction\":[{\"@type\":\"SearchAction\",\"target\":{\"@type\":\"EntryPoint\",\"urlTemplate\":\"https:\\\/\\\/mznoticia.com.br\\\/piraidosul\\\/?s={search_term_string}\"},\"query-input\":{\"@type\":\"PropertyValueSpecification\",\"valueRequired\":true,\"valueName\":\"search_term_string\"}}],\"inLanguage\":\"pt-BR\"},{\"@type\":\"Organization\",\"@id\":\"https:\\\/\\\/mznoticia.com.br\\\/piraidosul\\\/#organization\",\"name\":\"Mz Not\u00edcia\",\"url\":\"https:\\\/\\\/mznoticia.com.br\\\/piraidosul\\\/\",\"logo\":{\"@type\":\"ImageObject\",\"inLanguage\":\"pt-BR\",\"@id\":\"https:\\\/\\\/mznoticia.com.br\\\/piraidosul\\\/#\\\/schema\\\/logo\\\/image\\\/\",\"url\":\"https:\\\/\\\/mznoticia.com.br\\\/jaguariaiva\\\/wp-content\\\/uploads\\\/2025\\\/03\\\/Design-sem-nome-4-e1741200616392.png\",\"contentUrl\":\"https:\\\/\\\/mznoticia.com.br\\\/jaguariaiva\\\/wp-content\\\/uploads\\\/2025\\\/03\\\/Design-sem-nome-4-e1741200616392.png\",\"width\":750,\"height\":563,\"caption\":\"Mz Not\u00edcia\"},\"image\":{\"@id\":\"https:\\\/\\\/mznoticia.com.br\\\/piraidosul\\\/#\\\/schema\\\/logo\\\/image\\\/\"},\"sameAs\":[\"https:\\\/\\\/www.facebook.com\\\/profile.php?id=61573479951222\",\"https:\\\/\\\/www.instagram.com\\\/mz.jaguariaiva\\\/\"]},{\"@type\":\"Person\",\"@id\":\"https:\\\/\\\/mznoticia.com.br\\\/piraidosul\\\/#\\\/schema\\\/person\\\/84012d827247b3f42f37b550da79cd03\",\"name\":\"Redacao mz\",\"image\":{\"@type\":\"ImageObject\",\"inLanguage\":\"pt-BR\",\"@id\":\"https:\\\/\\\/secure.gravatar.com\\\/avatar\\\/3835c58a73b55edb97de944593845d3f29acb93b7a088f3bf63afde947ab86ba?s=96&d=simple_local_avatar&r=g\",\"url\":\"https:\\\/\\\/secure.gravatar.com\\\/avatar\\\/3835c58a73b55edb97de944593845d3f29acb93b7a088f3bf63afde947ab86ba?s=96&d=simple_local_avatar&r=g\",\"contentUrl\":\"https:\\\/\\\/secure.gravatar.com\\\/avatar\\\/3835c58a73b55edb97de944593845d3f29acb93b7a088f3bf63afde947ab86ba?s=96&d=simple_local_avatar&r=g\",\"caption\":\"Redacao mz\"},\"sameAs\":[\"http:\\\/\\\/mznoticia.com.br\"],\"url\":\"https:\\\/\\\/mznoticia.com.br\\\/piraidosul\\\/author\\\/lucimara\\\/\"}]}<\/script>\n<!-- \/ Yoast SEO plugin. -->","yoast_head_json":{"title":"Campos Gerais ter\u00e1 semana de chuva forte e temperaturas entre 10\u00b0C e 24\u00b0C - Mz Not\u00edcias","description":"Ponta Grossa ter\u00e1 semana de chuva forte, trovoadas e temperaturas entre 10\u00b0C e 24\u00b0C. Ter\u00e7a-feira pode registrar mais de 50 mm de chuva.","robots":{"index":"index","follow":"follow","max-snippet":"max-snippet:-1","max-image-preview":"max-image-preview:large","max-video-preview":"max-video-preview:-1"},"canonical":"https:\/\/mznoticia.com.br\/piraidosul\/campos-gerais-tera-semana-de-chuva-forte-e-temperaturas-entre-10c-e-24c\/","og_locale":"pt_BR","og_type":"article","og_title":"Campos Gerais ter\u00e1 semana de chuva forte e temperaturas entre 10\u00b0C e 24\u00b0C - Mz Not\u00edcias","og_description":"Ponta Grossa ter\u00e1 semana de chuva forte, trovoadas e temperaturas entre 10\u00b0C e 24\u00b0C. Ter\u00e7a-feira pode registrar mais de 50 mm de chuva.","og_url":"https:\/\/mznoticia.com.br\/piraidosul\/campos-gerais-tera-semana-de-chuva-forte-e-temperaturas-entre-10c-e-24c\/","og_site_name":"Mz Not\u00edcias","article_publisher":"https:\/\/www.facebook.com\/profile.php?id=61573479951222","article_published_time":"2026-08-31T12:18:15+00:00","article_modified_time":"2026-08-31T12:18:46+00:00","og_image":[{"width":800,"height":400,"url":"https:\/\/mznoticia.com.br\/piraidosul\/wp-content\/uploads\/2026\/08\/tempo-2.png","type":"image\/png"}],"author":"Redacao mz","twitter_card":"summary_large_image","twitter_misc":{"Escrito por":"Redacao mz","Est. tempo de leitura":"3 minutos"},"schema":{"@context":"https:\/\/schema.org","@graph":[{"@type":"Article","@id":"https:\/\/mznoticia.com.br\/piraidosul\/campos-gerais-tera-semana-de-chuva-forte-e-temperaturas-entre-10c-e-24c\/#article","isPartOf":{"@id":"https:\/\/mznoticia.com.br\/piraidosul\/campos-gerais-tera-semana-de-chuva-forte-e-temperaturas-entre-10c-e-24c\/"},"author":{"name":"Redacao mz","@id":"https:\/\/mznoticia.com.br\/piraidosul\/#\/schema\/person\/84012d827247b3f42f37b550da79cd03"},"headline":"Campos Gerais ter\u00e1 semana de chuva forte e temperaturas entre 10\u00b0C e 24\u00b0C","datePublished":"2026-08-31T12:18:15+00:00","dateModified":"2026-08-31T12:18:46+00:00","mainEntityOfPage":{"@id":"https:\/\/mznoticia.com.br\/piraidosul\/campos-gerais-tera-semana-de-chuva-forte-e-temperaturas-entre-10c-e-24c\/"},"wordCount":453,"commentCount":0,"publisher":{"@id":"https:\/\/mznoticia.com.br\/piraidosul\/#organization"},"image":{"@id":"https:\/\/mznoticia.com.br\/piraidosul\/campos-gerais-tera-semana-de-chuva-forte-e-temperaturas-entre-10c-e-24c\/#primaryimage"},"thumbnailUrl":"https:\/\/mznoticia.com.br\/piraidosul\/wp-content\/uploads\/2026\/08\/tempo-2.png","keywords":["campos gerais","chuva","Clima","destaque","Meteorologia","Ponta Grossa","Previs\u00e3o do Tempo","Temporal","Trovoadas"],"articleSection":["Previs\u00e3o do Tempo"],"inLanguage":"pt-BR","potentialAction":[{"@type":"CommentAction","name":"Comment","target":["https:\/\/mznoticia.com.br\/piraidosul\/campos-gerais-tera-semana-de-chuva-forte-e-temperaturas-entre-10c-e-24c\/#respond"]}]},{"@type":"WebPage","@id":"https:\/\/mznoticia.com.br\/piraidosul\/campos-gerais-tera-semana-de-chuva-forte-e-temperaturas-entre-10c-e-24c\/","url":"https:\/\/mznoticia.com.br\/piraidosul\/campos-gerais-tera-semana-de-chuva-forte-e-temperaturas-entre-10c-e-24c\/","name":"Campos Gerais ter\u00e1 semana de chuva forte e temperaturas entre 10\u00b0C e 24\u00b0C - Mz Not\u00edcias","isPartOf":{"@id":"https:\/\/mznoticia.com.br\/piraidosul\/#website"},"primaryImageOfPage":{"@id":"https:\/\/mznoticia.com.br\/piraidosul\/campos-gerais-tera-semana-de-chuva-forte-e-temperaturas-entre-10c-e-24c\/#primaryimage"},"image":{"@id":"https:\/\/mznoticia.com.br\/piraidosul\/campos-gerais-tera-semana-de-chuva-forte-e-temperaturas-entre-10c-e-24c\/#primaryimage"},"thumbnailUrl":"https:\/\/mznoticia.com.br\/piraidosul\/wp-content\/uploads\/2026\/08\/tempo-2.png","datePublished":"2026-08-31T12:18:15+00:00","dateModified":"2026-08-31T12:18:46+00:00","description":"Ponta Grossa ter\u00e1 semana de chuva forte, trovoadas e temperaturas entre 10\u00b0C e 24\u00b0C. Ter\u00e7a-feira pode registrar mais de 50 mm de chuva.","breadcrumb":{"@id":"https:\/\/mznoticia.com.br\/piraidosul\/campos-gerais-tera-semana-de-chuva-forte-e-temperaturas-entre-10c-e-24c\/#breadcrumb"},"inLanguage":"pt-BR","potentialAction":[{"@type":"ReadAction","target":["https:\/\/mznoticia.com.br\/piraidosul\/campos-gerais-tera-semana-de-chuva-forte-e-temperaturas-entre-10c-e-24c\/"]}]},{"@type":"ImageObject","inLanguage":"pt-BR","@id":"https:\/\/mznoticia.com.br\/piraidosul\/campos-gerais-tera-semana-de-chuva-forte-e-temperaturas-entre-10c-e-24c\/#primaryimage","url":"https:\/\/mznoticia.com.br\/piraidosul\/wp-content\/uploads\/2026\/08\/tempo-2.png","contentUrl":"https:\/\/mznoticia.com.br\/piraidosul\/wp-content\/uploads\/2026\/08\/tempo-2.png","width":800,"height":400},{"@type":"BreadcrumbList","@id":"https:\/\/mznoticia.com.br\/piraidosul\/campos-gerais-tera-semana-de-chuva-forte-e-temperaturas-entre-10c-e-24c\/#breadcrumb","itemListElement":[{"@type":"ListItem","position":1,"name":"Home","item":"https:\/\/mznoticia.com.br\/piraidosul\/"},{"@type":"ListItem","position":2,"name":"Campos Gerais ter\u00e1 semana de chuva forte e temperaturas entre 10\u00b0C e 24\u00b0C"}]},{"@type":"WebSite","@id":"https:\/\/mznoticia.com.br\/piraidosul\/#website","url":"https:\/\/mznoticia.com.br\/piraidosul\/","name":"Mz Not\u00edcia","description":"A informa\u00e7\u00e3o que voc\u00ea precisa na hora certa!","publisher":{"@id":"https:\/\/mznoticia.com.br\/piraidosul\/#organization"},"potentialAction":[{"@type":"SearchAction","target":{"@type":"EntryPoint","urlTemplate":"https:\/\/mznoticia.com.br\/piraidosul\/?s={search_term_string}"},"query-input":{"@type":"PropertyValueSpecification","valueRequired":true,"valueName":"search_term_string"}}],"inLanguage":"pt-BR"},{"@type":"Organization","@id":"https:\/\/mznoticia.com.br\/piraidosul\/#organization","name":"Mz Not\u00edcia","url":"https:\/\/mznoticia.com.br\/piraidosul\/","logo":{"@type":"ImageObject","inLanguage":"pt-BR","@id":"https:\/\/mznoticia.com.br\/piraidosul\/#\/schema\/logo\/image\/","url":"https:\/\/mznoticia.com.br\/jaguariaiva\/wp-content\/uploads\/2025\/03\/Design-sem-nome-4-e1741200616392.png","contentUrl":"https:\/\/mznoticia.com.br\/jaguariaiva\/wp-content\/uploads\/2025\/03\/Design-sem-nome-4-e1741200616392.png","width":750,"height":563,"caption":"Mz Not\u00edcia"},"image":{"@id":"https:\/\/mznoticia.com.br\/piraidosul\/#\/schema\/logo\/image\/"},"sameAs":["https:\/\/www.facebook.com\/profile.php?id=61573479951222","https:\/\/www.instagram.com\/mz.jaguariaiva\/"]},{"@type":"Person","@id":"https:\/\/mznoticia.com.br\/piraidosul\/#\/schema\/person\/84012d827247b3f42f37b550da79cd03","name":"Redacao mz","image":{"@type":"ImageObject","inLanguage":"pt-BR","@id":"https:\/\/secure.gravatar.com\/avatar\/3835c58a73b55edb97de944593845d3f29acb93b7a088f3bf63afde947ab86ba?s=96&d=simple_local_avatar&r=g","url":"https:\/\/secure.gravatar.com\/avatar\/3835c58a73b55edb97de944593845d3f29acb93b7a088f3bf63afde947ab86ba?s=96&d=simple_local_avatar&r=g","contentUrl":"https:\/\/secure.gravatar.com\/avatar\/3835c58a73b55edb97de944593845d3f29acb93b7a088f3bf63afde947ab86ba?s=96&d=simple_local_avatar&r=g","caption":"Redacao mz"},"sameAs":["http:\/\/mznoticia.com.br"],"url":"https:\/\/mznoticia.com.br\/piraidosul\/author\/lucimara\/"}]}},"_links":{"self":[{"href":"https:\/\/mznoticia.com.br\/piraidosul\/wp-json\/wp\/v2\/posts\/7744","targetHints":{"allow":["GET"]}}],"collection":[{"href":"https:\/\/mznoticia.com.br\/piraidosul\/wp-json\/wp\/v2\/posts"}],"about":[{"href":"https:\/\/mznoticia.com.br\/piraidosul\/wp-json\/wp\/v2\/types\/post"}],"author":[{"embeddable":true,"href":"https:\/\/mznoticia.com.br\/piraidosul\/wp-json\/wp\/v2\/users\/16"}],"replies":[{"embeddable":true,"href":"https:\/\/mznoticia.com.br\/piraidosul\/wp-json\/wp\/v2\/comments?post=7744"}],"version-history":[{"count":1,"href":"https:\/\/mznoticia.com.br\/piraidosul\/wp-json\/wp\/v2\/posts\/7744\/revisions"}],"predecessor-version":[{"id":7746,"href":"https:\/\/mznoticia.com.br\/piraidosul\/wp-json\/wp\/v2\/posts\/7744\/revisions\/7746"}],"wp:featuredmedia":[{"embeddable":true,"href":"https:\/\/mznoticia.com.br\/piraidosul\/wp-json\/wp\/v2\/media\/7745"}],"wp:attachment":[{"href":"https:\/\/mznoticia.com.br\/piraidosul\/wp-json\/wp\/v2\/media?parent=7744"}],"wp:term":[{"taxonomy":"category","embeddable":true,"href":"https:\/\/mznoticia.com.br\/piraidosul\/wp-json\/wp\/v2\/categories?post=7744"},{"taxonomy":"post_tag","embeddable":true,"href":"https:\/\/mznoticia.com.br\/piraidosul\/wp-json\/wp\/v2\/tags?post=7744"}],"curies":[{"name":"wp","href":"https:\/\/api.w.org\/{rel}","templated":true}]}}