{"id":7768,"date":"2026-08-31T14:43:38","date_gmt":"2026-08-31T14:43:38","guid":{"rendered":"https:\/\/mznoticia.com.br\/piraidosul\/?p=7768"},"modified":"2026-08-31T14:43:38","modified_gmt":"2026-08-31T14:43:38","slug":"campos-gerais-terao-11-novos-radares-em-rodovias-estaduais-veja-os-locais","status":"publish","type":"post","link":"https:\/\/mznoticia.com.br\/piraidosul\/campos-gerais-terao-11-novos-radares-em-rodovias-estaduais-veja-os-locais\/","title":{"rendered":"Campos Gerais ter\u00e3o 11 novos radares em rodovias estaduais; veja os locais"},"content":{"rendered":"<h2>Equipamentos ser\u00e3o instalados em trechos da PR-092, PR-151 e PR-239, passando por Jaguaria\u00edva, Arapoti, Castro e Seng\u00e9s<\/h2>\n<p class=\"isSelectedEnd\">Onze novos radares ser\u00e3o instalados em rodovias estaduais dos Campos Gerais. Os equipamentos ser\u00e3o implantados pela concession\u00e1ria respons\u00e1vel pelos trechos e fazem parte de um conjunto de 41 medidores de velocidade que ser\u00e3o instalados nas estradas administradas pela empresa.<\/p>\n<p class=\"isSelectedEnd\">Na regi\u00e3o, os novos dispositivos estar\u00e3o distribu\u00eddos pelas rodovias PR-092, PR-151 e PR-239, nos munic\u00edpios de Jaguaria\u00edva, Arapoti, Castro e Seng\u00e9s.<\/p>\n<p class=\"isSelectedEnd\">A escolha dos pontos levou em considera\u00e7\u00e3o trechos considerados de maior risco de acidentes, em conjunto com as for\u00e7as respons\u00e1veis pela fiscaliza\u00e7\u00e3o rodovi\u00e1ria.<\/p>\n<h2>Veja onde os radares ser\u00e3o instalados<\/h2>\n<h3>PR-092<\/h3>\n<ul data-spread=\"false\">\n<li>km 200, em Jaguaria\u00edva, sentido Santo Ant\u00f4nio da Platina;<\/li>\n<li>km 200, em Jaguaria\u00edva, sentido Jaguaria\u00edva;<\/li>\n<li>km 217, em Arapoti, sentido Santo Ant\u00f4nio da Platina;<\/li>\n<li>km 217, em Arapoti, sentido Jaguaria\u00edva.<\/li>\n<\/ul>\n<h3>PR-151<\/h3>\n<ul data-spread=\"false\">\n<li>km 213, em Jaguaria\u00edva, sentido Ponta Grossa;<\/li>\n<li>km 213, em Jaguaria\u00edva, sentido Seng\u00e9s;<\/li>\n<li>km 287, em Castro, sentido Ponta Grossa;<\/li>\n<li>km 287, em Castro, sentido Seng\u00e9s;<\/li>\n<li>km 288, em Castro, sentido Ponta Grossa;<\/li>\n<li>km 292, em Castro, sentido Seng\u00e9s.<\/li>\n<\/ul>\n<h3>PR-239<\/h3>\n<ul data-spread=\"false\">\n<li>km 5, em Seng\u00e9s, sentido Ponta Grossa.<\/li>\n<\/ul>\n<h2>Radares ainda n\u00e3o est\u00e3o multando<\/h2>\n<p class=\"isSelectedEnd\">Os equipamentos ainda n\u00e3o est\u00e3o em funcionamento e, por isso, n\u00e3o est\u00e3o gerando multas.<\/p>\n<p class=\"isSelectedEnd\">Neste momento, est\u00e1 sendo realizada a instala\u00e7\u00e3o dos dispositivos e da sinaliza\u00e7\u00e3o necess\u00e1ria nos trechos. A data de in\u00edcio da fiscaliza\u00e7\u00e3o ser\u00e1 divulgada posteriormente.<\/p>\n<p class=\"isSelectedEnd\">O cronograma de implanta\u00e7\u00e3o deve continuar pelos pr\u00f3ximos meses e poder\u00e1 sofrer altera\u00e7\u00f5es em raz\u00e3o das condi\u00e7\u00f5es clim\u00e1ticas.<\/p>\n<p class=\"isSelectedEnd\">Al\u00e9m dos novos radares, outros 12 equipamentos est\u00e3o sendo instalados nas pistas autom\u00e1ticas das pra\u00e7as de ped\u00e1gio.<\/p>\n<h2>Investimento de R$ 8,5 milh\u00f5es por ano<\/h2>\n<p class=\"isSelectedEnd\">A amplia\u00e7\u00e3o do monitoramento foi aprovada pela Ag\u00eancia Nacional de Transportes Terrestres (ANTT).<\/p>\n<p class=\"isSelectedEnd\">A concession\u00e1ria j\u00e1 havia cumprido a obriga\u00e7\u00e3o inicial prevista no contrato, que estabelecia a instala\u00e7\u00e3o de 28 radares. Ap\u00f3s analisar os registros de acidentes, por\u00e9m, foi solicitada a inclus\u00e3o de novos equipamentos.<\/p>\n<p class=\"isSelectedEnd\">O investimento para a implanta\u00e7\u00e3o e manuten\u00e7\u00e3o dos radares ser\u00e1 de R$ 8,5 milh\u00f5es por ano, utilizando recursos da pr\u00f3pria concession\u00e1ria.<\/p>\n<p class=\"isSelectedEnd\">A empresa ficar\u00e1 respons\u00e1vel pela instala\u00e7\u00e3o e manuten\u00e7\u00e3o dos equipamentos. J\u00e1 a emiss\u00e3o e a gest\u00e3o das multas por excesso de velocidade ser\u00e3o de responsabilidade das autoridades policiais.<\/p>\n<p class=\"isSelectedEnd\">Os valores arrecadados com as multas ser\u00e3o destinados integralmente ao poder p\u00fablico.<\/p>\n<p>Segundo levantamento realizado pela concession\u00e1ria, alguns pontos monitorados h\u00e1 cerca de um ano apresentaram redu\u00e7\u00e3o significativa no n\u00famero de acidentes. Em determinados locais, n\u00e3o foram registrados novos acidentes ap\u00f3s a instala\u00e7\u00e3o dos radares.<\/p>\n","protected":false},"excerpt":{"rendered":"<p>Equipamentos ser\u00e3o instalados em trechos da PR-092, PR-151 e PR-239, passando por Jaguaria\u00edva, Arapoti, Castro e Seng\u00e9s Onze novos radares ser\u00e3o instalados em rodovias estaduais dos Campos Gerais. Os equipamentos ser\u00e3o implantados pela concession\u00e1ria respons\u00e1vel pelos trechos e fazem parte de um conjunto de 41 medidores de velocidade que ser\u00e3o instalados nas estradas administradas pela [&hellip;]<\/p>\n","protected":false},"author":16,"featured_media":7769,"comment_status":"open","ping_status":"open","sticky":false,"template":"","format":"standard","meta":{"footnotes":""},"categories":[303],"tags":[1226,196,165,47,63,77,24,3043,167,3044,3045,726,480,2857,568],"class_list":["post-7768","post","type-post","status-publish","format-standard","has-post-thumbnail","hentry","category-parana","tag-arapoti","tag-campos-gerais","tag-castro","tag-destaque","tag-jaguariaiva","tag-parana","tag-ponta-grossa","tag-pr-092","tag-pr-151","tag-pr-239","tag-radares","tag-rodovias","tag-seguranca-viaria","tag-senges","tag-transito"],"yoast_head":"<!-- This site is optimized with the Yoast SEO plugin v28.1 - https:\/\/yoast.com\/product\/yoast-seo-wordpress\/ -->\n<title>Campos Gerais ter\u00e3o 11 novos radares em rodovias estaduais; veja os locais - Mz Not\u00edcias<\/title>\n<meta name=\"description\" content=\"Onze novos radares ser\u00e3o instalados nas rodovias PR-092, PR-151 e PR-239, em Jaguaria\u00edva, Arapoti, Castro e Seng\u00e9s.\" \/>\n<meta name=\"robots\" content=\"index, follow, max-snippet:-1, max-image-preview:large, max-video-preview:-1\" \/>\n<link rel=\"canonical\" href=\"https:\/\/mznoticia.com.br\/piraidosul\/campos-gerais-terao-11-novos-radares-em-rodovias-estaduais-veja-os-locais\/\" \/>\n<meta property=\"og:locale\" content=\"pt_BR\" \/>\n<meta property=\"og:type\" content=\"article\" \/>\n<meta property=\"og:title\" content=\"Campos Gerais ter\u00e3o 11 novos radares em rodovias estaduais; veja os locais - Mz Not\u00edcias\" \/>\n<meta property=\"og:description\" content=\"Onze novos radares ser\u00e3o instalados nas rodovias PR-092, PR-151 e PR-239, em Jaguaria\u00edva, Arapoti, Castro e Seng\u00e9s.\" \/>\n<meta property=\"og:url\" content=\"https:\/\/mznoticia.com.br\/piraidosul\/campos-gerais-terao-11-novos-radares-em-rodovias-estaduais-veja-os-locais\/\" \/>\n<meta property=\"og:site_name\" content=\"Mz Not\u00edcias\" \/>\n<meta property=\"article:publisher\" content=\"https:\/\/www.facebook.com\/profile.php?id=61573479951222\" \/>\n<meta property=\"article:published_time\" content=\"2026-08-31T14:43:38+00:00\" \/>\n<meta property=\"og:image\" content=\"https:\/\/mznoticia.com.br\/piraidosul\/wp-content\/uploads\/2026\/08\/01-1-1024x576.png\" \/>\n\t<meta property=\"og:image:width\" content=\"1024\" \/>\n\t<meta property=\"og:image:height\" content=\"576\" \/>\n\t<meta property=\"og:image:type\" content=\"image\/png\" \/>\n<meta name=\"author\" content=\"Redacao mz\" \/>\n<meta name=\"twitter:card\" content=\"summary_large_image\" \/>\n<meta name=\"twitter:label1\" content=\"Escrito por\" \/>\n\t<meta name=\"twitter:data1\" content=\"Redacao mz\" \/>\n\t<meta name=\"twitter:label2\" content=\"Est. tempo de leitura\" \/>\n\t<meta name=\"twitter:data2\" content=\"3 minutos\" \/>\n<script type=\"application\/ld+json\" class=\"yoast-schema-graph\">{\"@context\":\"https:\\\/\\\/schema.org\",\"@graph\":[{\"@type\":\"Article\",\"@id\":\"https:\\\/\\\/mznoticia.com.br\\\/piraidosul\\\/campos-gerais-terao-11-novos-radares-em-rodovias-estaduais-veja-os-locais\\\/#article\",\"isPartOf\":{\"@id\":\"https:\\\/\\\/mznoticia.com.br\\\/piraidosul\\\/campos-gerais-terao-11-novos-radares-em-rodovias-estaduais-veja-os-locais\\\/\"},\"author\":{\"name\":\"Redacao mz\",\"@id\":\"https:\\\/\\\/mznoticia.com.br\\\/piraidosul\\\/#\\\/schema\\\/person\\\/84012d827247b3f42f37b550da79cd03\"},\"headline\":\"Campos Gerais ter\u00e3o 11 novos radares em rodovias estaduais; veja os locais\",\"datePublished\":\"2026-08-31T14:43:38+00:00\",\"mainEntityOfPage\":{\"@id\":\"https:\\\/\\\/mznoticia.com.br\\\/piraidosul\\\/campos-gerais-terao-11-novos-radares-em-rodovias-estaduais-veja-os-locais\\\/\"},\"wordCount\":487,\"commentCount\":0,\"publisher\":{\"@id\":\"https:\\\/\\\/mznoticia.com.br\\\/piraidosul\\\/#organization\"},\"image\":{\"@id\":\"https:\\\/\\\/mznoticia.com.br\\\/piraidosul\\\/campos-gerais-terao-11-novos-radares-em-rodovias-estaduais-veja-os-locais\\\/#primaryimage\"},\"thumbnailUrl\":\"https:\\\/\\\/mznoticia.com.br\\\/piraidosul\\\/wp-content\\\/uploads\\\/2026\\\/08\\\/01-1.png\",\"keywords\":[\"Arapoti\",\"campos gerais\",\"castro\",\"destaque\",\"jaguariaiva\",\"parana\",\"Ponta Grossa\",\"PR-092\",\"PR-151\",\"PR-239\",\"radares\",\"Rodovias\",\"Seguran\u00e7a Vi\u00e1ria\",\"Seng\u00e9s\",\"tr\u00e2nsito\"],\"articleSection\":[\"Paran\u00e1\"],\"inLanguage\":\"pt-BR\",\"potentialAction\":[{\"@type\":\"CommentAction\",\"name\":\"Comment\",\"target\":[\"https:\\\/\\\/mznoticia.com.br\\\/piraidosul\\\/campos-gerais-terao-11-novos-radares-em-rodovias-estaduais-veja-os-locais\\\/#respond\"]}]},{\"@type\":\"WebPage\",\"@id\":\"https:\\\/\\\/mznoticia.com.br\\\/piraidosul\\\/campos-gerais-terao-11-novos-radares-em-rodovias-estaduais-veja-os-locais\\\/\",\"url\":\"https:\\\/\\\/mznoticia.com.br\\\/piraidosul\\\/campos-gerais-terao-11-novos-radares-em-rodovias-estaduais-veja-os-locais\\\/\",\"name\":\"Campos Gerais ter\u00e3o 11 novos radares em rodovias estaduais; veja os locais - Mz Not\u00edcias\",\"isPartOf\":{\"@id\":\"https:\\\/\\\/mznoticia.com.br\\\/piraidosul\\\/#website\"},\"primaryImageOfPage\":{\"@id\":\"https:\\\/\\\/mznoticia.com.br\\\/piraidosul\\\/campos-gerais-terao-11-novos-radares-em-rodovias-estaduais-veja-os-locais\\\/#primaryimage\"},\"image\":{\"@id\":\"https:\\\/\\\/mznoticia.com.br\\\/piraidosul\\\/campos-gerais-terao-11-novos-radares-em-rodovias-estaduais-veja-os-locais\\\/#primaryimage\"},\"thumbnailUrl\":\"https:\\\/\\\/mznoticia.com.br\\\/piraidosul\\\/wp-content\\\/uploads\\\/2026\\\/08\\\/01-1.png\",\"datePublished\":\"2026-08-31T14:43:38+00:00\",\"description\":\"Onze novos radares ser\u00e3o instalados nas rodovias PR-092, PR-151 e PR-239, em Jaguaria\u00edva, Arapoti, Castro e Seng\u00e9s.\",\"breadcrumb\":{\"@id\":\"https:\\\/\\\/mznoticia.com.br\\\/piraidosul\\\/campos-gerais-terao-11-novos-radares-em-rodovias-estaduais-veja-os-locais\\\/#breadcrumb\"},\"inLanguage\":\"pt-BR\",\"potentialAction\":[{\"@type\":\"ReadAction\",\"target\":[\"https:\\\/\\\/mznoticia.com.br\\\/piraidosul\\\/campos-gerais-terao-11-novos-radares-em-rodovias-estaduais-veja-os-locais\\\/\"]}]},{\"@type\":\"ImageObject\",\"inLanguage\":\"pt-BR\",\"@id\":\"https:\\\/\\\/mznoticia.com.br\\\/piraidosul\\\/campos-gerais-terao-11-novos-radares-em-rodovias-estaduais-veja-os-locais\\\/#primaryimage\",\"url\":\"https:\\\/\\\/mznoticia.com.br\\\/piraidosul\\\/wp-content\\\/uploads\\\/2026\\\/08\\\/01-1.png\",\"contentUrl\":\"https:\\\/\\\/mznoticia.com.br\\\/piraidosul\\\/wp-content\\\/uploads\\\/2026\\\/08\\\/01-1.png\",\"width\":1920,\"height\":1080},{\"@type\":\"BreadcrumbList\",\"@id\":\"https:\\\/\\\/mznoticia.com.br\\\/piraidosul\\\/campos-gerais-terao-11-novos-radares-em-rodovias-estaduais-veja-os-locais\\\/#breadcrumb\",\"itemListElement\":[{\"@type\":\"ListItem\",\"position\":1,\"name\":\"Home\",\"item\":\"https:\\\/\\\/mznoticia.com.br\\\/piraidosul\\\/\"},{\"@type\":\"ListItem\",\"position\":2,\"name\":\"Campos Gerais ter\u00e3o 11 novos radares em rodovias estaduais; veja os locais\"}]},{\"@type\":\"WebSite\",\"@id\":\"https:\\\/\\\/mznoticia.com.br\\\/piraidosul\\\/#website\",\"url\":\"https:\\\/\\\/mznoticia.com.br\\\/piraidosul\\\/\",\"name\":\"Mz Not\u00edcia\",\"description\":\"A informa\u00e7\u00e3o que voc\u00ea precisa na hora certa!\",\"publisher\":{\"@id\":\"https:\\\/\\\/mznoticia.com.br\\\/piraidosul\\\/#organization\"},\"potentialAction\":[{\"@type\":\"SearchAction\",\"target\":{\"@type\":\"EntryPoint\",\"urlTemplate\":\"https:\\\/\\\/mznoticia.com.br\\\/piraidosul\\\/?s={search_term_string}\"},\"query-input\":{\"@type\":\"PropertyValueSpecification\",\"valueRequired\":true,\"valueName\":\"search_term_string\"}}],\"inLanguage\":\"pt-BR\"},{\"@type\":\"Organization\",\"@id\":\"https:\\\/\\\/mznoticia.com.br\\\/piraidosul\\\/#organization\",\"name\":\"Mz Not\u00edcia\",\"url\":\"https:\\\/\\\/mznoticia.com.br\\\/piraidosul\\\/\",\"logo\":{\"@type\":\"ImageObject\",\"inLanguage\":\"pt-BR\",\"@id\":\"https:\\\/\\\/mznoticia.com.br\\\/piraidosul\\\/#\\\/schema\\\/logo\\\/image\\\/\",\"url\":\"https:\\\/\\\/mznoticia.com.br\\\/jaguariaiva\\\/wp-content\\\/uploads\\\/2025\\\/03\\\/Design-sem-nome-4-e1741200616392.png\",\"contentUrl\":\"https:\\\/\\\/mznoticia.com.br\\\/jaguariaiva\\\/wp-content\\\/uploads\\\/2025\\\/03\\\/Design-sem-nome-4-e1741200616392.png\",\"width\":750,\"height\":563,\"caption\":\"Mz Not\u00edcia\"},\"image\":{\"@id\":\"https:\\\/\\\/mznoticia.com.br\\\/piraidosul\\\/#\\\/schema\\\/logo\\\/image\\\/\"},\"sameAs\":[\"https:\\\/\\\/www.facebook.com\\\/profile.php?id=61573479951222\",\"https:\\\/\\\/www.instagram.com\\\/mz.jaguariaiva\\\/\"]},{\"@type\":\"Person\",\"@id\":\"https:\\\/\\\/mznoticia.com.br\\\/piraidosul\\\/#\\\/schema\\\/person\\\/84012d827247b3f42f37b550da79cd03\",\"name\":\"Redacao mz\",\"image\":{\"@type\":\"ImageObject\",\"inLanguage\":\"pt-BR\",\"@id\":\"https:\\\/\\\/secure.gravatar.com\\\/avatar\\\/3835c58a73b55edb97de944593845d3f29acb93b7a088f3bf63afde947ab86ba?s=96&d=simple_local_avatar&r=g\",\"url\":\"https:\\\/\\\/secure.gravatar.com\\\/avatar\\\/3835c58a73b55edb97de944593845d3f29acb93b7a088f3bf63afde947ab86ba?s=96&d=simple_local_avatar&r=g\",\"contentUrl\":\"https:\\\/\\\/secure.gravatar.com\\\/avatar\\\/3835c58a73b55edb97de944593845d3f29acb93b7a088f3bf63afde947ab86ba?s=96&d=simple_local_avatar&r=g\",\"caption\":\"Redacao mz\"},\"sameAs\":[\"http:\\\/\\\/mznoticia.com.br\"],\"url\":\"https:\\\/\\\/mznoticia.com.br\\\/piraidosul\\\/author\\\/lucimara\\\/\"}]}<\/script>\n<!-- \/ Yoast SEO plugin. -->","yoast_head_json":{"title":"Campos Gerais ter\u00e3o 11 novos radares em rodovias estaduais; veja os locais - Mz Not\u00edcias","description":"Onze novos radares ser\u00e3o instalados nas rodovias PR-092, PR-151 e PR-239, em Jaguaria\u00edva, Arapoti, Castro e Seng\u00e9s.","robots":{"index":"index","follow":"follow","max-snippet":"max-snippet:-1","max-image-preview":"max-image-preview:large","max-video-preview":"max-video-preview:-1"},"canonical":"https:\/\/mznoticia.com.br\/piraidosul\/campos-gerais-terao-11-novos-radares-em-rodovias-estaduais-veja-os-locais\/","og_locale":"pt_BR","og_type":"article","og_title":"Campos Gerais ter\u00e3o 11 novos radares em rodovias estaduais; veja os locais - Mz Not\u00edcias","og_description":"Onze novos radares ser\u00e3o instalados nas rodovias PR-092, PR-151 e PR-239, em Jaguaria\u00edva, Arapoti, Castro e Seng\u00e9s.","og_url":"https:\/\/mznoticia.com.br\/piraidosul\/campos-gerais-terao-11-novos-radares-em-rodovias-estaduais-veja-os-locais\/","og_site_name":"Mz Not\u00edcias","article_publisher":"https:\/\/www.facebook.com\/profile.php?id=61573479951222","article_published_time":"2026-08-31T14:43:38+00:00","og_image":[{"width":1024,"height":576,"url":"https:\/\/mznoticia.com.br\/piraidosul\/wp-content\/uploads\/2026\/08\/01-1-1024x576.png","type":"image\/png"}],"author":"Redacao mz","twitter_card":"summary_large_image","twitter_misc":{"Escrito por":"Redacao mz","Est. tempo de leitura":"3 minutos"},"schema":{"@context":"https:\/\/schema.org","@graph":[{"@type":"Article","@id":"https:\/\/mznoticia.com.br\/piraidosul\/campos-gerais-terao-11-novos-radares-em-rodovias-estaduais-veja-os-locais\/#article","isPartOf":{"@id":"https:\/\/mznoticia.com.br\/piraidosul\/campos-gerais-terao-11-novos-radares-em-rodovias-estaduais-veja-os-locais\/"},"author":{"name":"Redacao mz","@id":"https:\/\/mznoticia.com.br\/piraidosul\/#\/schema\/person\/84012d827247b3f42f37b550da79cd03"},"headline":"Campos Gerais ter\u00e3o 11 novos radares em rodovias estaduais; veja os locais","datePublished":"2026-08-31T14:43:38+00:00","mainEntityOfPage":{"@id":"https:\/\/mznoticia.com.br\/piraidosul\/campos-gerais-terao-11-novos-radares-em-rodovias-estaduais-veja-os-locais\/"},"wordCount":487,"commentCount":0,"publisher":{"@id":"https:\/\/mznoticia.com.br\/piraidosul\/#organization"},"image":{"@id":"https:\/\/mznoticia.com.br\/piraidosul\/campos-gerais-terao-11-novos-radares-em-rodovias-estaduais-veja-os-locais\/#primaryimage"},"thumbnailUrl":"https:\/\/mznoticia.com.br\/piraidosul\/wp-content\/uploads\/2026\/08\/01-1.png","keywords":["Arapoti","campos gerais","castro","destaque","jaguariaiva","parana","Ponta Grossa","PR-092","PR-151","PR-239","radares","Rodovias","Seguran\u00e7a Vi\u00e1ria","Seng\u00e9s","tr\u00e2nsito"],"articleSection":["Paran\u00e1"],"inLanguage":"pt-BR","potentialAction":[{"@type":"CommentAction","name":"Comment","target":["https:\/\/mznoticia.com.br\/piraidosul\/campos-gerais-terao-11-novos-radares-em-rodovias-estaduais-veja-os-locais\/#respond"]}]},{"@type":"WebPage","@id":"https:\/\/mznoticia.com.br\/piraidosul\/campos-gerais-terao-11-novos-radares-em-rodovias-estaduais-veja-os-locais\/","url":"https:\/\/mznoticia.com.br\/piraidosul\/campos-gerais-terao-11-novos-radares-em-rodovias-estaduais-veja-os-locais\/","name":"Campos Gerais ter\u00e3o 11 novos radares em rodovias estaduais; veja os locais - Mz Not\u00edcias","isPartOf":{"@id":"https:\/\/mznoticia.com.br\/piraidosul\/#website"},"primaryImageOfPage":{"@id":"https:\/\/mznoticia.com.br\/piraidosul\/campos-gerais-terao-11-novos-radares-em-rodovias-estaduais-veja-os-locais\/#primaryimage"},"image":{"@id":"https:\/\/mznoticia.com.br\/piraidosul\/campos-gerais-terao-11-novos-radares-em-rodovias-estaduais-veja-os-locais\/#primaryimage"},"thumbnailUrl":"https:\/\/mznoticia.com.br\/piraidosul\/wp-content\/uploads\/2026\/08\/01-1.png","datePublished":"2026-08-31T14:43:38+00:00","description":"Onze novos radares ser\u00e3o instalados nas rodovias PR-092, PR-151 e PR-239, em Jaguaria\u00edva, Arapoti, Castro e Seng\u00e9s.","breadcrumb":{"@id":"https:\/\/mznoticia.com.br\/piraidosul\/campos-gerais-terao-11-novos-radares-em-rodovias-estaduais-veja-os-locais\/#breadcrumb"},"inLanguage":"pt-BR","potentialAction":[{"@type":"ReadAction","target":["https:\/\/mznoticia.com.br\/piraidosul\/campos-gerais-terao-11-novos-radares-em-rodovias-estaduais-veja-os-locais\/"]}]},{"@type":"ImageObject","inLanguage":"pt-BR","@id":"https:\/\/mznoticia.com.br\/piraidosul\/campos-gerais-terao-11-novos-radares-em-rodovias-estaduais-veja-os-locais\/#primaryimage","url":"https:\/\/mznoticia.com.br\/piraidosul\/wp-content\/uploads\/2026\/08\/01-1.png","contentUrl":"https:\/\/mznoticia.com.br\/piraidosul\/wp-content\/uploads\/2026\/08\/01-1.png","width":1920,"height":1080},{"@type":"BreadcrumbList","@id":"https:\/\/mznoticia.com.br\/piraidosul\/campos-gerais-terao-11-novos-radares-em-rodovias-estaduais-veja-os-locais\/#breadcrumb","itemListElement":[{"@type":"ListItem","position":1,"name":"Home","item":"https:\/\/mznoticia.com.br\/piraidosul\/"},{"@type":"ListItem","position":2,"name":"Campos Gerais ter\u00e3o 11 novos radares em rodovias estaduais; veja os locais"}]},{"@type":"WebSite","@id":"https:\/\/mznoticia.com.br\/piraidosul\/#website","url":"https:\/\/mznoticia.com.br\/piraidosul\/","name":"Mz Not\u00edcia","description":"A informa\u00e7\u00e3o que voc\u00ea precisa na hora certa!","publisher":{"@id":"https:\/\/mznoticia.com.br\/piraidosul\/#organization"},"potentialAction":[{"@type":"SearchAction","target":{"@type":"EntryPoint","urlTemplate":"https:\/\/mznoticia.com.br\/piraidosul\/?s={search_term_string}"},"query-input":{"@type":"PropertyValueSpecification","valueRequired":true,"valueName":"search_term_string"}}],"inLanguage":"pt-BR"},{"@type":"Organization","@id":"https:\/\/mznoticia.com.br\/piraidosul\/#organization","name":"Mz Not\u00edcia","url":"https:\/\/mznoticia.com.br\/piraidosul\/","logo":{"@type":"ImageObject","inLanguage":"pt-BR","@id":"https:\/\/mznoticia.com.br\/piraidosul\/#\/schema\/logo\/image\/","url":"https:\/\/mznoticia.com.br\/jaguariaiva\/wp-content\/uploads\/2025\/03\/Design-sem-nome-4-e1741200616392.png","contentUrl":"https:\/\/mznoticia.com.br\/jaguariaiva\/wp-content\/uploads\/2025\/03\/Design-sem-nome-4-e1741200616392.png","width":750,"height":563,"caption":"Mz Not\u00edcia"},"image":{"@id":"https:\/\/mznoticia.com.br\/piraidosul\/#\/schema\/logo\/image\/"},"sameAs":["https:\/\/www.facebook.com\/profile.php?id=61573479951222","https:\/\/www.instagram.com\/mz.jaguariaiva\/"]},{"@type":"Person","@id":"https:\/\/mznoticia.com.br\/piraidosul\/#\/schema\/person\/84012d827247b3f42f37b550da79cd03","name":"Redacao mz","image":{"@type":"ImageObject","inLanguage":"pt-BR","@id":"https:\/\/secure.gravatar.com\/avatar\/3835c58a73b55edb97de944593845d3f29acb93b7a088f3bf63afde947ab86ba?s=96&d=simple_local_avatar&r=g","url":"https:\/\/secure.gravatar.com\/avatar\/3835c58a73b55edb97de944593845d3f29acb93b7a088f3bf63afde947ab86ba?s=96&d=simple_local_avatar&r=g","contentUrl":"https:\/\/secure.gravatar.com\/avatar\/3835c58a73b55edb97de944593845d3f29acb93b7a088f3bf63afde947ab86ba?s=96&d=simple_local_avatar&r=g","caption":"Redacao mz"},"sameAs":["http:\/\/mznoticia.com.br"],"url":"https:\/\/mznoticia.com.br\/piraidosul\/author\/lucimara\/"}]}},"_links":{"self":[{"href":"https:\/\/mznoticia.com.br\/piraidosul\/wp-json\/wp\/v2\/posts\/7768","targetHints":{"allow":["GET"]}}],"collection":[{"href":"https:\/\/mznoticia.com.br\/piraidosul\/wp-json\/wp\/v2\/posts"}],"about":[{"href":"https:\/\/mznoticia.com.br\/piraidosul\/wp-json\/wp\/v2\/types\/post"}],"author":[{"embeddable":true,"href":"https:\/\/mznoticia.com.br\/piraidosul\/wp-json\/wp\/v2\/users\/16"}],"replies":[{"embeddable":true,"href":"https:\/\/mznoticia.com.br\/piraidosul\/wp-json\/wp\/v2\/comments?post=7768"}],"version-history":[{"count":1,"href":"https:\/\/mznoticia.com.br\/piraidosul\/wp-json\/wp\/v2\/posts\/7768\/revisions"}],"predecessor-version":[{"id":7770,"href":"https:\/\/mznoticia.com.br\/piraidosul\/wp-json\/wp\/v2\/posts\/7768\/revisions\/7770"}],"wp:featuredmedia":[{"embeddable":true,"href":"https:\/\/mznoticia.com.br\/piraidosul\/wp-json\/wp\/v2\/media\/7769"}],"wp:attachment":[{"href":"https:\/\/mznoticia.com.br\/piraidosul\/wp-json\/wp\/v2\/media?parent=7768"}],"wp:term":[{"taxonomy":"category","embeddable":true,"href":"https:\/\/mznoticia.com.br\/piraidosul\/wp-json\/wp\/v2\/categories?post=7768"},{"taxonomy":"post_tag","embeddable":true,"href":"https:\/\/mznoticia.com.br\/piraidosul\/wp-json\/wp\/v2\/tags?post=7768"}],"curies":[{"name":"wp","href":"https:\/\/api.w.org\/{rel}","templated":true}]}}