{"id":7774,"date":"2026-08-31T15:56:41","date_gmt":"2026-08-31T15:56:41","guid":{"rendered":"https:\/\/mznoticia.com.br\/piraidosul\/?p=7774"},"modified":"2026-08-31T15:56:41","modified_gmt":"2026-08-31T15:56:41","slug":"aviao-com-151-pessoas-sai-da-pista-durante-pouso-e-fica-atolado-em-lama-no-parana","status":"publish","type":"post","link":"https:\/\/mznoticia.com.br\/piraidosul\/aviao-com-151-pessoas-sai-da-pista-durante-pouso-e-fica-atolado-em-lama-no-parana\/","title":{"rendered":"Avi\u00e3o com 151 pessoas sai da pista durante pouso e fica atolado em lama no Paran\u00e1"},"content":{"rendered":"<h2>Aeronave da Latam vinha de Guarulhos e pousou sob chuva no Aeroporto Regional de Cascavel; ningu\u00e9m ficou ferido<\/h2>\n<p class=\"isSelectedEnd\">Um avi\u00e3o da Latam com <strong>151 pessoas a bordo<\/strong> saiu da pista durante o pouso no Aeroporto Regional de Cascavel, no Oeste do Paran\u00e1, na manh\u00e3 desta segunda-feira (31).<\/p>\n<p class=\"isSelectedEnd\">A aeronave acabou parando em uma \u00e1rea de lama ao lado da pista. Apesar do incidente, <strong>nenhum dos 145 passageiros e seis tripulantes ficou ferido<\/strong>.<\/p>\n<p class=\"isSelectedEnd\">O aeroporto permanece fechado para pousos e decolagens.<\/p>\n<h2>Avi\u00e3o saiu de Guarulhos<\/h2>\n<p class=\"isSelectedEnd\">Segundo a companhia a\u00e9rea, o incidente aconteceu por volta das <strong>9h45<\/strong>, enquanto chovia em Cascavel.<\/p>\n<p class=\"isSelectedEnd\">O voo LA3858 havia partido do Aeroporto Internacional de Guarulhos, em S\u00e3o Paulo, com destino a Cascavel. Durante o pouso, a aeronave ultrapassou o limite da pista e acabou saindo do pavimento, ficando atolada em uma \u00e1rea de lama.<\/p>\n<h2>Voo de retorno foi cancelado<\/h2>\n<p class=\"isSelectedEnd\">Por causa do incidente, o voo que faria o trajeto de Cascavel para Guarulhos foi cancelado.<\/p>\n<p class=\"isSelectedEnd\">Os passageiros est\u00e3o sendo transferidos e acomodados em outras opera\u00e7\u00f5es com sa\u00edda de Foz do Igua\u00e7u, no Oeste do Paran\u00e1.<\/p>\n<p class=\"isSelectedEnd\">A companhia informou que est\u00e1 prestando assist\u00eancia aos passageiros e tripulantes e colaborando com as autoridades respons\u00e1veis pela apura\u00e7\u00e3o do caso.<\/p>\n<h2>Aeronave ser\u00e1 retirada<\/h2>\n<p class=\"isSelectedEnd\">A empresa informou que enviar\u00e1 um equipamento espec\u00edfico para realizar a retirada da aeronave do local.<\/p>\n<p class=\"isSelectedEnd\">A previs\u00e3o \u00e9 que o equipamento chegue por volta das <strong>19h<\/strong> desta segunda-feira.<\/p>\n<p class=\"isSelectedEnd\">At\u00e9 que os procedimentos de seguran\u00e7a sejam conclu\u00eddos, o Aeroporto Regional de Cascavel permanecer\u00e1 fechado para pousos e decolagens.<\/p>\n<p>As causas que levaram a aeronave a sair da pista ainda ser\u00e3o investigadas.<\/p>\n","protected":false},"excerpt":{"rendered":"<p>Aeronave da Latam vinha de Guarulhos e pousou sob chuva no Aeroporto Regional de Cascavel; ningu\u00e9m ficou ferido Um avi\u00e3o da Latam com 151 pessoas a bordo saiu da pista durante o pouso no Aeroporto Regional de Cascavel, no Oeste do Paran\u00e1, na manh\u00e3 desta segunda-feira (31). A aeronave acabou parando em uma \u00e1rea de [&hellip;]<\/p>\n","protected":false},"author":16,"featured_media":7775,"comment_status":"open","ping_status":"open","sticky":false,"template":"","format":"standard","meta":{"footnotes":""},"categories":[303],"tags":[1311,3050,531,3049,936,236,2250,1731,77,3051],"class_list":["post-7774","post","type-post","status-publish","format-standard","has-post-thumbnail","hentry","category-parana","tag-acidente-aereo","tag-aeroporto-de-cascavel","tag-aviacao","tag-aviao","tag-cascavel","tag-chuva","tag-guarulhos","tag-latam","tag-parana","tag-pouso"],"yoast_head":"<!-- This site is optimized with the Yoast SEO plugin v28.1 - https:\/\/yoast.com\/product\/yoast-seo-wordpress\/ -->\n<title>Avi\u00e3o com 151 pessoas sai da pista durante pouso e fica atolado em lama no Paran\u00e1 - Mz Not\u00edcias<\/title>\n<meta name=\"description\" content=\"Avi\u00e3o da Latam com 151 pessoas saiu da pista durante o pouso em Cascavel, no Paran\u00e1. Aeronave ficou atolada na lama e ningu\u00e9m ficou ferido.\" \/>\n<meta name=\"robots\" content=\"index, follow, max-snippet:-1, max-image-preview:large, max-video-preview:-1\" \/>\n<link rel=\"canonical\" href=\"https:\/\/mznoticia.com.br\/piraidosul\/aviao-com-151-pessoas-sai-da-pista-durante-pouso-e-fica-atolado-em-lama-no-parana\/\" \/>\n<meta property=\"og:locale\" content=\"pt_BR\" \/>\n<meta property=\"og:type\" content=\"article\" \/>\n<meta property=\"og:title\" content=\"Avi\u00e3o com 151 pessoas sai da pista durante pouso e fica atolado em lama no Paran\u00e1 - Mz Not\u00edcias\" \/>\n<meta property=\"og:description\" content=\"Avi\u00e3o da Latam com 151 pessoas saiu da pista durante o pouso em Cascavel, no Paran\u00e1. Aeronave ficou atolada na lama e ningu\u00e9m ficou ferido.\" \/>\n<meta property=\"og:url\" content=\"https:\/\/mznoticia.com.br\/piraidosul\/aviao-com-151-pessoas-sai-da-pista-durante-pouso-e-fica-atolado-em-lama-no-parana\/\" \/>\n<meta property=\"og:site_name\" content=\"Mz Not\u00edcias\" \/>\n<meta property=\"article:publisher\" content=\"https:\/\/www.facebook.com\/profile.php?id=61573479951222\" \/>\n<meta property=\"article:published_time\" content=\"2026-08-31T15:56:41+00:00\" \/>\n<meta name=\"author\" content=\"Redacao mz\" \/>\n<meta name=\"twitter:card\" content=\"summary_large_image\" \/>\n<meta name=\"twitter:label1\" content=\"Escrito por\" \/>\n\t<meta name=\"twitter:data1\" content=\"Redacao mz\" \/>\n\t<meta name=\"twitter:label2\" content=\"Est. tempo de leitura\" \/>\n\t<meta name=\"twitter:data2\" content=\"2 minutos\" \/>\n<script type=\"application\/ld+json\" class=\"yoast-schema-graph\">{\"@context\":\"https:\\\/\\\/schema.org\",\"@graph\":[{\"@type\":\"Article\",\"@id\":\"https:\\\/\\\/mznoticia.com.br\\\/piraidosul\\\/aviao-com-151-pessoas-sai-da-pista-durante-pouso-e-fica-atolado-em-lama-no-parana\\\/#article\",\"isPartOf\":{\"@id\":\"https:\\\/\\\/mznoticia.com.br\\\/piraidosul\\\/aviao-com-151-pessoas-sai-da-pista-durante-pouso-e-fica-atolado-em-lama-no-parana\\\/\"},\"author\":{\"name\":\"Redacao mz\",\"@id\":\"https:\\\/\\\/mznoticia.com.br\\\/piraidosul\\\/#\\\/schema\\\/person\\\/84012d827247b3f42f37b550da79cd03\"},\"headline\":\"Avi\u00e3o com 151 pessoas sai da pista durante pouso e fica atolado em lama no Paran\u00e1\",\"datePublished\":\"2026-08-31T15:56:41+00:00\",\"mainEntityOfPage\":{\"@id\":\"https:\\\/\\\/mznoticia.com.br\\\/piraidosul\\\/aviao-com-151-pessoas-sai-da-pista-durante-pouso-e-fica-atolado-em-lama-no-parana\\\/\"},\"wordCount\":293,\"commentCount\":0,\"publisher\":{\"@id\":\"https:\\\/\\\/mznoticia.com.br\\\/piraidosul\\\/#organization\"},\"image\":{\"@id\":\"https:\\\/\\\/mznoticia.com.br\\\/piraidosul\\\/aviao-com-151-pessoas-sai-da-pista-durante-pouso-e-fica-atolado-em-lama-no-parana\\\/#primaryimage\"},\"thumbnailUrl\":\"https:\\\/\\\/mznoticia.com.br\\\/piraidosul\\\/wp-content\\\/uploads\\\/2026\\\/08\\\/01-6.avif\",\"keywords\":[\"Acidente A\u00e9reo\",\"Aeroporto de Cascavel\",\"Avia\u00e7\u00e3o\",\"avi\u00e3o\",\"Cascavel\",\"chuva\",\"Guarulhos\",\"Latam\",\"parana\",\"pouso\"],\"articleSection\":[\"Paran\u00e1\"],\"inLanguage\":\"pt-BR\",\"potentialAction\":[{\"@type\":\"CommentAction\",\"name\":\"Comment\",\"target\":[\"https:\\\/\\\/mznoticia.com.br\\\/piraidosul\\\/aviao-com-151-pessoas-sai-da-pista-durante-pouso-e-fica-atolado-em-lama-no-parana\\\/#respond\"]}]},{\"@type\":\"WebPage\",\"@id\":\"https:\\\/\\\/mznoticia.com.br\\\/piraidosul\\\/aviao-com-151-pessoas-sai-da-pista-durante-pouso-e-fica-atolado-em-lama-no-parana\\\/\",\"url\":\"https:\\\/\\\/mznoticia.com.br\\\/piraidosul\\\/aviao-com-151-pessoas-sai-da-pista-durante-pouso-e-fica-atolado-em-lama-no-parana\\\/\",\"name\":\"Avi\u00e3o com 151 pessoas sai da pista durante pouso e fica atolado em lama no Paran\u00e1 - Mz Not\u00edcias\",\"isPartOf\":{\"@id\":\"https:\\\/\\\/mznoticia.com.br\\\/piraidosul\\\/#website\"},\"primaryImageOfPage\":{\"@id\":\"https:\\\/\\\/mznoticia.com.br\\\/piraidosul\\\/aviao-com-151-pessoas-sai-da-pista-durante-pouso-e-fica-atolado-em-lama-no-parana\\\/#primaryimage\"},\"image\":{\"@id\":\"https:\\\/\\\/mznoticia.com.br\\\/piraidosul\\\/aviao-com-151-pessoas-sai-da-pista-durante-pouso-e-fica-atolado-em-lama-no-parana\\\/#primaryimage\"},\"thumbnailUrl\":\"https:\\\/\\\/mznoticia.com.br\\\/piraidosul\\\/wp-content\\\/uploads\\\/2026\\\/08\\\/01-6.avif\",\"datePublished\":\"2026-08-31T15:56:41+00:00\",\"description\":\"Avi\u00e3o da Latam com 151 pessoas saiu da pista durante o pouso em Cascavel, no Paran\u00e1. Aeronave ficou atolada na lama e ningu\u00e9m ficou ferido.\",\"breadcrumb\":{\"@id\":\"https:\\\/\\\/mznoticia.com.br\\\/piraidosul\\\/aviao-com-151-pessoas-sai-da-pista-durante-pouso-e-fica-atolado-em-lama-no-parana\\\/#breadcrumb\"},\"inLanguage\":\"pt-BR\",\"potentialAction\":[{\"@type\":\"ReadAction\",\"target\":[\"https:\\\/\\\/mznoticia.com.br\\\/piraidosul\\\/aviao-com-151-pessoas-sai-da-pista-durante-pouso-e-fica-atolado-em-lama-no-parana\\\/\"]}]},{\"@type\":\"ImageObject\",\"inLanguage\":\"pt-BR\",\"@id\":\"https:\\\/\\\/mznoticia.com.br\\\/piraidosul\\\/aviao-com-151-pessoas-sai-da-pista-durante-pouso-e-fica-atolado-em-lama-no-parana\\\/#primaryimage\",\"url\":\"https:\\\/\\\/mznoticia.com.br\\\/piraidosul\\\/wp-content\\\/uploads\\\/2026\\\/08\\\/01-6.avif\",\"contentUrl\":\"https:\\\/\\\/mznoticia.com.br\\\/piraidosul\\\/wp-content\\\/uploads\\\/2026\\\/08\\\/01-6.avif\",\"width\":984,\"height\":738},{\"@type\":\"BreadcrumbList\",\"@id\":\"https:\\\/\\\/mznoticia.com.br\\\/piraidosul\\\/aviao-com-151-pessoas-sai-da-pista-durante-pouso-e-fica-atolado-em-lama-no-parana\\\/#breadcrumb\",\"itemListElement\":[{\"@type\":\"ListItem\",\"position\":1,\"name\":\"Home\",\"item\":\"https:\\\/\\\/mznoticia.com.br\\\/piraidosul\\\/\"},{\"@type\":\"ListItem\",\"position\":2,\"name\":\"Avi\u00e3o com 151 pessoas sai da pista durante pouso e fica atolado em lama no Paran\u00e1\"}]},{\"@type\":\"WebSite\",\"@id\":\"https:\\\/\\\/mznoticia.com.br\\\/piraidosul\\\/#website\",\"url\":\"https:\\\/\\\/mznoticia.com.br\\\/piraidosul\\\/\",\"name\":\"Mz Not\u00edcia\",\"description\":\"A informa\u00e7\u00e3o que voc\u00ea precisa na hora certa!\",\"publisher\":{\"@id\":\"https:\\\/\\\/mznoticia.com.br\\\/piraidosul\\\/#organization\"},\"potentialAction\":[{\"@type\":\"SearchAction\",\"target\":{\"@type\":\"EntryPoint\",\"urlTemplate\":\"https:\\\/\\\/mznoticia.com.br\\\/piraidosul\\\/?s={search_term_string}\"},\"query-input\":{\"@type\":\"PropertyValueSpecification\",\"valueRequired\":true,\"valueName\":\"search_term_string\"}}],\"inLanguage\":\"pt-BR\"},{\"@type\":\"Organization\",\"@id\":\"https:\\\/\\\/mznoticia.com.br\\\/piraidosul\\\/#organization\",\"name\":\"Mz Not\u00edcia\",\"url\":\"https:\\\/\\\/mznoticia.com.br\\\/piraidosul\\\/\",\"logo\":{\"@type\":\"ImageObject\",\"inLanguage\":\"pt-BR\",\"@id\":\"https:\\\/\\\/mznoticia.com.br\\\/piraidosul\\\/#\\\/schema\\\/logo\\\/image\\\/\",\"url\":\"https:\\\/\\\/mznoticia.com.br\\\/jaguariaiva\\\/wp-content\\\/uploads\\\/2025\\\/03\\\/Design-sem-nome-4-e1741200616392.png\",\"contentUrl\":\"https:\\\/\\\/mznoticia.com.br\\\/jaguariaiva\\\/wp-content\\\/uploads\\\/2025\\\/03\\\/Design-sem-nome-4-e1741200616392.png\",\"width\":750,\"height\":563,\"caption\":\"Mz Not\u00edcia\"},\"image\":{\"@id\":\"https:\\\/\\\/mznoticia.com.br\\\/piraidosul\\\/#\\\/schema\\\/logo\\\/image\\\/\"},\"sameAs\":[\"https:\\\/\\\/www.facebook.com\\\/profile.php?id=61573479951222\",\"https:\\\/\\\/www.instagram.com\\\/mz.jaguariaiva\\\/\"]},{\"@type\":\"Person\",\"@id\":\"https:\\\/\\\/mznoticia.com.br\\\/piraidosul\\\/#\\\/schema\\\/person\\\/84012d827247b3f42f37b550da79cd03\",\"name\":\"Redacao mz\",\"image\":{\"@type\":\"ImageObject\",\"inLanguage\":\"pt-BR\",\"@id\":\"https:\\\/\\\/secure.gravatar.com\\\/avatar\\\/3835c58a73b55edb97de944593845d3f29acb93b7a088f3bf63afde947ab86ba?s=96&d=simple_local_avatar&r=g\",\"url\":\"https:\\\/\\\/secure.gravatar.com\\\/avatar\\\/3835c58a73b55edb97de944593845d3f29acb93b7a088f3bf63afde947ab86ba?s=96&d=simple_local_avatar&r=g\",\"contentUrl\":\"https:\\\/\\\/secure.gravatar.com\\\/avatar\\\/3835c58a73b55edb97de944593845d3f29acb93b7a088f3bf63afde947ab86ba?s=96&d=simple_local_avatar&r=g\",\"caption\":\"Redacao mz\"},\"sameAs\":[\"http:\\\/\\\/mznoticia.com.br\"],\"url\":\"https:\\\/\\\/mznoticia.com.br\\\/piraidosul\\\/author\\\/lucimara\\\/\"}]}<\/script>\n<!-- \/ Yoast SEO plugin. -->","yoast_head_json":{"title":"Avi\u00e3o com 151 pessoas sai da pista durante pouso e fica atolado em lama no Paran\u00e1 - Mz Not\u00edcias","description":"Avi\u00e3o da Latam com 151 pessoas saiu da pista durante o pouso em Cascavel, no Paran\u00e1. Aeronave ficou atolada na lama e ningu\u00e9m ficou ferido.","robots":{"index":"index","follow":"follow","max-snippet":"max-snippet:-1","max-image-preview":"max-image-preview:large","max-video-preview":"max-video-preview:-1"},"canonical":"https:\/\/mznoticia.com.br\/piraidosul\/aviao-com-151-pessoas-sai-da-pista-durante-pouso-e-fica-atolado-em-lama-no-parana\/","og_locale":"pt_BR","og_type":"article","og_title":"Avi\u00e3o com 151 pessoas sai da pista durante pouso e fica atolado em lama no Paran\u00e1 - Mz Not\u00edcias","og_description":"Avi\u00e3o da Latam com 151 pessoas saiu da pista durante o pouso em Cascavel, no Paran\u00e1. Aeronave ficou atolada na lama e ningu\u00e9m ficou ferido.","og_url":"https:\/\/mznoticia.com.br\/piraidosul\/aviao-com-151-pessoas-sai-da-pista-durante-pouso-e-fica-atolado-em-lama-no-parana\/","og_site_name":"Mz Not\u00edcias","article_publisher":"https:\/\/www.facebook.com\/profile.php?id=61573479951222","article_published_time":"2026-08-31T15:56:41+00:00","author":"Redacao mz","twitter_card":"summary_large_image","twitter_misc":{"Escrito por":"Redacao mz","Est. tempo de leitura":"2 minutos"},"schema":{"@context":"https:\/\/schema.org","@graph":[{"@type":"Article","@id":"https:\/\/mznoticia.com.br\/piraidosul\/aviao-com-151-pessoas-sai-da-pista-durante-pouso-e-fica-atolado-em-lama-no-parana\/#article","isPartOf":{"@id":"https:\/\/mznoticia.com.br\/piraidosul\/aviao-com-151-pessoas-sai-da-pista-durante-pouso-e-fica-atolado-em-lama-no-parana\/"},"author":{"name":"Redacao mz","@id":"https:\/\/mznoticia.com.br\/piraidosul\/#\/schema\/person\/84012d827247b3f42f37b550da79cd03"},"headline":"Avi\u00e3o com 151 pessoas sai da pista durante pouso e fica atolado em lama no Paran\u00e1","datePublished":"2026-08-31T15:56:41+00:00","mainEntityOfPage":{"@id":"https:\/\/mznoticia.com.br\/piraidosul\/aviao-com-151-pessoas-sai-da-pista-durante-pouso-e-fica-atolado-em-lama-no-parana\/"},"wordCount":293,"commentCount":0,"publisher":{"@id":"https:\/\/mznoticia.com.br\/piraidosul\/#organization"},"image":{"@id":"https:\/\/mznoticia.com.br\/piraidosul\/aviao-com-151-pessoas-sai-da-pista-durante-pouso-e-fica-atolado-em-lama-no-parana\/#primaryimage"},"thumbnailUrl":"https:\/\/mznoticia.com.br\/piraidosul\/wp-content\/uploads\/2026\/08\/01-6.avif","keywords":["Acidente A\u00e9reo","Aeroporto de Cascavel","Avia\u00e7\u00e3o","avi\u00e3o","Cascavel","chuva","Guarulhos","Latam","parana","pouso"],"articleSection":["Paran\u00e1"],"inLanguage":"pt-BR","potentialAction":[{"@type":"CommentAction","name":"Comment","target":["https:\/\/mznoticia.com.br\/piraidosul\/aviao-com-151-pessoas-sai-da-pista-durante-pouso-e-fica-atolado-em-lama-no-parana\/#respond"]}]},{"@type":"WebPage","@id":"https:\/\/mznoticia.com.br\/piraidosul\/aviao-com-151-pessoas-sai-da-pista-durante-pouso-e-fica-atolado-em-lama-no-parana\/","url":"https:\/\/mznoticia.com.br\/piraidosul\/aviao-com-151-pessoas-sai-da-pista-durante-pouso-e-fica-atolado-em-lama-no-parana\/","name":"Avi\u00e3o com 151 pessoas sai da pista durante pouso e fica atolado em lama no Paran\u00e1 - Mz Not\u00edcias","isPartOf":{"@id":"https:\/\/mznoticia.com.br\/piraidosul\/#website"},"primaryImageOfPage":{"@id":"https:\/\/mznoticia.com.br\/piraidosul\/aviao-com-151-pessoas-sai-da-pista-durante-pouso-e-fica-atolado-em-lama-no-parana\/#primaryimage"},"image":{"@id":"https:\/\/mznoticia.com.br\/piraidosul\/aviao-com-151-pessoas-sai-da-pista-durante-pouso-e-fica-atolado-em-lama-no-parana\/#primaryimage"},"thumbnailUrl":"https:\/\/mznoticia.com.br\/piraidosul\/wp-content\/uploads\/2026\/08\/01-6.avif","datePublished":"2026-08-31T15:56:41+00:00","description":"Avi\u00e3o da Latam com 151 pessoas saiu da pista durante o pouso em Cascavel, no Paran\u00e1. Aeronave ficou atolada na lama e ningu\u00e9m ficou ferido.","breadcrumb":{"@id":"https:\/\/mznoticia.com.br\/piraidosul\/aviao-com-151-pessoas-sai-da-pista-durante-pouso-e-fica-atolado-em-lama-no-parana\/#breadcrumb"},"inLanguage":"pt-BR","potentialAction":[{"@type":"ReadAction","target":["https:\/\/mznoticia.com.br\/piraidosul\/aviao-com-151-pessoas-sai-da-pista-durante-pouso-e-fica-atolado-em-lama-no-parana\/"]}]},{"@type":"ImageObject","inLanguage":"pt-BR","@id":"https:\/\/mznoticia.com.br\/piraidosul\/aviao-com-151-pessoas-sai-da-pista-durante-pouso-e-fica-atolado-em-lama-no-parana\/#primaryimage","url":"https:\/\/mznoticia.com.br\/piraidosul\/wp-content\/uploads\/2026\/08\/01-6.avif","contentUrl":"https:\/\/mznoticia.com.br\/piraidosul\/wp-content\/uploads\/2026\/08\/01-6.avif","width":984,"height":738},{"@type":"BreadcrumbList","@id":"https:\/\/mznoticia.com.br\/piraidosul\/aviao-com-151-pessoas-sai-da-pista-durante-pouso-e-fica-atolado-em-lama-no-parana\/#breadcrumb","itemListElement":[{"@type":"ListItem","position":1,"name":"Home","item":"https:\/\/mznoticia.com.br\/piraidosul\/"},{"@type":"ListItem","position":2,"name":"Avi\u00e3o com 151 pessoas sai da pista durante pouso e fica atolado em lama no Paran\u00e1"}]},{"@type":"WebSite","@id":"https:\/\/mznoticia.com.br\/piraidosul\/#website","url":"https:\/\/mznoticia.com.br\/piraidosul\/","name":"Mz Not\u00edcia","description":"A informa\u00e7\u00e3o que voc\u00ea precisa na hora certa!","publisher":{"@id":"https:\/\/mznoticia.com.br\/piraidosul\/#organization"},"potentialAction":[{"@type":"SearchAction","target":{"@type":"EntryPoint","urlTemplate":"https:\/\/mznoticia.com.br\/piraidosul\/?s={search_term_string}"},"query-input":{"@type":"PropertyValueSpecification","valueRequired":true,"valueName":"search_term_string"}}],"inLanguage":"pt-BR"},{"@type":"Organization","@id":"https:\/\/mznoticia.com.br\/piraidosul\/#organization","name":"Mz Not\u00edcia","url":"https:\/\/mznoticia.com.br\/piraidosul\/","logo":{"@type":"ImageObject","inLanguage":"pt-BR","@id":"https:\/\/mznoticia.com.br\/piraidosul\/#\/schema\/logo\/image\/","url":"https:\/\/mznoticia.com.br\/jaguariaiva\/wp-content\/uploads\/2025\/03\/Design-sem-nome-4-e1741200616392.png","contentUrl":"https:\/\/mznoticia.com.br\/jaguariaiva\/wp-content\/uploads\/2025\/03\/Design-sem-nome-4-e1741200616392.png","width":750,"height":563,"caption":"Mz Not\u00edcia"},"image":{"@id":"https:\/\/mznoticia.com.br\/piraidosul\/#\/schema\/logo\/image\/"},"sameAs":["https:\/\/www.facebook.com\/profile.php?id=61573479951222","https:\/\/www.instagram.com\/mz.jaguariaiva\/"]},{"@type":"Person","@id":"https:\/\/mznoticia.com.br\/piraidosul\/#\/schema\/person\/84012d827247b3f42f37b550da79cd03","name":"Redacao mz","image":{"@type":"ImageObject","inLanguage":"pt-BR","@id":"https:\/\/secure.gravatar.com\/avatar\/3835c58a73b55edb97de944593845d3f29acb93b7a088f3bf63afde947ab86ba?s=96&d=simple_local_avatar&r=g","url":"https:\/\/secure.gravatar.com\/avatar\/3835c58a73b55edb97de944593845d3f29acb93b7a088f3bf63afde947ab86ba?s=96&d=simple_local_avatar&r=g","contentUrl":"https:\/\/secure.gravatar.com\/avatar\/3835c58a73b55edb97de944593845d3f29acb93b7a088f3bf63afde947ab86ba?s=96&d=simple_local_avatar&r=g","caption":"Redacao mz"},"sameAs":["http:\/\/mznoticia.com.br"],"url":"https:\/\/mznoticia.com.br\/piraidosul\/author\/lucimara\/"}]}},"_links":{"self":[{"href":"https:\/\/mznoticia.com.br\/piraidosul\/wp-json\/wp\/v2\/posts\/7774","targetHints":{"allow":["GET"]}}],"collection":[{"href":"https:\/\/mznoticia.com.br\/piraidosul\/wp-json\/wp\/v2\/posts"}],"about":[{"href":"https:\/\/mznoticia.com.br\/piraidosul\/wp-json\/wp\/v2\/types\/post"}],"author":[{"embeddable":true,"href":"https:\/\/mznoticia.com.br\/piraidosul\/wp-json\/wp\/v2\/users\/16"}],"replies":[{"embeddable":true,"href":"https:\/\/mznoticia.com.br\/piraidosul\/wp-json\/wp\/v2\/comments?post=7774"}],"version-history":[{"count":1,"href":"https:\/\/mznoticia.com.br\/piraidosul\/wp-json\/wp\/v2\/posts\/7774\/revisions"}],"predecessor-version":[{"id":7776,"href":"https:\/\/mznoticia.com.br\/piraidosul\/wp-json\/wp\/v2\/posts\/7774\/revisions\/7776"}],"wp:featuredmedia":[{"embeddable":true,"href":"https:\/\/mznoticia.com.br\/piraidosul\/wp-json\/wp\/v2\/media\/7775"}],"wp:attachment":[{"href":"https:\/\/mznoticia.com.br\/piraidosul\/wp-json\/wp\/v2\/media?parent=7774"}],"wp:term":[{"taxonomy":"category","embeddable":true,"href":"https:\/\/mznoticia.com.br\/piraidosul\/wp-json\/wp\/v2\/categories?post=7774"},{"taxonomy":"post_tag","embeddable":true,"href":"https:\/\/mznoticia.com.br\/piraidosul\/wp-json\/wp\/v2\/tags?post=7774"}],"curies":[{"name":"wp","href":"https:\/\/api.w.org\/{rel}","templated":true}]}}