{"id":7784,"date":"2026-08-31T16:43:49","date_gmt":"2026-08-31T16:43:49","guid":{"rendered":"https:\/\/mznoticia.com.br\/piraidosul\/?p=7784"},"modified":"2026-08-31T16:43:49","modified_gmt":"2026-08-31T16:43:49","slug":"setembro-amarelo-reforca-alerta-sobre-suicidio-entre-jovens-e-importancia-da-prevencao","status":"publish","type":"post","link":"https:\/\/mznoticia.com.br\/piraidosul\/setembro-amarelo-reforca-alerta-sobre-suicidio-entre-jovens-e-importancia-da-prevencao\/","title":{"rendered":"Setembro Amarelo refor\u00e7a alerta sobre suic\u00eddio entre jovens e import\u00e2ncia da preven\u00e7\u00e3o"},"content":{"rendered":"<h2>Campanha realizada durante o m\u00eas de setembro busca ampliar o di\u00e1logo sobre sa\u00fade mental, identificar sinais de sofrimento e incentivar a busca por ajuda<\/h2>\n<h2>Setembro Amarelo chama aten\u00e7\u00e3o para a sa\u00fade mental<\/h2>\n<p class=\"isSelectedEnd\">O m\u00eas de setembro \u00e9 marcado pelo Setembro Amarelo, campanha de conscientiza\u00e7\u00e3o e preven\u00e7\u00e3o ao suic\u00eddio que busca combater o estigma relacionado \u00e0 sa\u00fade mental e estimular a procura por apoio diante de situa\u00e7\u00f5es de sofrimento emocional.<\/p>\n<p class=\"isSelectedEnd\">De acordo com dados da Organiza\u00e7\u00e3o Mundial da Sa\u00fade (OMS), o suic\u00eddio est\u00e1 entre as principais causas de morte no mundo. Entre pessoas de 15 a 29 anos, \u00e9 apontado como a quarta principal causa de morte, atr\u00e1s de acidentes de tr\u00e2nsito, doen\u00e7as respirat\u00f3rias e viol\u00eancia interpessoal. Dependendo da faixa et\u00e1ria analisada, pode ocupar uma posi\u00e7\u00e3o ainda mais alta.<\/p>\n<p class=\"isSelectedEnd\">No Brasil, os n\u00fameros tamb\u00e9m chamam aten\u00e7\u00e3o. Em 2023, o Sistema \u00danico de Sa\u00fade (SUS) registrou 11.502 interna\u00e7\u00f5es relacionadas a les\u00f5es provocadas de forma intencional contra si pr\u00f3prio. O n\u00famero representa uma m\u00e9dia de aproximadamente 31 casos por dia e foi mais de 25% superior aos 9.173 registros contabilizados em 2014.<\/p>\n<h2>Sinais de alerta merecem aten\u00e7\u00e3o<\/h2>\n<p class=\"isSelectedEnd\">N\u00e3o existe uma f\u00f3rmula capaz de identificar com certeza quando uma pessoa est\u00e1 passando por uma crise suicida. Entretanto, alguns comportamentos podem indicar que algu\u00e9m est\u00e1 enfrentando sofrimento e precisa de acolhimento e aten\u00e7\u00e3o.<\/p>\n<p class=\"isSelectedEnd\">Entre os sinais que merecem aten\u00e7\u00e3o est\u00e3o o isolamento, mudan\u00e7as nos h\u00e1bitos de alimenta\u00e7\u00e3o e sono, automutila\u00e7\u00e3o, autodeprecia\u00e7\u00e3o, abandono de planos pessoais e interrup\u00e7\u00e3o dos estudos ou do trabalho.<\/p>\n<p class=\"isSelectedEnd\">O suic\u00eddio \u00e9 um fen\u00f4meno complexo e pode estar relacionado a diferentes fatores. A preven\u00e7\u00e3o envolve informa\u00e7\u00e3o, acolhimento, acompanhamento profissional e uma rede de apoio preparada para ouvir sem julgamentos.<\/p>\n<h2>Paran\u00e1 oferece atendimento psicol\u00f3gico gratuito<\/h2>\n<p class=\"isSelectedEnd\">No Paran\u00e1, a popula\u00e7\u00e3o pode buscar atendimento psicol\u00f3gico gratuito nas cl\u00ednicas-escola de universidades estaduais.<\/p>\n<p class=\"isSelectedEnd\">A Universidade Estadual de Londrina (UEL), a Universidade Estadual de Maring\u00e1 (UEM) e a Universidade Estadual do Centro-Oeste (Unicentro) oferecem servi\u00e7os de atendimento \u00e0 comunidade.<\/p>\n<p class=\"isSelectedEnd\">Os atendimentos s\u00e3o realizados por estudantes de Psicologia a partir do quarto ano da gradua\u00e7\u00e3o, com orienta\u00e7\u00e3o e supervis\u00e3o de professores.<\/p>\n<p class=\"isSelectedEnd\">As unidades localizadas em Irati, Londrina e Maring\u00e1 atendem crian\u00e7as, adolescentes, adultos e idosos. Os servi\u00e7os incluem atendimentos individuais, familiares e de casal, al\u00e9m de plant\u00f5es de acolhimento psicol\u00f3gico e grupos terap\u00eauticos.<\/p>\n<p class=\"isSelectedEnd\">Tamb\u00e9m s\u00e3o oferecidas a\u00e7\u00f5es de orienta\u00e7\u00e3o profissional para jovens, incluindo aplica\u00e7\u00e3o de testes vocacionais.<\/p>\n<p class=\"isSelectedEnd\">Antes do in\u00edcio do tratamento, os interessados passam por uma triagem para avalia\u00e7\u00e3o das necessidades de cada pessoa.<\/p>\n<p class=\"isSelectedEnd\">As universidades ainda desenvolvem projetos de extens\u00e3o voltados a p\u00fablicos espec\u00edficos, incluindo a\u00e7\u00f5es relacionadas \u00e0 sa\u00fade mental de trabalhadores, ambiente escolar e atividades comunit\u00e1rias.<\/p>\n<h2>Setembro tamb\u00e9m \u00e9 marcado pela Semana do Tr\u00e2nsito<\/h2>\n<p class=\"isSelectedEnd\">Outro tema de destaque durante setembro \u00e9 a seguran\u00e7a no tr\u00e2nsito. Em 2026, a Semana Nacional do Tr\u00e2nsito ser\u00e1 realizada entre os dias 18 e 25 de setembro.<\/p>\n<p class=\"isSelectedEnd\">A mobiliza\u00e7\u00e3o busca conscientizar motoristas, motociclistas, ciclistas e pedestres sobre a import\u00e2ncia da responsabilidade e da seguran\u00e7a nas vias p\u00fablicas.<\/p>\n<p class=\"isSelectedEnd\">Dados do Minist\u00e9rio da Sa\u00fade, extra\u00eddos do Sistema de Informa\u00e7\u00f5es sobre Mortalidade (SIM), apontam o Paran\u00e1 como o terceiro estado brasileiro com maior n\u00famero de mortes no tr\u00e2nsito.<\/p>\n<p class=\"isSelectedEnd\">Entre janeiro de 2016 e maio de 2026, 27.081 pessoas morreram no Paran\u00e1 em decorr\u00eancia de acidentes de transporte terrestre.<\/p>\n<p class=\"isSelectedEnd\">Somente em 2026, at\u00e9 maio, foram registrados 903 \u00f3bitos. Em 2025, foram 2.700 mortes, enquanto 2024 registrou 2.852. O n\u00famero de 2024 foi o maior registrado em um \u00fanico ano no estado desde 2014.<\/p>\n<h2>Acidentes geram impacto tamb\u00e9m na sa\u00fade p\u00fablica<\/h2>\n<p class=\"isSelectedEnd\">Em Curitiba, os acidentes de tr\u00e2nsito tamb\u00e9m representam um impacto significativo para os servi\u00e7os p\u00fablicos de sa\u00fade.<\/p>\n<p class=\"isSelectedEnd\">Em 2025, os gastos hospitalares relacionados ao atendimento de 9.229 v\u00edtimas chegaram a R$ 37,1 milh\u00f5es.<\/p>\n<p class=\"isSelectedEnd\">Quando s\u00e3o considerados traumas, sequelas graves e mortes, o impacto social \u00e9 ainda maior, podendo chegar a R$ 806 milh\u00f5es.<\/p>\n<p class=\"isSelectedEnd\">Os n\u00fameros refor\u00e7am a import\u00e2ncia de a\u00e7\u00f5es permanentes de preven\u00e7\u00e3o, tanto na \u00e1rea da sa\u00fade mental quanto na seguran\u00e7a no tr\u00e2nsito.<\/p>\n<h2>Procure ajuda<\/h2>\n<p class=\"isSelectedEnd\">Se voc\u00ea ou algu\u00e9m pr\u00f3ximo estiver passando por um momento de sofrimento emocional, n\u00e3o enfrente essa situa\u00e7\u00e3o sozinho. Conversar com algu\u00e9m de confian\u00e7a e buscar atendimento profissional pode fazer diferen\u00e7a.<\/p>\n<p class=\"isSelectedEnd\">CVV \u2013 Centro de Valoriza\u00e7\u00e3o da Vida<\/p>\n<p class=\"isSelectedEnd\">&#x260e;&#xfe0f; Ligue 188<\/p>\n<p class=\"isSelectedEnd\">O atendimento \u00e9 gratuito e funciona 24 horas por dia, todos os dias.<\/p>\n<p>Em uma situa\u00e7\u00e3o de emerg\u00eancia ou risco imediato, procure uma unidade de pronto atendimento ou servi\u00e7o de emerg\u00eancia da sua regi\u00e3o.<\/p>\n","protected":false},"excerpt":{"rendered":"<p>Campanha realizada durante o m\u00eas de setembro busca ampliar o di\u00e1logo sobre sa\u00fade mental, identificar sinais de sofrimento e incentivar a busca por ajuda Setembro Amarelo chama aten\u00e7\u00e3o para a sa\u00fade mental O m\u00eas de setembro \u00e9 marcado pelo Setembro Amarelo, campanha de conscientiza\u00e7\u00e3o e preven\u00e7\u00e3o ao suic\u00eddio que busca combater o estigma relacionado \u00e0 [&hellip;]<\/p>\n","protected":false},"author":16,"featured_media":7785,"comment_status":"open","ping_status":"open","sticky":false,"template":"","format":"standard","meta":{"footnotes":""},"categories":[5,157],"tags":[3061,758,3059,3060,2293,77,3058,820,3062,3057,2717,568],"class_list":["post-7784","post","type-post","status-publish","format-standard","has-post-thumbnail","hentry","category-brasil","category-saude","tag-atendimento-psicologico","tag-curitiba","tag-cvv","tag-cvv-188","tag-jovens","tag-parana","tag-prevencao-ao-suicidio","tag-saude-mental","tag-semana-do-transito","tag-setembro-amarelo","tag-suicidio","tag-transito"],"yoast_head":"<!-- This site is optimized with the Yoast SEO plugin v28.1 - https:\/\/yoast.com\/product\/yoast-seo-wordpress\/ -->\n<title>Setembro Amarelo refor\u00e7a alerta sobre suic\u00eddio entre jovens e import\u00e2ncia da preven\u00e7\u00e3o - Mz Not\u00edcias<\/title>\n<meta name=\"description\" content=\"Setembro Amarelo refor\u00e7a a preven\u00e7\u00e3o ao suic\u00eddio, destaca sinais de alerta, atendimento psicol\u00f3gico gratuito e canais de ajuda no Paran\u00e1.\" \/>\n<meta name=\"robots\" content=\"index, follow, max-snippet:-1, max-image-preview:large, max-video-preview:-1\" \/>\n<link rel=\"canonical\" href=\"https:\/\/mznoticia.com.br\/piraidosul\/setembro-amarelo-reforca-alerta-sobre-suicidio-entre-jovens-e-importancia-da-prevencao\/\" \/>\n<meta property=\"og:locale\" content=\"pt_BR\" \/>\n<meta property=\"og:type\" content=\"article\" \/>\n<meta property=\"og:title\" content=\"Setembro Amarelo refor\u00e7a alerta sobre suic\u00eddio entre jovens e import\u00e2ncia da preven\u00e7\u00e3o - Mz Not\u00edcias\" \/>\n<meta property=\"og:description\" content=\"Setembro Amarelo refor\u00e7a a preven\u00e7\u00e3o ao suic\u00eddio, destaca sinais de alerta, atendimento psicol\u00f3gico gratuito e canais de ajuda no Paran\u00e1.\" \/>\n<meta property=\"og:url\" content=\"https:\/\/mznoticia.com.br\/piraidosul\/setembro-amarelo-reforca-alerta-sobre-suicidio-entre-jovens-e-importancia-da-prevencao\/\" \/>\n<meta property=\"og:site_name\" content=\"Mz Not\u00edcias\" \/>\n<meta property=\"article:publisher\" content=\"https:\/\/www.facebook.com\/profile.php?id=61573479951222\" \/>\n<meta property=\"article:published_time\" content=\"2026-08-31T16:43:49+00:00\" \/>\n<meta property=\"og:image\" content=\"https:\/\/mznoticia.com.br\/piraidosul\/wp-content\/uploads\/2026\/08\/500.png\" \/>\n\t<meta property=\"og:image:width\" content=\"1200\" \/>\n\t<meta property=\"og:image:height\" content=\"800\" \/>\n\t<meta property=\"og:image:type\" content=\"image\/png\" \/>\n<meta name=\"author\" content=\"Redacao mz\" \/>\n<meta name=\"twitter:card\" content=\"summary_large_image\" \/>\n<meta name=\"twitter:label1\" content=\"Escrito por\" \/>\n\t<meta name=\"twitter:data1\" content=\"Redacao mz\" \/>\n\t<meta name=\"twitter:label2\" content=\"Est. tempo de leitura\" \/>\n\t<meta name=\"twitter:data2\" content=\"5 minutos\" \/>\n<script type=\"application\/ld+json\" class=\"yoast-schema-graph\">{\"@context\":\"https:\\\/\\\/schema.org\",\"@graph\":[{\"@type\":\"Article\",\"@id\":\"https:\\\/\\\/mznoticia.com.br\\\/piraidosul\\\/setembro-amarelo-reforca-alerta-sobre-suicidio-entre-jovens-e-importancia-da-prevencao\\\/#article\",\"isPartOf\":{\"@id\":\"https:\\\/\\\/mznoticia.com.br\\\/piraidosul\\\/setembro-amarelo-reforca-alerta-sobre-suicidio-entre-jovens-e-importancia-da-prevencao\\\/\"},\"author\":{\"name\":\"Redacao mz\",\"@id\":\"https:\\\/\\\/mznoticia.com.br\\\/piraidosul\\\/#\\\/schema\\\/person\\\/84012d827247b3f42f37b550da79cd03\"},\"headline\":\"Setembro Amarelo refor\u00e7a alerta sobre suic\u00eddio entre jovens e import\u00e2ncia da preven\u00e7\u00e3o\",\"datePublished\":\"2026-08-31T16:43:49+00:00\",\"mainEntityOfPage\":{\"@id\":\"https:\\\/\\\/mznoticia.com.br\\\/piraidosul\\\/setembro-amarelo-reforca-alerta-sobre-suicidio-entre-jovens-e-importancia-da-prevencao\\\/\"},\"wordCount\":830,\"commentCount\":0,\"publisher\":{\"@id\":\"https:\\\/\\\/mznoticia.com.br\\\/piraidosul\\\/#organization\"},\"image\":{\"@id\":\"https:\\\/\\\/mznoticia.com.br\\\/piraidosul\\\/setembro-amarelo-reforca-alerta-sobre-suicidio-entre-jovens-e-importancia-da-prevencao\\\/#primaryimage\"},\"thumbnailUrl\":\"https:\\\/\\\/mznoticia.com.br\\\/piraidosul\\\/wp-content\\\/uploads\\\/2026\\\/08\\\/500.png\",\"keywords\":[\"atendimento psicol\u00f3gico\",\"Curitiba\",\"CVV\",\"CVV 188\",\"jovens\",\"parana\",\"preven\u00e7\u00e3o ao suic\u00eddio\",\"Sa\u00fade Mental\",\"Semana do Tr\u00e2nsito\",\"Setembro Amarelo\",\"suic\u00eddio\",\"tr\u00e2nsito\"],\"articleSection\":[\"Brasil\",\"Sa\u00fade\"],\"inLanguage\":\"pt-BR\",\"potentialAction\":[{\"@type\":\"CommentAction\",\"name\":\"Comment\",\"target\":[\"https:\\\/\\\/mznoticia.com.br\\\/piraidosul\\\/setembro-amarelo-reforca-alerta-sobre-suicidio-entre-jovens-e-importancia-da-prevencao\\\/#respond\"]}]},{\"@type\":\"WebPage\",\"@id\":\"https:\\\/\\\/mznoticia.com.br\\\/piraidosul\\\/setembro-amarelo-reforca-alerta-sobre-suicidio-entre-jovens-e-importancia-da-prevencao\\\/\",\"url\":\"https:\\\/\\\/mznoticia.com.br\\\/piraidosul\\\/setembro-amarelo-reforca-alerta-sobre-suicidio-entre-jovens-e-importancia-da-prevencao\\\/\",\"name\":\"Setembro Amarelo refor\u00e7a alerta sobre suic\u00eddio entre jovens e import\u00e2ncia da preven\u00e7\u00e3o - Mz Not\u00edcias\",\"isPartOf\":{\"@id\":\"https:\\\/\\\/mznoticia.com.br\\\/piraidosul\\\/#website\"},\"primaryImageOfPage\":{\"@id\":\"https:\\\/\\\/mznoticia.com.br\\\/piraidosul\\\/setembro-amarelo-reforca-alerta-sobre-suicidio-entre-jovens-e-importancia-da-prevencao\\\/#primaryimage\"},\"image\":{\"@id\":\"https:\\\/\\\/mznoticia.com.br\\\/piraidosul\\\/setembro-amarelo-reforca-alerta-sobre-suicidio-entre-jovens-e-importancia-da-prevencao\\\/#primaryimage\"},\"thumbnailUrl\":\"https:\\\/\\\/mznoticia.com.br\\\/piraidosul\\\/wp-content\\\/uploads\\\/2026\\\/08\\\/500.png\",\"datePublished\":\"2026-08-31T16:43:49+00:00\",\"description\":\"Setembro Amarelo refor\u00e7a a preven\u00e7\u00e3o ao suic\u00eddio, destaca sinais de alerta, atendimento psicol\u00f3gico gratuito e canais de ajuda no Paran\u00e1.\",\"breadcrumb\":{\"@id\":\"https:\\\/\\\/mznoticia.com.br\\\/piraidosul\\\/setembro-amarelo-reforca-alerta-sobre-suicidio-entre-jovens-e-importancia-da-prevencao\\\/#breadcrumb\"},\"inLanguage\":\"pt-BR\",\"potentialAction\":[{\"@type\":\"ReadAction\",\"target\":[\"https:\\\/\\\/mznoticia.com.br\\\/piraidosul\\\/setembro-amarelo-reforca-alerta-sobre-suicidio-entre-jovens-e-importancia-da-prevencao\\\/\"]}]},{\"@type\":\"ImageObject\",\"inLanguage\":\"pt-BR\",\"@id\":\"https:\\\/\\\/mznoticia.com.br\\\/piraidosul\\\/setembro-amarelo-reforca-alerta-sobre-suicidio-entre-jovens-e-importancia-da-prevencao\\\/#primaryimage\",\"url\":\"https:\\\/\\\/mznoticia.com.br\\\/piraidosul\\\/wp-content\\\/uploads\\\/2026\\\/08\\\/500.png\",\"contentUrl\":\"https:\\\/\\\/mznoticia.com.br\\\/piraidosul\\\/wp-content\\\/uploads\\\/2026\\\/08\\\/500.png\",\"width\":1200,\"height\":800},{\"@type\":\"BreadcrumbList\",\"@id\":\"https:\\\/\\\/mznoticia.com.br\\\/piraidosul\\\/setembro-amarelo-reforca-alerta-sobre-suicidio-entre-jovens-e-importancia-da-prevencao\\\/#breadcrumb\",\"itemListElement\":[{\"@type\":\"ListItem\",\"position\":1,\"name\":\"Home\",\"item\":\"https:\\\/\\\/mznoticia.com.br\\\/piraidosul\\\/\"},{\"@type\":\"ListItem\",\"position\":2,\"name\":\"Setembro Amarelo refor\u00e7a alerta sobre suic\u00eddio entre jovens e import\u00e2ncia da preven\u00e7\u00e3o\"}]},{\"@type\":\"WebSite\",\"@id\":\"https:\\\/\\\/mznoticia.com.br\\\/piraidosul\\\/#website\",\"url\":\"https:\\\/\\\/mznoticia.com.br\\\/piraidosul\\\/\",\"name\":\"Mz Not\u00edcia\",\"description\":\"A informa\u00e7\u00e3o que voc\u00ea precisa na hora certa!\",\"publisher\":{\"@id\":\"https:\\\/\\\/mznoticia.com.br\\\/piraidosul\\\/#organization\"},\"potentialAction\":[{\"@type\":\"SearchAction\",\"target\":{\"@type\":\"EntryPoint\",\"urlTemplate\":\"https:\\\/\\\/mznoticia.com.br\\\/piraidosul\\\/?s={search_term_string}\"},\"query-input\":{\"@type\":\"PropertyValueSpecification\",\"valueRequired\":true,\"valueName\":\"search_term_string\"}}],\"inLanguage\":\"pt-BR\"},{\"@type\":\"Organization\",\"@id\":\"https:\\\/\\\/mznoticia.com.br\\\/piraidosul\\\/#organization\",\"name\":\"Mz Not\u00edcia\",\"url\":\"https:\\\/\\\/mznoticia.com.br\\\/piraidosul\\\/\",\"logo\":{\"@type\":\"ImageObject\",\"inLanguage\":\"pt-BR\",\"@id\":\"https:\\\/\\\/mznoticia.com.br\\\/piraidosul\\\/#\\\/schema\\\/logo\\\/image\\\/\",\"url\":\"https:\\\/\\\/mznoticia.com.br\\\/jaguariaiva\\\/wp-content\\\/uploads\\\/2025\\\/03\\\/Design-sem-nome-4-e1741200616392.png\",\"contentUrl\":\"https:\\\/\\\/mznoticia.com.br\\\/jaguariaiva\\\/wp-content\\\/uploads\\\/2025\\\/03\\\/Design-sem-nome-4-e1741200616392.png\",\"width\":750,\"height\":563,\"caption\":\"Mz Not\u00edcia\"},\"image\":{\"@id\":\"https:\\\/\\\/mznoticia.com.br\\\/piraidosul\\\/#\\\/schema\\\/logo\\\/image\\\/\"},\"sameAs\":[\"https:\\\/\\\/www.facebook.com\\\/profile.php?id=61573479951222\",\"https:\\\/\\\/www.instagram.com\\\/mz.jaguariaiva\\\/\"]},{\"@type\":\"Person\",\"@id\":\"https:\\\/\\\/mznoticia.com.br\\\/piraidosul\\\/#\\\/schema\\\/person\\\/84012d827247b3f42f37b550da79cd03\",\"name\":\"Redacao mz\",\"image\":{\"@type\":\"ImageObject\",\"inLanguage\":\"pt-BR\",\"@id\":\"https:\\\/\\\/secure.gravatar.com\\\/avatar\\\/3835c58a73b55edb97de944593845d3f29acb93b7a088f3bf63afde947ab86ba?s=96&d=simple_local_avatar&r=g\",\"url\":\"https:\\\/\\\/secure.gravatar.com\\\/avatar\\\/3835c58a73b55edb97de944593845d3f29acb93b7a088f3bf63afde947ab86ba?s=96&d=simple_local_avatar&r=g\",\"contentUrl\":\"https:\\\/\\\/secure.gravatar.com\\\/avatar\\\/3835c58a73b55edb97de944593845d3f29acb93b7a088f3bf63afde947ab86ba?s=96&d=simple_local_avatar&r=g\",\"caption\":\"Redacao mz\"},\"sameAs\":[\"http:\\\/\\\/mznoticia.com.br\"],\"url\":\"https:\\\/\\\/mznoticia.com.br\\\/piraidosul\\\/author\\\/lucimara\\\/\"}]}<\/script>\n<!-- \/ Yoast SEO plugin. -->","yoast_head_json":{"title":"Setembro Amarelo refor\u00e7a alerta sobre suic\u00eddio entre jovens e import\u00e2ncia da preven\u00e7\u00e3o - Mz Not\u00edcias","description":"Setembro Amarelo refor\u00e7a a preven\u00e7\u00e3o ao suic\u00eddio, destaca sinais de alerta, atendimento psicol\u00f3gico gratuito e canais de ajuda no Paran\u00e1.","robots":{"index":"index","follow":"follow","max-snippet":"max-snippet:-1","max-image-preview":"max-image-preview:large","max-video-preview":"max-video-preview:-1"},"canonical":"https:\/\/mznoticia.com.br\/piraidosul\/setembro-amarelo-reforca-alerta-sobre-suicidio-entre-jovens-e-importancia-da-prevencao\/","og_locale":"pt_BR","og_type":"article","og_title":"Setembro Amarelo refor\u00e7a alerta sobre suic\u00eddio entre jovens e import\u00e2ncia da preven\u00e7\u00e3o - Mz Not\u00edcias","og_description":"Setembro Amarelo refor\u00e7a a preven\u00e7\u00e3o ao suic\u00eddio, destaca sinais de alerta, atendimento psicol\u00f3gico gratuito e canais de ajuda no Paran\u00e1.","og_url":"https:\/\/mznoticia.com.br\/piraidosul\/setembro-amarelo-reforca-alerta-sobre-suicidio-entre-jovens-e-importancia-da-prevencao\/","og_site_name":"Mz Not\u00edcias","article_publisher":"https:\/\/www.facebook.com\/profile.php?id=61573479951222","article_published_time":"2026-08-31T16:43:49+00:00","og_image":[{"width":1200,"height":800,"url":"https:\/\/mznoticia.com.br\/piraidosul\/wp-content\/uploads\/2026\/08\/500.png","type":"image\/png"}],"author":"Redacao mz","twitter_card":"summary_large_image","twitter_misc":{"Escrito por":"Redacao mz","Est. tempo de leitura":"5 minutos"},"schema":{"@context":"https:\/\/schema.org","@graph":[{"@type":"Article","@id":"https:\/\/mznoticia.com.br\/piraidosul\/setembro-amarelo-reforca-alerta-sobre-suicidio-entre-jovens-e-importancia-da-prevencao\/#article","isPartOf":{"@id":"https:\/\/mznoticia.com.br\/piraidosul\/setembro-amarelo-reforca-alerta-sobre-suicidio-entre-jovens-e-importancia-da-prevencao\/"},"author":{"name":"Redacao mz","@id":"https:\/\/mznoticia.com.br\/piraidosul\/#\/schema\/person\/84012d827247b3f42f37b550da79cd03"},"headline":"Setembro Amarelo refor\u00e7a alerta sobre suic\u00eddio entre jovens e import\u00e2ncia da preven\u00e7\u00e3o","datePublished":"2026-08-31T16:43:49+00:00","mainEntityOfPage":{"@id":"https:\/\/mznoticia.com.br\/piraidosul\/setembro-amarelo-reforca-alerta-sobre-suicidio-entre-jovens-e-importancia-da-prevencao\/"},"wordCount":830,"commentCount":0,"publisher":{"@id":"https:\/\/mznoticia.com.br\/piraidosul\/#organization"},"image":{"@id":"https:\/\/mznoticia.com.br\/piraidosul\/setembro-amarelo-reforca-alerta-sobre-suicidio-entre-jovens-e-importancia-da-prevencao\/#primaryimage"},"thumbnailUrl":"https:\/\/mznoticia.com.br\/piraidosul\/wp-content\/uploads\/2026\/08\/500.png","keywords":["atendimento psicol\u00f3gico","Curitiba","CVV","CVV 188","jovens","parana","preven\u00e7\u00e3o ao suic\u00eddio","Sa\u00fade Mental","Semana do Tr\u00e2nsito","Setembro Amarelo","suic\u00eddio","tr\u00e2nsito"],"articleSection":["Brasil","Sa\u00fade"],"inLanguage":"pt-BR","potentialAction":[{"@type":"CommentAction","name":"Comment","target":["https:\/\/mznoticia.com.br\/piraidosul\/setembro-amarelo-reforca-alerta-sobre-suicidio-entre-jovens-e-importancia-da-prevencao\/#respond"]}]},{"@type":"WebPage","@id":"https:\/\/mznoticia.com.br\/piraidosul\/setembro-amarelo-reforca-alerta-sobre-suicidio-entre-jovens-e-importancia-da-prevencao\/","url":"https:\/\/mznoticia.com.br\/piraidosul\/setembro-amarelo-reforca-alerta-sobre-suicidio-entre-jovens-e-importancia-da-prevencao\/","name":"Setembro Amarelo refor\u00e7a alerta sobre suic\u00eddio entre jovens e import\u00e2ncia da preven\u00e7\u00e3o - Mz Not\u00edcias","isPartOf":{"@id":"https:\/\/mznoticia.com.br\/piraidosul\/#website"},"primaryImageOfPage":{"@id":"https:\/\/mznoticia.com.br\/piraidosul\/setembro-amarelo-reforca-alerta-sobre-suicidio-entre-jovens-e-importancia-da-prevencao\/#primaryimage"},"image":{"@id":"https:\/\/mznoticia.com.br\/piraidosul\/setembro-amarelo-reforca-alerta-sobre-suicidio-entre-jovens-e-importancia-da-prevencao\/#primaryimage"},"thumbnailUrl":"https:\/\/mznoticia.com.br\/piraidosul\/wp-content\/uploads\/2026\/08\/500.png","datePublished":"2026-08-31T16:43:49+00:00","description":"Setembro Amarelo refor\u00e7a a preven\u00e7\u00e3o ao suic\u00eddio, destaca sinais de alerta, atendimento psicol\u00f3gico gratuito e canais de ajuda no Paran\u00e1.","breadcrumb":{"@id":"https:\/\/mznoticia.com.br\/piraidosul\/setembro-amarelo-reforca-alerta-sobre-suicidio-entre-jovens-e-importancia-da-prevencao\/#breadcrumb"},"inLanguage":"pt-BR","potentialAction":[{"@type":"ReadAction","target":["https:\/\/mznoticia.com.br\/piraidosul\/setembro-amarelo-reforca-alerta-sobre-suicidio-entre-jovens-e-importancia-da-prevencao\/"]}]},{"@type":"ImageObject","inLanguage":"pt-BR","@id":"https:\/\/mznoticia.com.br\/piraidosul\/setembro-amarelo-reforca-alerta-sobre-suicidio-entre-jovens-e-importancia-da-prevencao\/#primaryimage","url":"https:\/\/mznoticia.com.br\/piraidosul\/wp-content\/uploads\/2026\/08\/500.png","contentUrl":"https:\/\/mznoticia.com.br\/piraidosul\/wp-content\/uploads\/2026\/08\/500.png","width":1200,"height":800},{"@type":"BreadcrumbList","@id":"https:\/\/mznoticia.com.br\/piraidosul\/setembro-amarelo-reforca-alerta-sobre-suicidio-entre-jovens-e-importancia-da-prevencao\/#breadcrumb","itemListElement":[{"@type":"ListItem","position":1,"name":"Home","item":"https:\/\/mznoticia.com.br\/piraidosul\/"},{"@type":"ListItem","position":2,"name":"Setembro Amarelo refor\u00e7a alerta sobre suic\u00eddio entre jovens e import\u00e2ncia da preven\u00e7\u00e3o"}]},{"@type":"WebSite","@id":"https:\/\/mznoticia.com.br\/piraidosul\/#website","url":"https:\/\/mznoticia.com.br\/piraidosul\/","name":"Mz Not\u00edcia","description":"A informa\u00e7\u00e3o que voc\u00ea precisa na hora certa!","publisher":{"@id":"https:\/\/mznoticia.com.br\/piraidosul\/#organization"},"potentialAction":[{"@type":"SearchAction","target":{"@type":"EntryPoint","urlTemplate":"https:\/\/mznoticia.com.br\/piraidosul\/?s={search_term_string}"},"query-input":{"@type":"PropertyValueSpecification","valueRequired":true,"valueName":"search_term_string"}}],"inLanguage":"pt-BR"},{"@type":"Organization","@id":"https:\/\/mznoticia.com.br\/piraidosul\/#organization","name":"Mz Not\u00edcia","url":"https:\/\/mznoticia.com.br\/piraidosul\/","logo":{"@type":"ImageObject","inLanguage":"pt-BR","@id":"https:\/\/mznoticia.com.br\/piraidosul\/#\/schema\/logo\/image\/","url":"https:\/\/mznoticia.com.br\/jaguariaiva\/wp-content\/uploads\/2025\/03\/Design-sem-nome-4-e1741200616392.png","contentUrl":"https:\/\/mznoticia.com.br\/jaguariaiva\/wp-content\/uploads\/2025\/03\/Design-sem-nome-4-e1741200616392.png","width":750,"height":563,"caption":"Mz Not\u00edcia"},"image":{"@id":"https:\/\/mznoticia.com.br\/piraidosul\/#\/schema\/logo\/image\/"},"sameAs":["https:\/\/www.facebook.com\/profile.php?id=61573479951222","https:\/\/www.instagram.com\/mz.jaguariaiva\/"]},{"@type":"Person","@id":"https:\/\/mznoticia.com.br\/piraidosul\/#\/schema\/person\/84012d827247b3f42f37b550da79cd03","name":"Redacao mz","image":{"@type":"ImageObject","inLanguage":"pt-BR","@id":"https:\/\/secure.gravatar.com\/avatar\/3835c58a73b55edb97de944593845d3f29acb93b7a088f3bf63afde947ab86ba?s=96&d=simple_local_avatar&r=g","url":"https:\/\/secure.gravatar.com\/avatar\/3835c58a73b55edb97de944593845d3f29acb93b7a088f3bf63afde947ab86ba?s=96&d=simple_local_avatar&r=g","contentUrl":"https:\/\/secure.gravatar.com\/avatar\/3835c58a73b55edb97de944593845d3f29acb93b7a088f3bf63afde947ab86ba?s=96&d=simple_local_avatar&r=g","caption":"Redacao mz"},"sameAs":["http:\/\/mznoticia.com.br"],"url":"https:\/\/mznoticia.com.br\/piraidosul\/author\/lucimara\/"}]}},"_links":{"self":[{"href":"https:\/\/mznoticia.com.br\/piraidosul\/wp-json\/wp\/v2\/posts\/7784","targetHints":{"allow":["GET"]}}],"collection":[{"href":"https:\/\/mznoticia.com.br\/piraidosul\/wp-json\/wp\/v2\/posts"}],"about":[{"href":"https:\/\/mznoticia.com.br\/piraidosul\/wp-json\/wp\/v2\/types\/post"}],"author":[{"embeddable":true,"href":"https:\/\/mznoticia.com.br\/piraidosul\/wp-json\/wp\/v2\/users\/16"}],"replies":[{"embeddable":true,"href":"https:\/\/mznoticia.com.br\/piraidosul\/wp-json\/wp\/v2\/comments?post=7784"}],"version-history":[{"count":1,"href":"https:\/\/mznoticia.com.br\/piraidosul\/wp-json\/wp\/v2\/posts\/7784\/revisions"}],"predecessor-version":[{"id":7786,"href":"https:\/\/mznoticia.com.br\/piraidosul\/wp-json\/wp\/v2\/posts\/7784\/revisions\/7786"}],"wp:featuredmedia":[{"embeddable":true,"href":"https:\/\/mznoticia.com.br\/piraidosul\/wp-json\/wp\/v2\/media\/7785"}],"wp:attachment":[{"href":"https:\/\/mznoticia.com.br\/piraidosul\/wp-json\/wp\/v2\/media?parent=7784"}],"wp:term":[{"taxonomy":"category","embeddable":true,"href":"https:\/\/mznoticia.com.br\/piraidosul\/wp-json\/wp\/v2\/categories?post=7784"},{"taxonomy":"post_tag","embeddable":true,"href":"https:\/\/mznoticia.com.br\/piraidosul\/wp-json\/wp\/v2\/tags?post=7784"}],"curies":[{"name":"wp","href":"https:\/\/api.w.org\/{rel}","templated":true}]}}