{"id":7808,"date":"2026-08-31T18:40:29","date_gmt":"2026-08-31T18:40:29","guid":{"rendered":"https:\/\/mznoticia.com.br\/piraidosul\/?p=7808"},"modified":"2026-08-31T18:42:11","modified_gmt":"2026-08-31T18:42:11","slug":"7808-2","status":"publish","type":"post","link":"https:\/\/mznoticia.com.br\/piraidosul\/7808-2\/","title":{"rendered":"Aeroporto Afonso Pena ser\u00e1 principal base de manuten\u00e7\u00e3o da nova frota da LATAM"},"content":{"rendered":"<p class=\"PDq2pG_selectionAnchorContainer\" data-start=\"84\" data-end=\"400\">O <strong data-start=\"86\" data-end=\"150\">Aeroporto Internacional Afonso Pena, em S\u00e3o Jos\u00e9 dos Pinhais<\/strong>, ser\u00e1 o principal centro de manuten\u00e7\u00e3o programada da nova frota de <strong data-start=\"218\" data-end=\"262\">Embraer E195-E2 da LATAM Airlines Brasil<\/strong>. A estrutura deve ser conclu\u00edda em outubro e ter\u00e1 capacidade para atender <strong data-start=\"337\" data-end=\"399\">at\u00e9 tr\u00eas aeronaves por pernoite e 21 atendimentos semanais<\/strong>.<\/p>\n<p data-start=\"402\" data-end=\"582\">A companhia est\u00e1 investindo na constru\u00e7\u00e3o de uma nova sala de manuten\u00e7\u00e3o, moderniza\u00e7\u00e3o do armaz\u00e9m e da ferramentaria e aquisi\u00e7\u00e3o de equipamentos especializados para os novos jatos.<\/p>\n<h3 data-section-id=\"b8dptc\" data-start=\"584\" data-end=\"611\">Investimento e empregos<\/h3>\n<p data-start=\"613\" data-end=\"848\">A LATAM receber\u00e1 <strong data-start=\"630\" data-end=\"660\">24 novas aeronaves E195-E2<\/strong>, com Curitiba escolhida como principal base de manuten\u00e7\u00e3o no Sul do pa\u00eds. A opera\u00e7\u00e3o nacional contar\u00e1 com <strong data-start=\"767\" data-end=\"797\">127 mec\u00e2nicos qualificados<\/strong> distribu\u00eddos entre Curitiba, Guarulhos e Bras\u00edlia.<\/p>\n<p data-start=\"850\" data-end=\"949\">A equipe paranaense j\u00e1 passou por treinamentos espec\u00edficos para atuar na manuten\u00e7\u00e3o do novo modelo.<\/p>\n<h3 data-section-id=\"1dt7lmh\" data-start=\"951\" data-end=\"974\">Mais voos no Paran\u00e1<\/h3>\n<p data-start=\"976\" data-end=\"1076\">A chegada do E195-E2 tamb\u00e9m ser\u00e1 acompanhada pela expans\u00e3o da malha a\u00e9rea. Entre as novidades est\u00e3o:<\/p>\n<ul data-start=\"1078\" data-end=\"1398\">\n<li data-section-id=\"whtbq9\" data-start=\"1078\" data-end=\"1138\"><strong data-start=\"1080\" data-end=\"1102\">Curitiba\u2013Londrina:<\/strong> 14 voos semanais a partir de mar\u00e7o;<\/li>\n<li data-section-id=\"x9ko0j\" data-start=\"1139\" data-end=\"1196\"><strong data-start=\"1141\" data-end=\"1161\">Curitiba\u2013Cuiab\u00e1:<\/strong> 7 voos semanais a partir de mar\u00e7o;<\/li>\n<li data-section-id=\"gg05e4\" data-start=\"1197\" data-end=\"1262\"><strong data-start=\"1199\" data-end=\"1219\">Curitiba\u2013Gale\u00e3o:<\/strong> aumento para 21 voos semanais em dezembro;<\/li>\n<li data-section-id=\"9yp60l\" data-start=\"1263\" data-end=\"1322\"><strong data-start=\"1265\" data-end=\"1291\">Curitiba\u2013Porto Alegre:<\/strong> 21 voos semanais em fevereiro;<\/li>\n<li data-section-id=\"1o3502t\" data-start=\"1323\" data-end=\"1398\"><strong data-start=\"1325\" data-end=\"1348\">Guarulhos\u2013Cascavel:<\/strong> aumento para 21 frequ\u00eancias semanais em dezembro.<\/li>\n<\/ul>\n<p data-start=\"1400\" data-end=\"1560\">As novas aeronaves ter\u00e3o <strong data-start=\"1425\" data-end=\"1461\">136 assentos em configura\u00e7\u00e3o 2&#215;2<\/strong>, sem poltrona do meio, al\u00e9m de Premium Economy, entradas USB-C, Wi-Fi e sistema de entretenimento.<\/p>\n<h3 data-section-id=\"dnxr47\" data-start=\"1562\" data-end=\"1588\">Crescimento da avia\u00e7\u00e3o<\/h3>\n<p data-start=\"1590\" data-end=\"1750\">Em 2025, Curitiba registrou <strong data-start=\"1618\" data-end=\"1662\">14,3 mil voos e 2,64 milh\u00f5es de assentos<\/strong> em seis rotas dom\u00e9sticas, crescimento de 12% e 14%, respectivamente, em rela\u00e7\u00e3o a 2024.<\/p>\n<p data-start=\"1752\" data-end=\"1867\">Atualmente, a LATAM opera em <strong data-start=\"1781\" data-end=\"1811\">cinco aeroportos do Paran\u00e1<\/strong>: Curitiba, Foz do Igua\u00e7u, Londrina, Maring\u00e1 e Cascavel.<\/p>\n<p data-start=\"1869\" data-end=\"2007\" data-is-last-node=\"\" data-is-only-node=\"\">A iniciativa fortalece o Paran\u00e1 como polo de manuten\u00e7\u00e3o aeron\u00e1utica e amplia a conectividade a\u00e9rea do Estado com outras regi\u00f5es do Brasil.<\/p>\n","protected":false},"excerpt":{"rendered":"<p>O Aeroporto Internacional Afonso Pena, em S\u00e3o Jos\u00e9 dos Pinhais, ser\u00e1 o principal centro de manuten\u00e7\u00e3o programada da nova frota de Embraer E195-E2 da LATAM Airlines Brasil. A estrutura deve ser conclu\u00edda em outubro e ter\u00e1 capacidade para atender at\u00e9 tr\u00eas aeronaves por pernoite e 21 atendimentos semanais. A companhia est\u00e1 investindo na constru\u00e7\u00e3o de [&hellip;]<\/p>\n","protected":false},"author":16,"featured_media":7809,"comment_status":"open","ping_status":"open","sticky":false,"template":"","format":"standard","meta":{"footnotes":""},"categories":[303],"tags":[1730,531,758,460,3077,1731,77,657,732,3078],"class_list":["post-7808","post","type-post","status-publish","format-standard","has-post-thumbnail","hentry","category-parana","tag-aeroporto-afonso-pena","tag-aviacao","tag-curitiba","tag-economia","tag-embraer-e195-e2","tag-latam","tag-parana","tag-sao-jose-dos-pinhais","tag-turismo","tag-voos"],"yoast_head":"<!-- This site is optimized with the Yoast SEO plugin v28.1 - https:\/\/yoast.com\/product\/yoast-seo-wordpress\/ -->\n<title>Aeroporto Afonso Pena ser\u00e1 principal base de manuten\u00e7\u00e3o da nova frota da LATAM - Mz Not\u00edcias<\/title>\n<meta name=\"description\" content=\"Aeroporto Afonso Pena, no Paran\u00e1, ser\u00e1 a principal base de manuten\u00e7\u00e3o dos novos Embraer E195-E2 da LATAM, com amplia\u00e7\u00e3o de voos no Estado.\" \/>\n<meta name=\"robots\" content=\"index, follow, max-snippet:-1, max-image-preview:large, max-video-preview:-1\" \/>\n<link rel=\"canonical\" href=\"https:\/\/mznoticia.com.br\/piraidosul\/7808-2\/\" \/>\n<meta property=\"og:locale\" content=\"pt_BR\" \/>\n<meta property=\"og:type\" content=\"article\" \/>\n<meta property=\"og:title\" content=\"Aeroporto Afonso Pena ser\u00e1 principal base de manuten\u00e7\u00e3o da nova frota da LATAM - Mz Not\u00edcias\" \/>\n<meta property=\"og:description\" content=\"Aeroporto Afonso Pena, no Paran\u00e1, ser\u00e1 a principal base de manuten\u00e7\u00e3o dos novos Embraer E195-E2 da LATAM, com amplia\u00e7\u00e3o de voos no Estado.\" \/>\n<meta property=\"og:url\" content=\"https:\/\/mznoticia.com.br\/piraidosul\/7808-2\/\" \/>\n<meta property=\"og:site_name\" content=\"Mz Not\u00edcias\" \/>\n<meta property=\"article:publisher\" content=\"https:\/\/www.facebook.com\/profile.php?id=61573479951222\" \/>\n<meta property=\"article:published_time\" content=\"2026-08-31T18:40:29+00:00\" \/>\n<meta property=\"article:modified_time\" content=\"2026-08-31T18:42:11+00:00\" \/>\n<meta property=\"og:image\" content=\"https:\/\/mznoticia.com.br\/piraidosul\/wp-content\/uploads\/2026\/08\/01-14.jpg\" \/>\n\t<meta property=\"og:image:width\" content=\"1600\" \/>\n\t<meta property=\"og:image:height\" content=\"1066\" \/>\n\t<meta property=\"og:image:type\" content=\"image\/jpeg\" \/>\n<meta name=\"author\" content=\"Redacao mz\" \/>\n<meta name=\"twitter:card\" content=\"summary_large_image\" \/>\n<meta name=\"twitter:label1\" content=\"Escrito por\" \/>\n\t<meta name=\"twitter:data1\" content=\"Redacao mz\" \/>\n\t<meta name=\"twitter:label2\" content=\"Est. tempo de leitura\" \/>\n\t<meta name=\"twitter:data2\" content=\"2 minutos\" \/>\n<script type=\"application\/ld+json\" class=\"yoast-schema-graph\">{\"@context\":\"https:\\\/\\\/schema.org\",\"@graph\":[{\"@type\":\"Article\",\"@id\":\"https:\\\/\\\/mznoticia.com.br\\\/piraidosul\\\/7808-2\\\/#article\",\"isPartOf\":{\"@id\":\"https:\\\/\\\/mznoticia.com.br\\\/piraidosul\\\/7808-2\\\/\"},\"author\":{\"name\":\"Redacao mz\",\"@id\":\"https:\\\/\\\/mznoticia.com.br\\\/piraidosul\\\/#\\\/schema\\\/person\\\/84012d827247b3f42f37b550da79cd03\"},\"headline\":\"Aeroporto Afonso Pena ser\u00e1 principal base de manuten\u00e7\u00e3o da nova frota da LATAM\",\"datePublished\":\"2026-08-31T18:40:29+00:00\",\"dateModified\":\"2026-08-31T18:42:11+00:00\",\"mainEntityOfPage\":{\"@id\":\"https:\\\/\\\/mznoticia.com.br\\\/piraidosul\\\/7808-2\\\/\"},\"wordCount\":321,\"commentCount\":0,\"publisher\":{\"@id\":\"https:\\\/\\\/mznoticia.com.br\\\/piraidosul\\\/#organization\"},\"image\":{\"@id\":\"https:\\\/\\\/mznoticia.com.br\\\/piraidosul\\\/7808-2\\\/#primaryimage\"},\"thumbnailUrl\":\"https:\\\/\\\/mznoticia.com.br\\\/piraidosul\\\/wp-content\\\/uploads\\\/2026\\\/08\\\/01-14.jpg\",\"keywords\":[\"Aeroporto Afonso Pena\",\"Avia\u00e7\u00e3o\",\"Curitiba\",\"Economia\",\"Embraer E195-E2\",\"Latam\",\"parana\",\"S\u00e3o Jos\u00e9 dos Pinhais\",\"Turismo\",\"voos\"],\"articleSection\":[\"Paran\u00e1\"],\"inLanguage\":\"pt-BR\",\"potentialAction\":[{\"@type\":\"CommentAction\",\"name\":\"Comment\",\"target\":[\"https:\\\/\\\/mznoticia.com.br\\\/piraidosul\\\/7808-2\\\/#respond\"]}]},{\"@type\":\"WebPage\",\"@id\":\"https:\\\/\\\/mznoticia.com.br\\\/piraidosul\\\/7808-2\\\/\",\"url\":\"https:\\\/\\\/mznoticia.com.br\\\/piraidosul\\\/7808-2\\\/\",\"name\":\"Aeroporto Afonso Pena ser\u00e1 principal base de manuten\u00e7\u00e3o da nova frota da LATAM - Mz Not\u00edcias\",\"isPartOf\":{\"@id\":\"https:\\\/\\\/mznoticia.com.br\\\/piraidosul\\\/#website\"},\"primaryImageOfPage\":{\"@id\":\"https:\\\/\\\/mznoticia.com.br\\\/piraidosul\\\/7808-2\\\/#primaryimage\"},\"image\":{\"@id\":\"https:\\\/\\\/mznoticia.com.br\\\/piraidosul\\\/7808-2\\\/#primaryimage\"},\"thumbnailUrl\":\"https:\\\/\\\/mznoticia.com.br\\\/piraidosul\\\/wp-content\\\/uploads\\\/2026\\\/08\\\/01-14.jpg\",\"datePublished\":\"2026-08-31T18:40:29+00:00\",\"dateModified\":\"2026-08-31T18:42:11+00:00\",\"description\":\"Aeroporto Afonso Pena, no Paran\u00e1, ser\u00e1 a principal base de manuten\u00e7\u00e3o dos novos Embraer E195-E2 da LATAM, com amplia\u00e7\u00e3o de voos no Estado.\",\"breadcrumb\":{\"@id\":\"https:\\\/\\\/mznoticia.com.br\\\/piraidosul\\\/7808-2\\\/#breadcrumb\"},\"inLanguage\":\"pt-BR\",\"potentialAction\":[{\"@type\":\"ReadAction\",\"target\":[\"https:\\\/\\\/mznoticia.com.br\\\/piraidosul\\\/7808-2\\\/\"]}]},{\"@type\":\"ImageObject\",\"inLanguage\":\"pt-BR\",\"@id\":\"https:\\\/\\\/mznoticia.com.br\\\/piraidosul\\\/7808-2\\\/#primaryimage\",\"url\":\"https:\\\/\\\/mznoticia.com.br\\\/piraidosul\\\/wp-content\\\/uploads\\\/2026\\\/08\\\/01-14.jpg\",\"contentUrl\":\"https:\\\/\\\/mznoticia.com.br\\\/piraidosul\\\/wp-content\\\/uploads\\\/2026\\\/08\\\/01-14.jpg\",\"width\":1600,\"height\":1066},{\"@type\":\"BreadcrumbList\",\"@id\":\"https:\\\/\\\/mznoticia.com.br\\\/piraidosul\\\/7808-2\\\/#breadcrumb\",\"itemListElement\":[{\"@type\":\"ListItem\",\"position\":1,\"name\":\"Home\",\"item\":\"https:\\\/\\\/mznoticia.com.br\\\/piraidosul\\\/\"},{\"@type\":\"ListItem\",\"position\":2,\"name\":\"Aeroporto Afonso Pena ser\u00e1 principal base de manuten\u00e7\u00e3o da nova frota da LATAM\"}]},{\"@type\":\"WebSite\",\"@id\":\"https:\\\/\\\/mznoticia.com.br\\\/piraidosul\\\/#website\",\"url\":\"https:\\\/\\\/mznoticia.com.br\\\/piraidosul\\\/\",\"name\":\"Mz Not\u00edcia\",\"description\":\"A informa\u00e7\u00e3o que voc\u00ea precisa na hora certa!\",\"publisher\":{\"@id\":\"https:\\\/\\\/mznoticia.com.br\\\/piraidosul\\\/#organization\"},\"potentialAction\":[{\"@type\":\"SearchAction\",\"target\":{\"@type\":\"EntryPoint\",\"urlTemplate\":\"https:\\\/\\\/mznoticia.com.br\\\/piraidosul\\\/?s={search_term_string}\"},\"query-input\":{\"@type\":\"PropertyValueSpecification\",\"valueRequired\":true,\"valueName\":\"search_term_string\"}}],\"inLanguage\":\"pt-BR\"},{\"@type\":\"Organization\",\"@id\":\"https:\\\/\\\/mznoticia.com.br\\\/piraidosul\\\/#organization\",\"name\":\"Mz Not\u00edcia\",\"url\":\"https:\\\/\\\/mznoticia.com.br\\\/piraidosul\\\/\",\"logo\":{\"@type\":\"ImageObject\",\"inLanguage\":\"pt-BR\",\"@id\":\"https:\\\/\\\/mznoticia.com.br\\\/piraidosul\\\/#\\\/schema\\\/logo\\\/image\\\/\",\"url\":\"https:\\\/\\\/mznoticia.com.br\\\/jaguariaiva\\\/wp-content\\\/uploads\\\/2025\\\/03\\\/Design-sem-nome-4-e1741200616392.png\",\"contentUrl\":\"https:\\\/\\\/mznoticia.com.br\\\/jaguariaiva\\\/wp-content\\\/uploads\\\/2025\\\/03\\\/Design-sem-nome-4-e1741200616392.png\",\"width\":750,\"height\":563,\"caption\":\"Mz Not\u00edcia\"},\"image\":{\"@id\":\"https:\\\/\\\/mznoticia.com.br\\\/piraidosul\\\/#\\\/schema\\\/logo\\\/image\\\/\"},\"sameAs\":[\"https:\\\/\\\/www.facebook.com\\\/profile.php?id=61573479951222\",\"https:\\\/\\\/www.instagram.com\\\/mz.jaguariaiva\\\/\"]},{\"@type\":\"Person\",\"@id\":\"https:\\\/\\\/mznoticia.com.br\\\/piraidosul\\\/#\\\/schema\\\/person\\\/84012d827247b3f42f37b550da79cd03\",\"name\":\"Redacao mz\",\"image\":{\"@type\":\"ImageObject\",\"inLanguage\":\"pt-BR\",\"@id\":\"https:\\\/\\\/secure.gravatar.com\\\/avatar\\\/3835c58a73b55edb97de944593845d3f29acb93b7a088f3bf63afde947ab86ba?s=96&d=simple_local_avatar&r=g\",\"url\":\"https:\\\/\\\/secure.gravatar.com\\\/avatar\\\/3835c58a73b55edb97de944593845d3f29acb93b7a088f3bf63afde947ab86ba?s=96&d=simple_local_avatar&r=g\",\"contentUrl\":\"https:\\\/\\\/secure.gravatar.com\\\/avatar\\\/3835c58a73b55edb97de944593845d3f29acb93b7a088f3bf63afde947ab86ba?s=96&d=simple_local_avatar&r=g\",\"caption\":\"Redacao mz\"},\"sameAs\":[\"http:\\\/\\\/mznoticia.com.br\"],\"url\":\"https:\\\/\\\/mznoticia.com.br\\\/piraidosul\\\/author\\\/lucimara\\\/\"}]}<\/script>\n<!-- \/ Yoast SEO plugin. -->","yoast_head_json":{"title":"Aeroporto Afonso Pena ser\u00e1 principal base de manuten\u00e7\u00e3o da nova frota da LATAM - Mz Not\u00edcias","description":"Aeroporto Afonso Pena, no Paran\u00e1, ser\u00e1 a principal base de manuten\u00e7\u00e3o dos novos Embraer E195-E2 da LATAM, com amplia\u00e7\u00e3o de voos no Estado.","robots":{"index":"index","follow":"follow","max-snippet":"max-snippet:-1","max-image-preview":"max-image-preview:large","max-video-preview":"max-video-preview:-1"},"canonical":"https:\/\/mznoticia.com.br\/piraidosul\/7808-2\/","og_locale":"pt_BR","og_type":"article","og_title":"Aeroporto Afonso Pena ser\u00e1 principal base de manuten\u00e7\u00e3o da nova frota da LATAM - Mz Not\u00edcias","og_description":"Aeroporto Afonso Pena, no Paran\u00e1, ser\u00e1 a principal base de manuten\u00e7\u00e3o dos novos Embraer E195-E2 da LATAM, com amplia\u00e7\u00e3o de voos no Estado.","og_url":"https:\/\/mznoticia.com.br\/piraidosul\/7808-2\/","og_site_name":"Mz Not\u00edcias","article_publisher":"https:\/\/www.facebook.com\/profile.php?id=61573479951222","article_published_time":"2026-08-31T18:40:29+00:00","article_modified_time":"2026-08-31T18:42:11+00:00","og_image":[{"width":1600,"height":1066,"url":"https:\/\/mznoticia.com.br\/piraidosul\/wp-content\/uploads\/2026\/08\/01-14.jpg","type":"image\/jpeg"}],"author":"Redacao mz","twitter_card":"summary_large_image","twitter_misc":{"Escrito por":"Redacao mz","Est. tempo de leitura":"2 minutos"},"schema":{"@context":"https:\/\/schema.org","@graph":[{"@type":"Article","@id":"https:\/\/mznoticia.com.br\/piraidosul\/7808-2\/#article","isPartOf":{"@id":"https:\/\/mznoticia.com.br\/piraidosul\/7808-2\/"},"author":{"name":"Redacao mz","@id":"https:\/\/mznoticia.com.br\/piraidosul\/#\/schema\/person\/84012d827247b3f42f37b550da79cd03"},"headline":"Aeroporto Afonso Pena ser\u00e1 principal base de manuten\u00e7\u00e3o da nova frota da LATAM","datePublished":"2026-08-31T18:40:29+00:00","dateModified":"2026-08-31T18:42:11+00:00","mainEntityOfPage":{"@id":"https:\/\/mznoticia.com.br\/piraidosul\/7808-2\/"},"wordCount":321,"commentCount":0,"publisher":{"@id":"https:\/\/mznoticia.com.br\/piraidosul\/#organization"},"image":{"@id":"https:\/\/mznoticia.com.br\/piraidosul\/7808-2\/#primaryimage"},"thumbnailUrl":"https:\/\/mznoticia.com.br\/piraidosul\/wp-content\/uploads\/2026\/08\/01-14.jpg","keywords":["Aeroporto Afonso Pena","Avia\u00e7\u00e3o","Curitiba","Economia","Embraer E195-E2","Latam","parana","S\u00e3o Jos\u00e9 dos Pinhais","Turismo","voos"],"articleSection":["Paran\u00e1"],"inLanguage":"pt-BR","potentialAction":[{"@type":"CommentAction","name":"Comment","target":["https:\/\/mznoticia.com.br\/piraidosul\/7808-2\/#respond"]}]},{"@type":"WebPage","@id":"https:\/\/mznoticia.com.br\/piraidosul\/7808-2\/","url":"https:\/\/mznoticia.com.br\/piraidosul\/7808-2\/","name":"Aeroporto Afonso Pena ser\u00e1 principal base de manuten\u00e7\u00e3o da nova frota da LATAM - Mz Not\u00edcias","isPartOf":{"@id":"https:\/\/mznoticia.com.br\/piraidosul\/#website"},"primaryImageOfPage":{"@id":"https:\/\/mznoticia.com.br\/piraidosul\/7808-2\/#primaryimage"},"image":{"@id":"https:\/\/mznoticia.com.br\/piraidosul\/7808-2\/#primaryimage"},"thumbnailUrl":"https:\/\/mznoticia.com.br\/piraidosul\/wp-content\/uploads\/2026\/08\/01-14.jpg","datePublished":"2026-08-31T18:40:29+00:00","dateModified":"2026-08-31T18:42:11+00:00","description":"Aeroporto Afonso Pena, no Paran\u00e1, ser\u00e1 a principal base de manuten\u00e7\u00e3o dos novos Embraer E195-E2 da LATAM, com amplia\u00e7\u00e3o de voos no Estado.","breadcrumb":{"@id":"https:\/\/mznoticia.com.br\/piraidosul\/7808-2\/#breadcrumb"},"inLanguage":"pt-BR","potentialAction":[{"@type":"ReadAction","target":["https:\/\/mznoticia.com.br\/piraidosul\/7808-2\/"]}]},{"@type":"ImageObject","inLanguage":"pt-BR","@id":"https:\/\/mznoticia.com.br\/piraidosul\/7808-2\/#primaryimage","url":"https:\/\/mznoticia.com.br\/piraidosul\/wp-content\/uploads\/2026\/08\/01-14.jpg","contentUrl":"https:\/\/mznoticia.com.br\/piraidosul\/wp-content\/uploads\/2026\/08\/01-14.jpg","width":1600,"height":1066},{"@type":"BreadcrumbList","@id":"https:\/\/mznoticia.com.br\/piraidosul\/7808-2\/#breadcrumb","itemListElement":[{"@type":"ListItem","position":1,"name":"Home","item":"https:\/\/mznoticia.com.br\/piraidosul\/"},{"@type":"ListItem","position":2,"name":"Aeroporto Afonso Pena ser\u00e1 principal base de manuten\u00e7\u00e3o da nova frota da LATAM"}]},{"@type":"WebSite","@id":"https:\/\/mznoticia.com.br\/piraidosul\/#website","url":"https:\/\/mznoticia.com.br\/piraidosul\/","name":"Mz Not\u00edcia","description":"A informa\u00e7\u00e3o que voc\u00ea precisa na hora certa!","publisher":{"@id":"https:\/\/mznoticia.com.br\/piraidosul\/#organization"},"potentialAction":[{"@type":"SearchAction","target":{"@type":"EntryPoint","urlTemplate":"https:\/\/mznoticia.com.br\/piraidosul\/?s={search_term_string}"},"query-input":{"@type":"PropertyValueSpecification","valueRequired":true,"valueName":"search_term_string"}}],"inLanguage":"pt-BR"},{"@type":"Organization","@id":"https:\/\/mznoticia.com.br\/piraidosul\/#organization","name":"Mz Not\u00edcia","url":"https:\/\/mznoticia.com.br\/piraidosul\/","logo":{"@type":"ImageObject","inLanguage":"pt-BR","@id":"https:\/\/mznoticia.com.br\/piraidosul\/#\/schema\/logo\/image\/","url":"https:\/\/mznoticia.com.br\/jaguariaiva\/wp-content\/uploads\/2025\/03\/Design-sem-nome-4-e1741200616392.png","contentUrl":"https:\/\/mznoticia.com.br\/jaguariaiva\/wp-content\/uploads\/2025\/03\/Design-sem-nome-4-e1741200616392.png","width":750,"height":563,"caption":"Mz Not\u00edcia"},"image":{"@id":"https:\/\/mznoticia.com.br\/piraidosul\/#\/schema\/logo\/image\/"},"sameAs":["https:\/\/www.facebook.com\/profile.php?id=61573479951222","https:\/\/www.instagram.com\/mz.jaguariaiva\/"]},{"@type":"Person","@id":"https:\/\/mznoticia.com.br\/piraidosul\/#\/schema\/person\/84012d827247b3f42f37b550da79cd03","name":"Redacao mz","image":{"@type":"ImageObject","inLanguage":"pt-BR","@id":"https:\/\/secure.gravatar.com\/avatar\/3835c58a73b55edb97de944593845d3f29acb93b7a088f3bf63afde947ab86ba?s=96&d=simple_local_avatar&r=g","url":"https:\/\/secure.gravatar.com\/avatar\/3835c58a73b55edb97de944593845d3f29acb93b7a088f3bf63afde947ab86ba?s=96&d=simple_local_avatar&r=g","contentUrl":"https:\/\/secure.gravatar.com\/avatar\/3835c58a73b55edb97de944593845d3f29acb93b7a088f3bf63afde947ab86ba?s=96&d=simple_local_avatar&r=g","caption":"Redacao mz"},"sameAs":["http:\/\/mznoticia.com.br"],"url":"https:\/\/mznoticia.com.br\/piraidosul\/author\/lucimara\/"}]}},"_links":{"self":[{"href":"https:\/\/mznoticia.com.br\/piraidosul\/wp-json\/wp\/v2\/posts\/7808","targetHints":{"allow":["GET"]}}],"collection":[{"href":"https:\/\/mznoticia.com.br\/piraidosul\/wp-json\/wp\/v2\/posts"}],"about":[{"href":"https:\/\/mznoticia.com.br\/piraidosul\/wp-json\/wp\/v2\/types\/post"}],"author":[{"embeddable":true,"href":"https:\/\/mznoticia.com.br\/piraidosul\/wp-json\/wp\/v2\/users\/16"}],"replies":[{"embeddable":true,"href":"https:\/\/mznoticia.com.br\/piraidosul\/wp-json\/wp\/v2\/comments?post=7808"}],"version-history":[{"count":2,"href":"https:\/\/mznoticia.com.br\/piraidosul\/wp-json\/wp\/v2\/posts\/7808\/revisions"}],"predecessor-version":[{"id":7811,"href":"https:\/\/mznoticia.com.br\/piraidosul\/wp-json\/wp\/v2\/posts\/7808\/revisions\/7811"}],"wp:featuredmedia":[{"embeddable":true,"href":"https:\/\/mznoticia.com.br\/piraidosul\/wp-json\/wp\/v2\/media\/7809"}],"wp:attachment":[{"href":"https:\/\/mznoticia.com.br\/piraidosul\/wp-json\/wp\/v2\/media?parent=7808"}],"wp:term":[{"taxonomy":"category","embeddable":true,"href":"https:\/\/mznoticia.com.br\/piraidosul\/wp-json\/wp\/v2\/categories?post=7808"},{"taxonomy":"post_tag","embeddable":true,"href":"https:\/\/mznoticia.com.br\/piraidosul\/wp-json\/wp\/v2\/tags?post=7808"}],"curies":[{"name":"wp","href":"https:\/\/api.w.org\/{rel}","templated":true}]}}