{"id":7852,"date":"2026-08-31T21:35:53","date_gmt":"2026-08-31T21:35:53","guid":{"rendered":"https:\/\/mznoticia.com.br\/piraidosul\/?p=7852"},"modified":"2026-08-31T21:35:53","modified_gmt":"2026-08-31T21:35:53","slug":"trump-se-irrita-ao-ser-questionado-sobre-arma-nuclear-contra-o-ira","status":"publish","type":"post","link":"https:\/\/mznoticia.com.br\/piraidosul\/trump-se-irrita-ao-ser-questionado-sobre-arma-nuclear-contra-o-ira\/","title":{"rendered":"Trump se irrita ao ser questionado sobre arma nuclear contra o Ir\u00e3:"},"content":{"rendered":"<h2>Presidente dos Estados Unidos rejeitou a possibilidade de um ataque nuclear, mas afirmou que for\u00e7as americanas devem realizar novos ataques contra o Ir\u00e3<\/h2>\n<p class=\"isSelectedEnd\">O presidente dos Estados Unidos, Donald Trump, se irritou nesta segunda-feira (31) ao ser questionado sobre a possibilidade de utilizar uma arma nuclear contra o Ir\u00e3 em meio \u00e0 escalada do conflito entre os dois pa\u00edses.<\/p>\n<p class=\"isSelectedEnd\">Durante conversa com jornalistas, Trump rejeitou a hip\u00f3tese e respondeu de forma dura \u00e0 pergunta.<\/p>\n<p class=\"isSelectedEnd\">\u201cN\u00e3o h\u00e1 motivo nenhum para isso. Que pergunta est\u00fapida, na verdade. Eles est\u00e3o totalmente derrotados militarmente. Ent\u00e3o, n\u00e3o. Eu os derroto e deveria usar uma arma nuclear? Que pergunta est\u00fapida\u201d, afirmou o presidente americano.<\/p>\n<p class=\"isSelectedEnd\">Apesar de voltar a declarar que o Ir\u00e3 estaria derrotado militarmente, Trump tamb\u00e9m indicou que os Estados Unidos devem realizar novos ataques contra o pa\u00eds.<\/p>\n<p class=\"isSelectedEnd\">Em entrevista \u00e0 emissora Fox News, o republicano afirmou que as For\u00e7as Armadas americanas voltar\u00e3o a agir com for\u00e7a contra alvos iranianos.<\/p>\n<p class=\"isSelectedEnd\">\u201cVamos acert\u00e1-los com for\u00e7a\u201d, declarou.<\/p>\n<h2>Troca de ataques voltou a aumentar tens\u00e3o<\/h2>\n<p class=\"isSelectedEnd\">A nova escalada acontece depois de Estados Unidos e Ir\u00e3 voltarem a trocar ataques no domingo (30), pela primeira vez desde julho.<\/p>\n<p class=\"isSelectedEnd\">Segundo informa\u00e7\u00f5es divulgadas pelas autoridades americanas, os EUA atacaram dois lan\u00e7adores de m\u00edsseis na ilha iraniana de Larak, localizada no Estreito de Ormuz.<\/p>\n<p class=\"isSelectedEnd\">O Comando Central dos Estados Unidos classificou a opera\u00e7\u00e3o como \u201climitada e precisa\u201d e afirmou que os alvos representavam uma amea\u00e7a iminente.<\/p>\n<p class=\"isSelectedEnd\">O governo iraniano, por\u00e9m, informou que o ataque deixou duas pessoas mortas e outras feridas.<\/p>\n<p class=\"isSelectedEnd\">Como resposta, o Ir\u00e3 lan\u00e7ou m\u00edsseis contra bases militares dos Estados Unidos na Jord\u00e2nia. Washington afirmou que praticamente todos os proj\u00e9teis foram interceptados pelos sistemas de defesa a\u00e9rea.<\/p>\n<p class=\"isSelectedEnd\">Um dos m\u00edsseis teria ca\u00eddo em uma \u00e1rea n\u00e3o habitada.<\/p>\n<h2>Ir\u00e3 fala em negocia\u00e7\u00e3o, mas promete rea\u00e7\u00e3o<\/h2>\n<p class=\"isSelectedEnd\">Nesta segunda-feira, o governo iraniano enviou sinais diferentes sobre os pr\u00f3ximos passos do conflito.<\/p>\n<p class=\"isSelectedEnd\">O presidente do Ir\u00e3, Masoud Pezeshkian, afirmou que o pa\u00eds ainda busca uma solu\u00e7\u00e3o negociada e pretende retomar as conversas com os Estados Unidos.<\/p>\n<p class=\"isSelectedEnd\">Ao mesmo tempo, uma autoridade iraniana declarou \u00e0 Reuters que qualquer nova agress\u00e3o americana poder\u00e1 provocar uma ampla retalia\u00e7\u00e3o.<\/p>\n<p class=\"isSelectedEnd\">O Ex\u00e9rcito iraniano tamb\u00e9m afirmou ter atacado a base a\u00e9rea de Al Minhad, nos Emirados \u00c1rabes Unidos. O governo dos Emirados, no entanto, negou que a instala\u00e7\u00e3o tenha sido atingida.<\/p>\n<h2>Trump mant\u00e9m discurso de vit\u00f3ria<\/h2>\n<p class=\"isSelectedEnd\">Mesmo com a continuidade dos confrontos, Trump segue afirmando que os Estados Unidos venceram militarmente o Ir\u00e3.<\/p>\n<p class=\"isSelectedEnd\">Entretanto, parte dos objetivos anunciados pelo governo americano no in\u00edcio da guerra ainda n\u00e3o foi alcan\u00e7ada.<\/p>\n<p class=\"isSelectedEnd\">Entre as metas estavam o desmantelamento do programa nuclear iraniano, a redu\u00e7\u00e3o da capacidade militar de Teer\u00e3 contra advers\u00e1rios regionais e a cria\u00e7\u00e3o de condi\u00e7\u00f5es para uma mudan\u00e7a no governo do pa\u00eds.<\/p>\n<p class=\"isSelectedEnd\">Nas \u00faltimas semanas, os Estados Unidos tamb\u00e9m aumentaram a press\u00e3o econ\u00f4mica sobre o Ir\u00e3 e seus parceiros comerciais, ampliando san\u00e7\u00f5es e adotando medidas financeiras contra Teer\u00e3.<\/p>\n<p>Agora, a retomada dos ataques militares volta a elevar a tens\u00e3o internacional e aumenta a preocupa\u00e7\u00e3o sobre uma poss\u00edvel nova escalada no conflito.<\/p>\n<p>&nbsp;<\/p>\n<p>Imagem ilustrativa.<\/p>\n","protected":false},"excerpt":{"rendered":"<p>Presidente dos Estados Unidos rejeitou a possibilidade de um ataque nuclear, mas afirmou que for\u00e7as americanas devem realizar novos ataques contra o Ir\u00e3 O presidente dos Estados Unidos, Donald Trump, se irritou nesta segunda-feira (31) ao ser questionado sobre a possibilidade de utilizar uma arma nuclear contra o Ir\u00e3 em meio \u00e0 escalada do conflito [&hellip;]<\/p>\n","protected":false},"author":18,"featured_media":7853,"comment_status":"open","ping_status":"open","sticky":false,"template":"","format":"standard","meta":{"footnotes":""},"categories":[12,1605,15],"tags":[3120,3121,2400,47,1089,652,1608,1094,3122,1097,795],"class_list":["post-7852","post","type-post","status-publish","format-standard","has-post-thumbnail","hentry","category-geral","category-guerra","category-mundo","tag-arma-nuclear","tag-ataques-militares","tag-conflito-internacional","tag-destaque","tag-donald-trump","tag-estados-unidos","tag-guerra","tag-ira","tag-masoud-pezeshkian","tag-oriente-medio","tag-politica-internacional"],"yoast_head":"<!-- This site is optimized with the Yoast SEO plugin v28.1 - https:\/\/yoast.com\/product\/yoast-seo-wordpress\/ -->\n<title>Trump se irrita ao ser questionado sobre arma nuclear contra o Ir\u00e3: - Mz Not\u00edcias<\/title>\n<meta name=\"description\" content=\"Trump se irritou ao ser questionado sobre o uso de arma nuclear contra o Ir\u00e3 e afirmou que os Estados Unidos devem realizar novos ataques.\" \/>\n<meta name=\"robots\" content=\"index, follow, max-snippet:-1, max-image-preview:large, max-video-preview:-1\" \/>\n<link rel=\"canonical\" href=\"https:\/\/mznoticia.com.br\/piraidosul\/trump-se-irrita-ao-ser-questionado-sobre-arma-nuclear-contra-o-ira\/\" \/>\n<meta property=\"og:locale\" content=\"pt_BR\" \/>\n<meta property=\"og:type\" content=\"article\" \/>\n<meta property=\"og:title\" content=\"Trump se irrita ao ser questionado sobre arma nuclear contra o Ir\u00e3: - Mz Not\u00edcias\" \/>\n<meta property=\"og:description\" content=\"Trump se irritou ao ser questionado sobre o uso de arma nuclear contra o Ir\u00e3 e afirmou que os Estados Unidos devem realizar novos ataques.\" \/>\n<meta property=\"og:url\" content=\"https:\/\/mznoticia.com.br\/piraidosul\/trump-se-irrita-ao-ser-questionado-sobre-arma-nuclear-contra-o-ira\/\" \/>\n<meta property=\"og:site_name\" content=\"Mz Not\u00edcias\" \/>\n<meta property=\"article:publisher\" content=\"https:\/\/www.facebook.com\/profile.php?id=61573479951222\" \/>\n<meta property=\"article:published_time\" content=\"2026-08-31T21:35:53+00:00\" \/>\n<meta property=\"og:image\" content=\"https:\/\/mznoticia.com.br\/piraidosul\/wp-content\/uploads\/2026\/08\/tru.jpg\" \/>\n\t<meta property=\"og:image:width\" content=\"650\" \/>\n\t<meta property=\"og:image:height\" content=\"400\" \/>\n\t<meta property=\"og:image:type\" content=\"image\/jpeg\" \/>\n<meta name=\"author\" content=\"Reda\u00e7\u00e3o MZ\" \/>\n<meta name=\"twitter:card\" content=\"summary_large_image\" \/>\n<meta name=\"twitter:label1\" content=\"Escrito por\" \/>\n\t<meta name=\"twitter:data1\" content=\"Reda\u00e7\u00e3o MZ\" \/>\n\t<meta name=\"twitter:label2\" content=\"Est. tempo de leitura\" \/>\n\t<meta name=\"twitter:data2\" content=\"3 minutos\" \/>\n<script type=\"application\/ld+json\" class=\"yoast-schema-graph\">{\"@context\":\"https:\\\/\\\/schema.org\",\"@graph\":[{\"@type\":\"Article\",\"@id\":\"https:\\\/\\\/mznoticia.com.br\\\/piraidosul\\\/trump-se-irrita-ao-ser-questionado-sobre-arma-nuclear-contra-o-ira\\\/#article\",\"isPartOf\":{\"@id\":\"https:\\\/\\\/mznoticia.com.br\\\/piraidosul\\\/trump-se-irrita-ao-ser-questionado-sobre-arma-nuclear-contra-o-ira\\\/\"},\"author\":{\"name\":\"Reda\u00e7\u00e3o MZ\",\"@id\":\"https:\\\/\\\/mznoticia.com.br\\\/piraidosul\\\/#\\\/schema\\\/person\\\/7ecde13ae5f5a92f0ff9b2155d7a6d6e\"},\"headline\":\"Trump se irrita ao ser questionado sobre arma nuclear contra o Ir\u00e3:\",\"datePublished\":\"2026-08-31T21:35:53+00:00\",\"mainEntityOfPage\":{\"@id\":\"https:\\\/\\\/mznoticia.com.br\\\/piraidosul\\\/trump-se-irrita-ao-ser-questionado-sobre-arma-nuclear-contra-o-ira\\\/\"},\"wordCount\":569,\"commentCount\":0,\"publisher\":{\"@id\":\"https:\\\/\\\/mznoticia.com.br\\\/piraidosul\\\/#organization\"},\"image\":{\"@id\":\"https:\\\/\\\/mznoticia.com.br\\\/piraidosul\\\/trump-se-irrita-ao-ser-questionado-sobre-arma-nuclear-contra-o-ira\\\/#primaryimage\"},\"thumbnailUrl\":\"https:\\\/\\\/mznoticia.com.br\\\/piraidosul\\\/wp-content\\\/uploads\\\/2026\\\/08\\\/tru.jpg\",\"keywords\":[\"arma nuclear\",\"ataques militares\",\"conflito internacional\",\"destaque\",\"Donald Trump\",\"Estados Unidos\",\"Guerra\",\"Ir\u00e3\",\"Masoud Pezeshkian\",\"Oriente M\u00e9dio\",\"Pol\u00edtica Internacional\"],\"articleSection\":[\"Geral\",\"Guerra\",\"Mundo\"],\"inLanguage\":\"pt-BR\",\"potentialAction\":[{\"@type\":\"CommentAction\",\"name\":\"Comment\",\"target\":[\"https:\\\/\\\/mznoticia.com.br\\\/piraidosul\\\/trump-se-irrita-ao-ser-questionado-sobre-arma-nuclear-contra-o-ira\\\/#respond\"]}]},{\"@type\":\"WebPage\",\"@id\":\"https:\\\/\\\/mznoticia.com.br\\\/piraidosul\\\/trump-se-irrita-ao-ser-questionado-sobre-arma-nuclear-contra-o-ira\\\/\",\"url\":\"https:\\\/\\\/mznoticia.com.br\\\/piraidosul\\\/trump-se-irrita-ao-ser-questionado-sobre-arma-nuclear-contra-o-ira\\\/\",\"name\":\"Trump se irrita ao ser questionado sobre arma nuclear contra o Ir\u00e3: - Mz Not\u00edcias\",\"isPartOf\":{\"@id\":\"https:\\\/\\\/mznoticia.com.br\\\/piraidosul\\\/#website\"},\"primaryImageOfPage\":{\"@id\":\"https:\\\/\\\/mznoticia.com.br\\\/piraidosul\\\/trump-se-irrita-ao-ser-questionado-sobre-arma-nuclear-contra-o-ira\\\/#primaryimage\"},\"image\":{\"@id\":\"https:\\\/\\\/mznoticia.com.br\\\/piraidosul\\\/trump-se-irrita-ao-ser-questionado-sobre-arma-nuclear-contra-o-ira\\\/#primaryimage\"},\"thumbnailUrl\":\"https:\\\/\\\/mznoticia.com.br\\\/piraidosul\\\/wp-content\\\/uploads\\\/2026\\\/08\\\/tru.jpg\",\"datePublished\":\"2026-08-31T21:35:53+00:00\",\"description\":\"Trump se irritou ao ser questionado sobre o uso de arma nuclear contra o Ir\u00e3 e afirmou que os Estados Unidos devem realizar novos ataques.\",\"breadcrumb\":{\"@id\":\"https:\\\/\\\/mznoticia.com.br\\\/piraidosul\\\/trump-se-irrita-ao-ser-questionado-sobre-arma-nuclear-contra-o-ira\\\/#breadcrumb\"},\"inLanguage\":\"pt-BR\",\"potentialAction\":[{\"@type\":\"ReadAction\",\"target\":[\"https:\\\/\\\/mznoticia.com.br\\\/piraidosul\\\/trump-se-irrita-ao-ser-questionado-sobre-arma-nuclear-contra-o-ira\\\/\"]}]},{\"@type\":\"ImageObject\",\"inLanguage\":\"pt-BR\",\"@id\":\"https:\\\/\\\/mznoticia.com.br\\\/piraidosul\\\/trump-se-irrita-ao-ser-questionado-sobre-arma-nuclear-contra-o-ira\\\/#primaryimage\",\"url\":\"https:\\\/\\\/mznoticia.com.br\\\/piraidosul\\\/wp-content\\\/uploads\\\/2026\\\/08\\\/tru.jpg\",\"contentUrl\":\"https:\\\/\\\/mznoticia.com.br\\\/piraidosul\\\/wp-content\\\/uploads\\\/2026\\\/08\\\/tru.jpg\",\"width\":650,\"height\":400},{\"@type\":\"BreadcrumbList\",\"@id\":\"https:\\\/\\\/mznoticia.com.br\\\/piraidosul\\\/trump-se-irrita-ao-ser-questionado-sobre-arma-nuclear-contra-o-ira\\\/#breadcrumb\",\"itemListElement\":[{\"@type\":\"ListItem\",\"position\":1,\"name\":\"Home\",\"item\":\"https:\\\/\\\/mznoticia.com.br\\\/piraidosul\\\/\"},{\"@type\":\"ListItem\",\"position\":2,\"name\":\"Trump se irrita ao ser questionado sobre arma nuclear contra o Ir\u00e3:\"}]},{\"@type\":\"WebSite\",\"@id\":\"https:\\\/\\\/mznoticia.com.br\\\/piraidosul\\\/#website\",\"url\":\"https:\\\/\\\/mznoticia.com.br\\\/piraidosul\\\/\",\"name\":\"Mz Not\u00edcia\",\"description\":\"A informa\u00e7\u00e3o que voc\u00ea precisa na hora certa!\",\"publisher\":{\"@id\":\"https:\\\/\\\/mznoticia.com.br\\\/piraidosul\\\/#organization\"},\"potentialAction\":[{\"@type\":\"SearchAction\",\"target\":{\"@type\":\"EntryPoint\",\"urlTemplate\":\"https:\\\/\\\/mznoticia.com.br\\\/piraidosul\\\/?s={search_term_string}\"},\"query-input\":{\"@type\":\"PropertyValueSpecification\",\"valueRequired\":true,\"valueName\":\"search_term_string\"}}],\"inLanguage\":\"pt-BR\"},{\"@type\":\"Organization\",\"@id\":\"https:\\\/\\\/mznoticia.com.br\\\/piraidosul\\\/#organization\",\"name\":\"Mz Not\u00edcia\",\"url\":\"https:\\\/\\\/mznoticia.com.br\\\/piraidosul\\\/\",\"logo\":{\"@type\":\"ImageObject\",\"inLanguage\":\"pt-BR\",\"@id\":\"https:\\\/\\\/mznoticia.com.br\\\/piraidosul\\\/#\\\/schema\\\/logo\\\/image\\\/\",\"url\":\"https:\\\/\\\/mznoticia.com.br\\\/jaguariaiva\\\/wp-content\\\/uploads\\\/2025\\\/03\\\/Design-sem-nome-4-e1741200616392.png\",\"contentUrl\":\"https:\\\/\\\/mznoticia.com.br\\\/jaguariaiva\\\/wp-content\\\/uploads\\\/2025\\\/03\\\/Design-sem-nome-4-e1741200616392.png\",\"width\":750,\"height\":563,\"caption\":\"Mz Not\u00edcia\"},\"image\":{\"@id\":\"https:\\\/\\\/mznoticia.com.br\\\/piraidosul\\\/#\\\/schema\\\/logo\\\/image\\\/\"},\"sameAs\":[\"https:\\\/\\\/www.facebook.com\\\/profile.php?id=61573479951222\",\"https:\\\/\\\/www.instagram.com\\\/mz.jaguariaiva\\\/\"]},{\"@type\":\"Person\",\"@id\":\"https:\\\/\\\/mznoticia.com.br\\\/piraidosul\\\/#\\\/schema\\\/person\\\/7ecde13ae5f5a92f0ff9b2155d7a6d6e\",\"name\":\"Reda\u00e7\u00e3o MZ\",\"image\":{\"@type\":\"ImageObject\",\"inLanguage\":\"pt-BR\",\"@id\":\"https:\\\/\\\/secure.gravatar.com\\\/avatar\\\/f946d30c77919f6266a9c60fb788aafb0d09379b2e2cb3cc85de60f3f30df733?s=96&d=simple_local_avatar&r=g\",\"url\":\"https:\\\/\\\/secure.gravatar.com\\\/avatar\\\/f946d30c77919f6266a9c60fb788aafb0d09379b2e2cb3cc85de60f3f30df733?s=96&d=simple_local_avatar&r=g\",\"contentUrl\":\"https:\\\/\\\/secure.gravatar.com\\\/avatar\\\/f946d30c77919f6266a9c60fb788aafb0d09379b2e2cb3cc85de60f3f30df733?s=96&d=simple_local_avatar&r=g\",\"caption\":\"Reda\u00e7\u00e3o MZ\"},\"url\":\"https:\\\/\\\/mznoticia.com.br\\\/piraidosul\\\/author\\\/yan\\\/\"}]}<\/script>\n<!-- \/ Yoast SEO plugin. -->","yoast_head_json":{"title":"Trump se irrita ao ser questionado sobre arma nuclear contra o Ir\u00e3: - Mz Not\u00edcias","description":"Trump se irritou ao ser questionado sobre o uso de arma nuclear contra o Ir\u00e3 e afirmou que os Estados Unidos devem realizar novos ataques.","robots":{"index":"index","follow":"follow","max-snippet":"max-snippet:-1","max-image-preview":"max-image-preview:large","max-video-preview":"max-video-preview:-1"},"canonical":"https:\/\/mznoticia.com.br\/piraidosul\/trump-se-irrita-ao-ser-questionado-sobre-arma-nuclear-contra-o-ira\/","og_locale":"pt_BR","og_type":"article","og_title":"Trump se irrita ao ser questionado sobre arma nuclear contra o Ir\u00e3: - Mz Not\u00edcias","og_description":"Trump se irritou ao ser questionado sobre o uso de arma nuclear contra o Ir\u00e3 e afirmou que os Estados Unidos devem realizar novos ataques.","og_url":"https:\/\/mznoticia.com.br\/piraidosul\/trump-se-irrita-ao-ser-questionado-sobre-arma-nuclear-contra-o-ira\/","og_site_name":"Mz Not\u00edcias","article_publisher":"https:\/\/www.facebook.com\/profile.php?id=61573479951222","article_published_time":"2026-08-31T21:35:53+00:00","og_image":[{"width":650,"height":400,"url":"https:\/\/mznoticia.com.br\/piraidosul\/wp-content\/uploads\/2026\/08\/tru.jpg","type":"image\/jpeg"}],"author":"Reda\u00e7\u00e3o MZ","twitter_card":"summary_large_image","twitter_misc":{"Escrito por":"Reda\u00e7\u00e3o MZ","Est. tempo de leitura":"3 minutos"},"schema":{"@context":"https:\/\/schema.org","@graph":[{"@type":"Article","@id":"https:\/\/mznoticia.com.br\/piraidosul\/trump-se-irrita-ao-ser-questionado-sobre-arma-nuclear-contra-o-ira\/#article","isPartOf":{"@id":"https:\/\/mznoticia.com.br\/piraidosul\/trump-se-irrita-ao-ser-questionado-sobre-arma-nuclear-contra-o-ira\/"},"author":{"name":"Reda\u00e7\u00e3o MZ","@id":"https:\/\/mznoticia.com.br\/piraidosul\/#\/schema\/person\/7ecde13ae5f5a92f0ff9b2155d7a6d6e"},"headline":"Trump se irrita ao ser questionado sobre arma nuclear contra o Ir\u00e3:","datePublished":"2026-08-31T21:35:53+00:00","mainEntityOfPage":{"@id":"https:\/\/mznoticia.com.br\/piraidosul\/trump-se-irrita-ao-ser-questionado-sobre-arma-nuclear-contra-o-ira\/"},"wordCount":569,"commentCount":0,"publisher":{"@id":"https:\/\/mznoticia.com.br\/piraidosul\/#organization"},"image":{"@id":"https:\/\/mznoticia.com.br\/piraidosul\/trump-se-irrita-ao-ser-questionado-sobre-arma-nuclear-contra-o-ira\/#primaryimage"},"thumbnailUrl":"https:\/\/mznoticia.com.br\/piraidosul\/wp-content\/uploads\/2026\/08\/tru.jpg","keywords":["arma nuclear","ataques militares","conflito internacional","destaque","Donald Trump","Estados Unidos","Guerra","Ir\u00e3","Masoud Pezeshkian","Oriente M\u00e9dio","Pol\u00edtica Internacional"],"articleSection":["Geral","Guerra","Mundo"],"inLanguage":"pt-BR","potentialAction":[{"@type":"CommentAction","name":"Comment","target":["https:\/\/mznoticia.com.br\/piraidosul\/trump-se-irrita-ao-ser-questionado-sobre-arma-nuclear-contra-o-ira\/#respond"]}]},{"@type":"WebPage","@id":"https:\/\/mznoticia.com.br\/piraidosul\/trump-se-irrita-ao-ser-questionado-sobre-arma-nuclear-contra-o-ira\/","url":"https:\/\/mznoticia.com.br\/piraidosul\/trump-se-irrita-ao-ser-questionado-sobre-arma-nuclear-contra-o-ira\/","name":"Trump se irrita ao ser questionado sobre arma nuclear contra o Ir\u00e3: - Mz Not\u00edcias","isPartOf":{"@id":"https:\/\/mznoticia.com.br\/piraidosul\/#website"},"primaryImageOfPage":{"@id":"https:\/\/mznoticia.com.br\/piraidosul\/trump-se-irrita-ao-ser-questionado-sobre-arma-nuclear-contra-o-ira\/#primaryimage"},"image":{"@id":"https:\/\/mznoticia.com.br\/piraidosul\/trump-se-irrita-ao-ser-questionado-sobre-arma-nuclear-contra-o-ira\/#primaryimage"},"thumbnailUrl":"https:\/\/mznoticia.com.br\/piraidosul\/wp-content\/uploads\/2026\/08\/tru.jpg","datePublished":"2026-08-31T21:35:53+00:00","description":"Trump se irritou ao ser questionado sobre o uso de arma nuclear contra o Ir\u00e3 e afirmou que os Estados Unidos devem realizar novos ataques.","breadcrumb":{"@id":"https:\/\/mznoticia.com.br\/piraidosul\/trump-se-irrita-ao-ser-questionado-sobre-arma-nuclear-contra-o-ira\/#breadcrumb"},"inLanguage":"pt-BR","potentialAction":[{"@type":"ReadAction","target":["https:\/\/mznoticia.com.br\/piraidosul\/trump-se-irrita-ao-ser-questionado-sobre-arma-nuclear-contra-o-ira\/"]}]},{"@type":"ImageObject","inLanguage":"pt-BR","@id":"https:\/\/mznoticia.com.br\/piraidosul\/trump-se-irrita-ao-ser-questionado-sobre-arma-nuclear-contra-o-ira\/#primaryimage","url":"https:\/\/mznoticia.com.br\/piraidosul\/wp-content\/uploads\/2026\/08\/tru.jpg","contentUrl":"https:\/\/mznoticia.com.br\/piraidosul\/wp-content\/uploads\/2026\/08\/tru.jpg","width":650,"height":400},{"@type":"BreadcrumbList","@id":"https:\/\/mznoticia.com.br\/piraidosul\/trump-se-irrita-ao-ser-questionado-sobre-arma-nuclear-contra-o-ira\/#breadcrumb","itemListElement":[{"@type":"ListItem","position":1,"name":"Home","item":"https:\/\/mznoticia.com.br\/piraidosul\/"},{"@type":"ListItem","position":2,"name":"Trump se irrita ao ser questionado sobre arma nuclear contra o Ir\u00e3:"}]},{"@type":"WebSite","@id":"https:\/\/mznoticia.com.br\/piraidosul\/#website","url":"https:\/\/mznoticia.com.br\/piraidosul\/","name":"Mz Not\u00edcia","description":"A informa\u00e7\u00e3o que voc\u00ea precisa na hora certa!","publisher":{"@id":"https:\/\/mznoticia.com.br\/piraidosul\/#organization"},"potentialAction":[{"@type":"SearchAction","target":{"@type":"EntryPoint","urlTemplate":"https:\/\/mznoticia.com.br\/piraidosul\/?s={search_term_string}"},"query-input":{"@type":"PropertyValueSpecification","valueRequired":true,"valueName":"search_term_string"}}],"inLanguage":"pt-BR"},{"@type":"Organization","@id":"https:\/\/mznoticia.com.br\/piraidosul\/#organization","name":"Mz Not\u00edcia","url":"https:\/\/mznoticia.com.br\/piraidosul\/","logo":{"@type":"ImageObject","inLanguage":"pt-BR","@id":"https:\/\/mznoticia.com.br\/piraidosul\/#\/schema\/logo\/image\/","url":"https:\/\/mznoticia.com.br\/jaguariaiva\/wp-content\/uploads\/2025\/03\/Design-sem-nome-4-e1741200616392.png","contentUrl":"https:\/\/mznoticia.com.br\/jaguariaiva\/wp-content\/uploads\/2025\/03\/Design-sem-nome-4-e1741200616392.png","width":750,"height":563,"caption":"Mz Not\u00edcia"},"image":{"@id":"https:\/\/mznoticia.com.br\/piraidosul\/#\/schema\/logo\/image\/"},"sameAs":["https:\/\/www.facebook.com\/profile.php?id=61573479951222","https:\/\/www.instagram.com\/mz.jaguariaiva\/"]},{"@type":"Person","@id":"https:\/\/mznoticia.com.br\/piraidosul\/#\/schema\/person\/7ecde13ae5f5a92f0ff9b2155d7a6d6e","name":"Reda\u00e7\u00e3o MZ","image":{"@type":"ImageObject","inLanguage":"pt-BR","@id":"https:\/\/secure.gravatar.com\/avatar\/f946d30c77919f6266a9c60fb788aafb0d09379b2e2cb3cc85de60f3f30df733?s=96&d=simple_local_avatar&r=g","url":"https:\/\/secure.gravatar.com\/avatar\/f946d30c77919f6266a9c60fb788aafb0d09379b2e2cb3cc85de60f3f30df733?s=96&d=simple_local_avatar&r=g","contentUrl":"https:\/\/secure.gravatar.com\/avatar\/f946d30c77919f6266a9c60fb788aafb0d09379b2e2cb3cc85de60f3f30df733?s=96&d=simple_local_avatar&r=g","caption":"Reda\u00e7\u00e3o MZ"},"url":"https:\/\/mznoticia.com.br\/piraidosul\/author\/yan\/"}]}},"_links":{"self":[{"href":"https:\/\/mznoticia.com.br\/piraidosul\/wp-json\/wp\/v2\/posts\/7852","targetHints":{"allow":["GET"]}}],"collection":[{"href":"https:\/\/mznoticia.com.br\/piraidosul\/wp-json\/wp\/v2\/posts"}],"about":[{"href":"https:\/\/mznoticia.com.br\/piraidosul\/wp-json\/wp\/v2\/types\/post"}],"author":[{"embeddable":true,"href":"https:\/\/mznoticia.com.br\/piraidosul\/wp-json\/wp\/v2\/users\/18"}],"replies":[{"embeddable":true,"href":"https:\/\/mznoticia.com.br\/piraidosul\/wp-json\/wp\/v2\/comments?post=7852"}],"version-history":[{"count":1,"href":"https:\/\/mznoticia.com.br\/piraidosul\/wp-json\/wp\/v2\/posts\/7852\/revisions"}],"predecessor-version":[{"id":7854,"href":"https:\/\/mznoticia.com.br\/piraidosul\/wp-json\/wp\/v2\/posts\/7852\/revisions\/7854"}],"wp:featuredmedia":[{"embeddable":true,"href":"https:\/\/mznoticia.com.br\/piraidosul\/wp-json\/wp\/v2\/media\/7853"}],"wp:attachment":[{"href":"https:\/\/mznoticia.com.br\/piraidosul\/wp-json\/wp\/v2\/media?parent=7852"}],"wp:term":[{"taxonomy":"category","embeddable":true,"href":"https:\/\/mznoticia.com.br\/piraidosul\/wp-json\/wp\/v2\/categories?post=7852"},{"taxonomy":"post_tag","embeddable":true,"href":"https:\/\/mznoticia.com.br\/piraidosul\/wp-json\/wp\/v2\/tags?post=7852"}],"curies":[{"name":"wp","href":"https:\/\/api.w.org\/{rel}","templated":true}]}}