{"id":7858,"date":"2026-09-01T11:23:53","date_gmt":"2026-09-01T11:23:53","guid":{"rendered":"https:\/\/mznoticia.com.br\/piraidosul\/?p=7858"},"modified":"2026-09-01T11:23:53","modified_gmt":"2026-09-01T11:23:53","slug":"falecimentos-confira-o-obituario-desta-terca-feira-1o-em-ponta-grossa-e-regiao","status":"publish","type":"post","link":"https:\/\/mznoticia.com.br\/piraidosul\/falecimentos-confira-o-obituario-desta-terca-feira-1o-em-ponta-grossa-e-regiao\/","title":{"rendered":"Falecimentos: confira o obitu\u00e1rio desta ter\u00e7a-feira (1\u00ba) em Ponta Grossa e regi\u00e3o"},"content":{"rendered":"<h2>Veja os nomes, locais de vel\u00f3rio e hor\u00e1rios dos sepultamentos previstos para esta ter\u00e7a-feira, 1\u00ba de setembro de 2026<\/h2>\n<p class=\"isSelectedEnd\">Confira a rela\u00e7\u00e3o de falecimentos e sepultamentos previstos para esta ter\u00e7a-feira, 1\u00ba de setembro de 2026, em Ponta Grossa e munic\u00edpios dos Campos Gerais.<\/p>\n<h3>Dirce Tonse, 82 anos<\/h3>\n<p class=\"isSelectedEnd\">O vel\u00f3rio acontece na Capela do Luto Santana.<\/p>\n<p class=\"isSelectedEnd\">O sepultamento est\u00e1 marcado para o Cemit\u00e9rio Santo Ant\u00f4nio, \u00e0s 9h.<\/p>\n<h3>Edson Delgado da Silva, 51 anos<\/h3>\n<p class=\"isSelectedEnd\">O vel\u00f3rio ocorre em outro munic\u00edpio.<\/p>\n<p class=\"isSelectedEnd\">O sepultamento ser\u00e1 realizado no Cemit\u00e9rio Luterano, em Imbituva, \u00e0s 16h.<\/p>\n<h3>Everton Rafael Borges, 38 anos<\/h3>\n<p class=\"isSelectedEnd\">O vel\u00f3rio acontece na resid\u00eancia.<\/p>\n<p class=\"isSelectedEnd\">O sepultamento est\u00e1 previsto para o Cemit\u00e9rio S\u00e3o Jo\u00e3o Batista, \u00e0s 10h30.<\/p>\n<h3>Janete da Silva Gaiewski, 52 anos<\/h3>\n<p class=\"isSelectedEnd\">O vel\u00f3rio ocorre em outro munic\u00edpio.<\/p>\n<p class=\"isSelectedEnd\">O sepultamento ser\u00e1 realizado no Cemit\u00e9rio Municipal de Palmeira, \u00e0s 15h.<\/p>\n<h3>Maria de Jesus Lacerda, 71 anos<\/h3>\n<p class=\"isSelectedEnd\">O vel\u00f3rio acontece na Capela S\u00e3o Jos\u00e9.<\/p>\n<p class=\"isSelectedEnd\">O sepultamento est\u00e1 marcado para o Cemit\u00e9rio S\u00e3o Jo\u00e3o Batista, \u00e0s 16h.<\/p>\n<h3>Patricia Andreia Vozniak, 54 anos<\/h3>\n<p class=\"isSelectedEnd\">O vel\u00f3rio acontece na Capela S\u00e3o Jos\u00e9.<\/p>\n<p class=\"isSelectedEnd\">O sepultamento est\u00e1 previsto para o Cemit\u00e9rio Santo Ant\u00f4nio, \u00e0s 15h.<\/p>\n<h2>Informa\u00e7\u00f5es sobre os sepultamentos<\/h2>\n<p>A programa\u00e7\u00e3o re\u00fane os falecimentos e sepultamentos previstos para esta ter\u00e7a-feira, 1\u00ba de setembro de 2026. Os hor\u00e1rios e locais est\u00e3o sujeitos a altera\u00e7\u00f5es.<\/p>\n","protected":false},"excerpt":{"rendered":"<p>Veja os nomes, locais de vel\u00f3rio e hor\u00e1rios dos sepultamentos previstos para esta ter\u00e7a-feira, 1\u00ba de setembro de 2026 Confira a rela\u00e7\u00e3o de falecimentos e sepultamentos previstos para esta ter\u00e7a-feira, 1\u00ba de setembro de 2026, em Ponta Grossa e munic\u00edpios dos Campos Gerais. Dirce Tonse, 82 anos O vel\u00f3rio acontece na Capela do Luto Santana. [&hellip;]<\/p>\n","protected":false},"author":16,"featured_media":7859,"comment_status":"open","ping_status":"open","sticky":false,"template":"","format":"standard","meta":{"footnotes":""},"categories":[131],"tags":[196,615,3132,47,614,2318,387,446,24,386,392],"class_list":["post-7858","post","type-post","status-publish","format-standard","has-post-thumbnail","hentry","category-falecimentos","tag-campos-gerais","tag-cemiterio-santo-antonio","tag-cemiterio-sao-joao-batista","tag-destaque","tag-falecimentos","tag-imbituva","tag-obituario","tag-palmeira","tag-ponta-grossa","tag-sepultamentos","tag-velorios"],"yoast_head":"<!-- This site is optimized with the Yoast SEO plugin v28.1 - https:\/\/yoast.com\/product\/yoast-seo-wordpress\/ -->\n<title>Falecimentos: confira o obitu\u00e1rio desta ter\u00e7a-feira (1\u00ba) em Ponta Grossa e regi\u00e3o - Mz Not\u00edcias<\/title>\n<meta name=\"description\" content=\"Confira o obitu\u00e1rio desta ter\u00e7a-feira, 1\u00ba de setembro de 2026, com nomes, locais de vel\u00f3rio e hor\u00e1rios dos sepultamentos em Ponta Grossa e regi\u00e3o.\" \/>\n<meta name=\"robots\" content=\"index, follow, max-snippet:-1, max-image-preview:large, max-video-preview:-1\" \/>\n<link rel=\"canonical\" href=\"https:\/\/mznoticia.com.br\/piraidosul\/falecimentos-confira-o-obituario-desta-terca-feira-1o-em-ponta-grossa-e-regiao\/\" \/>\n<meta property=\"og:locale\" content=\"pt_BR\" \/>\n<meta property=\"og:type\" content=\"article\" \/>\n<meta property=\"og:title\" content=\"Falecimentos: confira o obitu\u00e1rio desta ter\u00e7a-feira (1\u00ba) em Ponta Grossa e regi\u00e3o - Mz Not\u00edcias\" \/>\n<meta property=\"og:description\" content=\"Confira o obitu\u00e1rio desta ter\u00e7a-feira, 1\u00ba de setembro de 2026, com nomes, locais de vel\u00f3rio e hor\u00e1rios dos sepultamentos em Ponta Grossa e regi\u00e3o.\" \/>\n<meta property=\"og:url\" content=\"https:\/\/mznoticia.com.br\/piraidosul\/falecimentos-confira-o-obituario-desta-terca-feira-1o-em-ponta-grossa-e-regiao\/\" \/>\n<meta property=\"og:site_name\" content=\"Mz Not\u00edcias\" \/>\n<meta property=\"article:publisher\" content=\"https:\/\/www.facebook.com\/profile.php?id=61573479951222\" \/>\n<meta property=\"article:published_time\" content=\"2026-09-01T11:23:53+00:00\" \/>\n<meta property=\"og:image\" content=\"https:\/\/mznoticia.com.br\/piraidosul\/wp-content\/uploads\/2026\/09\/nota-falecimento.jpg\" \/>\n\t<meta property=\"og:image:width\" content=\"1041\" \/>\n\t<meta property=\"og:image:height\" content=\"1023\" \/>\n\t<meta property=\"og:image:type\" content=\"image\/jpeg\" \/>\n<meta name=\"author\" content=\"Redacao mz\" \/>\n<meta name=\"twitter:card\" content=\"summary_large_image\" \/>\n<meta name=\"twitter:label1\" content=\"Escrito por\" \/>\n\t<meta name=\"twitter:data1\" content=\"Redacao mz\" \/>\n\t<meta name=\"twitter:label2\" content=\"Est. tempo de leitura\" \/>\n\t<meta name=\"twitter:data2\" content=\"2 minutos\" \/>\n<script type=\"application\/ld+json\" class=\"yoast-schema-graph\">{\"@context\":\"https:\\\/\\\/schema.org\",\"@graph\":[{\"@type\":\"Article\",\"@id\":\"https:\\\/\\\/mznoticia.com.br\\\/piraidosul\\\/falecimentos-confira-o-obituario-desta-terca-feira-1o-em-ponta-grossa-e-regiao\\\/#article\",\"isPartOf\":{\"@id\":\"https:\\\/\\\/mznoticia.com.br\\\/piraidosul\\\/falecimentos-confira-o-obituario-desta-terca-feira-1o-em-ponta-grossa-e-regiao\\\/\"},\"author\":{\"name\":\"Redacao mz\",\"@id\":\"https:\\\/\\\/mznoticia.com.br\\\/piraidosul\\\/#\\\/schema\\\/person\\\/84012d827247b3f42f37b550da79cd03\"},\"headline\":\"Falecimentos: confira o obitu\u00e1rio desta ter\u00e7a-feira (1\u00ba) em Ponta Grossa e regi\u00e3o\",\"datePublished\":\"2026-09-01T11:23:53+00:00\",\"mainEntityOfPage\":{\"@id\":\"https:\\\/\\\/mznoticia.com.br\\\/piraidosul\\\/falecimentos-confira-o-obituario-desta-terca-feira-1o-em-ponta-grossa-e-regiao\\\/\"},\"wordCount\":248,\"commentCount\":0,\"publisher\":{\"@id\":\"https:\\\/\\\/mznoticia.com.br\\\/piraidosul\\\/#organization\"},\"image\":{\"@id\":\"https:\\\/\\\/mznoticia.com.br\\\/piraidosul\\\/falecimentos-confira-o-obituario-desta-terca-feira-1o-em-ponta-grossa-e-regiao\\\/#primaryimage\"},\"thumbnailUrl\":\"https:\\\/\\\/mznoticia.com.br\\\/piraidosul\\\/wp-content\\\/uploads\\\/2026\\\/09\\\/nota-falecimento.jpg\",\"keywords\":[\"campos gerais\",\"Cemit\u00e9rio Santo Ant\u00f4nio\",\"Cemit\u00e9rio S\u00e3o Jo\u00e3o Batista\",\"destaque\",\"Falecimentos\",\"Imbituva\",\"Obitu\u00e1rio\",\"Palmeira\",\"Ponta Grossa\",\"Sepultamentos\",\"Vel\u00f3rios\"],\"articleSection\":[\"Falecimentos\"],\"inLanguage\":\"pt-BR\",\"potentialAction\":[{\"@type\":\"CommentAction\",\"name\":\"Comment\",\"target\":[\"https:\\\/\\\/mznoticia.com.br\\\/piraidosul\\\/falecimentos-confira-o-obituario-desta-terca-feira-1o-em-ponta-grossa-e-regiao\\\/#respond\"]}]},{\"@type\":\"WebPage\",\"@id\":\"https:\\\/\\\/mznoticia.com.br\\\/piraidosul\\\/falecimentos-confira-o-obituario-desta-terca-feira-1o-em-ponta-grossa-e-regiao\\\/\",\"url\":\"https:\\\/\\\/mznoticia.com.br\\\/piraidosul\\\/falecimentos-confira-o-obituario-desta-terca-feira-1o-em-ponta-grossa-e-regiao\\\/\",\"name\":\"Falecimentos: confira o obitu\u00e1rio desta ter\u00e7a-feira (1\u00ba) em Ponta Grossa e regi\u00e3o - Mz Not\u00edcias\",\"isPartOf\":{\"@id\":\"https:\\\/\\\/mznoticia.com.br\\\/piraidosul\\\/#website\"},\"primaryImageOfPage\":{\"@id\":\"https:\\\/\\\/mznoticia.com.br\\\/piraidosul\\\/falecimentos-confira-o-obituario-desta-terca-feira-1o-em-ponta-grossa-e-regiao\\\/#primaryimage\"},\"image\":{\"@id\":\"https:\\\/\\\/mznoticia.com.br\\\/piraidosul\\\/falecimentos-confira-o-obituario-desta-terca-feira-1o-em-ponta-grossa-e-regiao\\\/#primaryimage\"},\"thumbnailUrl\":\"https:\\\/\\\/mznoticia.com.br\\\/piraidosul\\\/wp-content\\\/uploads\\\/2026\\\/09\\\/nota-falecimento.jpg\",\"datePublished\":\"2026-09-01T11:23:53+00:00\",\"description\":\"Confira o obitu\u00e1rio desta ter\u00e7a-feira, 1\u00ba de setembro de 2026, com nomes, locais de vel\u00f3rio e hor\u00e1rios dos sepultamentos em Ponta Grossa e regi\u00e3o.\",\"breadcrumb\":{\"@id\":\"https:\\\/\\\/mznoticia.com.br\\\/piraidosul\\\/falecimentos-confira-o-obituario-desta-terca-feira-1o-em-ponta-grossa-e-regiao\\\/#breadcrumb\"},\"inLanguage\":\"pt-BR\",\"potentialAction\":[{\"@type\":\"ReadAction\",\"target\":[\"https:\\\/\\\/mznoticia.com.br\\\/piraidosul\\\/falecimentos-confira-o-obituario-desta-terca-feira-1o-em-ponta-grossa-e-regiao\\\/\"]}]},{\"@type\":\"ImageObject\",\"inLanguage\":\"pt-BR\",\"@id\":\"https:\\\/\\\/mznoticia.com.br\\\/piraidosul\\\/falecimentos-confira-o-obituario-desta-terca-feira-1o-em-ponta-grossa-e-regiao\\\/#primaryimage\",\"url\":\"https:\\\/\\\/mznoticia.com.br\\\/piraidosul\\\/wp-content\\\/uploads\\\/2026\\\/09\\\/nota-falecimento.jpg\",\"contentUrl\":\"https:\\\/\\\/mznoticia.com.br\\\/piraidosul\\\/wp-content\\\/uploads\\\/2026\\\/09\\\/nota-falecimento.jpg\",\"width\":1041,\"height\":1023},{\"@type\":\"BreadcrumbList\",\"@id\":\"https:\\\/\\\/mznoticia.com.br\\\/piraidosul\\\/falecimentos-confira-o-obituario-desta-terca-feira-1o-em-ponta-grossa-e-regiao\\\/#breadcrumb\",\"itemListElement\":[{\"@type\":\"ListItem\",\"position\":1,\"name\":\"Home\",\"item\":\"https:\\\/\\\/mznoticia.com.br\\\/piraidosul\\\/\"},{\"@type\":\"ListItem\",\"position\":2,\"name\":\"Falecimentos: confira o obitu\u00e1rio desta ter\u00e7a-feira (1\u00ba) em Ponta Grossa e regi\u00e3o\"}]},{\"@type\":\"WebSite\",\"@id\":\"https:\\\/\\\/mznoticia.com.br\\\/piraidosul\\\/#website\",\"url\":\"https:\\\/\\\/mznoticia.com.br\\\/piraidosul\\\/\",\"name\":\"Mz Not\u00edcia\",\"description\":\"A informa\u00e7\u00e3o que voc\u00ea precisa na hora certa!\",\"publisher\":{\"@id\":\"https:\\\/\\\/mznoticia.com.br\\\/piraidosul\\\/#organization\"},\"potentialAction\":[{\"@type\":\"SearchAction\",\"target\":{\"@type\":\"EntryPoint\",\"urlTemplate\":\"https:\\\/\\\/mznoticia.com.br\\\/piraidosul\\\/?s={search_term_string}\"},\"query-input\":{\"@type\":\"PropertyValueSpecification\",\"valueRequired\":true,\"valueName\":\"search_term_string\"}}],\"inLanguage\":\"pt-BR\"},{\"@type\":\"Organization\",\"@id\":\"https:\\\/\\\/mznoticia.com.br\\\/piraidosul\\\/#organization\",\"name\":\"Mz Not\u00edcia\",\"url\":\"https:\\\/\\\/mznoticia.com.br\\\/piraidosul\\\/\",\"logo\":{\"@type\":\"ImageObject\",\"inLanguage\":\"pt-BR\",\"@id\":\"https:\\\/\\\/mznoticia.com.br\\\/piraidosul\\\/#\\\/schema\\\/logo\\\/image\\\/\",\"url\":\"https:\\\/\\\/mznoticia.com.br\\\/jaguariaiva\\\/wp-content\\\/uploads\\\/2025\\\/03\\\/Design-sem-nome-4-e1741200616392.png\",\"contentUrl\":\"https:\\\/\\\/mznoticia.com.br\\\/jaguariaiva\\\/wp-content\\\/uploads\\\/2025\\\/03\\\/Design-sem-nome-4-e1741200616392.png\",\"width\":750,\"height\":563,\"caption\":\"Mz Not\u00edcia\"},\"image\":{\"@id\":\"https:\\\/\\\/mznoticia.com.br\\\/piraidosul\\\/#\\\/schema\\\/logo\\\/image\\\/\"},\"sameAs\":[\"https:\\\/\\\/www.facebook.com\\\/profile.php?id=61573479951222\",\"https:\\\/\\\/www.instagram.com\\\/mz.jaguariaiva\\\/\"]},{\"@type\":\"Person\",\"@id\":\"https:\\\/\\\/mznoticia.com.br\\\/piraidosul\\\/#\\\/schema\\\/person\\\/84012d827247b3f42f37b550da79cd03\",\"name\":\"Redacao mz\",\"image\":{\"@type\":\"ImageObject\",\"inLanguage\":\"pt-BR\",\"@id\":\"https:\\\/\\\/secure.gravatar.com\\\/avatar\\\/3835c58a73b55edb97de944593845d3f29acb93b7a088f3bf63afde947ab86ba?s=96&d=simple_local_avatar&r=g\",\"url\":\"https:\\\/\\\/secure.gravatar.com\\\/avatar\\\/3835c58a73b55edb97de944593845d3f29acb93b7a088f3bf63afde947ab86ba?s=96&d=simple_local_avatar&r=g\",\"contentUrl\":\"https:\\\/\\\/secure.gravatar.com\\\/avatar\\\/3835c58a73b55edb97de944593845d3f29acb93b7a088f3bf63afde947ab86ba?s=96&d=simple_local_avatar&r=g\",\"caption\":\"Redacao mz\"},\"sameAs\":[\"http:\\\/\\\/mznoticia.com.br\"],\"url\":\"https:\\\/\\\/mznoticia.com.br\\\/piraidosul\\\/author\\\/lucimara\\\/\"}]}<\/script>\n<!-- \/ Yoast SEO plugin. -->","yoast_head_json":{"title":"Falecimentos: confira o obitu\u00e1rio desta ter\u00e7a-feira (1\u00ba) em Ponta Grossa e regi\u00e3o - Mz Not\u00edcias","description":"Confira o obitu\u00e1rio desta ter\u00e7a-feira, 1\u00ba de setembro de 2026, com nomes, locais de vel\u00f3rio e hor\u00e1rios dos sepultamentos em Ponta Grossa e regi\u00e3o.","robots":{"index":"index","follow":"follow","max-snippet":"max-snippet:-1","max-image-preview":"max-image-preview:large","max-video-preview":"max-video-preview:-1"},"canonical":"https:\/\/mznoticia.com.br\/piraidosul\/falecimentos-confira-o-obituario-desta-terca-feira-1o-em-ponta-grossa-e-regiao\/","og_locale":"pt_BR","og_type":"article","og_title":"Falecimentos: confira o obitu\u00e1rio desta ter\u00e7a-feira (1\u00ba) em Ponta Grossa e regi\u00e3o - Mz Not\u00edcias","og_description":"Confira o obitu\u00e1rio desta ter\u00e7a-feira, 1\u00ba de setembro de 2026, com nomes, locais de vel\u00f3rio e hor\u00e1rios dos sepultamentos em Ponta Grossa e regi\u00e3o.","og_url":"https:\/\/mznoticia.com.br\/piraidosul\/falecimentos-confira-o-obituario-desta-terca-feira-1o-em-ponta-grossa-e-regiao\/","og_site_name":"Mz Not\u00edcias","article_publisher":"https:\/\/www.facebook.com\/profile.php?id=61573479951222","article_published_time":"2026-09-01T11:23:53+00:00","og_image":[{"width":1041,"height":1023,"url":"https:\/\/mznoticia.com.br\/piraidosul\/wp-content\/uploads\/2026\/09\/nota-falecimento.jpg","type":"image\/jpeg"}],"author":"Redacao mz","twitter_card":"summary_large_image","twitter_misc":{"Escrito por":"Redacao mz","Est. tempo de leitura":"2 minutos"},"schema":{"@context":"https:\/\/schema.org","@graph":[{"@type":"Article","@id":"https:\/\/mznoticia.com.br\/piraidosul\/falecimentos-confira-o-obituario-desta-terca-feira-1o-em-ponta-grossa-e-regiao\/#article","isPartOf":{"@id":"https:\/\/mznoticia.com.br\/piraidosul\/falecimentos-confira-o-obituario-desta-terca-feira-1o-em-ponta-grossa-e-regiao\/"},"author":{"name":"Redacao mz","@id":"https:\/\/mznoticia.com.br\/piraidosul\/#\/schema\/person\/84012d827247b3f42f37b550da79cd03"},"headline":"Falecimentos: confira o obitu\u00e1rio desta ter\u00e7a-feira (1\u00ba) em Ponta Grossa e regi\u00e3o","datePublished":"2026-09-01T11:23:53+00:00","mainEntityOfPage":{"@id":"https:\/\/mznoticia.com.br\/piraidosul\/falecimentos-confira-o-obituario-desta-terca-feira-1o-em-ponta-grossa-e-regiao\/"},"wordCount":248,"commentCount":0,"publisher":{"@id":"https:\/\/mznoticia.com.br\/piraidosul\/#organization"},"image":{"@id":"https:\/\/mznoticia.com.br\/piraidosul\/falecimentos-confira-o-obituario-desta-terca-feira-1o-em-ponta-grossa-e-regiao\/#primaryimage"},"thumbnailUrl":"https:\/\/mznoticia.com.br\/piraidosul\/wp-content\/uploads\/2026\/09\/nota-falecimento.jpg","keywords":["campos gerais","Cemit\u00e9rio Santo Ant\u00f4nio","Cemit\u00e9rio S\u00e3o Jo\u00e3o Batista","destaque","Falecimentos","Imbituva","Obitu\u00e1rio","Palmeira","Ponta Grossa","Sepultamentos","Vel\u00f3rios"],"articleSection":["Falecimentos"],"inLanguage":"pt-BR","potentialAction":[{"@type":"CommentAction","name":"Comment","target":["https:\/\/mznoticia.com.br\/piraidosul\/falecimentos-confira-o-obituario-desta-terca-feira-1o-em-ponta-grossa-e-regiao\/#respond"]}]},{"@type":"WebPage","@id":"https:\/\/mznoticia.com.br\/piraidosul\/falecimentos-confira-o-obituario-desta-terca-feira-1o-em-ponta-grossa-e-regiao\/","url":"https:\/\/mznoticia.com.br\/piraidosul\/falecimentos-confira-o-obituario-desta-terca-feira-1o-em-ponta-grossa-e-regiao\/","name":"Falecimentos: confira o obitu\u00e1rio desta ter\u00e7a-feira (1\u00ba) em Ponta Grossa e regi\u00e3o - Mz Not\u00edcias","isPartOf":{"@id":"https:\/\/mznoticia.com.br\/piraidosul\/#website"},"primaryImageOfPage":{"@id":"https:\/\/mznoticia.com.br\/piraidosul\/falecimentos-confira-o-obituario-desta-terca-feira-1o-em-ponta-grossa-e-regiao\/#primaryimage"},"image":{"@id":"https:\/\/mznoticia.com.br\/piraidosul\/falecimentos-confira-o-obituario-desta-terca-feira-1o-em-ponta-grossa-e-regiao\/#primaryimage"},"thumbnailUrl":"https:\/\/mznoticia.com.br\/piraidosul\/wp-content\/uploads\/2026\/09\/nota-falecimento.jpg","datePublished":"2026-09-01T11:23:53+00:00","description":"Confira o obitu\u00e1rio desta ter\u00e7a-feira, 1\u00ba de setembro de 2026, com nomes, locais de vel\u00f3rio e hor\u00e1rios dos sepultamentos em Ponta Grossa e regi\u00e3o.","breadcrumb":{"@id":"https:\/\/mznoticia.com.br\/piraidosul\/falecimentos-confira-o-obituario-desta-terca-feira-1o-em-ponta-grossa-e-regiao\/#breadcrumb"},"inLanguage":"pt-BR","potentialAction":[{"@type":"ReadAction","target":["https:\/\/mznoticia.com.br\/piraidosul\/falecimentos-confira-o-obituario-desta-terca-feira-1o-em-ponta-grossa-e-regiao\/"]}]},{"@type":"ImageObject","inLanguage":"pt-BR","@id":"https:\/\/mznoticia.com.br\/piraidosul\/falecimentos-confira-o-obituario-desta-terca-feira-1o-em-ponta-grossa-e-regiao\/#primaryimage","url":"https:\/\/mznoticia.com.br\/piraidosul\/wp-content\/uploads\/2026\/09\/nota-falecimento.jpg","contentUrl":"https:\/\/mznoticia.com.br\/piraidosul\/wp-content\/uploads\/2026\/09\/nota-falecimento.jpg","width":1041,"height":1023},{"@type":"BreadcrumbList","@id":"https:\/\/mznoticia.com.br\/piraidosul\/falecimentos-confira-o-obituario-desta-terca-feira-1o-em-ponta-grossa-e-regiao\/#breadcrumb","itemListElement":[{"@type":"ListItem","position":1,"name":"Home","item":"https:\/\/mznoticia.com.br\/piraidosul\/"},{"@type":"ListItem","position":2,"name":"Falecimentos: confira o obitu\u00e1rio desta ter\u00e7a-feira (1\u00ba) em Ponta Grossa e regi\u00e3o"}]},{"@type":"WebSite","@id":"https:\/\/mznoticia.com.br\/piraidosul\/#website","url":"https:\/\/mznoticia.com.br\/piraidosul\/","name":"Mz Not\u00edcia","description":"A informa\u00e7\u00e3o que voc\u00ea precisa na hora certa!","publisher":{"@id":"https:\/\/mznoticia.com.br\/piraidosul\/#organization"},"potentialAction":[{"@type":"SearchAction","target":{"@type":"EntryPoint","urlTemplate":"https:\/\/mznoticia.com.br\/piraidosul\/?s={search_term_string}"},"query-input":{"@type":"PropertyValueSpecification","valueRequired":true,"valueName":"search_term_string"}}],"inLanguage":"pt-BR"},{"@type":"Organization","@id":"https:\/\/mznoticia.com.br\/piraidosul\/#organization","name":"Mz Not\u00edcia","url":"https:\/\/mznoticia.com.br\/piraidosul\/","logo":{"@type":"ImageObject","inLanguage":"pt-BR","@id":"https:\/\/mznoticia.com.br\/piraidosul\/#\/schema\/logo\/image\/","url":"https:\/\/mznoticia.com.br\/jaguariaiva\/wp-content\/uploads\/2025\/03\/Design-sem-nome-4-e1741200616392.png","contentUrl":"https:\/\/mznoticia.com.br\/jaguariaiva\/wp-content\/uploads\/2025\/03\/Design-sem-nome-4-e1741200616392.png","width":750,"height":563,"caption":"Mz Not\u00edcia"},"image":{"@id":"https:\/\/mznoticia.com.br\/piraidosul\/#\/schema\/logo\/image\/"},"sameAs":["https:\/\/www.facebook.com\/profile.php?id=61573479951222","https:\/\/www.instagram.com\/mz.jaguariaiva\/"]},{"@type":"Person","@id":"https:\/\/mznoticia.com.br\/piraidosul\/#\/schema\/person\/84012d827247b3f42f37b550da79cd03","name":"Redacao mz","image":{"@type":"ImageObject","inLanguage":"pt-BR","@id":"https:\/\/secure.gravatar.com\/avatar\/3835c58a73b55edb97de944593845d3f29acb93b7a088f3bf63afde947ab86ba?s=96&d=simple_local_avatar&r=g","url":"https:\/\/secure.gravatar.com\/avatar\/3835c58a73b55edb97de944593845d3f29acb93b7a088f3bf63afde947ab86ba?s=96&d=simple_local_avatar&r=g","contentUrl":"https:\/\/secure.gravatar.com\/avatar\/3835c58a73b55edb97de944593845d3f29acb93b7a088f3bf63afde947ab86ba?s=96&d=simple_local_avatar&r=g","caption":"Redacao mz"},"sameAs":["http:\/\/mznoticia.com.br"],"url":"https:\/\/mznoticia.com.br\/piraidosul\/author\/lucimara\/"}]}},"_links":{"self":[{"href":"https:\/\/mznoticia.com.br\/piraidosul\/wp-json\/wp\/v2\/posts\/7858","targetHints":{"allow":["GET"]}}],"collection":[{"href":"https:\/\/mznoticia.com.br\/piraidosul\/wp-json\/wp\/v2\/posts"}],"about":[{"href":"https:\/\/mznoticia.com.br\/piraidosul\/wp-json\/wp\/v2\/types\/post"}],"author":[{"embeddable":true,"href":"https:\/\/mznoticia.com.br\/piraidosul\/wp-json\/wp\/v2\/users\/16"}],"replies":[{"embeddable":true,"href":"https:\/\/mznoticia.com.br\/piraidosul\/wp-json\/wp\/v2\/comments?post=7858"}],"version-history":[{"count":1,"href":"https:\/\/mznoticia.com.br\/piraidosul\/wp-json\/wp\/v2\/posts\/7858\/revisions"}],"predecessor-version":[{"id":7860,"href":"https:\/\/mznoticia.com.br\/piraidosul\/wp-json\/wp\/v2\/posts\/7858\/revisions\/7860"}],"wp:featuredmedia":[{"embeddable":true,"href":"https:\/\/mznoticia.com.br\/piraidosul\/wp-json\/wp\/v2\/media\/7859"}],"wp:attachment":[{"href":"https:\/\/mznoticia.com.br\/piraidosul\/wp-json\/wp\/v2\/media?parent=7858"}],"wp:term":[{"taxonomy":"category","embeddable":true,"href":"https:\/\/mznoticia.com.br\/piraidosul\/wp-json\/wp\/v2\/categories?post=7858"},{"taxonomy":"post_tag","embeddable":true,"href":"https:\/\/mznoticia.com.br\/piraidosul\/wp-json\/wp\/v2\/tags?post=7858"}],"curies":[{"name":"wp","href":"https:\/\/api.w.org\/{rel}","templated":true}]}}