{"id":7861,"date":"2026-09-01T11:31:24","date_gmt":"2026-09-01T11:31:24","guid":{"rendered":"https:\/\/mznoticia.com.br\/piraidosul\/?p=7861"},"modified":"2026-09-01T11:31:24","modified_gmt":"2026-09-01T11:31:24","slug":"trabalhador-morre-apos-ser-atingido-por-raio-durante-tempestade-em-imbituva","status":"publish","type":"post","link":"https:\/\/mznoticia.com.br\/piraidosul\/trabalhador-morre-apos-ser-atingido-por-raio-durante-tempestade-em-imbituva\/","title":{"rendered":"Trabalhador morre ap\u00f3s ser atingido por raio durante tempestade em Imbituva"},"content":{"rendered":"<h2>Edson Delgado da Silva, de 51 anos, trabalhava em uma planta\u00e7\u00e3o de fumo quando foi atingido pelo raio na localidade de Arroio Grande<\/h2>\n<p class=\"isSelectedEnd\">Um trabalhador de 51 anos morreu na tarde desta segunda-feira (31) ap\u00f3s ser atingido por um raio na localidade de Arroio Grande, \u00e1rea rural de Imbituva, nos Campos Gerais. A v\u00edtima foi identificada como <strong>Edson Delgado da Silva<\/strong>.<\/p>\n<h3>Trabalhador estava em planta\u00e7\u00e3o de fumo<\/h3>\n<p class=\"isSelectedEnd\">Edson trabalhava como lavrador em uma planta\u00e7\u00e3o de fumo, acompanhado de outros trabalhadores. Com a mudan\u00e7a repentina nas condi\u00e7\u00f5es meteorol\u00f3gicas e a aproxima\u00e7\u00e3o de uma forte tempestade, o grupo interrompeu as atividades para organizar uma carreta e um trator e deixar a propriedade.<\/p>\n<p class=\"isSelectedEnd\">Durante os preparativos para a sa\u00edda, Edson teria se afastado momentaneamente dos colegas para buscar uma jaqueta que havia deixado para tr\u00e1s.<\/p>\n<p class=\"isSelectedEnd\">Foi nesse intervalo que um raio atingiu a \u00e1rea e acertou diretamente o trabalhador.<\/p>\n<h3>V\u00edtima morreu no local<\/h3>\n<p class=\"isSelectedEnd\">Edson n\u00e3o resistiu e morreu ainda no local. Outras pessoas que estavam pr\u00f3ximas ao ponto de impacto tamb\u00e9m teriam sido atingidas indiretamente e precisaram receber atendimento m\u00e9dico de urg\u00eancia.<\/p>\n<p class=\"isSelectedEnd\">Equipes de resgate e socorro foram acionadas para atender \u00e0 ocorr\u00eancia e prestar assist\u00eancia aos demais trabalhadores. A Pol\u00edcia Militar, a Pol\u00edcia Cient\u00edfica e o Instituto M\u00e9dico-Legal (IML) estiveram no local.<\/p>\n<h3>Vel\u00f3rio e sepultamento<\/h3>\n<p class=\"isSelectedEnd\">Edson Delgado da Silva era natural de Irati, mas residia em Imbituva e trabalhava como lavrador.<\/p>\n<p>O vel\u00f3rio ocorre na Capela Municipal de Imbituva. O sepultamento est\u00e1 previsto para esta ter\u00e7a-feira (1\u00ba), \u00e0s 16h, no Cemit\u00e9rio Luterano de Imbituva.<\/p>\n","protected":false},"excerpt":{"rendered":"<p>Edson Delgado da Silva, de 51 anos, trabalhava em uma planta\u00e7\u00e3o de fumo quando foi atingido pelo raio na localidade de Arroio Grande Um trabalhador de 51 anos morreu na tarde desta segunda-feira (31) ap\u00f3s ser atingido por um raio na localidade de Arroio Grande, \u00e1rea rural de Imbituva, nos Campos Gerais. A v\u00edtima foi [&hellip;]<\/p>\n","protected":false},"author":16,"featured_media":7862,"comment_status":"open","ping_status":"open","sticky":false,"template":"","format":"standard","meta":{"footnotes":""},"categories":[149],"tags":[1159,31,3136,196,47,3135,2318,1420,888,3134,140,1698,3133],"class_list":["post-7861","post","type-post","status-publish","format-standard","has-post-thumbnail","hentry","category-acidente","tag-tempestade","tag-acidente","tag-arroio-grande","tag-campos-gerais","tag-destaque","tag-edson-delgado-da-silva","tag-imbituva","tag-iml","tag-irati","tag-lavrador","tag-policia-militar","tag-raio","tag-trabalhador"],"yoast_head":"<!-- This site is optimized with the Yoast SEO plugin v28.1 - https:\/\/yoast.com\/product\/yoast-seo-wordpress\/ -->\n<title>Trabalhador morre ap\u00f3s ser atingido por raio durante tempestade em Imbituva - Mz Not\u00edcias<\/title>\n<meta name=\"description\" content=\"Edson Delgado da Silva, de 51 anos, morreu ap\u00f3s ser atingido por um raio durante uma tempestade na localidade de Arroio Grande, em Imbituva.\" \/>\n<meta name=\"robots\" content=\"index, follow, max-snippet:-1, max-image-preview:large, max-video-preview:-1\" \/>\n<link rel=\"canonical\" href=\"https:\/\/mznoticia.com.br\/piraidosul\/trabalhador-morre-apos-ser-atingido-por-raio-durante-tempestade-em-imbituva\/\" \/>\n<meta property=\"og:locale\" content=\"pt_BR\" \/>\n<meta property=\"og:type\" content=\"article\" \/>\n<meta property=\"og:title\" content=\"Trabalhador morre ap\u00f3s ser atingido por raio durante tempestade em Imbituva - Mz Not\u00edcias\" \/>\n<meta property=\"og:description\" content=\"Edson Delgado da Silva, de 51 anos, morreu ap\u00f3s ser atingido por um raio durante uma tempestade na localidade de Arroio Grande, em Imbituva.\" \/>\n<meta property=\"og:url\" content=\"https:\/\/mznoticia.com.br\/piraidosul\/trabalhador-morre-apos-ser-atingido-por-raio-durante-tempestade-em-imbituva\/\" \/>\n<meta property=\"og:site_name\" content=\"Mz Not\u00edcias\" \/>\n<meta property=\"article:publisher\" content=\"https:\/\/www.facebook.com\/profile.php?id=61573479951222\" \/>\n<meta property=\"article:published_time\" content=\"2026-09-01T11:31:24+00:00\" \/>\n<meta property=\"og:image\" content=\"https:\/\/mznoticia.com.br\/piraidosul\/wp-content\/uploads\/2026\/09\/20.webp\" \/>\n\t<meta property=\"og:image:width\" content=\"1000\" \/>\n\t<meta property=\"og:image:height\" content=\"500\" \/>\n\t<meta property=\"og:image:type\" content=\"image\/webp\" \/>\n<meta name=\"author\" content=\"Redacao mz\" \/>\n<meta name=\"twitter:card\" content=\"summary_large_image\" \/>\n<meta name=\"twitter:label1\" content=\"Escrito por\" \/>\n\t<meta name=\"twitter:data1\" content=\"Redacao mz\" \/>\n\t<meta name=\"twitter:label2\" content=\"Est. tempo de leitura\" \/>\n\t<meta name=\"twitter:data2\" content=\"2 minutos\" \/>\n<script type=\"application\/ld+json\" class=\"yoast-schema-graph\">{\"@context\":\"https:\\\/\\\/schema.org\",\"@graph\":[{\"@type\":\"Article\",\"@id\":\"https:\\\/\\\/mznoticia.com.br\\\/piraidosul\\\/trabalhador-morre-apos-ser-atingido-por-raio-durante-tempestade-em-imbituva\\\/#article\",\"isPartOf\":{\"@id\":\"https:\\\/\\\/mznoticia.com.br\\\/piraidosul\\\/trabalhador-morre-apos-ser-atingido-por-raio-durante-tempestade-em-imbituva\\\/\"},\"author\":{\"name\":\"Redacao mz\",\"@id\":\"https:\\\/\\\/mznoticia.com.br\\\/piraidosul\\\/#\\\/schema\\\/person\\\/84012d827247b3f42f37b550da79cd03\"},\"headline\":\"Trabalhador morre ap\u00f3s ser atingido por raio durante tempestade em Imbituva\",\"datePublished\":\"2026-09-01T11:31:24+00:00\",\"mainEntityOfPage\":{\"@id\":\"https:\\\/\\\/mznoticia.com.br\\\/piraidosul\\\/trabalhador-morre-apos-ser-atingido-por-raio-durante-tempestade-em-imbituva\\\/\"},\"wordCount\":286,\"commentCount\":0,\"publisher\":{\"@id\":\"https:\\\/\\\/mznoticia.com.br\\\/piraidosul\\\/#organization\"},\"image\":{\"@id\":\"https:\\\/\\\/mznoticia.com.br\\\/piraidosul\\\/trabalhador-morre-apos-ser-atingido-por-raio-durante-tempestade-em-imbituva\\\/#primaryimage\"},\"thumbnailUrl\":\"https:\\\/\\\/mznoticia.com.br\\\/piraidosul\\\/wp-content\\\/uploads\\\/2026\\\/09\\\/20.webp\",\"keywords\":[\"#Tempestade\",\"acidente\",\"Arroio Grande\",\"campos gerais\",\"destaque\",\"Edson Delgado da Silva\",\"Imbituva\",\"IML\",\"Irati\",\"lavrador\",\"Policia Militar\",\"Raio\",\"trabalhador\"],\"articleSection\":[\"Acidente\"],\"inLanguage\":\"pt-BR\",\"potentialAction\":[{\"@type\":\"CommentAction\",\"name\":\"Comment\",\"target\":[\"https:\\\/\\\/mznoticia.com.br\\\/piraidosul\\\/trabalhador-morre-apos-ser-atingido-por-raio-durante-tempestade-em-imbituva\\\/#respond\"]}]},{\"@type\":\"WebPage\",\"@id\":\"https:\\\/\\\/mznoticia.com.br\\\/piraidosul\\\/trabalhador-morre-apos-ser-atingido-por-raio-durante-tempestade-em-imbituva\\\/\",\"url\":\"https:\\\/\\\/mznoticia.com.br\\\/piraidosul\\\/trabalhador-morre-apos-ser-atingido-por-raio-durante-tempestade-em-imbituva\\\/\",\"name\":\"Trabalhador morre ap\u00f3s ser atingido por raio durante tempestade em Imbituva - Mz Not\u00edcias\",\"isPartOf\":{\"@id\":\"https:\\\/\\\/mznoticia.com.br\\\/piraidosul\\\/#website\"},\"primaryImageOfPage\":{\"@id\":\"https:\\\/\\\/mznoticia.com.br\\\/piraidosul\\\/trabalhador-morre-apos-ser-atingido-por-raio-durante-tempestade-em-imbituva\\\/#primaryimage\"},\"image\":{\"@id\":\"https:\\\/\\\/mznoticia.com.br\\\/piraidosul\\\/trabalhador-morre-apos-ser-atingido-por-raio-durante-tempestade-em-imbituva\\\/#primaryimage\"},\"thumbnailUrl\":\"https:\\\/\\\/mznoticia.com.br\\\/piraidosul\\\/wp-content\\\/uploads\\\/2026\\\/09\\\/20.webp\",\"datePublished\":\"2026-09-01T11:31:24+00:00\",\"description\":\"Edson Delgado da Silva, de 51 anos, morreu ap\u00f3s ser atingido por um raio durante uma tempestade na localidade de Arroio Grande, em Imbituva.\",\"breadcrumb\":{\"@id\":\"https:\\\/\\\/mznoticia.com.br\\\/piraidosul\\\/trabalhador-morre-apos-ser-atingido-por-raio-durante-tempestade-em-imbituva\\\/#breadcrumb\"},\"inLanguage\":\"pt-BR\",\"potentialAction\":[{\"@type\":\"ReadAction\",\"target\":[\"https:\\\/\\\/mznoticia.com.br\\\/piraidosul\\\/trabalhador-morre-apos-ser-atingido-por-raio-durante-tempestade-em-imbituva\\\/\"]}]},{\"@type\":\"ImageObject\",\"inLanguage\":\"pt-BR\",\"@id\":\"https:\\\/\\\/mznoticia.com.br\\\/piraidosul\\\/trabalhador-morre-apos-ser-atingido-por-raio-durante-tempestade-em-imbituva\\\/#primaryimage\",\"url\":\"https:\\\/\\\/mznoticia.com.br\\\/piraidosul\\\/wp-content\\\/uploads\\\/2026\\\/09\\\/20.webp\",\"contentUrl\":\"https:\\\/\\\/mznoticia.com.br\\\/piraidosul\\\/wp-content\\\/uploads\\\/2026\\\/09\\\/20.webp\",\"width\":1000,\"height\":500},{\"@type\":\"BreadcrumbList\",\"@id\":\"https:\\\/\\\/mznoticia.com.br\\\/piraidosul\\\/trabalhador-morre-apos-ser-atingido-por-raio-durante-tempestade-em-imbituva\\\/#breadcrumb\",\"itemListElement\":[{\"@type\":\"ListItem\",\"position\":1,\"name\":\"Home\",\"item\":\"https:\\\/\\\/mznoticia.com.br\\\/piraidosul\\\/\"},{\"@type\":\"ListItem\",\"position\":2,\"name\":\"Trabalhador morre ap\u00f3s ser atingido por raio durante tempestade em Imbituva\"}]},{\"@type\":\"WebSite\",\"@id\":\"https:\\\/\\\/mznoticia.com.br\\\/piraidosul\\\/#website\",\"url\":\"https:\\\/\\\/mznoticia.com.br\\\/piraidosul\\\/\",\"name\":\"Mz Not\u00edcia\",\"description\":\"A informa\u00e7\u00e3o que voc\u00ea precisa na hora certa!\",\"publisher\":{\"@id\":\"https:\\\/\\\/mznoticia.com.br\\\/piraidosul\\\/#organization\"},\"potentialAction\":[{\"@type\":\"SearchAction\",\"target\":{\"@type\":\"EntryPoint\",\"urlTemplate\":\"https:\\\/\\\/mznoticia.com.br\\\/piraidosul\\\/?s={search_term_string}\"},\"query-input\":{\"@type\":\"PropertyValueSpecification\",\"valueRequired\":true,\"valueName\":\"search_term_string\"}}],\"inLanguage\":\"pt-BR\"},{\"@type\":\"Organization\",\"@id\":\"https:\\\/\\\/mznoticia.com.br\\\/piraidosul\\\/#organization\",\"name\":\"Mz Not\u00edcia\",\"url\":\"https:\\\/\\\/mznoticia.com.br\\\/piraidosul\\\/\",\"logo\":{\"@type\":\"ImageObject\",\"inLanguage\":\"pt-BR\",\"@id\":\"https:\\\/\\\/mznoticia.com.br\\\/piraidosul\\\/#\\\/schema\\\/logo\\\/image\\\/\",\"url\":\"https:\\\/\\\/mznoticia.com.br\\\/jaguariaiva\\\/wp-content\\\/uploads\\\/2025\\\/03\\\/Design-sem-nome-4-e1741200616392.png\",\"contentUrl\":\"https:\\\/\\\/mznoticia.com.br\\\/jaguariaiva\\\/wp-content\\\/uploads\\\/2025\\\/03\\\/Design-sem-nome-4-e1741200616392.png\",\"width\":750,\"height\":563,\"caption\":\"Mz Not\u00edcia\"},\"image\":{\"@id\":\"https:\\\/\\\/mznoticia.com.br\\\/piraidosul\\\/#\\\/schema\\\/logo\\\/image\\\/\"},\"sameAs\":[\"https:\\\/\\\/www.facebook.com\\\/profile.php?id=61573479951222\",\"https:\\\/\\\/www.instagram.com\\\/mz.jaguariaiva\\\/\"]},{\"@type\":\"Person\",\"@id\":\"https:\\\/\\\/mznoticia.com.br\\\/piraidosul\\\/#\\\/schema\\\/person\\\/84012d827247b3f42f37b550da79cd03\",\"name\":\"Redacao mz\",\"image\":{\"@type\":\"ImageObject\",\"inLanguage\":\"pt-BR\",\"@id\":\"https:\\\/\\\/secure.gravatar.com\\\/avatar\\\/3835c58a73b55edb97de944593845d3f29acb93b7a088f3bf63afde947ab86ba?s=96&d=simple_local_avatar&r=g\",\"url\":\"https:\\\/\\\/secure.gravatar.com\\\/avatar\\\/3835c58a73b55edb97de944593845d3f29acb93b7a088f3bf63afde947ab86ba?s=96&d=simple_local_avatar&r=g\",\"contentUrl\":\"https:\\\/\\\/secure.gravatar.com\\\/avatar\\\/3835c58a73b55edb97de944593845d3f29acb93b7a088f3bf63afde947ab86ba?s=96&d=simple_local_avatar&r=g\",\"caption\":\"Redacao mz\"},\"sameAs\":[\"http:\\\/\\\/mznoticia.com.br\"],\"url\":\"https:\\\/\\\/mznoticia.com.br\\\/piraidosul\\\/author\\\/lucimara\\\/\"}]}<\/script>\n<!-- \/ Yoast SEO plugin. -->","yoast_head_json":{"title":"Trabalhador morre ap\u00f3s ser atingido por raio durante tempestade em Imbituva - Mz Not\u00edcias","description":"Edson Delgado da Silva, de 51 anos, morreu ap\u00f3s ser atingido por um raio durante uma tempestade na localidade de Arroio Grande, em Imbituva.","robots":{"index":"index","follow":"follow","max-snippet":"max-snippet:-1","max-image-preview":"max-image-preview:large","max-video-preview":"max-video-preview:-1"},"canonical":"https:\/\/mznoticia.com.br\/piraidosul\/trabalhador-morre-apos-ser-atingido-por-raio-durante-tempestade-em-imbituva\/","og_locale":"pt_BR","og_type":"article","og_title":"Trabalhador morre ap\u00f3s ser atingido por raio durante tempestade em Imbituva - Mz Not\u00edcias","og_description":"Edson Delgado da Silva, de 51 anos, morreu ap\u00f3s ser atingido por um raio durante uma tempestade na localidade de Arroio Grande, em Imbituva.","og_url":"https:\/\/mznoticia.com.br\/piraidosul\/trabalhador-morre-apos-ser-atingido-por-raio-durante-tempestade-em-imbituva\/","og_site_name":"Mz Not\u00edcias","article_publisher":"https:\/\/www.facebook.com\/profile.php?id=61573479951222","article_published_time":"2026-09-01T11:31:24+00:00","og_image":[{"width":1000,"height":500,"url":"https:\/\/mznoticia.com.br\/piraidosul\/wp-content\/uploads\/2026\/09\/20.webp","type":"image\/webp"}],"author":"Redacao mz","twitter_card":"summary_large_image","twitter_misc":{"Escrito por":"Redacao mz","Est. tempo de leitura":"2 minutos"},"schema":{"@context":"https:\/\/schema.org","@graph":[{"@type":"Article","@id":"https:\/\/mznoticia.com.br\/piraidosul\/trabalhador-morre-apos-ser-atingido-por-raio-durante-tempestade-em-imbituva\/#article","isPartOf":{"@id":"https:\/\/mznoticia.com.br\/piraidosul\/trabalhador-morre-apos-ser-atingido-por-raio-durante-tempestade-em-imbituva\/"},"author":{"name":"Redacao mz","@id":"https:\/\/mznoticia.com.br\/piraidosul\/#\/schema\/person\/84012d827247b3f42f37b550da79cd03"},"headline":"Trabalhador morre ap\u00f3s ser atingido por raio durante tempestade em Imbituva","datePublished":"2026-09-01T11:31:24+00:00","mainEntityOfPage":{"@id":"https:\/\/mznoticia.com.br\/piraidosul\/trabalhador-morre-apos-ser-atingido-por-raio-durante-tempestade-em-imbituva\/"},"wordCount":286,"commentCount":0,"publisher":{"@id":"https:\/\/mznoticia.com.br\/piraidosul\/#organization"},"image":{"@id":"https:\/\/mznoticia.com.br\/piraidosul\/trabalhador-morre-apos-ser-atingido-por-raio-durante-tempestade-em-imbituva\/#primaryimage"},"thumbnailUrl":"https:\/\/mznoticia.com.br\/piraidosul\/wp-content\/uploads\/2026\/09\/20.webp","keywords":["#Tempestade","acidente","Arroio Grande","campos gerais","destaque","Edson Delgado da Silva","Imbituva","IML","Irati","lavrador","Policia Militar","Raio","trabalhador"],"articleSection":["Acidente"],"inLanguage":"pt-BR","potentialAction":[{"@type":"CommentAction","name":"Comment","target":["https:\/\/mznoticia.com.br\/piraidosul\/trabalhador-morre-apos-ser-atingido-por-raio-durante-tempestade-em-imbituva\/#respond"]}]},{"@type":"WebPage","@id":"https:\/\/mznoticia.com.br\/piraidosul\/trabalhador-morre-apos-ser-atingido-por-raio-durante-tempestade-em-imbituva\/","url":"https:\/\/mznoticia.com.br\/piraidosul\/trabalhador-morre-apos-ser-atingido-por-raio-durante-tempestade-em-imbituva\/","name":"Trabalhador morre ap\u00f3s ser atingido por raio durante tempestade em Imbituva - Mz Not\u00edcias","isPartOf":{"@id":"https:\/\/mznoticia.com.br\/piraidosul\/#website"},"primaryImageOfPage":{"@id":"https:\/\/mznoticia.com.br\/piraidosul\/trabalhador-morre-apos-ser-atingido-por-raio-durante-tempestade-em-imbituva\/#primaryimage"},"image":{"@id":"https:\/\/mznoticia.com.br\/piraidosul\/trabalhador-morre-apos-ser-atingido-por-raio-durante-tempestade-em-imbituva\/#primaryimage"},"thumbnailUrl":"https:\/\/mznoticia.com.br\/piraidosul\/wp-content\/uploads\/2026\/09\/20.webp","datePublished":"2026-09-01T11:31:24+00:00","description":"Edson Delgado da Silva, de 51 anos, morreu ap\u00f3s ser atingido por um raio durante uma tempestade na localidade de Arroio Grande, em Imbituva.","breadcrumb":{"@id":"https:\/\/mznoticia.com.br\/piraidosul\/trabalhador-morre-apos-ser-atingido-por-raio-durante-tempestade-em-imbituva\/#breadcrumb"},"inLanguage":"pt-BR","potentialAction":[{"@type":"ReadAction","target":["https:\/\/mznoticia.com.br\/piraidosul\/trabalhador-morre-apos-ser-atingido-por-raio-durante-tempestade-em-imbituva\/"]}]},{"@type":"ImageObject","inLanguage":"pt-BR","@id":"https:\/\/mznoticia.com.br\/piraidosul\/trabalhador-morre-apos-ser-atingido-por-raio-durante-tempestade-em-imbituva\/#primaryimage","url":"https:\/\/mznoticia.com.br\/piraidosul\/wp-content\/uploads\/2026\/09\/20.webp","contentUrl":"https:\/\/mznoticia.com.br\/piraidosul\/wp-content\/uploads\/2026\/09\/20.webp","width":1000,"height":500},{"@type":"BreadcrumbList","@id":"https:\/\/mznoticia.com.br\/piraidosul\/trabalhador-morre-apos-ser-atingido-por-raio-durante-tempestade-em-imbituva\/#breadcrumb","itemListElement":[{"@type":"ListItem","position":1,"name":"Home","item":"https:\/\/mznoticia.com.br\/piraidosul\/"},{"@type":"ListItem","position":2,"name":"Trabalhador morre ap\u00f3s ser atingido por raio durante tempestade em Imbituva"}]},{"@type":"WebSite","@id":"https:\/\/mznoticia.com.br\/piraidosul\/#website","url":"https:\/\/mznoticia.com.br\/piraidosul\/","name":"Mz Not\u00edcia","description":"A informa\u00e7\u00e3o que voc\u00ea precisa na hora certa!","publisher":{"@id":"https:\/\/mznoticia.com.br\/piraidosul\/#organization"},"potentialAction":[{"@type":"SearchAction","target":{"@type":"EntryPoint","urlTemplate":"https:\/\/mznoticia.com.br\/piraidosul\/?s={search_term_string}"},"query-input":{"@type":"PropertyValueSpecification","valueRequired":true,"valueName":"search_term_string"}}],"inLanguage":"pt-BR"},{"@type":"Organization","@id":"https:\/\/mznoticia.com.br\/piraidosul\/#organization","name":"Mz Not\u00edcia","url":"https:\/\/mznoticia.com.br\/piraidosul\/","logo":{"@type":"ImageObject","inLanguage":"pt-BR","@id":"https:\/\/mznoticia.com.br\/piraidosul\/#\/schema\/logo\/image\/","url":"https:\/\/mznoticia.com.br\/jaguariaiva\/wp-content\/uploads\/2025\/03\/Design-sem-nome-4-e1741200616392.png","contentUrl":"https:\/\/mznoticia.com.br\/jaguariaiva\/wp-content\/uploads\/2025\/03\/Design-sem-nome-4-e1741200616392.png","width":750,"height":563,"caption":"Mz Not\u00edcia"},"image":{"@id":"https:\/\/mznoticia.com.br\/piraidosul\/#\/schema\/logo\/image\/"},"sameAs":["https:\/\/www.facebook.com\/profile.php?id=61573479951222","https:\/\/www.instagram.com\/mz.jaguariaiva\/"]},{"@type":"Person","@id":"https:\/\/mznoticia.com.br\/piraidosul\/#\/schema\/person\/84012d827247b3f42f37b550da79cd03","name":"Redacao mz","image":{"@type":"ImageObject","inLanguage":"pt-BR","@id":"https:\/\/secure.gravatar.com\/avatar\/3835c58a73b55edb97de944593845d3f29acb93b7a088f3bf63afde947ab86ba?s=96&d=simple_local_avatar&r=g","url":"https:\/\/secure.gravatar.com\/avatar\/3835c58a73b55edb97de944593845d3f29acb93b7a088f3bf63afde947ab86ba?s=96&d=simple_local_avatar&r=g","contentUrl":"https:\/\/secure.gravatar.com\/avatar\/3835c58a73b55edb97de944593845d3f29acb93b7a088f3bf63afde947ab86ba?s=96&d=simple_local_avatar&r=g","caption":"Redacao mz"},"sameAs":["http:\/\/mznoticia.com.br"],"url":"https:\/\/mznoticia.com.br\/piraidosul\/author\/lucimara\/"}]}},"_links":{"self":[{"href":"https:\/\/mznoticia.com.br\/piraidosul\/wp-json\/wp\/v2\/posts\/7861","targetHints":{"allow":["GET"]}}],"collection":[{"href":"https:\/\/mznoticia.com.br\/piraidosul\/wp-json\/wp\/v2\/posts"}],"about":[{"href":"https:\/\/mznoticia.com.br\/piraidosul\/wp-json\/wp\/v2\/types\/post"}],"author":[{"embeddable":true,"href":"https:\/\/mznoticia.com.br\/piraidosul\/wp-json\/wp\/v2\/users\/16"}],"replies":[{"embeddable":true,"href":"https:\/\/mznoticia.com.br\/piraidosul\/wp-json\/wp\/v2\/comments?post=7861"}],"version-history":[{"count":1,"href":"https:\/\/mznoticia.com.br\/piraidosul\/wp-json\/wp\/v2\/posts\/7861\/revisions"}],"predecessor-version":[{"id":7863,"href":"https:\/\/mznoticia.com.br\/piraidosul\/wp-json\/wp\/v2\/posts\/7861\/revisions\/7863"}],"wp:featuredmedia":[{"embeddable":true,"href":"https:\/\/mznoticia.com.br\/piraidosul\/wp-json\/wp\/v2\/media\/7862"}],"wp:attachment":[{"href":"https:\/\/mznoticia.com.br\/piraidosul\/wp-json\/wp\/v2\/media?parent=7861"}],"wp:term":[{"taxonomy":"category","embeddable":true,"href":"https:\/\/mznoticia.com.br\/piraidosul\/wp-json\/wp\/v2\/categories?post=7861"},{"taxonomy":"post_tag","embeddable":true,"href":"https:\/\/mznoticia.com.br\/piraidosul\/wp-json\/wp\/v2\/tags?post=7861"}],"curies":[{"name":"wp","href":"https:\/\/api.w.org\/{rel}","templated":true}]}}