{"id":7864,"date":"2026-09-01T11:39:15","date_gmt":"2026-09-01T11:39:15","guid":{"rendered":"https:\/\/mznoticia.com.br\/piraidosul\/?p=7864"},"modified":"2026-09-01T11:39:15","modified_gmt":"2026-09-01T11:39:15","slug":"parana-registra-mais-de-15-mil-raios-em-18-horas-durante-forte-temporal","status":"publish","type":"post","link":"https:\/\/mznoticia.com.br\/piraidosul\/parana-registra-mais-de-15-mil-raios-em-18-horas-durante-forte-temporal\/","title":{"rendered":"Paran\u00e1 registra mais de 15 mil raios em 18 horas durante forte temporal"},"content":{"rendered":"<h2>Descargas atmosf\u00e9ricas atingiram 239 munic\u00edpios do estado; Guarapuava liderou o ranking com 949 registros<\/h2>\n<p class=\"isSelectedEnd\">O Paran\u00e1 registrou 15.279 raios nuvem-solo durante um forte temporal que atingiu o estado. O levantamento aponta que o expressivo volume de descargas atmosf\u00e9ricas ocorreu em um intervalo de apenas 18 horas.<\/p>\n<p class=\"isSelectedEnd\">As descargas atingiram 239 dos 399 munic\u00edpios paranaenses, o equivalente a quase 60% das cidades do estado.<\/p>\n<h3>Guarapuava liderou n\u00famero de raios<\/h3>\n<p class=\"isSelectedEnd\">As regi\u00f5es Centro-Sul, Sudoeste e Metropolitana de Curitiba concentraram os maiores \u00edndices de descargas atmosf\u00e9ricas durante o per\u00edodo analisado.<\/p>\n<p class=\"isSelectedEnd\">Entre os munic\u00edpios, Guarapuava, na regi\u00e3o Centro-Sul, apresentou o maior n\u00famero de registros. Foram 949 raios nuvem-solo contabilizados na cidade durante a segunda-feira.<\/p>\n<h3>Confira as cidades com mais registros<\/h3>\n<p class=\"isSelectedEnd\">As dez cidades paranaenses que apresentaram os maiores n\u00fameros de raios foram:<\/p>\n<table>\n<tbody>\n<tr>\n<th>Cidade<\/th>\n<th>Quantidade de raios<\/th>\n<\/tr>\n<tr>\n<td>Guarapuava<\/td>\n<td>949<\/td>\n<\/tr>\n<tr>\n<td>Cand\u00f3i<\/td>\n<td>622<\/td>\n<\/tr>\n<tr>\n<td>Tr\u00eas Barras do Paran\u00e1<\/td>\n<td>528<\/td>\n<\/tr>\n<tr>\n<td>Pinh\u00e3o<\/td>\n<td>469<\/td>\n<\/tr>\n<tr>\n<td>Palmas<\/td>\n<td>440<\/td>\n<\/tr>\n<tr>\n<td>Lapa<\/td>\n<td>425<\/td>\n<\/tr>\n<tr>\n<td>Prudent\u00f3polis<\/td>\n<td>386<\/td>\n<\/tr>\n<tr>\n<td>Quedas do Igua\u00e7u<\/td>\n<td>376<\/td>\n<\/tr>\n<tr>\n<td>In\u00e1cio Martins<\/td>\n<td>334<\/td>\n<\/tr>\n<tr>\n<td>Rio Bonito do Igua\u00e7u<\/td>\n<td>291<\/td>\n<\/tr>\n<\/tbody>\n<\/table>\n<h3>Temporal provocou granizo e ventos fortes<\/h3>\n<p class=\"isSelectedEnd\">Al\u00e9m do elevado n\u00famero de descargas atmosf\u00e9ricas, considerado bem acima do registrado em um dia comum de tempestade, o Paran\u00e1 foi atingido por condi\u00e7\u00f5es de instabilidade severa.<\/p>\n<p class=\"isSelectedEnd\">Entre os fen\u00f4menos registrados est\u00e3o tempestades de granizo, com pedras de gelo que chegaram a apresentar tamanho semelhante ao de ovos de galinha.<\/p>\n<p class=\"isSelectedEnd\">Os temporais tamb\u00e9m vieram acompanhados de chuvas intensas e ventos fortes, atingindo simultaneamente dezenas de munic\u00edpios paranaenses.<\/p>\n<h3>Quase 5 mil pessoas foram afetadas<\/h3>\n<p class=\"isSelectedEnd\">Levantamentos divulgados ap\u00f3s o temporal indicaram que quase 5 mil pessoas foram diretamente afetadas pelas chuvas e pelos ventos fortes registrados no estado.<\/p>\n<p>O cen\u00e1rio de instabilidade provocou transtornos em diferentes regi\u00f5es do Paran\u00e1, com registro de danos e ocorr\u00eancias relacionadas \u00e0s condi\u00e7\u00f5es severas do tempo.<\/p>\n","protected":false},"excerpt":{"rendered":"<p>Descargas atmosf\u00e9ricas atingiram 239 munic\u00edpios do estado; Guarapuava liderou o ranking com 949 registros O Paran\u00e1 registrou 15.279 raios nuvem-solo durante um forte temporal que atingiu o estado. O levantamento aponta que o expressivo volume de descargas atmosf\u00e9ricas ocorreu em um intervalo de apenas 18 horas. As descargas atingiram 239 dos 399 munic\u00edpios paranaenses, o [&hellip;]<\/p>\n","protected":false},"author":16,"featured_media":7865,"comment_status":"open","ping_status":"open","sticky":false,"template":"","format":"standard","meta":{"footnotes":""},"categories":[12],"tags":[1162,1159,196,1186,558,3138,47,983,2318,77,984,3137,411,1057,1240],"class_list":["post-7864","post","type-post","status-publish","format-standard","has-post-thumbnail","hentry","category-geral","tag-granizo","tag-tempestade","tag-campos-gerais","tag-chuva-forte","tag-defesa-civil","tag-descargas-atmosfericas","tag-destaque","tag-guarapuava","tag-imbituva","tag-parana","tag-prudentopolis","tag-raios","tag-simepar","tag-temporal","tag-ventos-fortes"],"yoast_head":"<!-- This site is optimized with the Yoast SEO plugin v28.1 - https:\/\/yoast.com\/product\/yoast-seo-wordpress\/ -->\n<title>Paran\u00e1 registra mais de 15 mil raios em 18 horas durante forte temporal - Mz Not\u00edcias<\/title>\n<meta name=\"description\" content=\"Paran\u00e1 registra 15.279 raios em apenas 18 horas durante forte temporal. Descargas atingiram 239 munic\u00edpios e Guarapuava liderou com 949 registros.\" \/>\n<meta name=\"robots\" content=\"index, follow, max-snippet:-1, max-image-preview:large, max-video-preview:-1\" \/>\n<link rel=\"canonical\" href=\"https:\/\/mznoticia.com.br\/piraidosul\/parana-registra-mais-de-15-mil-raios-em-18-horas-durante-forte-temporal\/\" \/>\n<meta property=\"og:locale\" content=\"pt_BR\" \/>\n<meta property=\"og:type\" content=\"article\" \/>\n<meta property=\"og:title\" content=\"Paran\u00e1 registra mais de 15 mil raios em 18 horas durante forte temporal - Mz Not\u00edcias\" \/>\n<meta property=\"og:description\" content=\"Paran\u00e1 registra 15.279 raios em apenas 18 horas durante forte temporal. Descargas atingiram 239 munic\u00edpios e Guarapuava liderou com 949 registros.\" \/>\n<meta property=\"og:url\" content=\"https:\/\/mznoticia.com.br\/piraidosul\/parana-registra-mais-de-15-mil-raios-em-18-horas-durante-forte-temporal\/\" \/>\n<meta property=\"og:site_name\" content=\"Mz Not\u00edcias\" \/>\n<meta property=\"article:publisher\" content=\"https:\/\/www.facebook.com\/profile.php?id=61573479951222\" \/>\n<meta property=\"article:published_time\" content=\"2026-09-01T11:39:15+00:00\" \/>\n<meta property=\"og:image\" content=\"https:\/\/mznoticia.com.br\/piraidosul\/wp-content\/uploads\/2026\/09\/01.jpg\" \/>\n\t<meta property=\"og:image:width\" content=\"399\" \/>\n\t<meta property=\"og:image:height\" content=\"501\" \/>\n\t<meta property=\"og:image:type\" content=\"image\/jpeg\" \/>\n<meta name=\"author\" content=\"Redacao mz\" \/>\n<meta name=\"twitter:card\" content=\"summary_large_image\" \/>\n<meta name=\"twitter:label1\" content=\"Escrito por\" \/>\n\t<meta name=\"twitter:data1\" content=\"Redacao mz\" \/>\n\t<meta name=\"twitter:label2\" content=\"Est. tempo de leitura\" \/>\n\t<meta name=\"twitter:data2\" content=\"2 minutos\" \/>\n<script type=\"application\/ld+json\" class=\"yoast-schema-graph\">{\"@context\":\"https:\\\/\\\/schema.org\",\"@graph\":[{\"@type\":\"Article\",\"@id\":\"https:\\\/\\\/mznoticia.com.br\\\/piraidosul\\\/parana-registra-mais-de-15-mil-raios-em-18-horas-durante-forte-temporal\\\/#article\",\"isPartOf\":{\"@id\":\"https:\\\/\\\/mznoticia.com.br\\\/piraidosul\\\/parana-registra-mais-de-15-mil-raios-em-18-horas-durante-forte-temporal\\\/\"},\"author\":{\"name\":\"Redacao mz\",\"@id\":\"https:\\\/\\\/mznoticia.com.br\\\/piraidosul\\\/#\\\/schema\\\/person\\\/84012d827247b3f42f37b550da79cd03\"},\"headline\":\"Paran\u00e1 registra mais de 15 mil raios em 18 horas durante forte temporal\",\"datePublished\":\"2026-09-01T11:39:15+00:00\",\"mainEntityOfPage\":{\"@id\":\"https:\\\/\\\/mznoticia.com.br\\\/piraidosul\\\/parana-registra-mais-de-15-mil-raios-em-18-horas-durante-forte-temporal\\\/\"},\"wordCount\":309,\"commentCount\":0,\"publisher\":{\"@id\":\"https:\\\/\\\/mznoticia.com.br\\\/piraidosul\\\/#organization\"},\"image\":{\"@id\":\"https:\\\/\\\/mznoticia.com.br\\\/piraidosul\\\/parana-registra-mais-de-15-mil-raios-em-18-horas-durante-forte-temporal\\\/#primaryimage\"},\"thumbnailUrl\":\"https:\\\/\\\/mznoticia.com.br\\\/piraidosul\\\/wp-content\\\/uploads\\\/2026\\\/09\\\/01.jpg\",\"keywords\":[\"#Granizo\",\"#Tempestade\",\"campos gerais\",\"chuva forte\",\"defesa civil\",\"descargas atmosf\u00e9ricas\",\"destaque\",\"Guarapuava\",\"Imbituva\",\"parana\",\"Prudent\u00f3polis\",\"raios\",\"Simepar\",\"Temporal\",\"Ventos Fortes\"],\"articleSection\":[\"Geral\"],\"inLanguage\":\"pt-BR\",\"potentialAction\":[{\"@type\":\"CommentAction\",\"name\":\"Comment\",\"target\":[\"https:\\\/\\\/mznoticia.com.br\\\/piraidosul\\\/parana-registra-mais-de-15-mil-raios-em-18-horas-durante-forte-temporal\\\/#respond\"]}]},{\"@type\":\"WebPage\",\"@id\":\"https:\\\/\\\/mznoticia.com.br\\\/piraidosul\\\/parana-registra-mais-de-15-mil-raios-em-18-horas-durante-forte-temporal\\\/\",\"url\":\"https:\\\/\\\/mznoticia.com.br\\\/piraidosul\\\/parana-registra-mais-de-15-mil-raios-em-18-horas-durante-forte-temporal\\\/\",\"name\":\"Paran\u00e1 registra mais de 15 mil raios em 18 horas durante forte temporal - Mz Not\u00edcias\",\"isPartOf\":{\"@id\":\"https:\\\/\\\/mznoticia.com.br\\\/piraidosul\\\/#website\"},\"primaryImageOfPage\":{\"@id\":\"https:\\\/\\\/mznoticia.com.br\\\/piraidosul\\\/parana-registra-mais-de-15-mil-raios-em-18-horas-durante-forte-temporal\\\/#primaryimage\"},\"image\":{\"@id\":\"https:\\\/\\\/mznoticia.com.br\\\/piraidosul\\\/parana-registra-mais-de-15-mil-raios-em-18-horas-durante-forte-temporal\\\/#primaryimage\"},\"thumbnailUrl\":\"https:\\\/\\\/mznoticia.com.br\\\/piraidosul\\\/wp-content\\\/uploads\\\/2026\\\/09\\\/01.jpg\",\"datePublished\":\"2026-09-01T11:39:15+00:00\",\"description\":\"Paran\u00e1 registra 15.279 raios em apenas 18 horas durante forte temporal. Descargas atingiram 239 munic\u00edpios e Guarapuava liderou com 949 registros.\",\"breadcrumb\":{\"@id\":\"https:\\\/\\\/mznoticia.com.br\\\/piraidosul\\\/parana-registra-mais-de-15-mil-raios-em-18-horas-durante-forte-temporal\\\/#breadcrumb\"},\"inLanguage\":\"pt-BR\",\"potentialAction\":[{\"@type\":\"ReadAction\",\"target\":[\"https:\\\/\\\/mznoticia.com.br\\\/piraidosul\\\/parana-registra-mais-de-15-mil-raios-em-18-horas-durante-forte-temporal\\\/\"]}]},{\"@type\":\"ImageObject\",\"inLanguage\":\"pt-BR\",\"@id\":\"https:\\\/\\\/mznoticia.com.br\\\/piraidosul\\\/parana-registra-mais-de-15-mil-raios-em-18-horas-durante-forte-temporal\\\/#primaryimage\",\"url\":\"https:\\\/\\\/mznoticia.com.br\\\/piraidosul\\\/wp-content\\\/uploads\\\/2026\\\/09\\\/01.jpg\",\"contentUrl\":\"https:\\\/\\\/mznoticia.com.br\\\/piraidosul\\\/wp-content\\\/uploads\\\/2026\\\/09\\\/01.jpg\",\"width\":399,\"height\":501},{\"@type\":\"BreadcrumbList\",\"@id\":\"https:\\\/\\\/mznoticia.com.br\\\/piraidosul\\\/parana-registra-mais-de-15-mil-raios-em-18-horas-durante-forte-temporal\\\/#breadcrumb\",\"itemListElement\":[{\"@type\":\"ListItem\",\"position\":1,\"name\":\"Home\",\"item\":\"https:\\\/\\\/mznoticia.com.br\\\/piraidosul\\\/\"},{\"@type\":\"ListItem\",\"position\":2,\"name\":\"Paran\u00e1 registra mais de 15 mil raios em 18 horas durante forte temporal\"}]},{\"@type\":\"WebSite\",\"@id\":\"https:\\\/\\\/mznoticia.com.br\\\/piraidosul\\\/#website\",\"url\":\"https:\\\/\\\/mznoticia.com.br\\\/piraidosul\\\/\",\"name\":\"Mz Not\u00edcia\",\"description\":\"A informa\u00e7\u00e3o que voc\u00ea precisa na hora certa!\",\"publisher\":{\"@id\":\"https:\\\/\\\/mznoticia.com.br\\\/piraidosul\\\/#organization\"},\"potentialAction\":[{\"@type\":\"SearchAction\",\"target\":{\"@type\":\"EntryPoint\",\"urlTemplate\":\"https:\\\/\\\/mznoticia.com.br\\\/piraidosul\\\/?s={search_term_string}\"},\"query-input\":{\"@type\":\"PropertyValueSpecification\",\"valueRequired\":true,\"valueName\":\"search_term_string\"}}],\"inLanguage\":\"pt-BR\"},{\"@type\":\"Organization\",\"@id\":\"https:\\\/\\\/mznoticia.com.br\\\/piraidosul\\\/#organization\",\"name\":\"Mz Not\u00edcia\",\"url\":\"https:\\\/\\\/mznoticia.com.br\\\/piraidosul\\\/\",\"logo\":{\"@type\":\"ImageObject\",\"inLanguage\":\"pt-BR\",\"@id\":\"https:\\\/\\\/mznoticia.com.br\\\/piraidosul\\\/#\\\/schema\\\/logo\\\/image\\\/\",\"url\":\"https:\\\/\\\/mznoticia.com.br\\\/jaguariaiva\\\/wp-content\\\/uploads\\\/2025\\\/03\\\/Design-sem-nome-4-e1741200616392.png\",\"contentUrl\":\"https:\\\/\\\/mznoticia.com.br\\\/jaguariaiva\\\/wp-content\\\/uploads\\\/2025\\\/03\\\/Design-sem-nome-4-e1741200616392.png\",\"width\":750,\"height\":563,\"caption\":\"Mz Not\u00edcia\"},\"image\":{\"@id\":\"https:\\\/\\\/mznoticia.com.br\\\/piraidosul\\\/#\\\/schema\\\/logo\\\/image\\\/\"},\"sameAs\":[\"https:\\\/\\\/www.facebook.com\\\/profile.php?id=61573479951222\",\"https:\\\/\\\/www.instagram.com\\\/mz.jaguariaiva\\\/\"]},{\"@type\":\"Person\",\"@id\":\"https:\\\/\\\/mznoticia.com.br\\\/piraidosul\\\/#\\\/schema\\\/person\\\/84012d827247b3f42f37b550da79cd03\",\"name\":\"Redacao mz\",\"image\":{\"@type\":\"ImageObject\",\"inLanguage\":\"pt-BR\",\"@id\":\"https:\\\/\\\/secure.gravatar.com\\\/avatar\\\/3835c58a73b55edb97de944593845d3f29acb93b7a088f3bf63afde947ab86ba?s=96&d=simple_local_avatar&r=g\",\"url\":\"https:\\\/\\\/secure.gravatar.com\\\/avatar\\\/3835c58a73b55edb97de944593845d3f29acb93b7a088f3bf63afde947ab86ba?s=96&d=simple_local_avatar&r=g\",\"contentUrl\":\"https:\\\/\\\/secure.gravatar.com\\\/avatar\\\/3835c58a73b55edb97de944593845d3f29acb93b7a088f3bf63afde947ab86ba?s=96&d=simple_local_avatar&r=g\",\"caption\":\"Redacao mz\"},\"sameAs\":[\"http:\\\/\\\/mznoticia.com.br\"],\"url\":\"https:\\\/\\\/mznoticia.com.br\\\/piraidosul\\\/author\\\/lucimara\\\/\"}]}<\/script>\n<!-- \/ Yoast SEO plugin. -->","yoast_head_json":{"title":"Paran\u00e1 registra mais de 15 mil raios em 18 horas durante forte temporal - Mz Not\u00edcias","description":"Paran\u00e1 registra 15.279 raios em apenas 18 horas durante forte temporal. Descargas atingiram 239 munic\u00edpios e Guarapuava liderou com 949 registros.","robots":{"index":"index","follow":"follow","max-snippet":"max-snippet:-1","max-image-preview":"max-image-preview:large","max-video-preview":"max-video-preview:-1"},"canonical":"https:\/\/mznoticia.com.br\/piraidosul\/parana-registra-mais-de-15-mil-raios-em-18-horas-durante-forte-temporal\/","og_locale":"pt_BR","og_type":"article","og_title":"Paran\u00e1 registra mais de 15 mil raios em 18 horas durante forte temporal - Mz Not\u00edcias","og_description":"Paran\u00e1 registra 15.279 raios em apenas 18 horas durante forte temporal. Descargas atingiram 239 munic\u00edpios e Guarapuava liderou com 949 registros.","og_url":"https:\/\/mznoticia.com.br\/piraidosul\/parana-registra-mais-de-15-mil-raios-em-18-horas-durante-forte-temporal\/","og_site_name":"Mz Not\u00edcias","article_publisher":"https:\/\/www.facebook.com\/profile.php?id=61573479951222","article_published_time":"2026-09-01T11:39:15+00:00","og_image":[{"width":399,"height":501,"url":"https:\/\/mznoticia.com.br\/piraidosul\/wp-content\/uploads\/2026\/09\/01.jpg","type":"image\/jpeg"}],"author":"Redacao mz","twitter_card":"summary_large_image","twitter_misc":{"Escrito por":"Redacao mz","Est. tempo de leitura":"2 minutos"},"schema":{"@context":"https:\/\/schema.org","@graph":[{"@type":"Article","@id":"https:\/\/mznoticia.com.br\/piraidosul\/parana-registra-mais-de-15-mil-raios-em-18-horas-durante-forte-temporal\/#article","isPartOf":{"@id":"https:\/\/mznoticia.com.br\/piraidosul\/parana-registra-mais-de-15-mil-raios-em-18-horas-durante-forte-temporal\/"},"author":{"name":"Redacao mz","@id":"https:\/\/mznoticia.com.br\/piraidosul\/#\/schema\/person\/84012d827247b3f42f37b550da79cd03"},"headline":"Paran\u00e1 registra mais de 15 mil raios em 18 horas durante forte temporal","datePublished":"2026-09-01T11:39:15+00:00","mainEntityOfPage":{"@id":"https:\/\/mznoticia.com.br\/piraidosul\/parana-registra-mais-de-15-mil-raios-em-18-horas-durante-forte-temporal\/"},"wordCount":309,"commentCount":0,"publisher":{"@id":"https:\/\/mznoticia.com.br\/piraidosul\/#organization"},"image":{"@id":"https:\/\/mznoticia.com.br\/piraidosul\/parana-registra-mais-de-15-mil-raios-em-18-horas-durante-forte-temporal\/#primaryimage"},"thumbnailUrl":"https:\/\/mznoticia.com.br\/piraidosul\/wp-content\/uploads\/2026\/09\/01.jpg","keywords":["#Granizo","#Tempestade","campos gerais","chuva forte","defesa civil","descargas atmosf\u00e9ricas","destaque","Guarapuava","Imbituva","parana","Prudent\u00f3polis","raios","Simepar","Temporal","Ventos Fortes"],"articleSection":["Geral"],"inLanguage":"pt-BR","potentialAction":[{"@type":"CommentAction","name":"Comment","target":["https:\/\/mznoticia.com.br\/piraidosul\/parana-registra-mais-de-15-mil-raios-em-18-horas-durante-forte-temporal\/#respond"]}]},{"@type":"WebPage","@id":"https:\/\/mznoticia.com.br\/piraidosul\/parana-registra-mais-de-15-mil-raios-em-18-horas-durante-forte-temporal\/","url":"https:\/\/mznoticia.com.br\/piraidosul\/parana-registra-mais-de-15-mil-raios-em-18-horas-durante-forte-temporal\/","name":"Paran\u00e1 registra mais de 15 mil raios em 18 horas durante forte temporal - Mz Not\u00edcias","isPartOf":{"@id":"https:\/\/mznoticia.com.br\/piraidosul\/#website"},"primaryImageOfPage":{"@id":"https:\/\/mznoticia.com.br\/piraidosul\/parana-registra-mais-de-15-mil-raios-em-18-horas-durante-forte-temporal\/#primaryimage"},"image":{"@id":"https:\/\/mznoticia.com.br\/piraidosul\/parana-registra-mais-de-15-mil-raios-em-18-horas-durante-forte-temporal\/#primaryimage"},"thumbnailUrl":"https:\/\/mznoticia.com.br\/piraidosul\/wp-content\/uploads\/2026\/09\/01.jpg","datePublished":"2026-09-01T11:39:15+00:00","description":"Paran\u00e1 registra 15.279 raios em apenas 18 horas durante forte temporal. Descargas atingiram 239 munic\u00edpios e Guarapuava liderou com 949 registros.","breadcrumb":{"@id":"https:\/\/mznoticia.com.br\/piraidosul\/parana-registra-mais-de-15-mil-raios-em-18-horas-durante-forte-temporal\/#breadcrumb"},"inLanguage":"pt-BR","potentialAction":[{"@type":"ReadAction","target":["https:\/\/mznoticia.com.br\/piraidosul\/parana-registra-mais-de-15-mil-raios-em-18-horas-durante-forte-temporal\/"]}]},{"@type":"ImageObject","inLanguage":"pt-BR","@id":"https:\/\/mznoticia.com.br\/piraidosul\/parana-registra-mais-de-15-mil-raios-em-18-horas-durante-forte-temporal\/#primaryimage","url":"https:\/\/mznoticia.com.br\/piraidosul\/wp-content\/uploads\/2026\/09\/01.jpg","contentUrl":"https:\/\/mznoticia.com.br\/piraidosul\/wp-content\/uploads\/2026\/09\/01.jpg","width":399,"height":501},{"@type":"BreadcrumbList","@id":"https:\/\/mznoticia.com.br\/piraidosul\/parana-registra-mais-de-15-mil-raios-em-18-horas-durante-forte-temporal\/#breadcrumb","itemListElement":[{"@type":"ListItem","position":1,"name":"Home","item":"https:\/\/mznoticia.com.br\/piraidosul\/"},{"@type":"ListItem","position":2,"name":"Paran\u00e1 registra mais de 15 mil raios em 18 horas durante forte temporal"}]},{"@type":"WebSite","@id":"https:\/\/mznoticia.com.br\/piraidosul\/#website","url":"https:\/\/mznoticia.com.br\/piraidosul\/","name":"Mz Not\u00edcia","description":"A informa\u00e7\u00e3o que voc\u00ea precisa na hora certa!","publisher":{"@id":"https:\/\/mznoticia.com.br\/piraidosul\/#organization"},"potentialAction":[{"@type":"SearchAction","target":{"@type":"EntryPoint","urlTemplate":"https:\/\/mznoticia.com.br\/piraidosul\/?s={search_term_string}"},"query-input":{"@type":"PropertyValueSpecification","valueRequired":true,"valueName":"search_term_string"}}],"inLanguage":"pt-BR"},{"@type":"Organization","@id":"https:\/\/mznoticia.com.br\/piraidosul\/#organization","name":"Mz Not\u00edcia","url":"https:\/\/mznoticia.com.br\/piraidosul\/","logo":{"@type":"ImageObject","inLanguage":"pt-BR","@id":"https:\/\/mznoticia.com.br\/piraidosul\/#\/schema\/logo\/image\/","url":"https:\/\/mznoticia.com.br\/jaguariaiva\/wp-content\/uploads\/2025\/03\/Design-sem-nome-4-e1741200616392.png","contentUrl":"https:\/\/mznoticia.com.br\/jaguariaiva\/wp-content\/uploads\/2025\/03\/Design-sem-nome-4-e1741200616392.png","width":750,"height":563,"caption":"Mz Not\u00edcia"},"image":{"@id":"https:\/\/mznoticia.com.br\/piraidosul\/#\/schema\/logo\/image\/"},"sameAs":["https:\/\/www.facebook.com\/profile.php?id=61573479951222","https:\/\/www.instagram.com\/mz.jaguariaiva\/"]},{"@type":"Person","@id":"https:\/\/mznoticia.com.br\/piraidosul\/#\/schema\/person\/84012d827247b3f42f37b550da79cd03","name":"Redacao mz","image":{"@type":"ImageObject","inLanguage":"pt-BR","@id":"https:\/\/secure.gravatar.com\/avatar\/3835c58a73b55edb97de944593845d3f29acb93b7a088f3bf63afde947ab86ba?s=96&d=simple_local_avatar&r=g","url":"https:\/\/secure.gravatar.com\/avatar\/3835c58a73b55edb97de944593845d3f29acb93b7a088f3bf63afde947ab86ba?s=96&d=simple_local_avatar&r=g","contentUrl":"https:\/\/secure.gravatar.com\/avatar\/3835c58a73b55edb97de944593845d3f29acb93b7a088f3bf63afde947ab86ba?s=96&d=simple_local_avatar&r=g","caption":"Redacao mz"},"sameAs":["http:\/\/mznoticia.com.br"],"url":"https:\/\/mznoticia.com.br\/piraidosul\/author\/lucimara\/"}]}},"_links":{"self":[{"href":"https:\/\/mznoticia.com.br\/piraidosul\/wp-json\/wp\/v2\/posts\/7864","targetHints":{"allow":["GET"]}}],"collection":[{"href":"https:\/\/mznoticia.com.br\/piraidosul\/wp-json\/wp\/v2\/posts"}],"about":[{"href":"https:\/\/mznoticia.com.br\/piraidosul\/wp-json\/wp\/v2\/types\/post"}],"author":[{"embeddable":true,"href":"https:\/\/mznoticia.com.br\/piraidosul\/wp-json\/wp\/v2\/users\/16"}],"replies":[{"embeddable":true,"href":"https:\/\/mznoticia.com.br\/piraidosul\/wp-json\/wp\/v2\/comments?post=7864"}],"version-history":[{"count":1,"href":"https:\/\/mznoticia.com.br\/piraidosul\/wp-json\/wp\/v2\/posts\/7864\/revisions"}],"predecessor-version":[{"id":7866,"href":"https:\/\/mznoticia.com.br\/piraidosul\/wp-json\/wp\/v2\/posts\/7864\/revisions\/7866"}],"wp:featuredmedia":[{"embeddable":true,"href":"https:\/\/mznoticia.com.br\/piraidosul\/wp-json\/wp\/v2\/media\/7865"}],"wp:attachment":[{"href":"https:\/\/mznoticia.com.br\/piraidosul\/wp-json\/wp\/v2\/media?parent=7864"}],"wp:term":[{"taxonomy":"category","embeddable":true,"href":"https:\/\/mznoticia.com.br\/piraidosul\/wp-json\/wp\/v2\/categories?post=7864"},{"taxonomy":"post_tag","embeddable":true,"href":"https:\/\/mznoticia.com.br\/piraidosul\/wp-json\/wp\/v2\/tags?post=7864"}],"curies":[{"name":"wp","href":"https:\/\/api.w.org\/{rel}","templated":true}]}}