{"id":7867,"date":"2026-09-01T12:01:21","date_gmt":"2026-09-01T12:01:21","guid":{"rendered":"https:\/\/mznoticia.com.br\/piraidosul\/?p=7867"},"modified":"2026-09-01T12:01:21","modified_gmt":"2026-09-01T12:01:21","slug":"ciclone-extratropical-e-temporais-colocam-parana-em-alerta-nesta-terca-feira","status":"publish","type":"post","link":"https:\/\/mznoticia.com.br\/piraidosul\/ciclone-extratropical-e-temporais-colocam-parana-em-alerta-nesta-terca-feira\/","title":{"rendered":"Ciclone extratropical e temporais colocam Paran\u00e1 em alerta nesta ter\u00e7a-feira"},"content":{"rendered":"<h2>Massa de ar frio provoca queda acentuada nas temperaturas, enquanto diferentes regi\u00f5es podem registrar chuva forte, raios, granizo e rajadas de vento<\/h2>\n<p class=\"isSelectedEnd\">O Paran\u00e1 est\u00e1 em alerta nesta ter\u00e7a-feira (1\u00ba) devido \u00e0 forma\u00e7\u00e3o de um ciclone extratropical e \u00e0 previs\u00e3o de temporais acompanhados de raios, granizo e rajadas de vento. As condi\u00e7\u00f5es de instabilidade tamb\u00e9m devem atingir outras \u00e1reas do Sul e de diferentes regi\u00f5es do pa\u00eds.<\/p>\n<p class=\"isSelectedEnd\">A chegada de uma massa de ar frio e seco provoca uma queda acentuada nas temperaturas no Sul do Brasil. A previs\u00e3o \u00e9 de que o frio permane\u00e7a at\u00e9 quarta-feira (2). Ao mesmo tempo, a circula\u00e7\u00e3o do ciclone extratropical pode favorecer a ocorr\u00eancia de chuva e temporais em algumas \u00e1reas.<\/p>\n<h3>Paran\u00e1 tem previs\u00e3o de temporais<\/h3>\n<p class=\"isSelectedEnd\">No Paran\u00e1, o risco de tempestades \u00e9 maior principalmente no extremo norte, litoral e leste do Estado.<\/p>\n<p class=\"isSelectedEnd\">Tamb\u00e9m h\u00e1 possibilidade de chuva em diferentes pontos da Regi\u00e3o Sul, devido \u00e0 atua\u00e7\u00e3o do sistema de instabilidade.<\/p>\n<h3>Santa Catarina mant\u00e9m alerta para temporais<\/h3>\n<p class=\"isSelectedEnd\">Em Santa Catarina, permanecem os alertas para temporais, que podem ocorrer acompanhados de granizo.<\/p>\n<p class=\"isSelectedEnd\">Desde domingo (30), equipes do Corpo de Bombeiros Militar de Santa Catarina atendem comunidades do interior de seis munic\u00edpios afetados pelas chuvas fortes.<\/p>\n<p class=\"isSelectedEnd\">Os trabalhos incluem a distribui\u00e7\u00e3o de lonas para fam\u00edlias que tiveram as casas destelhadas e a limpeza de pistas em pontos atingidos por alagamentos.<\/p>\n<h3>Sudeste tamb\u00e9m pode ter chuva forte<\/h3>\n<p class=\"isSelectedEnd\">Na Regi\u00e3o Sudeste, a previs\u00e3o indica temporais fortes, por\u00e9m isolados, com possibilidade de granizo.<\/p>\n<p class=\"isSelectedEnd\">As instabilidades devem atingir principalmente S\u00e3o Paulo, Rio de Janeiro, sul de Minas Gerais e Tri\u00e2ngulo Mineiro.<\/p>\n<h3>Centro-Oeste ter\u00e1 pancadas isoladas<\/h3>\n<p class=\"isSelectedEnd\">No Centro-Oeste, s\u00e3o esperadas pancadas de chuva isoladas no centro-sul de Mato Grosso e Goi\u00e1s.<\/p>\n<p class=\"isSelectedEnd\">Durante a noite, as \u00e1reas de instabilidade podem avan\u00e7ar para o Distrito Federal e o centro-norte de Goi\u00e1s.<\/p>\n<h3>Previs\u00e3o para o Norte<\/h3>\n<p class=\"isSelectedEnd\">No Norte do pa\u00eds, o tempo permanece seco em grande parte da regi\u00e3o.<\/p>\n<p class=\"isSelectedEnd\">A previs\u00e3o indica muitas nuvens entre Roraima, Amazonas, Acre e sul de Rond\u00f4nia. As pancadas de chuva devem se concentrar no centro-oeste e norte do Amazonas, com possibilidade de chuva isolada tamb\u00e9m no sul de Rond\u00f4nia.<\/p>\n<h3>Nordeste ter\u00e1 chuva isolada<\/h3>\n<p class=\"isSelectedEnd\">Na faixa leste do Nordeste, s\u00e3o esperadas muitas nuvens e possibilidade de chuva isolada durante a manh\u00e3.<\/p>\n<p class=\"isSelectedEnd\">A condi\u00e7\u00e3o deve ocorrer principalmente entre o litoral norte da Bahia, Sergipe, Alagoas, Pernambuco, Para\u00edba e litoral leste do Rio Grande do Norte.<\/p>\n<p class=\"isSelectedEnd\">Nas demais \u00e1reas da regi\u00e3o, a previs\u00e3o \u00e9 de c\u00e9u com poucas nuvens.<\/p>\n<h3>Orienta\u00e7\u00f5es para os temporais<\/h3>\n<p class=\"isSelectedEnd\">Diante da possibilidade de temporais, a popula\u00e7\u00e3o deve adotar alguns cuidados para reduzir os riscos.<\/p>\n<p class=\"isSelectedEnd\">Entre as orienta\u00e7\u00f5es est\u00e3o:<\/p>\n<ul data-spread=\"false\">\n<li>Desligar aparelhos el\u00e9tricos e o quadro geral de energia;<\/li>\n<li>Em caso de enxurrada, colocar documentos e objetos de valor em sacos pl\u00e1sticos;<\/li>\n<li>Em situa\u00e7\u00f5es de grande perigo, procurar abrigo;<\/li>\n<li>Evitar permanecer ao ar livre durante tempestades.<\/li>\n<\/ul>\n","protected":false},"excerpt":{"rendered":"<p>Massa de ar frio provoca queda acentuada nas temperaturas, enquanto diferentes regi\u00f5es podem registrar chuva forte, raios, granizo e rajadas de vento O Paran\u00e1 est\u00e1 em alerta nesta ter\u00e7a-feira (1\u00ba) devido \u00e0 forma\u00e7\u00e3o de um ciclone extratropical e \u00e0 previs\u00e3o de temporais acompanhados de raios, granizo e rajadas de vento. As condi\u00e7\u00f5es de instabilidade tamb\u00e9m [&hellip;]<\/p>\n","protected":false},"author":16,"featured_media":7868,"comment_status":"open","ping_status":"open","sticky":false,"template":"","format":"standard","meta":{"footnotes":""},"categories":[1185],"tags":[1162,1160,1159,196,236,1574,558,1898,77,24,3137,3029,550,1057,3139],"class_list":["post-7867","post","type-post","status-publish","format-standard","has-post-thumbnail","hentry","category-previsao-do-tempo","tag-granizo","tag-inmet","tag-tempestade","tag-campos-gerais","tag-chuva","tag-ciclone-extratropical","tag-defesa-civil","tag-frio","tag-parana","tag-ponta-grossa","tag-raios","tag-regiao-sul","tag-santa-catarina","tag-temporal","tag-vento-forte"],"yoast_head":"<!-- This site is optimized with the Yoast SEO plugin v28.1 - https:\/\/yoast.com\/product\/yoast-seo-wordpress\/ -->\n<title>Ciclone extratropical e temporais colocam Paran\u00e1 em alerta nesta ter\u00e7a-feira - Mz Not\u00edcias<\/title>\n<meta name=\"description\" content=\"Ciclone extratropical e temporais devem atingir o Paran\u00e1 nesta ter\u00e7a-feira, com previs\u00e3o de raios, granizo, rajadas de vento e queda nas temperaturas.\" \/>\n<meta name=\"robots\" content=\"index, follow, max-snippet:-1, max-image-preview:large, max-video-preview:-1\" \/>\n<link rel=\"canonical\" href=\"https:\/\/mznoticia.com.br\/piraidosul\/ciclone-extratropical-e-temporais-colocam-parana-em-alerta-nesta-terca-feira\/\" \/>\n<meta property=\"og:locale\" content=\"pt_BR\" \/>\n<meta property=\"og:type\" content=\"article\" \/>\n<meta property=\"og:title\" content=\"Ciclone extratropical e temporais colocam Paran\u00e1 em alerta nesta ter\u00e7a-feira - Mz Not\u00edcias\" \/>\n<meta property=\"og:description\" content=\"Ciclone extratropical e temporais devem atingir o Paran\u00e1 nesta ter\u00e7a-feira, com previs\u00e3o de raios, granizo, rajadas de vento e queda nas temperaturas.\" \/>\n<meta property=\"og:url\" content=\"https:\/\/mznoticia.com.br\/piraidosul\/ciclone-extratropical-e-temporais-colocam-parana-em-alerta-nesta-terca-feira\/\" \/>\n<meta property=\"og:site_name\" content=\"Mz Not\u00edcias\" \/>\n<meta property=\"article:publisher\" content=\"https:\/\/www.facebook.com\/profile.php?id=61573479951222\" \/>\n<meta property=\"article:published_time\" content=\"2026-09-01T12:01:21+00:00\" \/>\n<meta property=\"og:image\" content=\"https:\/\/mznoticia.com.br\/piraidosul\/wp-content\/uploads\/2026\/09\/20-1.webp\" \/>\n\t<meta property=\"og:image:width\" content=\"414\" \/>\n\t<meta property=\"og:image:height\" content=\"280\" \/>\n\t<meta property=\"og:image:type\" content=\"image\/webp\" \/>\n<meta name=\"author\" content=\"Redacao mz\" \/>\n<meta name=\"twitter:card\" content=\"summary_large_image\" \/>\n<meta name=\"twitter:label1\" content=\"Escrito por\" \/>\n\t<meta name=\"twitter:data1\" content=\"Redacao mz\" \/>\n\t<meta name=\"twitter:label2\" content=\"Est. tempo de leitura\" \/>\n\t<meta name=\"twitter:data2\" content=\"3 minutos\" \/>\n<script type=\"application\/ld+json\" class=\"yoast-schema-graph\">{\"@context\":\"https:\\\/\\\/schema.org\",\"@graph\":[{\"@type\":\"Article\",\"@id\":\"https:\\\/\\\/mznoticia.com.br\\\/piraidosul\\\/ciclone-extratropical-e-temporais-colocam-parana-em-alerta-nesta-terca-feira\\\/#article\",\"isPartOf\":{\"@id\":\"https:\\\/\\\/mznoticia.com.br\\\/piraidosul\\\/ciclone-extratropical-e-temporais-colocam-parana-em-alerta-nesta-terca-feira\\\/\"},\"author\":{\"name\":\"Redacao mz\",\"@id\":\"https:\\\/\\\/mznoticia.com.br\\\/piraidosul\\\/#\\\/schema\\\/person\\\/84012d827247b3f42f37b550da79cd03\"},\"headline\":\"Ciclone extratropical e temporais colocam Paran\u00e1 em alerta nesta ter\u00e7a-feira\",\"datePublished\":\"2026-09-01T12:01:21+00:00\",\"mainEntityOfPage\":{\"@id\":\"https:\\\/\\\/mznoticia.com.br\\\/piraidosul\\\/ciclone-extratropical-e-temporais-colocam-parana-em-alerta-nesta-terca-feira\\\/\"},\"wordCount\":519,\"commentCount\":0,\"publisher\":{\"@id\":\"https:\\\/\\\/mznoticia.com.br\\\/piraidosul\\\/#organization\"},\"image\":{\"@id\":\"https:\\\/\\\/mznoticia.com.br\\\/piraidosul\\\/ciclone-extratropical-e-temporais-colocam-parana-em-alerta-nesta-terca-feira\\\/#primaryimage\"},\"thumbnailUrl\":\"https:\\\/\\\/mznoticia.com.br\\\/piraidosul\\\/wp-content\\\/uploads\\\/2026\\\/09\\\/20-1.webp\",\"keywords\":[\"#Granizo\",\"#Inmet\",\"#Tempestade\",\"campos gerais\",\"chuva\",\"Ciclone Extratropical\",\"defesa civil\",\"frio\",\"parana\",\"Ponta Grossa\",\"raios\",\"Regi\u00e3o Sul\",\"Santa Catarina\",\"Temporal\",\"vento forte\"],\"articleSection\":[\"Previs\u00e3o do Tempo\"],\"inLanguage\":\"pt-BR\",\"potentialAction\":[{\"@type\":\"CommentAction\",\"name\":\"Comment\",\"target\":[\"https:\\\/\\\/mznoticia.com.br\\\/piraidosul\\\/ciclone-extratropical-e-temporais-colocam-parana-em-alerta-nesta-terca-feira\\\/#respond\"]}]},{\"@type\":\"WebPage\",\"@id\":\"https:\\\/\\\/mznoticia.com.br\\\/piraidosul\\\/ciclone-extratropical-e-temporais-colocam-parana-em-alerta-nesta-terca-feira\\\/\",\"url\":\"https:\\\/\\\/mznoticia.com.br\\\/piraidosul\\\/ciclone-extratropical-e-temporais-colocam-parana-em-alerta-nesta-terca-feira\\\/\",\"name\":\"Ciclone extratropical e temporais colocam Paran\u00e1 em alerta nesta ter\u00e7a-feira - Mz Not\u00edcias\",\"isPartOf\":{\"@id\":\"https:\\\/\\\/mznoticia.com.br\\\/piraidosul\\\/#website\"},\"primaryImageOfPage\":{\"@id\":\"https:\\\/\\\/mznoticia.com.br\\\/piraidosul\\\/ciclone-extratropical-e-temporais-colocam-parana-em-alerta-nesta-terca-feira\\\/#primaryimage\"},\"image\":{\"@id\":\"https:\\\/\\\/mznoticia.com.br\\\/piraidosul\\\/ciclone-extratropical-e-temporais-colocam-parana-em-alerta-nesta-terca-feira\\\/#primaryimage\"},\"thumbnailUrl\":\"https:\\\/\\\/mznoticia.com.br\\\/piraidosul\\\/wp-content\\\/uploads\\\/2026\\\/09\\\/20-1.webp\",\"datePublished\":\"2026-09-01T12:01:21+00:00\",\"description\":\"Ciclone extratropical e temporais devem atingir o Paran\u00e1 nesta ter\u00e7a-feira, com previs\u00e3o de raios, granizo, rajadas de vento e queda nas temperaturas.\",\"breadcrumb\":{\"@id\":\"https:\\\/\\\/mznoticia.com.br\\\/piraidosul\\\/ciclone-extratropical-e-temporais-colocam-parana-em-alerta-nesta-terca-feira\\\/#breadcrumb\"},\"inLanguage\":\"pt-BR\",\"potentialAction\":[{\"@type\":\"ReadAction\",\"target\":[\"https:\\\/\\\/mznoticia.com.br\\\/piraidosul\\\/ciclone-extratropical-e-temporais-colocam-parana-em-alerta-nesta-terca-feira\\\/\"]}]},{\"@type\":\"ImageObject\",\"inLanguage\":\"pt-BR\",\"@id\":\"https:\\\/\\\/mznoticia.com.br\\\/piraidosul\\\/ciclone-extratropical-e-temporais-colocam-parana-em-alerta-nesta-terca-feira\\\/#primaryimage\",\"url\":\"https:\\\/\\\/mznoticia.com.br\\\/piraidosul\\\/wp-content\\\/uploads\\\/2026\\\/09\\\/20-1.webp\",\"contentUrl\":\"https:\\\/\\\/mznoticia.com.br\\\/piraidosul\\\/wp-content\\\/uploads\\\/2026\\\/09\\\/20-1.webp\",\"width\":414,\"height\":280},{\"@type\":\"BreadcrumbList\",\"@id\":\"https:\\\/\\\/mznoticia.com.br\\\/piraidosul\\\/ciclone-extratropical-e-temporais-colocam-parana-em-alerta-nesta-terca-feira\\\/#breadcrumb\",\"itemListElement\":[{\"@type\":\"ListItem\",\"position\":1,\"name\":\"Home\",\"item\":\"https:\\\/\\\/mznoticia.com.br\\\/piraidosul\\\/\"},{\"@type\":\"ListItem\",\"position\":2,\"name\":\"Ciclone extratropical e temporais colocam Paran\u00e1 em alerta nesta ter\u00e7a-feira\"}]},{\"@type\":\"WebSite\",\"@id\":\"https:\\\/\\\/mznoticia.com.br\\\/piraidosul\\\/#website\",\"url\":\"https:\\\/\\\/mznoticia.com.br\\\/piraidosul\\\/\",\"name\":\"Mz Not\u00edcia\",\"description\":\"A informa\u00e7\u00e3o que voc\u00ea precisa na hora certa!\",\"publisher\":{\"@id\":\"https:\\\/\\\/mznoticia.com.br\\\/piraidosul\\\/#organization\"},\"potentialAction\":[{\"@type\":\"SearchAction\",\"target\":{\"@type\":\"EntryPoint\",\"urlTemplate\":\"https:\\\/\\\/mznoticia.com.br\\\/piraidosul\\\/?s={search_term_string}\"},\"query-input\":{\"@type\":\"PropertyValueSpecification\",\"valueRequired\":true,\"valueName\":\"search_term_string\"}}],\"inLanguage\":\"pt-BR\"},{\"@type\":\"Organization\",\"@id\":\"https:\\\/\\\/mznoticia.com.br\\\/piraidosul\\\/#organization\",\"name\":\"Mz Not\u00edcia\",\"url\":\"https:\\\/\\\/mznoticia.com.br\\\/piraidosul\\\/\",\"logo\":{\"@type\":\"ImageObject\",\"inLanguage\":\"pt-BR\",\"@id\":\"https:\\\/\\\/mznoticia.com.br\\\/piraidosul\\\/#\\\/schema\\\/logo\\\/image\\\/\",\"url\":\"https:\\\/\\\/mznoticia.com.br\\\/jaguariaiva\\\/wp-content\\\/uploads\\\/2025\\\/03\\\/Design-sem-nome-4-e1741200616392.png\",\"contentUrl\":\"https:\\\/\\\/mznoticia.com.br\\\/jaguariaiva\\\/wp-content\\\/uploads\\\/2025\\\/03\\\/Design-sem-nome-4-e1741200616392.png\",\"width\":750,\"height\":563,\"caption\":\"Mz Not\u00edcia\"},\"image\":{\"@id\":\"https:\\\/\\\/mznoticia.com.br\\\/piraidosul\\\/#\\\/schema\\\/logo\\\/image\\\/\"},\"sameAs\":[\"https:\\\/\\\/www.facebook.com\\\/profile.php?id=61573479951222\",\"https:\\\/\\\/www.instagram.com\\\/mz.jaguariaiva\\\/\"]},{\"@type\":\"Person\",\"@id\":\"https:\\\/\\\/mznoticia.com.br\\\/piraidosul\\\/#\\\/schema\\\/person\\\/84012d827247b3f42f37b550da79cd03\",\"name\":\"Redacao mz\",\"image\":{\"@type\":\"ImageObject\",\"inLanguage\":\"pt-BR\",\"@id\":\"https:\\\/\\\/secure.gravatar.com\\\/avatar\\\/3835c58a73b55edb97de944593845d3f29acb93b7a088f3bf63afde947ab86ba?s=96&d=simple_local_avatar&r=g\",\"url\":\"https:\\\/\\\/secure.gravatar.com\\\/avatar\\\/3835c58a73b55edb97de944593845d3f29acb93b7a088f3bf63afde947ab86ba?s=96&d=simple_local_avatar&r=g\",\"contentUrl\":\"https:\\\/\\\/secure.gravatar.com\\\/avatar\\\/3835c58a73b55edb97de944593845d3f29acb93b7a088f3bf63afde947ab86ba?s=96&d=simple_local_avatar&r=g\",\"caption\":\"Redacao mz\"},\"sameAs\":[\"http:\\\/\\\/mznoticia.com.br\"],\"url\":\"https:\\\/\\\/mznoticia.com.br\\\/piraidosul\\\/author\\\/lucimara\\\/\"}]}<\/script>\n<!-- \/ Yoast SEO plugin. -->","yoast_head_json":{"title":"Ciclone extratropical e temporais colocam Paran\u00e1 em alerta nesta ter\u00e7a-feira - Mz Not\u00edcias","description":"Ciclone extratropical e temporais devem atingir o Paran\u00e1 nesta ter\u00e7a-feira, com previs\u00e3o de raios, granizo, rajadas de vento e queda nas temperaturas.","robots":{"index":"index","follow":"follow","max-snippet":"max-snippet:-1","max-image-preview":"max-image-preview:large","max-video-preview":"max-video-preview:-1"},"canonical":"https:\/\/mznoticia.com.br\/piraidosul\/ciclone-extratropical-e-temporais-colocam-parana-em-alerta-nesta-terca-feira\/","og_locale":"pt_BR","og_type":"article","og_title":"Ciclone extratropical e temporais colocam Paran\u00e1 em alerta nesta ter\u00e7a-feira - Mz Not\u00edcias","og_description":"Ciclone extratropical e temporais devem atingir o Paran\u00e1 nesta ter\u00e7a-feira, com previs\u00e3o de raios, granizo, rajadas de vento e queda nas temperaturas.","og_url":"https:\/\/mznoticia.com.br\/piraidosul\/ciclone-extratropical-e-temporais-colocam-parana-em-alerta-nesta-terca-feira\/","og_site_name":"Mz Not\u00edcias","article_publisher":"https:\/\/www.facebook.com\/profile.php?id=61573479951222","article_published_time":"2026-09-01T12:01:21+00:00","og_image":[{"width":414,"height":280,"url":"https:\/\/mznoticia.com.br\/piraidosul\/wp-content\/uploads\/2026\/09\/20-1.webp","type":"image\/webp"}],"author":"Redacao mz","twitter_card":"summary_large_image","twitter_misc":{"Escrito por":"Redacao mz","Est. tempo de leitura":"3 minutos"},"schema":{"@context":"https:\/\/schema.org","@graph":[{"@type":"Article","@id":"https:\/\/mznoticia.com.br\/piraidosul\/ciclone-extratropical-e-temporais-colocam-parana-em-alerta-nesta-terca-feira\/#article","isPartOf":{"@id":"https:\/\/mznoticia.com.br\/piraidosul\/ciclone-extratropical-e-temporais-colocam-parana-em-alerta-nesta-terca-feira\/"},"author":{"name":"Redacao mz","@id":"https:\/\/mznoticia.com.br\/piraidosul\/#\/schema\/person\/84012d827247b3f42f37b550da79cd03"},"headline":"Ciclone extratropical e temporais colocam Paran\u00e1 em alerta nesta ter\u00e7a-feira","datePublished":"2026-09-01T12:01:21+00:00","mainEntityOfPage":{"@id":"https:\/\/mznoticia.com.br\/piraidosul\/ciclone-extratropical-e-temporais-colocam-parana-em-alerta-nesta-terca-feira\/"},"wordCount":519,"commentCount":0,"publisher":{"@id":"https:\/\/mznoticia.com.br\/piraidosul\/#organization"},"image":{"@id":"https:\/\/mznoticia.com.br\/piraidosul\/ciclone-extratropical-e-temporais-colocam-parana-em-alerta-nesta-terca-feira\/#primaryimage"},"thumbnailUrl":"https:\/\/mznoticia.com.br\/piraidosul\/wp-content\/uploads\/2026\/09\/20-1.webp","keywords":["#Granizo","#Inmet","#Tempestade","campos gerais","chuva","Ciclone Extratropical","defesa civil","frio","parana","Ponta Grossa","raios","Regi\u00e3o Sul","Santa Catarina","Temporal","vento forte"],"articleSection":["Previs\u00e3o do Tempo"],"inLanguage":"pt-BR","potentialAction":[{"@type":"CommentAction","name":"Comment","target":["https:\/\/mznoticia.com.br\/piraidosul\/ciclone-extratropical-e-temporais-colocam-parana-em-alerta-nesta-terca-feira\/#respond"]}]},{"@type":"WebPage","@id":"https:\/\/mznoticia.com.br\/piraidosul\/ciclone-extratropical-e-temporais-colocam-parana-em-alerta-nesta-terca-feira\/","url":"https:\/\/mznoticia.com.br\/piraidosul\/ciclone-extratropical-e-temporais-colocam-parana-em-alerta-nesta-terca-feira\/","name":"Ciclone extratropical e temporais colocam Paran\u00e1 em alerta nesta ter\u00e7a-feira - Mz Not\u00edcias","isPartOf":{"@id":"https:\/\/mznoticia.com.br\/piraidosul\/#website"},"primaryImageOfPage":{"@id":"https:\/\/mznoticia.com.br\/piraidosul\/ciclone-extratropical-e-temporais-colocam-parana-em-alerta-nesta-terca-feira\/#primaryimage"},"image":{"@id":"https:\/\/mznoticia.com.br\/piraidosul\/ciclone-extratropical-e-temporais-colocam-parana-em-alerta-nesta-terca-feira\/#primaryimage"},"thumbnailUrl":"https:\/\/mznoticia.com.br\/piraidosul\/wp-content\/uploads\/2026\/09\/20-1.webp","datePublished":"2026-09-01T12:01:21+00:00","description":"Ciclone extratropical e temporais devem atingir o Paran\u00e1 nesta ter\u00e7a-feira, com previs\u00e3o de raios, granizo, rajadas de vento e queda nas temperaturas.","breadcrumb":{"@id":"https:\/\/mznoticia.com.br\/piraidosul\/ciclone-extratropical-e-temporais-colocam-parana-em-alerta-nesta-terca-feira\/#breadcrumb"},"inLanguage":"pt-BR","potentialAction":[{"@type":"ReadAction","target":["https:\/\/mznoticia.com.br\/piraidosul\/ciclone-extratropical-e-temporais-colocam-parana-em-alerta-nesta-terca-feira\/"]}]},{"@type":"ImageObject","inLanguage":"pt-BR","@id":"https:\/\/mznoticia.com.br\/piraidosul\/ciclone-extratropical-e-temporais-colocam-parana-em-alerta-nesta-terca-feira\/#primaryimage","url":"https:\/\/mznoticia.com.br\/piraidosul\/wp-content\/uploads\/2026\/09\/20-1.webp","contentUrl":"https:\/\/mznoticia.com.br\/piraidosul\/wp-content\/uploads\/2026\/09\/20-1.webp","width":414,"height":280},{"@type":"BreadcrumbList","@id":"https:\/\/mznoticia.com.br\/piraidosul\/ciclone-extratropical-e-temporais-colocam-parana-em-alerta-nesta-terca-feira\/#breadcrumb","itemListElement":[{"@type":"ListItem","position":1,"name":"Home","item":"https:\/\/mznoticia.com.br\/piraidosul\/"},{"@type":"ListItem","position":2,"name":"Ciclone extratropical e temporais colocam Paran\u00e1 em alerta nesta ter\u00e7a-feira"}]},{"@type":"WebSite","@id":"https:\/\/mznoticia.com.br\/piraidosul\/#website","url":"https:\/\/mznoticia.com.br\/piraidosul\/","name":"Mz Not\u00edcia","description":"A informa\u00e7\u00e3o que voc\u00ea precisa na hora certa!","publisher":{"@id":"https:\/\/mznoticia.com.br\/piraidosul\/#organization"},"potentialAction":[{"@type":"SearchAction","target":{"@type":"EntryPoint","urlTemplate":"https:\/\/mznoticia.com.br\/piraidosul\/?s={search_term_string}"},"query-input":{"@type":"PropertyValueSpecification","valueRequired":true,"valueName":"search_term_string"}}],"inLanguage":"pt-BR"},{"@type":"Organization","@id":"https:\/\/mznoticia.com.br\/piraidosul\/#organization","name":"Mz Not\u00edcia","url":"https:\/\/mznoticia.com.br\/piraidosul\/","logo":{"@type":"ImageObject","inLanguage":"pt-BR","@id":"https:\/\/mznoticia.com.br\/piraidosul\/#\/schema\/logo\/image\/","url":"https:\/\/mznoticia.com.br\/jaguariaiva\/wp-content\/uploads\/2025\/03\/Design-sem-nome-4-e1741200616392.png","contentUrl":"https:\/\/mznoticia.com.br\/jaguariaiva\/wp-content\/uploads\/2025\/03\/Design-sem-nome-4-e1741200616392.png","width":750,"height":563,"caption":"Mz Not\u00edcia"},"image":{"@id":"https:\/\/mznoticia.com.br\/piraidosul\/#\/schema\/logo\/image\/"},"sameAs":["https:\/\/www.facebook.com\/profile.php?id=61573479951222","https:\/\/www.instagram.com\/mz.jaguariaiva\/"]},{"@type":"Person","@id":"https:\/\/mznoticia.com.br\/piraidosul\/#\/schema\/person\/84012d827247b3f42f37b550da79cd03","name":"Redacao mz","image":{"@type":"ImageObject","inLanguage":"pt-BR","@id":"https:\/\/secure.gravatar.com\/avatar\/3835c58a73b55edb97de944593845d3f29acb93b7a088f3bf63afde947ab86ba?s=96&d=simple_local_avatar&r=g","url":"https:\/\/secure.gravatar.com\/avatar\/3835c58a73b55edb97de944593845d3f29acb93b7a088f3bf63afde947ab86ba?s=96&d=simple_local_avatar&r=g","contentUrl":"https:\/\/secure.gravatar.com\/avatar\/3835c58a73b55edb97de944593845d3f29acb93b7a088f3bf63afde947ab86ba?s=96&d=simple_local_avatar&r=g","caption":"Redacao mz"},"sameAs":["http:\/\/mznoticia.com.br"],"url":"https:\/\/mznoticia.com.br\/piraidosul\/author\/lucimara\/"}]}},"_links":{"self":[{"href":"https:\/\/mznoticia.com.br\/piraidosul\/wp-json\/wp\/v2\/posts\/7867","targetHints":{"allow":["GET"]}}],"collection":[{"href":"https:\/\/mznoticia.com.br\/piraidosul\/wp-json\/wp\/v2\/posts"}],"about":[{"href":"https:\/\/mznoticia.com.br\/piraidosul\/wp-json\/wp\/v2\/types\/post"}],"author":[{"embeddable":true,"href":"https:\/\/mznoticia.com.br\/piraidosul\/wp-json\/wp\/v2\/users\/16"}],"replies":[{"embeddable":true,"href":"https:\/\/mznoticia.com.br\/piraidosul\/wp-json\/wp\/v2\/comments?post=7867"}],"version-history":[{"count":1,"href":"https:\/\/mznoticia.com.br\/piraidosul\/wp-json\/wp\/v2\/posts\/7867\/revisions"}],"predecessor-version":[{"id":7869,"href":"https:\/\/mznoticia.com.br\/piraidosul\/wp-json\/wp\/v2\/posts\/7867\/revisions\/7869"}],"wp:featuredmedia":[{"embeddable":true,"href":"https:\/\/mznoticia.com.br\/piraidosul\/wp-json\/wp\/v2\/media\/7868"}],"wp:attachment":[{"href":"https:\/\/mznoticia.com.br\/piraidosul\/wp-json\/wp\/v2\/media?parent=7867"}],"wp:term":[{"taxonomy":"category","embeddable":true,"href":"https:\/\/mznoticia.com.br\/piraidosul\/wp-json\/wp\/v2\/categories?post=7867"},{"taxonomy":"post_tag","embeddable":true,"href":"https:\/\/mznoticia.com.br\/piraidosul\/wp-json\/wp\/v2\/tags?post=7867"}],"curies":[{"name":"wp","href":"https:\/\/api.w.org\/{rel}","templated":true}]}}