{"id":7877,"date":"2026-09-01T12:52:49","date_gmt":"2026-09-01T12:52:49","guid":{"rendered":"https:\/\/mznoticia.com.br\/piraidosul\/?p=7877"},"modified":"2026-09-01T12:52:49","modified_gmt":"2026-09-01T12:52:49","slug":"reforma-tributaria-veja-o-que-muda-para-o-mei-a-partir-de-2027","status":"publish","type":"post","link":"https:\/\/mznoticia.com.br\/piraidosul\/reforma-tributaria-veja-o-que-muda-para-o-mei-a-partir-de-2027\/","title":{"rendered":"Reforma Tribut\u00e1ria: veja o que muda para o MEI a partir de 2027"},"content":{"rendered":"<h2>Microempreendedor Individual continuar\u00e1 no regime simplificado e n\u00e3o ter\u00e1 aumento de impostos, mas dever\u00e1 se adaptar a novas regras de emiss\u00e3o de notas fiscais<\/h2>\n<p class=\"isSelectedEnd\">A Reforma Tribut\u00e1ria n\u00e3o prev\u00ea aumento de impostos nem mudan\u00e7a na guia DAS do Microempreendedor Individual (MEI). O regime simplificado continuar\u00e1 funcionando, com a cobran\u00e7a mensal fixa que garante ao empreendedor acesso aos direitos previdenci\u00e1rios.<\/p>\n<p class=\"isSelectedEnd\">Apesar disso, a rotina administrativa do MEI dever\u00e1 passar por mudan\u00e7as nos pr\u00f3ximos anos, principalmente em rela\u00e7\u00e3o \u00e0 emiss\u00e3o de notas fiscais e \u00e0s opera\u00e7\u00f5es realizadas com outras empresas.<\/p>\n<h3>O que acontece em 2026<\/h3>\n<p class=\"isSelectedEnd\">O ano de 2026 ser\u00e1 marcado pela fase de testes do novo sistema tribut\u00e1rio. As grandes empresas come\u00e7am a destacar os novos tributos, IBS e CBS, em suas opera\u00e7\u00f5es.<\/p>\n<p class=\"isSelectedEnd\">Para o MEI, por\u00e9m, n\u00e3o h\u00e1 altera\u00e7\u00e3o imediata. O empreendedor n\u00e3o precisa preencher campos referentes ao IBS e \u00e0 CBS e as regras atuais para emiss\u00e3o de documentos fiscais permanecem.<\/p>\n<p class=\"isSelectedEnd\">O limite de faturamento do MEI continua em R$ 81 mil por ano.<\/p>\n<h3>Mudan\u00e7a na emiss\u00e3o de notas a partir de 2027<\/h3>\n<p class=\"isSelectedEnd\">Uma das principais altera\u00e7\u00f5es previstas \u00e9 a amplia\u00e7\u00e3o da obrigatoriedade de emiss\u00e3o de nota fiscal.<\/p>\n<p class=\"isSelectedEnd\">A partir de 2027, o MEI dever\u00e1 emitir nota fiscal tamb\u00e9m nas opera\u00e7\u00f5es realizadas com pessoas f\u00edsicas. Atualmente, a emiss\u00e3o \u00e9 obrigat\u00f3ria principalmente nas vendas ou presta\u00e7\u00f5es de servi\u00e7os para empresas.<\/p>\n<p class=\"isSelectedEnd\">Os novos campos relacionados ao IBS e \u00e0 CBS tamb\u00e9m passar\u00e3o a aparecer nos documentos fiscais.<\/p>\n<p class=\"isSelectedEnd\">Isso representa uma mudan\u00e7a operacional para o microempreendedor, que precisar\u00e1 se adaptar ao sistema de emiss\u00e3o de notas disponibilizado pelo governo.<\/p>\n<p class=\"isSelectedEnd\">A inclus\u00e3o desses campos, por\u00e9m, n\u00e3o significa uma cobran\u00e7a adicional de IBS e CBS diretamente do MEI.<\/p>\n<h3>Poss\u00edvel aumento do limite de faturamento<\/h3>\n<p class=\"isSelectedEnd\">Outra mudan\u00e7a que pode beneficiar os microempreendedores est\u00e1 relacionada ao limite anual de faturamento.<\/p>\n<p class=\"isSelectedEnd\">Foi apresentado o Projeto de Lei Complementar (PLP) 186\/2026, que prop\u00f5e elevar o teto do MEI para R$ 110 mil em 2027 e R$ 140 mil em 2028.<\/p>\n<p class=\"isSelectedEnd\">A proposta ainda depende de aprova\u00e7\u00e3o do Congresso Nacional.<\/p>\n<p class=\"isSelectedEnd\">Caso seja aprovada, a medida permitir\u00e1 que os empreendedores permane\u00e7am por mais tempo no regime antes de precisarem migrar para a categoria de Microempresa (ME).<\/p>\n<h3>Split Payment deve come\u00e7ar a partir de 2028<\/h3>\n<p class=\"isSelectedEnd\">A partir de 2028 est\u00e1 prevista a implementa\u00e7\u00e3o do chamado Split Payment, sistema que permitir\u00e1 a separa\u00e7\u00e3o autom\u00e1tica dos valores destinados aos tributos durante determinadas transa\u00e7\u00f5es eletr\u00f4nicas.<\/p>\n<p class=\"isSelectedEnd\">A ideia \u00e9 que parte do valor pago em opera\u00e7\u00f5es digitais seja automaticamente direcionada ao recolhimento tribut\u00e1rio.<\/p>\n<p class=\"isSelectedEnd\">O mecanismo dever\u00e1 envolver pagamentos realizados por meios como Pix, cart\u00f5es e boletos, conforme a implementa\u00e7\u00e3o do novo sistema tribut\u00e1rio.<\/p>\n<h3>MEI e os cr\u00e9ditos tribut\u00e1rios<\/h3>\n<p class=\"isSelectedEnd\">Embora o MEI n\u00e3o tenha aumento direto da carga tribut\u00e1ria, existe um ponto que pode afetar principalmente quem trabalha com outras empresas.<\/p>\n<p class=\"isSelectedEnd\">Como o MEI permanece fora do recolhimento dos novos tributos IBS e CBS, seus clientes empresariais n\u00e3o ter\u00e3o, em determinadas opera\u00e7\u00f5es, o mesmo aproveitamento de cr\u00e9ditos tribut\u00e1rios que teriam em uma compra realizada de empresas sujeitas ao sistema normal.<\/p>\n<p class=\"isSelectedEnd\">Na pr\u00e1tica, empresas que compram produtos ou contratam servi\u00e7os de MEIs podem considerar esse aspecto na hora de escolher seus fornecedores.<\/p>\n<p class=\"isSelectedEnd\">Para quem trabalha principalmente no mercado B2B, ou seja, vendendo para outras empresas, pode ser necess\u00e1rio avaliar no futuro se a perman\u00eancia como MEI continua sendo a op\u00e7\u00e3o mais adequada ou se uma migra\u00e7\u00e3o para o Simples Nacional ser\u00e1 vantajosa.<\/p>\n<h3>Relat\u00f3rio Mensal de Receitas passa por mudan\u00e7a<\/h3>\n<p class=\"isSelectedEnd\">Outra altera\u00e7\u00e3o envolve o antigo Relat\u00f3rio Mensal de Receitas Brutas.<\/p>\n<p class=\"isSelectedEnd\">A formata\u00e7\u00e3o tradicional do documento foi revogada pela Resolu\u00e7\u00e3o CGSN n\u00ba 190\/2026.<\/p>\n<p class=\"isSelectedEnd\">Isso n\u00e3o significa que o MEI possa deixar de controlar seu faturamento.<\/p>\n<p class=\"isSelectedEnd\">O empreendedor continua obrigado a manter registros e comprovantes das receitas. A diferen\u00e7a \u00e9 que o controle dever\u00e1 acompanhar os novos formatos de registro de vendas e servi\u00e7os.<\/p>\n<h3>O que o MEI deve fazer agora<\/h3>\n<p class=\"isSelectedEnd\">Para o microempreendedor, as mudan\u00e7as ser\u00e3o graduais. Em 2026, n\u00e3o h\u00e1 necessidade de alterar a rotina tribut\u00e1ria apenas por causa da Reforma.<\/p>\n<p class=\"isSelectedEnd\">O principal \u00e9 manter o DAS em dia, controlar corretamente o faturamento, guardar os comprovantes das receitas e acompanhar as atualiza\u00e7\u00f5es dos sistemas oficiais de emiss\u00e3o de notas fiscais.<\/p>\n<p class=\"isSelectedEnd\">Para quem atende outras empresas, tamb\u00e9m \u00e9 importante acompanhar as mudan\u00e7as relacionadas aos cr\u00e9ditos tribut\u00e1rios e avaliar, com anteced\u00eancia, se o enquadramento como MEI continuar\u00e1 sendo o mais adequado para o neg\u00f3cio.<\/p>\n<h3>Resumo das principais mudan\u00e7as<\/h3>\n<table>\n<tbody>\n<tr>\n<th>Per\u00edodo<\/th>\n<th>O que muda<\/th>\n<th>Impacto para o MEI<\/th>\n<\/tr>\n<tr>\n<td>2026<\/td>\n<td>Fase de testes do novo sistema<\/td>\n<td>Sem mudan\u00e7a imediata na rotina do MEI<\/td>\n<\/tr>\n<tr>\n<td>2027<\/td>\n<td>Amplia\u00e7\u00e3o da emiss\u00e3o de notas fiscais<\/td>\n<td>MEI dever\u00e1 se adaptar \u00e0 emiss\u00e3o para pessoas f\u00edsicas<\/td>\n<\/tr>\n<tr>\n<td>2027\/2028<\/td>\n<td>Poss\u00edvel aumento do limite de faturamento<\/td>\n<td>Depende da aprova\u00e7\u00e3o do PLP 186\/2026<\/td>\n<\/tr>\n<tr>\n<td>2028<\/td>\n<td>Previs\u00e3o do Split Payment<\/td>\n<td>Pagamentos eletr\u00f4nicos poder\u00e3o ter separa\u00e7\u00e3o autom\u00e1tica de tributos<\/td>\n<\/tr>\n<\/tbody>\n<\/table>\n<p>A Reforma Tribut\u00e1ria, portanto, n\u00e3o elimina o MEI nem muda, neste momento, a l\u00f3gica da contribui\u00e7\u00e3o mensal do regime. As principais adapta\u00e7\u00f5es estar\u00e3o relacionadas \u00e0 rotina fiscal, emiss\u00e3o de documentos e rela\u00e7\u00e3o comercial com empresas.<\/p>\n","protected":false},"excerpt":{"rendered":"<p>Microempreendedor Individual continuar\u00e1 no regime simplificado e n\u00e3o ter\u00e1 aumento de impostos, mas dever\u00e1 se adaptar a novas regras de emiss\u00e3o de notas fiscais A Reforma Tribut\u00e1ria n\u00e3o prev\u00ea aumento de impostos nem mudan\u00e7a na guia DAS do Microempreendedor Individual (MEI). O regime simplificado continuar\u00e1 funcionando, com a cobran\u00e7a mensal fixa que garante ao empreendedor [&hellip;]<\/p>\n","protected":false},"author":16,"featured_media":7878,"comment_status":"open","ping_status":"open","sticky":false,"template":"","format":"standard","meta":{"footnotes":""},"categories":[12],"tags":[3153,3151,47,3158,3156,3152,2406,3150,3154,3159,630,3155,3157],"class_list":["post-7877","post","type-post","status-publish","format-standard","has-post-thumbnail","hentry","category-geral","tag-cbs","tag-das","tag-destaque","tag-empreendedor","tag-faturamento-mei","tag-ibs","tag-mei","tag-microempreendedor-individual","tag-nota-fiscal","tag-pequenos-negocios","tag-reforma-tributaria","tag-simples-nacional","tag-split-payment"],"yoast_head":"<!-- This site is optimized with the Yoast SEO plugin v28.1 - https:\/\/yoast.com\/product\/yoast-seo-wordpress\/ -->\n<title>Reforma Tribut\u00e1ria: veja o que muda para o MEI a partir de 2027 - Mz Not\u00edcias<\/title>\n<meta name=\"description\" content=\"Reforma Tribut\u00e1ria n\u00e3o prev\u00ea aumento do DAS do MEI, mas traz mudan\u00e7as na emiss\u00e3o de notas fiscais, cr\u00e9ditos tribut\u00e1rios e rotina administrativa.\" \/>\n<meta name=\"robots\" content=\"index, follow, max-snippet:-1, max-image-preview:large, max-video-preview:-1\" \/>\n<link rel=\"canonical\" href=\"https:\/\/mznoticia.com.br\/piraidosul\/reforma-tributaria-veja-o-que-muda-para-o-mei-a-partir-de-2027\/\" \/>\n<meta property=\"og:locale\" content=\"pt_BR\" \/>\n<meta property=\"og:type\" content=\"article\" \/>\n<meta property=\"og:title\" content=\"Reforma Tribut\u00e1ria: veja o que muda para o MEI a partir de 2027 - Mz Not\u00edcias\" \/>\n<meta property=\"og:description\" content=\"Reforma Tribut\u00e1ria n\u00e3o prev\u00ea aumento do DAS do MEI, mas traz mudan\u00e7as na emiss\u00e3o de notas fiscais, cr\u00e9ditos tribut\u00e1rios e rotina administrativa.\" \/>\n<meta property=\"og:url\" content=\"https:\/\/mznoticia.com.br\/piraidosul\/reforma-tributaria-veja-o-que-muda-para-o-mei-a-partir-de-2027\/\" \/>\n<meta property=\"og:site_name\" content=\"Mz Not\u00edcias\" \/>\n<meta property=\"article:publisher\" content=\"https:\/\/www.facebook.com\/profile.php?id=61573479951222\" \/>\n<meta property=\"article:published_time\" content=\"2026-09-01T12:52:49+00:00\" \/>\n<meta property=\"og:image\" content=\"https:\/\/mznoticia.com.br\/piraidosul\/wp-content\/uploads\/2026\/09\/50.png\" \/>\n\t<meta property=\"og:image:width\" content=\"512\" \/>\n\t<meta property=\"og:image:height\" content=\"512\" \/>\n\t<meta property=\"og:image:type\" content=\"image\/png\" \/>\n<meta name=\"author\" content=\"Redacao mz\" \/>\n<meta name=\"twitter:card\" content=\"summary_large_image\" \/>\n<meta name=\"twitter:label1\" content=\"Escrito por\" \/>\n\t<meta name=\"twitter:data1\" content=\"Redacao mz\" \/>\n\t<meta name=\"twitter:label2\" content=\"Est. tempo de leitura\" \/>\n\t<meta name=\"twitter:data2\" content=\"5 minutos\" \/>\n<script type=\"application\/ld+json\" class=\"yoast-schema-graph\">{\"@context\":\"https:\\\/\\\/schema.org\",\"@graph\":[{\"@type\":\"Article\",\"@id\":\"https:\\\/\\\/mznoticia.com.br\\\/piraidosul\\\/reforma-tributaria-veja-o-que-muda-para-o-mei-a-partir-de-2027\\\/#article\",\"isPartOf\":{\"@id\":\"https:\\\/\\\/mznoticia.com.br\\\/piraidosul\\\/reforma-tributaria-veja-o-que-muda-para-o-mei-a-partir-de-2027\\\/\"},\"author\":{\"name\":\"Redacao mz\",\"@id\":\"https:\\\/\\\/mznoticia.com.br\\\/piraidosul\\\/#\\\/schema\\\/person\\\/84012d827247b3f42f37b550da79cd03\"},\"headline\":\"Reforma Tribut\u00e1ria: veja o que muda para o MEI a partir de 2027\",\"datePublished\":\"2026-09-01T12:52:49+00:00\",\"mainEntityOfPage\":{\"@id\":\"https:\\\/\\\/mznoticia.com.br\\\/piraidosul\\\/reforma-tributaria-veja-o-que-muda-para-o-mei-a-partir-de-2027\\\/\"},\"wordCount\":915,\"commentCount\":0,\"publisher\":{\"@id\":\"https:\\\/\\\/mznoticia.com.br\\\/piraidosul\\\/#organization\"},\"image\":{\"@id\":\"https:\\\/\\\/mznoticia.com.br\\\/piraidosul\\\/reforma-tributaria-veja-o-que-muda-para-o-mei-a-partir-de-2027\\\/#primaryimage\"},\"thumbnailUrl\":\"https:\\\/\\\/mznoticia.com.br\\\/piraidosul\\\/wp-content\\\/uploads\\\/2026\\\/09\\\/50.png\",\"keywords\":[\"CBS\",\"DAS\",\"destaque\",\"empreendedor\",\"faturamento MEI\",\"IBS\",\"MEI\",\"Microempreendedor Individual\",\"nota fiscal\",\"pequenos neg\u00f3cios\",\"Reforma Tribut\u00e1ria\",\"Simples Nacional\",\"Split Payment\"],\"articleSection\":[\"Geral\"],\"inLanguage\":\"pt-BR\",\"potentialAction\":[{\"@type\":\"CommentAction\",\"name\":\"Comment\",\"target\":[\"https:\\\/\\\/mznoticia.com.br\\\/piraidosul\\\/reforma-tributaria-veja-o-que-muda-para-o-mei-a-partir-de-2027\\\/#respond\"]}]},{\"@type\":\"WebPage\",\"@id\":\"https:\\\/\\\/mznoticia.com.br\\\/piraidosul\\\/reforma-tributaria-veja-o-que-muda-para-o-mei-a-partir-de-2027\\\/\",\"url\":\"https:\\\/\\\/mznoticia.com.br\\\/piraidosul\\\/reforma-tributaria-veja-o-que-muda-para-o-mei-a-partir-de-2027\\\/\",\"name\":\"Reforma Tribut\u00e1ria: veja o que muda para o MEI a partir de 2027 - Mz Not\u00edcias\",\"isPartOf\":{\"@id\":\"https:\\\/\\\/mznoticia.com.br\\\/piraidosul\\\/#website\"},\"primaryImageOfPage\":{\"@id\":\"https:\\\/\\\/mznoticia.com.br\\\/piraidosul\\\/reforma-tributaria-veja-o-que-muda-para-o-mei-a-partir-de-2027\\\/#primaryimage\"},\"image\":{\"@id\":\"https:\\\/\\\/mznoticia.com.br\\\/piraidosul\\\/reforma-tributaria-veja-o-que-muda-para-o-mei-a-partir-de-2027\\\/#primaryimage\"},\"thumbnailUrl\":\"https:\\\/\\\/mznoticia.com.br\\\/piraidosul\\\/wp-content\\\/uploads\\\/2026\\\/09\\\/50.png\",\"datePublished\":\"2026-09-01T12:52:49+00:00\",\"description\":\"Reforma Tribut\u00e1ria n\u00e3o prev\u00ea aumento do DAS do MEI, mas traz mudan\u00e7as na emiss\u00e3o de notas fiscais, cr\u00e9ditos tribut\u00e1rios e rotina administrativa.\",\"breadcrumb\":{\"@id\":\"https:\\\/\\\/mznoticia.com.br\\\/piraidosul\\\/reforma-tributaria-veja-o-que-muda-para-o-mei-a-partir-de-2027\\\/#breadcrumb\"},\"inLanguage\":\"pt-BR\",\"potentialAction\":[{\"@type\":\"ReadAction\",\"target\":[\"https:\\\/\\\/mznoticia.com.br\\\/piraidosul\\\/reforma-tributaria-veja-o-que-muda-para-o-mei-a-partir-de-2027\\\/\"]}]},{\"@type\":\"ImageObject\",\"inLanguage\":\"pt-BR\",\"@id\":\"https:\\\/\\\/mznoticia.com.br\\\/piraidosul\\\/reforma-tributaria-veja-o-que-muda-para-o-mei-a-partir-de-2027\\\/#primaryimage\",\"url\":\"https:\\\/\\\/mznoticia.com.br\\\/piraidosul\\\/wp-content\\\/uploads\\\/2026\\\/09\\\/50.png\",\"contentUrl\":\"https:\\\/\\\/mznoticia.com.br\\\/piraidosul\\\/wp-content\\\/uploads\\\/2026\\\/09\\\/50.png\",\"width\":512,\"height\":512},{\"@type\":\"BreadcrumbList\",\"@id\":\"https:\\\/\\\/mznoticia.com.br\\\/piraidosul\\\/reforma-tributaria-veja-o-que-muda-para-o-mei-a-partir-de-2027\\\/#breadcrumb\",\"itemListElement\":[{\"@type\":\"ListItem\",\"position\":1,\"name\":\"Home\",\"item\":\"https:\\\/\\\/mznoticia.com.br\\\/piraidosul\\\/\"},{\"@type\":\"ListItem\",\"position\":2,\"name\":\"Reforma Tribut\u00e1ria: veja o que muda para o MEI a partir de 2027\"}]},{\"@type\":\"WebSite\",\"@id\":\"https:\\\/\\\/mznoticia.com.br\\\/piraidosul\\\/#website\",\"url\":\"https:\\\/\\\/mznoticia.com.br\\\/piraidosul\\\/\",\"name\":\"Mz Not\u00edcia\",\"description\":\"A informa\u00e7\u00e3o que voc\u00ea precisa na hora certa!\",\"publisher\":{\"@id\":\"https:\\\/\\\/mznoticia.com.br\\\/piraidosul\\\/#organization\"},\"potentialAction\":[{\"@type\":\"SearchAction\",\"target\":{\"@type\":\"EntryPoint\",\"urlTemplate\":\"https:\\\/\\\/mznoticia.com.br\\\/piraidosul\\\/?s={search_term_string}\"},\"query-input\":{\"@type\":\"PropertyValueSpecification\",\"valueRequired\":true,\"valueName\":\"search_term_string\"}}],\"inLanguage\":\"pt-BR\"},{\"@type\":\"Organization\",\"@id\":\"https:\\\/\\\/mznoticia.com.br\\\/piraidosul\\\/#organization\",\"name\":\"Mz Not\u00edcia\",\"url\":\"https:\\\/\\\/mznoticia.com.br\\\/piraidosul\\\/\",\"logo\":{\"@type\":\"ImageObject\",\"inLanguage\":\"pt-BR\",\"@id\":\"https:\\\/\\\/mznoticia.com.br\\\/piraidosul\\\/#\\\/schema\\\/logo\\\/image\\\/\",\"url\":\"https:\\\/\\\/mznoticia.com.br\\\/jaguariaiva\\\/wp-content\\\/uploads\\\/2025\\\/03\\\/Design-sem-nome-4-e1741200616392.png\",\"contentUrl\":\"https:\\\/\\\/mznoticia.com.br\\\/jaguariaiva\\\/wp-content\\\/uploads\\\/2025\\\/03\\\/Design-sem-nome-4-e1741200616392.png\",\"width\":750,\"height\":563,\"caption\":\"Mz Not\u00edcia\"},\"image\":{\"@id\":\"https:\\\/\\\/mznoticia.com.br\\\/piraidosul\\\/#\\\/schema\\\/logo\\\/image\\\/\"},\"sameAs\":[\"https:\\\/\\\/www.facebook.com\\\/profile.php?id=61573479951222\",\"https:\\\/\\\/www.instagram.com\\\/mz.jaguariaiva\\\/\"]},{\"@type\":\"Person\",\"@id\":\"https:\\\/\\\/mznoticia.com.br\\\/piraidosul\\\/#\\\/schema\\\/person\\\/84012d827247b3f42f37b550da79cd03\",\"name\":\"Redacao mz\",\"image\":{\"@type\":\"ImageObject\",\"inLanguage\":\"pt-BR\",\"@id\":\"https:\\\/\\\/secure.gravatar.com\\\/avatar\\\/3835c58a73b55edb97de944593845d3f29acb93b7a088f3bf63afde947ab86ba?s=96&d=simple_local_avatar&r=g\",\"url\":\"https:\\\/\\\/secure.gravatar.com\\\/avatar\\\/3835c58a73b55edb97de944593845d3f29acb93b7a088f3bf63afde947ab86ba?s=96&d=simple_local_avatar&r=g\",\"contentUrl\":\"https:\\\/\\\/secure.gravatar.com\\\/avatar\\\/3835c58a73b55edb97de944593845d3f29acb93b7a088f3bf63afde947ab86ba?s=96&d=simple_local_avatar&r=g\",\"caption\":\"Redacao mz\"},\"sameAs\":[\"http:\\\/\\\/mznoticia.com.br\"],\"url\":\"https:\\\/\\\/mznoticia.com.br\\\/piraidosul\\\/author\\\/lucimara\\\/\"}]}<\/script>\n<!-- \/ Yoast SEO plugin. -->","yoast_head_json":{"title":"Reforma Tribut\u00e1ria: veja o que muda para o MEI a partir de 2027 - Mz Not\u00edcias","description":"Reforma Tribut\u00e1ria n\u00e3o prev\u00ea aumento do DAS do MEI, mas traz mudan\u00e7as na emiss\u00e3o de notas fiscais, cr\u00e9ditos tribut\u00e1rios e rotina administrativa.","robots":{"index":"index","follow":"follow","max-snippet":"max-snippet:-1","max-image-preview":"max-image-preview:large","max-video-preview":"max-video-preview:-1"},"canonical":"https:\/\/mznoticia.com.br\/piraidosul\/reforma-tributaria-veja-o-que-muda-para-o-mei-a-partir-de-2027\/","og_locale":"pt_BR","og_type":"article","og_title":"Reforma Tribut\u00e1ria: veja o que muda para o MEI a partir de 2027 - Mz Not\u00edcias","og_description":"Reforma Tribut\u00e1ria n\u00e3o prev\u00ea aumento do DAS do MEI, mas traz mudan\u00e7as na emiss\u00e3o de notas fiscais, cr\u00e9ditos tribut\u00e1rios e rotina administrativa.","og_url":"https:\/\/mznoticia.com.br\/piraidosul\/reforma-tributaria-veja-o-que-muda-para-o-mei-a-partir-de-2027\/","og_site_name":"Mz Not\u00edcias","article_publisher":"https:\/\/www.facebook.com\/profile.php?id=61573479951222","article_published_time":"2026-09-01T12:52:49+00:00","og_image":[{"width":512,"height":512,"url":"https:\/\/mznoticia.com.br\/piraidosul\/wp-content\/uploads\/2026\/09\/50.png","type":"image\/png"}],"author":"Redacao mz","twitter_card":"summary_large_image","twitter_misc":{"Escrito por":"Redacao mz","Est. tempo de leitura":"5 minutos"},"schema":{"@context":"https:\/\/schema.org","@graph":[{"@type":"Article","@id":"https:\/\/mznoticia.com.br\/piraidosul\/reforma-tributaria-veja-o-que-muda-para-o-mei-a-partir-de-2027\/#article","isPartOf":{"@id":"https:\/\/mznoticia.com.br\/piraidosul\/reforma-tributaria-veja-o-que-muda-para-o-mei-a-partir-de-2027\/"},"author":{"name":"Redacao mz","@id":"https:\/\/mznoticia.com.br\/piraidosul\/#\/schema\/person\/84012d827247b3f42f37b550da79cd03"},"headline":"Reforma Tribut\u00e1ria: veja o que muda para o MEI a partir de 2027","datePublished":"2026-09-01T12:52:49+00:00","mainEntityOfPage":{"@id":"https:\/\/mznoticia.com.br\/piraidosul\/reforma-tributaria-veja-o-que-muda-para-o-mei-a-partir-de-2027\/"},"wordCount":915,"commentCount":0,"publisher":{"@id":"https:\/\/mznoticia.com.br\/piraidosul\/#organization"},"image":{"@id":"https:\/\/mznoticia.com.br\/piraidosul\/reforma-tributaria-veja-o-que-muda-para-o-mei-a-partir-de-2027\/#primaryimage"},"thumbnailUrl":"https:\/\/mznoticia.com.br\/piraidosul\/wp-content\/uploads\/2026\/09\/50.png","keywords":["CBS","DAS","destaque","empreendedor","faturamento MEI","IBS","MEI","Microempreendedor Individual","nota fiscal","pequenos neg\u00f3cios","Reforma Tribut\u00e1ria","Simples Nacional","Split Payment"],"articleSection":["Geral"],"inLanguage":"pt-BR","potentialAction":[{"@type":"CommentAction","name":"Comment","target":["https:\/\/mznoticia.com.br\/piraidosul\/reforma-tributaria-veja-o-que-muda-para-o-mei-a-partir-de-2027\/#respond"]}]},{"@type":"WebPage","@id":"https:\/\/mznoticia.com.br\/piraidosul\/reforma-tributaria-veja-o-que-muda-para-o-mei-a-partir-de-2027\/","url":"https:\/\/mznoticia.com.br\/piraidosul\/reforma-tributaria-veja-o-que-muda-para-o-mei-a-partir-de-2027\/","name":"Reforma Tribut\u00e1ria: veja o que muda para o MEI a partir de 2027 - Mz Not\u00edcias","isPartOf":{"@id":"https:\/\/mznoticia.com.br\/piraidosul\/#website"},"primaryImageOfPage":{"@id":"https:\/\/mznoticia.com.br\/piraidosul\/reforma-tributaria-veja-o-que-muda-para-o-mei-a-partir-de-2027\/#primaryimage"},"image":{"@id":"https:\/\/mznoticia.com.br\/piraidosul\/reforma-tributaria-veja-o-que-muda-para-o-mei-a-partir-de-2027\/#primaryimage"},"thumbnailUrl":"https:\/\/mznoticia.com.br\/piraidosul\/wp-content\/uploads\/2026\/09\/50.png","datePublished":"2026-09-01T12:52:49+00:00","description":"Reforma Tribut\u00e1ria n\u00e3o prev\u00ea aumento do DAS do MEI, mas traz mudan\u00e7as na emiss\u00e3o de notas fiscais, cr\u00e9ditos tribut\u00e1rios e rotina administrativa.","breadcrumb":{"@id":"https:\/\/mznoticia.com.br\/piraidosul\/reforma-tributaria-veja-o-que-muda-para-o-mei-a-partir-de-2027\/#breadcrumb"},"inLanguage":"pt-BR","potentialAction":[{"@type":"ReadAction","target":["https:\/\/mznoticia.com.br\/piraidosul\/reforma-tributaria-veja-o-que-muda-para-o-mei-a-partir-de-2027\/"]}]},{"@type":"ImageObject","inLanguage":"pt-BR","@id":"https:\/\/mznoticia.com.br\/piraidosul\/reforma-tributaria-veja-o-que-muda-para-o-mei-a-partir-de-2027\/#primaryimage","url":"https:\/\/mznoticia.com.br\/piraidosul\/wp-content\/uploads\/2026\/09\/50.png","contentUrl":"https:\/\/mznoticia.com.br\/piraidosul\/wp-content\/uploads\/2026\/09\/50.png","width":512,"height":512},{"@type":"BreadcrumbList","@id":"https:\/\/mznoticia.com.br\/piraidosul\/reforma-tributaria-veja-o-que-muda-para-o-mei-a-partir-de-2027\/#breadcrumb","itemListElement":[{"@type":"ListItem","position":1,"name":"Home","item":"https:\/\/mznoticia.com.br\/piraidosul\/"},{"@type":"ListItem","position":2,"name":"Reforma Tribut\u00e1ria: veja o que muda para o MEI a partir de 2027"}]},{"@type":"WebSite","@id":"https:\/\/mznoticia.com.br\/piraidosul\/#website","url":"https:\/\/mznoticia.com.br\/piraidosul\/","name":"Mz Not\u00edcia","description":"A informa\u00e7\u00e3o que voc\u00ea precisa na hora certa!","publisher":{"@id":"https:\/\/mznoticia.com.br\/piraidosul\/#organization"},"potentialAction":[{"@type":"SearchAction","target":{"@type":"EntryPoint","urlTemplate":"https:\/\/mznoticia.com.br\/piraidosul\/?s={search_term_string}"},"query-input":{"@type":"PropertyValueSpecification","valueRequired":true,"valueName":"search_term_string"}}],"inLanguage":"pt-BR"},{"@type":"Organization","@id":"https:\/\/mznoticia.com.br\/piraidosul\/#organization","name":"Mz Not\u00edcia","url":"https:\/\/mznoticia.com.br\/piraidosul\/","logo":{"@type":"ImageObject","inLanguage":"pt-BR","@id":"https:\/\/mznoticia.com.br\/piraidosul\/#\/schema\/logo\/image\/","url":"https:\/\/mznoticia.com.br\/jaguariaiva\/wp-content\/uploads\/2025\/03\/Design-sem-nome-4-e1741200616392.png","contentUrl":"https:\/\/mznoticia.com.br\/jaguariaiva\/wp-content\/uploads\/2025\/03\/Design-sem-nome-4-e1741200616392.png","width":750,"height":563,"caption":"Mz Not\u00edcia"},"image":{"@id":"https:\/\/mznoticia.com.br\/piraidosul\/#\/schema\/logo\/image\/"},"sameAs":["https:\/\/www.facebook.com\/profile.php?id=61573479951222","https:\/\/www.instagram.com\/mz.jaguariaiva\/"]},{"@type":"Person","@id":"https:\/\/mznoticia.com.br\/piraidosul\/#\/schema\/person\/84012d827247b3f42f37b550da79cd03","name":"Redacao mz","image":{"@type":"ImageObject","inLanguage":"pt-BR","@id":"https:\/\/secure.gravatar.com\/avatar\/3835c58a73b55edb97de944593845d3f29acb93b7a088f3bf63afde947ab86ba?s=96&d=simple_local_avatar&r=g","url":"https:\/\/secure.gravatar.com\/avatar\/3835c58a73b55edb97de944593845d3f29acb93b7a088f3bf63afde947ab86ba?s=96&d=simple_local_avatar&r=g","contentUrl":"https:\/\/secure.gravatar.com\/avatar\/3835c58a73b55edb97de944593845d3f29acb93b7a088f3bf63afde947ab86ba?s=96&d=simple_local_avatar&r=g","caption":"Redacao mz"},"sameAs":["http:\/\/mznoticia.com.br"],"url":"https:\/\/mznoticia.com.br\/piraidosul\/author\/lucimara\/"}]}},"_links":{"self":[{"href":"https:\/\/mznoticia.com.br\/piraidosul\/wp-json\/wp\/v2\/posts\/7877","targetHints":{"allow":["GET"]}}],"collection":[{"href":"https:\/\/mznoticia.com.br\/piraidosul\/wp-json\/wp\/v2\/posts"}],"about":[{"href":"https:\/\/mznoticia.com.br\/piraidosul\/wp-json\/wp\/v2\/types\/post"}],"author":[{"embeddable":true,"href":"https:\/\/mznoticia.com.br\/piraidosul\/wp-json\/wp\/v2\/users\/16"}],"replies":[{"embeddable":true,"href":"https:\/\/mznoticia.com.br\/piraidosul\/wp-json\/wp\/v2\/comments?post=7877"}],"version-history":[{"count":1,"href":"https:\/\/mznoticia.com.br\/piraidosul\/wp-json\/wp\/v2\/posts\/7877\/revisions"}],"predecessor-version":[{"id":7879,"href":"https:\/\/mznoticia.com.br\/piraidosul\/wp-json\/wp\/v2\/posts\/7877\/revisions\/7879"}],"wp:featuredmedia":[{"embeddable":true,"href":"https:\/\/mznoticia.com.br\/piraidosul\/wp-json\/wp\/v2\/media\/7878"}],"wp:attachment":[{"href":"https:\/\/mznoticia.com.br\/piraidosul\/wp-json\/wp\/v2\/media?parent=7877"}],"wp:term":[{"taxonomy":"category","embeddable":true,"href":"https:\/\/mznoticia.com.br\/piraidosul\/wp-json\/wp\/v2\/categories?post=7877"},{"taxonomy":"post_tag","embeddable":true,"href":"https:\/\/mznoticia.com.br\/piraidosul\/wp-json\/wp\/v2\/tags?post=7877"}],"curies":[{"name":"wp","href":"https:\/\/api.w.org\/{rel}","templated":true}]}}