{"id":7880,"date":"2026-09-01T13:07:50","date_gmt":"2026-09-01T13:07:50","guid":{"rendered":"https:\/\/mznoticia.com.br\/piraidosul\/?p=7880"},"modified":"2026-09-01T13:07:50","modified_gmt":"2026-09-01T13:07:50","slug":"droga-raia-e-condenada-a-pagar-r-4-milhoes-por-assedio-e-discriminacao-no-trabalho","status":"publish","type":"post","link":"https:\/\/mznoticia.com.br\/piraidosul\/droga-raia-e-condenada-a-pagar-r-4-milhoes-por-assedio-e-discriminacao-no-trabalho\/","title":{"rendered":"Droga Raia \u00e9 condenada a pagar R$ 4 milh\u00f5es por ass\u00e9dio e discrimina\u00e7\u00e3o no trabalho"},"content":{"rendered":"<h2>Justi\u00e7a reconheceu casos de ass\u00e9dio moral, sexual e materno, al\u00e9m de homofobia e gordofobia; empresa ter\u00e1 de adotar medidas preventivas em todas as unidades<\/h2>\n<p class=\"isSelectedEnd\">A Droga Raia foi condenada pela Justi\u00e7a do Trabalho a pagar R$ 4 milh\u00f5es por dano moral coletivo ap\u00f3s o reconhecimento de casos de ass\u00e9dio moral, sexual e materno, al\u00e9m de pr\u00e1ticas discriminat\u00f3rias em unidades da rede.<\/p>\n<p class=\"isSelectedEnd\">A decis\u00e3o do Tribunal Regional do Trabalho da 1\u00aa Regi\u00e3o (TRT-RJ) foi tomada por unanimidade ap\u00f3s recurso do Minist\u00e9rio P\u00fablico do Trabalho. O processo re\u00fane relatos de trabalhadores envolvendo ass\u00e9dio sexual, coment\u00e1rios relacionados \u00e0 gravidez, homofobia e gordofobia.<\/p>\n<h2>Casos relatados<\/h2>\n<p class=\"isSelectedEnd\">Uma trabalhadora afirmou ter sido v\u00edtima de ass\u00e9dio sexual por um superior, que teria levado as m\u00e3os em dire\u00e7\u00e3o ao seio dela.<\/p>\n<p class=\"isSelectedEnd\">Em outro epis\u00f3dio, uma gerente teria feito coment\u00e1rios ofensivos a uma funcion\u00e1ria gr\u00e1vida, sugerindo que ela utilizasse m\u00e9todos contraceptivos para evitar novas gesta\u00e7\u00f5es.<\/p>\n<p class=\"isSelectedEnd\">Tamb\u00e9m foi analisado o relato de um funcion\u00e1rio que afirmou ter sofrido homofobia ap\u00f3s ouvir de um superior uma declara\u00e7\u00e3o questionando sua masculinidade.<\/p>\n<p class=\"isSelectedEnd\">Uma vigilante relatou ainda ter sido chamada de gorda e ter ouvido que n\u00e3o poderia exercer sua fun\u00e7\u00e3o por causa do peso.<\/p>\n<p class=\"isSelectedEnd\">Segundo o processo, os epis\u00f3dios apresentaram recorte de g\u00eanero, com mulheres entre as principais v\u00edtimas.<\/p>\n<h2>Empresa ter\u00e1 de mudar medidas de preven\u00e7\u00e3o<\/h2>\n<p class=\"isSelectedEnd\">Al\u00e9m da indeniza\u00e7\u00e3o, a Justi\u00e7a determinou que a Droga Raia adote medidas de preven\u00e7\u00e3o e combate ao ass\u00e9dio, \u00e0 discrimina\u00e7\u00e3o e aos riscos psicossociais em todas as suas filiais.<\/p>\n<p class=\"isSelectedEnd\">A empresa ter\u00e1 90 dias para adequar o Programa de Gerenciamento de Riscos (PGR) e o Programa de Controle M\u00e9dico de Sa\u00fade Ocupacional (PCMSO).<\/p>\n<p class=\"isSelectedEnd\">Os programas dever\u00e3o incluir a\u00e7\u00f5es para identificar, avaliar, acompanhar e prevenir riscos psicossociais, al\u00e9m de protocolos de escuta qualificada e medidas relacionadas \u00e0s quest\u00f5es de g\u00eanero.<\/p>\n<p class=\"isSelectedEnd\">O tribunal apontou que os documentos apresentados pela empresa tinham car\u00e1ter predominantemente formal e n\u00e3o demonstravam monitoramento efetivo dos riscos psicossociais.<\/p>\n<h2>Canal de den\u00fancias tamb\u00e9m foi questionado<\/h2>\n<p class=\"isSelectedEnd\">A Justi\u00e7a considerou que o canal interno de den\u00fancias da empresa n\u00e3o funcionava de maneira efetiva para apurar e combater situa\u00e7\u00f5es de ass\u00e9dio e discrimina\u00e7\u00e3o.<\/p>\n<p class=\"isSelectedEnd\">O tribunal tamb\u00e9m rejeitou o argumento de que a empresa estaria em per\u00edodo de adapta\u00e7\u00e3o \u00e0s novas regras sobre riscos psicossociais.<\/p>\n<p class=\"isSelectedEnd\">Segundo a decis\u00e3o, a obriga\u00e7\u00e3o de reduzir os riscos relacionados ao trabalho, incluindo os psicossociais, j\u00e1 existe e n\u00e3o depende exclusivamente de regulamenta\u00e7\u00f5es administrativas posteriores.<\/p>\n<h2>Valor ser\u00e1 destinado ao FAT<\/h2>\n<p class=\"isSelectedEnd\">Os R$ 4 milh\u00f5es ser\u00e3o acrescidos de juros e corre\u00e7\u00e3o monet\u00e1ria. O dinheiro dever\u00e1 ser destinado ao Fundo de Amparo ao Trabalhador (FAT) ou a projetos indicados pelo Minist\u00e9rio P\u00fablico do Trabalho.<\/p>\n<h2>Empresa afirma que vai recorrer<\/h2>\n<p class=\"isSelectedEnd\">A Droga Raia afirmou que discorda da decis\u00e3o e entende que as provas apresentadas e suas pol\u00edticas internas n\u00e3o foram integralmente consideradas.<\/p>\n<p class=\"isSelectedEnd\">A empresa informou que mant\u00e9m canal de den\u00fancias, treinamentos, pol\u00edticas de preven\u00e7\u00e3o e programas de diversidade e integridade.<\/p>\n<p>A companhia tamb\u00e9m declarou que vai recorrer da decis\u00e3o e que continuar\u00e1 aprimorando suas pr\u00e1ticas de gest\u00e3o de pessoas, sa\u00fade e seguran\u00e7a.<\/p>\n","protected":false},"excerpt":{"rendered":"<p>Justi\u00e7a reconheceu casos de ass\u00e9dio moral, sexual e materno, al\u00e9m de homofobia e gordofobia; empresa ter\u00e1 de adotar medidas preventivas em todas as unidades A Droga Raia foi condenada pela Justi\u00e7a do Trabalho a pagar R$ 4 milh\u00f5es por dano moral coletivo ap\u00f3s o reconhecimento de casos de ass\u00e9dio moral, sexual e materno, al\u00e9m de [&hellip;]<\/p>\n","protected":false},"author":16,"featured_media":7881,"comment_status":"open","ping_status":"open","sticky":false,"template":"","format":"standard","meta":{"footnotes":""},"categories":[12],"tags":[3163,3161,3162,47,3170,3164,3160,3166,3165,2365,3168,3169,3167],"class_list":["post-7880","post","type-post","status-publish","format-standard","has-post-thumbnail","hentry","category-geral","tag-assedio-materno","tag-assedio-moral","tag-assedio-sexual","tag-destaque","tag-direitos-trabalhistas","tag-discriminacao","tag-droga-raia","tag-gordofobia","tag-homofobia","tag-justica-do-trabalho","tag-ministerio-publico-do-trabalho","tag-riscos-psicossociais","tag-trt-rj"],"yoast_head":"<!-- This site is optimized with the Yoast SEO plugin v28.1 - https:\/\/yoast.com\/product\/yoast-seo-wordpress\/ -->\n<title>Droga Raia \u00e9 condenada a pagar R$ 4 milh\u00f5es por ass\u00e9dio e discrimina\u00e7\u00e3o no trabalho - Mz Not\u00edcias<\/title>\n<meta name=\"description\" content=\"Droga Raia \u00e9 condenada a pagar R$ 4 milh\u00f5es por dano moral coletivo ap\u00f3s casos de ass\u00e9dio e discrimina\u00e7\u00e3o. Empresa ter\u00e1 90 dias para adotar medidas preventivas.\" \/>\n<meta name=\"robots\" content=\"index, follow, max-snippet:-1, max-image-preview:large, max-video-preview:-1\" \/>\n<link rel=\"canonical\" href=\"https:\/\/mznoticia.com.br\/piraidosul\/droga-raia-e-condenada-a-pagar-r-4-milhoes-por-assedio-e-discriminacao-no-trabalho\/\" \/>\n<meta property=\"og:locale\" content=\"pt_BR\" \/>\n<meta property=\"og:type\" content=\"article\" \/>\n<meta property=\"og:title\" content=\"Droga Raia \u00e9 condenada a pagar R$ 4 milh\u00f5es por ass\u00e9dio e discrimina\u00e7\u00e3o no trabalho - Mz Not\u00edcias\" \/>\n<meta property=\"og:description\" content=\"Droga Raia \u00e9 condenada a pagar R$ 4 milh\u00f5es por dano moral coletivo ap\u00f3s casos de ass\u00e9dio e discrimina\u00e7\u00e3o. Empresa ter\u00e1 90 dias para adotar medidas preventivas.\" \/>\n<meta property=\"og:url\" content=\"https:\/\/mznoticia.com.br\/piraidosul\/droga-raia-e-condenada-a-pagar-r-4-milhoes-por-assedio-e-discriminacao-no-trabalho\/\" \/>\n<meta property=\"og:site_name\" content=\"Mz Not\u00edcias\" \/>\n<meta property=\"article:publisher\" content=\"https:\/\/www.facebook.com\/profile.php?id=61573479951222\" \/>\n<meta property=\"article:published_time\" content=\"2026-09-01T13:07:50+00:00\" \/>\n<meta property=\"og:image\" content=\"https:\/\/mznoticia.com.br\/piraidosul\/wp-content\/uploads\/2026\/09\/50.jpg\" \/>\n\t<meta property=\"og:image:width\" content=\"447\" \/>\n\t<meta property=\"og:image:height\" content=\"447\" \/>\n\t<meta property=\"og:image:type\" content=\"image\/jpeg\" \/>\n<meta name=\"author\" content=\"Redacao mz\" \/>\n<meta name=\"twitter:card\" content=\"summary_large_image\" \/>\n<meta name=\"twitter:label1\" content=\"Escrito por\" \/>\n\t<meta name=\"twitter:data1\" content=\"Redacao mz\" \/>\n\t<meta name=\"twitter:label2\" content=\"Est. tempo de leitura\" \/>\n\t<meta name=\"twitter:data2\" content=\"3 minutos\" \/>\n<script type=\"application\/ld+json\" class=\"yoast-schema-graph\">{\"@context\":\"https:\\\/\\\/schema.org\",\"@graph\":[{\"@type\":\"Article\",\"@id\":\"https:\\\/\\\/mznoticia.com.br\\\/piraidosul\\\/droga-raia-e-condenada-a-pagar-r-4-milhoes-por-assedio-e-discriminacao-no-trabalho\\\/#article\",\"isPartOf\":{\"@id\":\"https:\\\/\\\/mznoticia.com.br\\\/piraidosul\\\/droga-raia-e-condenada-a-pagar-r-4-milhoes-por-assedio-e-discriminacao-no-trabalho\\\/\"},\"author\":{\"name\":\"Redacao mz\",\"@id\":\"https:\\\/\\\/mznoticia.com.br\\\/piraidosul\\\/#\\\/schema\\\/person\\\/84012d827247b3f42f37b550da79cd03\"},\"headline\":\"Droga Raia \u00e9 condenada a pagar R$ 4 milh\u00f5es por ass\u00e9dio e discrimina\u00e7\u00e3o no trabalho\",\"datePublished\":\"2026-09-01T13:07:50+00:00\",\"mainEntityOfPage\":{\"@id\":\"https:\\\/\\\/mznoticia.com.br\\\/piraidosul\\\/droga-raia-e-condenada-a-pagar-r-4-milhoes-por-assedio-e-discriminacao-no-trabalho\\\/\"},\"wordCount\":591,\"commentCount\":0,\"publisher\":{\"@id\":\"https:\\\/\\\/mznoticia.com.br\\\/piraidosul\\\/#organization\"},\"image\":{\"@id\":\"https:\\\/\\\/mznoticia.com.br\\\/piraidosul\\\/droga-raia-e-condenada-a-pagar-r-4-milhoes-por-assedio-e-discriminacao-no-trabalho\\\/#primaryimage\"},\"thumbnailUrl\":\"https:\\\/\\\/mznoticia.com.br\\\/piraidosul\\\/wp-content\\\/uploads\\\/2026\\\/09\\\/50.jpg\",\"keywords\":[\"ass\u00e9dio materno\",\"ass\u00e9dio moral\",\"ass\u00e9dio sexual\",\"destaque\",\"direitos trabalhistas\",\"discrimina\u00e7\u00e3o\",\"Droga Raia\",\"gordofobia\",\"homofobia\",\"Justi\u00e7a do Trabalho\",\"Minist\u00e9rio P\u00fablico do Trabalho\",\"riscos psicossociais\",\"TRT-RJ\"],\"articleSection\":[\"Geral\"],\"inLanguage\":\"pt-BR\",\"potentialAction\":[{\"@type\":\"CommentAction\",\"name\":\"Comment\",\"target\":[\"https:\\\/\\\/mznoticia.com.br\\\/piraidosul\\\/droga-raia-e-condenada-a-pagar-r-4-milhoes-por-assedio-e-discriminacao-no-trabalho\\\/#respond\"]}]},{\"@type\":\"WebPage\",\"@id\":\"https:\\\/\\\/mznoticia.com.br\\\/piraidosul\\\/droga-raia-e-condenada-a-pagar-r-4-milhoes-por-assedio-e-discriminacao-no-trabalho\\\/\",\"url\":\"https:\\\/\\\/mznoticia.com.br\\\/piraidosul\\\/droga-raia-e-condenada-a-pagar-r-4-milhoes-por-assedio-e-discriminacao-no-trabalho\\\/\",\"name\":\"Droga Raia \u00e9 condenada a pagar R$ 4 milh\u00f5es por ass\u00e9dio e discrimina\u00e7\u00e3o no trabalho - Mz Not\u00edcias\",\"isPartOf\":{\"@id\":\"https:\\\/\\\/mznoticia.com.br\\\/piraidosul\\\/#website\"},\"primaryImageOfPage\":{\"@id\":\"https:\\\/\\\/mznoticia.com.br\\\/piraidosul\\\/droga-raia-e-condenada-a-pagar-r-4-milhoes-por-assedio-e-discriminacao-no-trabalho\\\/#primaryimage\"},\"image\":{\"@id\":\"https:\\\/\\\/mznoticia.com.br\\\/piraidosul\\\/droga-raia-e-condenada-a-pagar-r-4-milhoes-por-assedio-e-discriminacao-no-trabalho\\\/#primaryimage\"},\"thumbnailUrl\":\"https:\\\/\\\/mznoticia.com.br\\\/piraidosul\\\/wp-content\\\/uploads\\\/2026\\\/09\\\/50.jpg\",\"datePublished\":\"2026-09-01T13:07:50+00:00\",\"description\":\"Droga Raia \u00e9 condenada a pagar R$ 4 milh\u00f5es por dano moral coletivo ap\u00f3s casos de ass\u00e9dio e discrimina\u00e7\u00e3o. Empresa ter\u00e1 90 dias para adotar medidas preventivas.\",\"breadcrumb\":{\"@id\":\"https:\\\/\\\/mznoticia.com.br\\\/piraidosul\\\/droga-raia-e-condenada-a-pagar-r-4-milhoes-por-assedio-e-discriminacao-no-trabalho\\\/#breadcrumb\"},\"inLanguage\":\"pt-BR\",\"potentialAction\":[{\"@type\":\"ReadAction\",\"target\":[\"https:\\\/\\\/mznoticia.com.br\\\/piraidosul\\\/droga-raia-e-condenada-a-pagar-r-4-milhoes-por-assedio-e-discriminacao-no-trabalho\\\/\"]}]},{\"@type\":\"ImageObject\",\"inLanguage\":\"pt-BR\",\"@id\":\"https:\\\/\\\/mznoticia.com.br\\\/piraidosul\\\/droga-raia-e-condenada-a-pagar-r-4-milhoes-por-assedio-e-discriminacao-no-trabalho\\\/#primaryimage\",\"url\":\"https:\\\/\\\/mznoticia.com.br\\\/piraidosul\\\/wp-content\\\/uploads\\\/2026\\\/09\\\/50.jpg\",\"contentUrl\":\"https:\\\/\\\/mznoticia.com.br\\\/piraidosul\\\/wp-content\\\/uploads\\\/2026\\\/09\\\/50.jpg\",\"width\":447,\"height\":447},{\"@type\":\"BreadcrumbList\",\"@id\":\"https:\\\/\\\/mznoticia.com.br\\\/piraidosul\\\/droga-raia-e-condenada-a-pagar-r-4-milhoes-por-assedio-e-discriminacao-no-trabalho\\\/#breadcrumb\",\"itemListElement\":[{\"@type\":\"ListItem\",\"position\":1,\"name\":\"Home\",\"item\":\"https:\\\/\\\/mznoticia.com.br\\\/piraidosul\\\/\"},{\"@type\":\"ListItem\",\"position\":2,\"name\":\"Droga Raia \u00e9 condenada a pagar R$ 4 milh\u00f5es por ass\u00e9dio e discrimina\u00e7\u00e3o no trabalho\"}]},{\"@type\":\"WebSite\",\"@id\":\"https:\\\/\\\/mznoticia.com.br\\\/piraidosul\\\/#website\",\"url\":\"https:\\\/\\\/mznoticia.com.br\\\/piraidosul\\\/\",\"name\":\"Mz Not\u00edcia\",\"description\":\"A informa\u00e7\u00e3o que voc\u00ea precisa na hora certa!\",\"publisher\":{\"@id\":\"https:\\\/\\\/mznoticia.com.br\\\/piraidosul\\\/#organization\"},\"potentialAction\":[{\"@type\":\"SearchAction\",\"target\":{\"@type\":\"EntryPoint\",\"urlTemplate\":\"https:\\\/\\\/mznoticia.com.br\\\/piraidosul\\\/?s={search_term_string}\"},\"query-input\":{\"@type\":\"PropertyValueSpecification\",\"valueRequired\":true,\"valueName\":\"search_term_string\"}}],\"inLanguage\":\"pt-BR\"},{\"@type\":\"Organization\",\"@id\":\"https:\\\/\\\/mznoticia.com.br\\\/piraidosul\\\/#organization\",\"name\":\"Mz Not\u00edcia\",\"url\":\"https:\\\/\\\/mznoticia.com.br\\\/piraidosul\\\/\",\"logo\":{\"@type\":\"ImageObject\",\"inLanguage\":\"pt-BR\",\"@id\":\"https:\\\/\\\/mznoticia.com.br\\\/piraidosul\\\/#\\\/schema\\\/logo\\\/image\\\/\",\"url\":\"https:\\\/\\\/mznoticia.com.br\\\/jaguariaiva\\\/wp-content\\\/uploads\\\/2025\\\/03\\\/Design-sem-nome-4-e1741200616392.png\",\"contentUrl\":\"https:\\\/\\\/mznoticia.com.br\\\/jaguariaiva\\\/wp-content\\\/uploads\\\/2025\\\/03\\\/Design-sem-nome-4-e1741200616392.png\",\"width\":750,\"height\":563,\"caption\":\"Mz Not\u00edcia\"},\"image\":{\"@id\":\"https:\\\/\\\/mznoticia.com.br\\\/piraidosul\\\/#\\\/schema\\\/logo\\\/image\\\/\"},\"sameAs\":[\"https:\\\/\\\/www.facebook.com\\\/profile.php?id=61573479951222\",\"https:\\\/\\\/www.instagram.com\\\/mz.jaguariaiva\\\/\"]},{\"@type\":\"Person\",\"@id\":\"https:\\\/\\\/mznoticia.com.br\\\/piraidosul\\\/#\\\/schema\\\/person\\\/84012d827247b3f42f37b550da79cd03\",\"name\":\"Redacao mz\",\"image\":{\"@type\":\"ImageObject\",\"inLanguage\":\"pt-BR\",\"@id\":\"https:\\\/\\\/secure.gravatar.com\\\/avatar\\\/3835c58a73b55edb97de944593845d3f29acb93b7a088f3bf63afde947ab86ba?s=96&d=simple_local_avatar&r=g\",\"url\":\"https:\\\/\\\/secure.gravatar.com\\\/avatar\\\/3835c58a73b55edb97de944593845d3f29acb93b7a088f3bf63afde947ab86ba?s=96&d=simple_local_avatar&r=g\",\"contentUrl\":\"https:\\\/\\\/secure.gravatar.com\\\/avatar\\\/3835c58a73b55edb97de944593845d3f29acb93b7a088f3bf63afde947ab86ba?s=96&d=simple_local_avatar&r=g\",\"caption\":\"Redacao mz\"},\"sameAs\":[\"http:\\\/\\\/mznoticia.com.br\"],\"url\":\"https:\\\/\\\/mznoticia.com.br\\\/piraidosul\\\/author\\\/lucimara\\\/\"}]}<\/script>\n<!-- \/ Yoast SEO plugin. -->","yoast_head_json":{"title":"Droga Raia \u00e9 condenada a pagar R$ 4 milh\u00f5es por ass\u00e9dio e discrimina\u00e7\u00e3o no trabalho - Mz Not\u00edcias","description":"Droga Raia \u00e9 condenada a pagar R$ 4 milh\u00f5es por dano moral coletivo ap\u00f3s casos de ass\u00e9dio e discrimina\u00e7\u00e3o. Empresa ter\u00e1 90 dias para adotar medidas preventivas.","robots":{"index":"index","follow":"follow","max-snippet":"max-snippet:-1","max-image-preview":"max-image-preview:large","max-video-preview":"max-video-preview:-1"},"canonical":"https:\/\/mznoticia.com.br\/piraidosul\/droga-raia-e-condenada-a-pagar-r-4-milhoes-por-assedio-e-discriminacao-no-trabalho\/","og_locale":"pt_BR","og_type":"article","og_title":"Droga Raia \u00e9 condenada a pagar R$ 4 milh\u00f5es por ass\u00e9dio e discrimina\u00e7\u00e3o no trabalho - Mz Not\u00edcias","og_description":"Droga Raia \u00e9 condenada a pagar R$ 4 milh\u00f5es por dano moral coletivo ap\u00f3s casos de ass\u00e9dio e discrimina\u00e7\u00e3o. Empresa ter\u00e1 90 dias para adotar medidas preventivas.","og_url":"https:\/\/mznoticia.com.br\/piraidosul\/droga-raia-e-condenada-a-pagar-r-4-milhoes-por-assedio-e-discriminacao-no-trabalho\/","og_site_name":"Mz Not\u00edcias","article_publisher":"https:\/\/www.facebook.com\/profile.php?id=61573479951222","article_published_time":"2026-09-01T13:07:50+00:00","og_image":[{"width":447,"height":447,"url":"https:\/\/mznoticia.com.br\/piraidosul\/wp-content\/uploads\/2026\/09\/50.jpg","type":"image\/jpeg"}],"author":"Redacao mz","twitter_card":"summary_large_image","twitter_misc":{"Escrito por":"Redacao mz","Est. tempo de leitura":"3 minutos"},"schema":{"@context":"https:\/\/schema.org","@graph":[{"@type":"Article","@id":"https:\/\/mznoticia.com.br\/piraidosul\/droga-raia-e-condenada-a-pagar-r-4-milhoes-por-assedio-e-discriminacao-no-trabalho\/#article","isPartOf":{"@id":"https:\/\/mznoticia.com.br\/piraidosul\/droga-raia-e-condenada-a-pagar-r-4-milhoes-por-assedio-e-discriminacao-no-trabalho\/"},"author":{"name":"Redacao mz","@id":"https:\/\/mznoticia.com.br\/piraidosul\/#\/schema\/person\/84012d827247b3f42f37b550da79cd03"},"headline":"Droga Raia \u00e9 condenada a pagar R$ 4 milh\u00f5es por ass\u00e9dio e discrimina\u00e7\u00e3o no trabalho","datePublished":"2026-09-01T13:07:50+00:00","mainEntityOfPage":{"@id":"https:\/\/mznoticia.com.br\/piraidosul\/droga-raia-e-condenada-a-pagar-r-4-milhoes-por-assedio-e-discriminacao-no-trabalho\/"},"wordCount":591,"commentCount":0,"publisher":{"@id":"https:\/\/mznoticia.com.br\/piraidosul\/#organization"},"image":{"@id":"https:\/\/mznoticia.com.br\/piraidosul\/droga-raia-e-condenada-a-pagar-r-4-milhoes-por-assedio-e-discriminacao-no-trabalho\/#primaryimage"},"thumbnailUrl":"https:\/\/mznoticia.com.br\/piraidosul\/wp-content\/uploads\/2026\/09\/50.jpg","keywords":["ass\u00e9dio materno","ass\u00e9dio moral","ass\u00e9dio sexual","destaque","direitos trabalhistas","discrimina\u00e7\u00e3o","Droga Raia","gordofobia","homofobia","Justi\u00e7a do Trabalho","Minist\u00e9rio P\u00fablico do Trabalho","riscos psicossociais","TRT-RJ"],"articleSection":["Geral"],"inLanguage":"pt-BR","potentialAction":[{"@type":"CommentAction","name":"Comment","target":["https:\/\/mznoticia.com.br\/piraidosul\/droga-raia-e-condenada-a-pagar-r-4-milhoes-por-assedio-e-discriminacao-no-trabalho\/#respond"]}]},{"@type":"WebPage","@id":"https:\/\/mznoticia.com.br\/piraidosul\/droga-raia-e-condenada-a-pagar-r-4-milhoes-por-assedio-e-discriminacao-no-trabalho\/","url":"https:\/\/mznoticia.com.br\/piraidosul\/droga-raia-e-condenada-a-pagar-r-4-milhoes-por-assedio-e-discriminacao-no-trabalho\/","name":"Droga Raia \u00e9 condenada a pagar R$ 4 milh\u00f5es por ass\u00e9dio e discrimina\u00e7\u00e3o no trabalho - Mz Not\u00edcias","isPartOf":{"@id":"https:\/\/mznoticia.com.br\/piraidosul\/#website"},"primaryImageOfPage":{"@id":"https:\/\/mznoticia.com.br\/piraidosul\/droga-raia-e-condenada-a-pagar-r-4-milhoes-por-assedio-e-discriminacao-no-trabalho\/#primaryimage"},"image":{"@id":"https:\/\/mznoticia.com.br\/piraidosul\/droga-raia-e-condenada-a-pagar-r-4-milhoes-por-assedio-e-discriminacao-no-trabalho\/#primaryimage"},"thumbnailUrl":"https:\/\/mznoticia.com.br\/piraidosul\/wp-content\/uploads\/2026\/09\/50.jpg","datePublished":"2026-09-01T13:07:50+00:00","description":"Droga Raia \u00e9 condenada a pagar R$ 4 milh\u00f5es por dano moral coletivo ap\u00f3s casos de ass\u00e9dio e discrimina\u00e7\u00e3o. Empresa ter\u00e1 90 dias para adotar medidas preventivas.","breadcrumb":{"@id":"https:\/\/mznoticia.com.br\/piraidosul\/droga-raia-e-condenada-a-pagar-r-4-milhoes-por-assedio-e-discriminacao-no-trabalho\/#breadcrumb"},"inLanguage":"pt-BR","potentialAction":[{"@type":"ReadAction","target":["https:\/\/mznoticia.com.br\/piraidosul\/droga-raia-e-condenada-a-pagar-r-4-milhoes-por-assedio-e-discriminacao-no-trabalho\/"]}]},{"@type":"ImageObject","inLanguage":"pt-BR","@id":"https:\/\/mznoticia.com.br\/piraidosul\/droga-raia-e-condenada-a-pagar-r-4-milhoes-por-assedio-e-discriminacao-no-trabalho\/#primaryimage","url":"https:\/\/mznoticia.com.br\/piraidosul\/wp-content\/uploads\/2026\/09\/50.jpg","contentUrl":"https:\/\/mznoticia.com.br\/piraidosul\/wp-content\/uploads\/2026\/09\/50.jpg","width":447,"height":447},{"@type":"BreadcrumbList","@id":"https:\/\/mznoticia.com.br\/piraidosul\/droga-raia-e-condenada-a-pagar-r-4-milhoes-por-assedio-e-discriminacao-no-trabalho\/#breadcrumb","itemListElement":[{"@type":"ListItem","position":1,"name":"Home","item":"https:\/\/mznoticia.com.br\/piraidosul\/"},{"@type":"ListItem","position":2,"name":"Droga Raia \u00e9 condenada a pagar R$ 4 milh\u00f5es por ass\u00e9dio e discrimina\u00e7\u00e3o no trabalho"}]},{"@type":"WebSite","@id":"https:\/\/mznoticia.com.br\/piraidosul\/#website","url":"https:\/\/mznoticia.com.br\/piraidosul\/","name":"Mz Not\u00edcia","description":"A informa\u00e7\u00e3o que voc\u00ea precisa na hora certa!","publisher":{"@id":"https:\/\/mznoticia.com.br\/piraidosul\/#organization"},"potentialAction":[{"@type":"SearchAction","target":{"@type":"EntryPoint","urlTemplate":"https:\/\/mznoticia.com.br\/piraidosul\/?s={search_term_string}"},"query-input":{"@type":"PropertyValueSpecification","valueRequired":true,"valueName":"search_term_string"}}],"inLanguage":"pt-BR"},{"@type":"Organization","@id":"https:\/\/mznoticia.com.br\/piraidosul\/#organization","name":"Mz Not\u00edcia","url":"https:\/\/mznoticia.com.br\/piraidosul\/","logo":{"@type":"ImageObject","inLanguage":"pt-BR","@id":"https:\/\/mznoticia.com.br\/piraidosul\/#\/schema\/logo\/image\/","url":"https:\/\/mznoticia.com.br\/jaguariaiva\/wp-content\/uploads\/2025\/03\/Design-sem-nome-4-e1741200616392.png","contentUrl":"https:\/\/mznoticia.com.br\/jaguariaiva\/wp-content\/uploads\/2025\/03\/Design-sem-nome-4-e1741200616392.png","width":750,"height":563,"caption":"Mz Not\u00edcia"},"image":{"@id":"https:\/\/mznoticia.com.br\/piraidosul\/#\/schema\/logo\/image\/"},"sameAs":["https:\/\/www.facebook.com\/profile.php?id=61573479951222","https:\/\/www.instagram.com\/mz.jaguariaiva\/"]},{"@type":"Person","@id":"https:\/\/mznoticia.com.br\/piraidosul\/#\/schema\/person\/84012d827247b3f42f37b550da79cd03","name":"Redacao mz","image":{"@type":"ImageObject","inLanguage":"pt-BR","@id":"https:\/\/secure.gravatar.com\/avatar\/3835c58a73b55edb97de944593845d3f29acb93b7a088f3bf63afde947ab86ba?s=96&d=simple_local_avatar&r=g","url":"https:\/\/secure.gravatar.com\/avatar\/3835c58a73b55edb97de944593845d3f29acb93b7a088f3bf63afde947ab86ba?s=96&d=simple_local_avatar&r=g","contentUrl":"https:\/\/secure.gravatar.com\/avatar\/3835c58a73b55edb97de944593845d3f29acb93b7a088f3bf63afde947ab86ba?s=96&d=simple_local_avatar&r=g","caption":"Redacao mz"},"sameAs":["http:\/\/mznoticia.com.br"],"url":"https:\/\/mznoticia.com.br\/piraidosul\/author\/lucimara\/"}]}},"_links":{"self":[{"href":"https:\/\/mznoticia.com.br\/piraidosul\/wp-json\/wp\/v2\/posts\/7880","targetHints":{"allow":["GET"]}}],"collection":[{"href":"https:\/\/mznoticia.com.br\/piraidosul\/wp-json\/wp\/v2\/posts"}],"about":[{"href":"https:\/\/mznoticia.com.br\/piraidosul\/wp-json\/wp\/v2\/types\/post"}],"author":[{"embeddable":true,"href":"https:\/\/mznoticia.com.br\/piraidosul\/wp-json\/wp\/v2\/users\/16"}],"replies":[{"embeddable":true,"href":"https:\/\/mznoticia.com.br\/piraidosul\/wp-json\/wp\/v2\/comments?post=7880"}],"version-history":[{"count":1,"href":"https:\/\/mznoticia.com.br\/piraidosul\/wp-json\/wp\/v2\/posts\/7880\/revisions"}],"predecessor-version":[{"id":7882,"href":"https:\/\/mznoticia.com.br\/piraidosul\/wp-json\/wp\/v2\/posts\/7880\/revisions\/7882"}],"wp:featuredmedia":[{"embeddable":true,"href":"https:\/\/mznoticia.com.br\/piraidosul\/wp-json\/wp\/v2\/media\/7881"}],"wp:attachment":[{"href":"https:\/\/mznoticia.com.br\/piraidosul\/wp-json\/wp\/v2\/media?parent=7880"}],"wp:term":[{"taxonomy":"category","embeddable":true,"href":"https:\/\/mznoticia.com.br\/piraidosul\/wp-json\/wp\/v2\/categories?post=7880"},{"taxonomy":"post_tag","embeddable":true,"href":"https:\/\/mznoticia.com.br\/piraidosul\/wp-json\/wp\/v2\/tags?post=7880"}],"curies":[{"name":"wp","href":"https:\/\/api.w.org\/{rel}","templated":true}]}}