{"id":7886,"date":"2026-09-01T13:47:46","date_gmt":"2026-09-01T13:47:46","guid":{"rendered":"https:\/\/mznoticia.com.br\/piraidosul\/?p=7886"},"modified":"2026-09-01T13:47:46","modified_gmt":"2026-09-01T13:47:46","slug":"vendaval-causa-prejuizos-a-produtores-rurais-e-deixa-cerca-de-100-agricultores-em-situacao-critica-no-parana","status":"publish","type":"post","link":"https:\/\/mznoticia.com.br\/piraidosul\/vendaval-causa-prejuizos-a-produtores-rurais-e-deixa-cerca-de-100-agricultores-em-situacao-critica-no-parana\/","title":{"rendered":"Vendaval causa preju\u00edzos a produtores rurais e deixa cerca de 100 agricultores em situa\u00e7\u00e3o cr\u00edtica no Paran\u00e1"},"content":{"rendered":"<h2>Temporal provocou destelhamentos, danos em propriedades, falta de energia e problemas no abastecimento de \u00e1gua; Perobal decretou situa\u00e7\u00e3o de emerg\u00eancia<\/h2>\n<p class=\"isSelectedEnd\">Um forte vendaval atingiu munic\u00edpios da regi\u00e3o Noroeste do Paran\u00e1 no domingo (30) e provocou preju\u00edzos principalmente em propriedades rurais de Perobal, Cafezal do Sul, Alto Piquiri e Umuarama.<\/p>\n<p class=\"isSelectedEnd\">Diante dos estragos, a Prefeitura de Perobal decretou situa\u00e7\u00e3o de emerg\u00eancia na segunda-feira (31). O temporal provocou destelhamentos, danos em casas e barrac\u00f5es, quedas na rede de distribui\u00e7\u00e3o de energia el\u00e9trica e preju\u00edzos \u00e0 infraestrutura das \u00e1reas urbana e rural.<\/p>\n<h2>Cerca de 100 produtores est\u00e3o em situa\u00e7\u00e3o cr\u00edtica<\/h2>\n<p class=\"isSelectedEnd\">Um levantamento preliminar realizado no setor rural aponta que aproximadamente 100 produtores de Perobal est\u00e3o em situa\u00e7\u00e3o cr\u00edtica, principalmente devido aos danos registrados nas instala\u00e7\u00f5es das propriedades.<\/p>\n<p class=\"isSelectedEnd\">Tamb\u00e9m foram relatados problemas no fornecimento de energia el\u00e9trica e abastecimento de \u00e1gua, dificultando a rotina e a continuidade das atividades no campo.<\/p>\n<p class=\"isSelectedEnd\">Segundo a Prefeitura, pelo menos 130 casas foram atingidas e aproximadamente 500 moradores foram afetados pelo temporal.<\/p>\n<h2>Rajadas chegaram a 63 km\/h<\/h2>\n<p class=\"isSelectedEnd\">Dados do Sistema de Tecnologia e Monitoramento Ambiental do Paran\u00e1 indicam que a esta\u00e7\u00e3o meteorol\u00f3gica de Umuarama registrou rajadas de vento de 63 km\/h.<\/p>\n<p class=\"isSelectedEnd\">Perobal n\u00e3o possui uma esta\u00e7\u00e3o meteorol\u00f3gica com registro espec\u00edfico que permita determinar a velocidade dos ventos atingidos no munic\u00edpio.<\/p>\n<h2>Equipes fazem levantamento dos preju\u00edzos<\/h2>\n<p class=\"isSelectedEnd\">As equipes respons\u00e1veis pelo atendimento aos produtores est\u00e3o percorrendo as propriedades atingidas para avaliar a dimens\u00e3o dos estragos e identificar as principais necessidades das fam\u00edlias rurais.<\/p>\n<p class=\"isSelectedEnd\">O trabalho inclui visitas aos agricultores e pecuaristas e levantamento dos danos provocados pelo temporal.<\/p>\n<p class=\"isSelectedEnd\">A prioridade \u00e9 auxiliar as fam\u00edlias afetadas e contribuir para o restabelecimento dos servi\u00e7os essenciais nas propriedades.<\/p>\n<h2>Defesa Civil concentra atendimento inicial na \u00e1rea urbana<\/h2>\n<p class=\"isSelectedEnd\">A Defesa Civil local iniciou os trabalhos priorizando o atendimento \u00e0s \u00e1reas urbanas afetadas.<\/p>\n<p class=\"isSelectedEnd\">Com as urg\u00eancias nas propriedades rurais, alguns produtores ainda est\u00e3o tendo dificuldades para se deslocar at\u00e9 os pontos de atendimento e realizar o cadastro dos danos.<\/p>\n<p class=\"isSelectedEnd\">A mobiliza\u00e7\u00e3o tamb\u00e9m envolve os sindicatos rurais da regi\u00e3o, que foram acionados para auxiliar as fam\u00edlias atingidas.<\/p>\n<h2>Pedido de apoio para \u00f3rg\u00e3os estaduais<\/h2>\n<p class=\"isSelectedEnd\">Diante da dimens\u00e3o dos preju\u00edzos, foi solicitada a mobiliza\u00e7\u00e3o da Defesa Civil Estadual, Copel, Sanepar e Ex\u00e9rcito para refor\u00e7ar o atendimento aos munic\u00edpios atingidos.<\/p>\n<p class=\"isSelectedEnd\">A inten\u00e7\u00e3o \u00e9 acelerar o restabelecimento dos servi\u00e7os essenciais e oferecer suporte aos produtores que tiveram estruturas danificadas.<\/p>\n<h2>Preju\u00edzos amea\u00e7am retomada das atividades<\/h2>\n<p class=\"isSelectedEnd\">Al\u00e9m dos danos estruturais, a falta de energia el\u00e9trica e \u00e1gua representa uma dificuldade adicional para os produtores rurais.<\/p>\n<p class=\"isSelectedEnd\">A mobiliza\u00e7\u00e3o busca garantir atendimento r\u00e1pido \u00e0s fam\u00edlias e permitir que as propriedades possam retomar suas atividades ap\u00f3s os estragos provocados pelo vendaval.<\/p>\n<p>As equipes seguem acompanhando a situa\u00e7\u00e3o e realizando levantamentos para dimensionar os preju\u00edzos causados pelo temporal na regi\u00e3o Noroeste do Paran\u00e1.<\/p>\n","protected":false},"excerpt":{"rendered":"<p>Temporal provocou destelhamentos, danos em propriedades, falta de energia e problemas no abastecimento de \u00e1gua; Perobal decretou situa\u00e7\u00e3o de emerg\u00eancia Um forte vendaval atingiu munic\u00edpios da regi\u00e3o Noroeste do Paran\u00e1 no domingo (30) e provocou preju\u00edzos principalmente em propriedades rurais de Perobal, Cafezal do Sul, Alto Piquiri e Umuarama. Diante dos estragos, a Prefeitura de [&hellip;]<\/p>\n","protected":false},"author":16,"featured_media":7887,"comment_status":"open","ping_status":"open","sticky":false,"template":"","format":"standard","meta":{"footnotes":""},"categories":[303],"tags":[415,604,3177,3176,558,47,878,77,3175,575,1910,1057,2236,1759],"class_list":["post-7886","post","type-post","status-publish","format-standard","has-post-thumbnail","hentry","category-parana","tag-agricultura","tag-agronegocio","tag-alto-piquiri","tag-cafezal-do-sul","tag-defesa-civil","tag-destaque","tag-noroeste-do-parana","tag-parana","tag-perobal","tag-produtores-rurais","tag-situacao-de-emergencia","tag-temporal","tag-umuarama","tag-vendaval"],"yoast_head":"<!-- This site is optimized with the Yoast SEO plugin v28.1 - https:\/\/yoast.com\/product\/yoast-seo-wordpress\/ -->\n<title>Vendaval causa preju\u00edzos a produtores rurais e deixa cerca de 100 agricultores em situa\u00e7\u00e3o cr\u00edtica no Paran\u00e1 - Mz Not\u00edcias<\/title>\n<meta name=\"robots\" content=\"index, follow, max-snippet:-1, max-image-preview:large, max-video-preview:-1\" \/>\n<link rel=\"canonical\" href=\"https:\/\/mznoticia.com.br\/piraidosul\/vendaval-causa-prejuizos-a-produtores-rurais-e-deixa-cerca-de-100-agricultores-em-situacao-critica-no-parana\/\" \/>\n<meta property=\"og:locale\" content=\"pt_BR\" \/>\n<meta property=\"og:type\" content=\"article\" \/>\n<meta property=\"og:title\" content=\"Vendaval causa preju\u00edzos a produtores rurais e deixa cerca de 100 agricultores em situa\u00e7\u00e3o cr\u00edtica no Paran\u00e1 - Mz Not\u00edcias\" \/>\n<meta property=\"og:description\" content=\"Temporal provocou destelhamentos, danos em propriedades, falta de energia e problemas no abastecimento de \u00e1gua; Perobal decretou situa\u00e7\u00e3o de emerg\u00eancia Um forte vendaval atingiu munic\u00edpios da regi\u00e3o Noroeste do Paran\u00e1 no domingo (30) e provocou preju\u00edzos principalmente em propriedades rurais de Perobal, Cafezal do Sul, Alto Piquiri e Umuarama. Diante dos estragos, a Prefeitura de [&hellip;]\" \/>\n<meta property=\"og:url\" content=\"https:\/\/mznoticia.com.br\/piraidosul\/vendaval-causa-prejuizos-a-produtores-rurais-e-deixa-cerca-de-100-agricultores-em-situacao-critica-no-parana\/\" \/>\n<meta property=\"og:site_name\" content=\"Mz Not\u00edcias\" \/>\n<meta property=\"article:publisher\" content=\"https:\/\/www.facebook.com\/profile.php?id=61573479951222\" \/>\n<meta property=\"article:published_time\" content=\"2026-09-01T13:47:46+00:00\" \/>\n<meta property=\"og:image\" content=\"https:\/\/mznoticia.com.br\/piraidosul\/wp-content\/uploads\/2026\/09\/50-1.jpg\" \/>\n\t<meta property=\"og:image:width\" content=\"750\" \/>\n\t<meta property=\"og:image:height\" content=\"430\" \/>\n\t<meta property=\"og:image:type\" content=\"image\/jpeg\" \/>\n<meta name=\"author\" content=\"Redacao mz\" \/>\n<meta name=\"twitter:card\" content=\"summary_large_image\" \/>\n<meta name=\"twitter:label1\" content=\"Escrito por\" \/>\n\t<meta name=\"twitter:data1\" content=\"Redacao mz\" \/>\n\t<meta name=\"twitter:label2\" content=\"Est. tempo de leitura\" \/>\n\t<meta name=\"twitter:data2\" content=\"3 minutos\" \/>\n<script type=\"application\/ld+json\" class=\"yoast-schema-graph\">{\"@context\":\"https:\\\/\\\/schema.org\",\"@graph\":[{\"@type\":\"Article\",\"@id\":\"https:\\\/\\\/mznoticia.com.br\\\/piraidosul\\\/vendaval-causa-prejuizos-a-produtores-rurais-e-deixa-cerca-de-100-agricultores-em-situacao-critica-no-parana\\\/#article\",\"isPartOf\":{\"@id\":\"https:\\\/\\\/mznoticia.com.br\\\/piraidosul\\\/vendaval-causa-prejuizos-a-produtores-rurais-e-deixa-cerca-de-100-agricultores-em-situacao-critica-no-parana\\\/\"},\"author\":{\"name\":\"Redacao mz\",\"@id\":\"https:\\\/\\\/mznoticia.com.br\\\/piraidosul\\\/#\\\/schema\\\/person\\\/84012d827247b3f42f37b550da79cd03\"},\"headline\":\"Vendaval causa preju\u00edzos a produtores rurais e deixa cerca de 100 agricultores em situa\u00e7\u00e3o cr\u00edtica no Paran\u00e1\",\"datePublished\":\"2026-09-01T13:47:46+00:00\",\"mainEntityOfPage\":{\"@id\":\"https:\\\/\\\/mznoticia.com.br\\\/piraidosul\\\/vendaval-causa-prejuizos-a-produtores-rurais-e-deixa-cerca-de-100-agricultores-em-situacao-critica-no-parana\\\/\"},\"wordCount\":526,\"commentCount\":0,\"publisher\":{\"@id\":\"https:\\\/\\\/mznoticia.com.br\\\/piraidosul\\\/#organization\"},\"image\":{\"@id\":\"https:\\\/\\\/mznoticia.com.br\\\/piraidosul\\\/vendaval-causa-prejuizos-a-produtores-rurais-e-deixa-cerca-de-100-agricultores-em-situacao-critica-no-parana\\\/#primaryimage\"},\"thumbnailUrl\":\"https:\\\/\\\/mznoticia.com.br\\\/piraidosul\\\/wp-content\\\/uploads\\\/2026\\\/09\\\/50-1.jpg\",\"keywords\":[\"Agricultura\",\"Agroneg\u00f3cio\",\"Alto Piquiri\",\"Cafezal do Sul\",\"defesa civil\",\"destaque\",\"Noroeste do Paran\u00e1\",\"parana\",\"Perobal\",\"Produtores rurais\",\"situa\u00e7\u00e3o de emerg\u00eancia\",\"Temporal\",\"Umuarama\",\"Vendaval\"],\"articleSection\":[\"Paran\u00e1\"],\"inLanguage\":\"pt-BR\",\"potentialAction\":[{\"@type\":\"CommentAction\",\"name\":\"Comment\",\"target\":[\"https:\\\/\\\/mznoticia.com.br\\\/piraidosul\\\/vendaval-causa-prejuizos-a-produtores-rurais-e-deixa-cerca-de-100-agricultores-em-situacao-critica-no-parana\\\/#respond\"]}]},{\"@type\":\"WebPage\",\"@id\":\"https:\\\/\\\/mznoticia.com.br\\\/piraidosul\\\/vendaval-causa-prejuizos-a-produtores-rurais-e-deixa-cerca-de-100-agricultores-em-situacao-critica-no-parana\\\/\",\"url\":\"https:\\\/\\\/mznoticia.com.br\\\/piraidosul\\\/vendaval-causa-prejuizos-a-produtores-rurais-e-deixa-cerca-de-100-agricultores-em-situacao-critica-no-parana\\\/\",\"name\":\"Vendaval causa preju\u00edzos a produtores rurais e deixa cerca de 100 agricultores em situa\u00e7\u00e3o cr\u00edtica no Paran\u00e1 - Mz Not\u00edcias\",\"isPartOf\":{\"@id\":\"https:\\\/\\\/mznoticia.com.br\\\/piraidosul\\\/#website\"},\"primaryImageOfPage\":{\"@id\":\"https:\\\/\\\/mznoticia.com.br\\\/piraidosul\\\/vendaval-causa-prejuizos-a-produtores-rurais-e-deixa-cerca-de-100-agricultores-em-situacao-critica-no-parana\\\/#primaryimage\"},\"image\":{\"@id\":\"https:\\\/\\\/mznoticia.com.br\\\/piraidosul\\\/vendaval-causa-prejuizos-a-produtores-rurais-e-deixa-cerca-de-100-agricultores-em-situacao-critica-no-parana\\\/#primaryimage\"},\"thumbnailUrl\":\"https:\\\/\\\/mznoticia.com.br\\\/piraidosul\\\/wp-content\\\/uploads\\\/2026\\\/09\\\/50-1.jpg\",\"datePublished\":\"2026-09-01T13:47:46+00:00\",\"breadcrumb\":{\"@id\":\"https:\\\/\\\/mznoticia.com.br\\\/piraidosul\\\/vendaval-causa-prejuizos-a-produtores-rurais-e-deixa-cerca-de-100-agricultores-em-situacao-critica-no-parana\\\/#breadcrumb\"},\"inLanguage\":\"pt-BR\",\"potentialAction\":[{\"@type\":\"ReadAction\",\"target\":[\"https:\\\/\\\/mznoticia.com.br\\\/piraidosul\\\/vendaval-causa-prejuizos-a-produtores-rurais-e-deixa-cerca-de-100-agricultores-em-situacao-critica-no-parana\\\/\"]}]},{\"@type\":\"ImageObject\",\"inLanguage\":\"pt-BR\",\"@id\":\"https:\\\/\\\/mznoticia.com.br\\\/piraidosul\\\/vendaval-causa-prejuizos-a-produtores-rurais-e-deixa-cerca-de-100-agricultores-em-situacao-critica-no-parana\\\/#primaryimage\",\"url\":\"https:\\\/\\\/mznoticia.com.br\\\/piraidosul\\\/wp-content\\\/uploads\\\/2026\\\/09\\\/50-1.jpg\",\"contentUrl\":\"https:\\\/\\\/mznoticia.com.br\\\/piraidosul\\\/wp-content\\\/uploads\\\/2026\\\/09\\\/50-1.jpg\",\"width\":750,\"height\":430},{\"@type\":\"BreadcrumbList\",\"@id\":\"https:\\\/\\\/mznoticia.com.br\\\/piraidosul\\\/vendaval-causa-prejuizos-a-produtores-rurais-e-deixa-cerca-de-100-agricultores-em-situacao-critica-no-parana\\\/#breadcrumb\",\"itemListElement\":[{\"@type\":\"ListItem\",\"position\":1,\"name\":\"Home\",\"item\":\"https:\\\/\\\/mznoticia.com.br\\\/piraidosul\\\/\"},{\"@type\":\"ListItem\",\"position\":2,\"name\":\"Vendaval causa preju\u00edzos a produtores rurais e deixa cerca de 100 agricultores em situa\u00e7\u00e3o cr\u00edtica no Paran\u00e1\"}]},{\"@type\":\"WebSite\",\"@id\":\"https:\\\/\\\/mznoticia.com.br\\\/piraidosul\\\/#website\",\"url\":\"https:\\\/\\\/mznoticia.com.br\\\/piraidosul\\\/\",\"name\":\"Mz Not\u00edcia\",\"description\":\"A informa\u00e7\u00e3o que voc\u00ea precisa na hora certa!\",\"publisher\":{\"@id\":\"https:\\\/\\\/mznoticia.com.br\\\/piraidosul\\\/#organization\"},\"potentialAction\":[{\"@type\":\"SearchAction\",\"target\":{\"@type\":\"EntryPoint\",\"urlTemplate\":\"https:\\\/\\\/mznoticia.com.br\\\/piraidosul\\\/?s={search_term_string}\"},\"query-input\":{\"@type\":\"PropertyValueSpecification\",\"valueRequired\":true,\"valueName\":\"search_term_string\"}}],\"inLanguage\":\"pt-BR\"},{\"@type\":\"Organization\",\"@id\":\"https:\\\/\\\/mznoticia.com.br\\\/piraidosul\\\/#organization\",\"name\":\"Mz Not\u00edcia\",\"url\":\"https:\\\/\\\/mznoticia.com.br\\\/piraidosul\\\/\",\"logo\":{\"@type\":\"ImageObject\",\"inLanguage\":\"pt-BR\",\"@id\":\"https:\\\/\\\/mznoticia.com.br\\\/piraidosul\\\/#\\\/schema\\\/logo\\\/image\\\/\",\"url\":\"https:\\\/\\\/mznoticia.com.br\\\/jaguariaiva\\\/wp-content\\\/uploads\\\/2025\\\/03\\\/Design-sem-nome-4-e1741200616392.png\",\"contentUrl\":\"https:\\\/\\\/mznoticia.com.br\\\/jaguariaiva\\\/wp-content\\\/uploads\\\/2025\\\/03\\\/Design-sem-nome-4-e1741200616392.png\",\"width\":750,\"height\":563,\"caption\":\"Mz Not\u00edcia\"},\"image\":{\"@id\":\"https:\\\/\\\/mznoticia.com.br\\\/piraidosul\\\/#\\\/schema\\\/logo\\\/image\\\/\"},\"sameAs\":[\"https:\\\/\\\/www.facebook.com\\\/profile.php?id=61573479951222\",\"https:\\\/\\\/www.instagram.com\\\/mz.jaguariaiva\\\/\"]},{\"@type\":\"Person\",\"@id\":\"https:\\\/\\\/mznoticia.com.br\\\/piraidosul\\\/#\\\/schema\\\/person\\\/84012d827247b3f42f37b550da79cd03\",\"name\":\"Redacao mz\",\"image\":{\"@type\":\"ImageObject\",\"inLanguage\":\"pt-BR\",\"@id\":\"https:\\\/\\\/secure.gravatar.com\\\/avatar\\\/3835c58a73b55edb97de944593845d3f29acb93b7a088f3bf63afde947ab86ba?s=96&d=simple_local_avatar&r=g\",\"url\":\"https:\\\/\\\/secure.gravatar.com\\\/avatar\\\/3835c58a73b55edb97de944593845d3f29acb93b7a088f3bf63afde947ab86ba?s=96&d=simple_local_avatar&r=g\",\"contentUrl\":\"https:\\\/\\\/secure.gravatar.com\\\/avatar\\\/3835c58a73b55edb97de944593845d3f29acb93b7a088f3bf63afde947ab86ba?s=96&d=simple_local_avatar&r=g\",\"caption\":\"Redacao mz\"},\"sameAs\":[\"http:\\\/\\\/mznoticia.com.br\"],\"url\":\"https:\\\/\\\/mznoticia.com.br\\\/piraidosul\\\/author\\\/lucimara\\\/\"}]}<\/script>\n<!-- \/ Yoast SEO plugin. -->","yoast_head_json":{"title":"Vendaval causa preju\u00edzos a produtores rurais e deixa cerca de 100 agricultores em situa\u00e7\u00e3o cr\u00edtica no Paran\u00e1 - Mz Not\u00edcias","robots":{"index":"index","follow":"follow","max-snippet":"max-snippet:-1","max-image-preview":"max-image-preview:large","max-video-preview":"max-video-preview:-1"},"canonical":"https:\/\/mznoticia.com.br\/piraidosul\/vendaval-causa-prejuizos-a-produtores-rurais-e-deixa-cerca-de-100-agricultores-em-situacao-critica-no-parana\/","og_locale":"pt_BR","og_type":"article","og_title":"Vendaval causa preju\u00edzos a produtores rurais e deixa cerca de 100 agricultores em situa\u00e7\u00e3o cr\u00edtica no Paran\u00e1 - Mz Not\u00edcias","og_description":"Temporal provocou destelhamentos, danos em propriedades, falta de energia e problemas no abastecimento de \u00e1gua; Perobal decretou situa\u00e7\u00e3o de emerg\u00eancia Um forte vendaval atingiu munic\u00edpios da regi\u00e3o Noroeste do Paran\u00e1 no domingo (30) e provocou preju\u00edzos principalmente em propriedades rurais de Perobal, Cafezal do Sul, Alto Piquiri e Umuarama. Diante dos estragos, a Prefeitura de [&hellip;]","og_url":"https:\/\/mznoticia.com.br\/piraidosul\/vendaval-causa-prejuizos-a-produtores-rurais-e-deixa-cerca-de-100-agricultores-em-situacao-critica-no-parana\/","og_site_name":"Mz Not\u00edcias","article_publisher":"https:\/\/www.facebook.com\/profile.php?id=61573479951222","article_published_time":"2026-09-01T13:47:46+00:00","og_image":[{"width":750,"height":430,"url":"https:\/\/mznoticia.com.br\/piraidosul\/wp-content\/uploads\/2026\/09\/50-1.jpg","type":"image\/jpeg"}],"author":"Redacao mz","twitter_card":"summary_large_image","twitter_misc":{"Escrito por":"Redacao mz","Est. tempo de leitura":"3 minutos"},"schema":{"@context":"https:\/\/schema.org","@graph":[{"@type":"Article","@id":"https:\/\/mznoticia.com.br\/piraidosul\/vendaval-causa-prejuizos-a-produtores-rurais-e-deixa-cerca-de-100-agricultores-em-situacao-critica-no-parana\/#article","isPartOf":{"@id":"https:\/\/mznoticia.com.br\/piraidosul\/vendaval-causa-prejuizos-a-produtores-rurais-e-deixa-cerca-de-100-agricultores-em-situacao-critica-no-parana\/"},"author":{"name":"Redacao mz","@id":"https:\/\/mznoticia.com.br\/piraidosul\/#\/schema\/person\/84012d827247b3f42f37b550da79cd03"},"headline":"Vendaval causa preju\u00edzos a produtores rurais e deixa cerca de 100 agricultores em situa\u00e7\u00e3o cr\u00edtica no Paran\u00e1","datePublished":"2026-09-01T13:47:46+00:00","mainEntityOfPage":{"@id":"https:\/\/mznoticia.com.br\/piraidosul\/vendaval-causa-prejuizos-a-produtores-rurais-e-deixa-cerca-de-100-agricultores-em-situacao-critica-no-parana\/"},"wordCount":526,"commentCount":0,"publisher":{"@id":"https:\/\/mznoticia.com.br\/piraidosul\/#organization"},"image":{"@id":"https:\/\/mznoticia.com.br\/piraidosul\/vendaval-causa-prejuizos-a-produtores-rurais-e-deixa-cerca-de-100-agricultores-em-situacao-critica-no-parana\/#primaryimage"},"thumbnailUrl":"https:\/\/mznoticia.com.br\/piraidosul\/wp-content\/uploads\/2026\/09\/50-1.jpg","keywords":["Agricultura","Agroneg\u00f3cio","Alto Piquiri","Cafezal do Sul","defesa civil","destaque","Noroeste do Paran\u00e1","parana","Perobal","Produtores rurais","situa\u00e7\u00e3o de emerg\u00eancia","Temporal","Umuarama","Vendaval"],"articleSection":["Paran\u00e1"],"inLanguage":"pt-BR","potentialAction":[{"@type":"CommentAction","name":"Comment","target":["https:\/\/mznoticia.com.br\/piraidosul\/vendaval-causa-prejuizos-a-produtores-rurais-e-deixa-cerca-de-100-agricultores-em-situacao-critica-no-parana\/#respond"]}]},{"@type":"WebPage","@id":"https:\/\/mznoticia.com.br\/piraidosul\/vendaval-causa-prejuizos-a-produtores-rurais-e-deixa-cerca-de-100-agricultores-em-situacao-critica-no-parana\/","url":"https:\/\/mznoticia.com.br\/piraidosul\/vendaval-causa-prejuizos-a-produtores-rurais-e-deixa-cerca-de-100-agricultores-em-situacao-critica-no-parana\/","name":"Vendaval causa preju\u00edzos a produtores rurais e deixa cerca de 100 agricultores em situa\u00e7\u00e3o cr\u00edtica no Paran\u00e1 - Mz Not\u00edcias","isPartOf":{"@id":"https:\/\/mznoticia.com.br\/piraidosul\/#website"},"primaryImageOfPage":{"@id":"https:\/\/mznoticia.com.br\/piraidosul\/vendaval-causa-prejuizos-a-produtores-rurais-e-deixa-cerca-de-100-agricultores-em-situacao-critica-no-parana\/#primaryimage"},"image":{"@id":"https:\/\/mznoticia.com.br\/piraidosul\/vendaval-causa-prejuizos-a-produtores-rurais-e-deixa-cerca-de-100-agricultores-em-situacao-critica-no-parana\/#primaryimage"},"thumbnailUrl":"https:\/\/mznoticia.com.br\/piraidosul\/wp-content\/uploads\/2026\/09\/50-1.jpg","datePublished":"2026-09-01T13:47:46+00:00","breadcrumb":{"@id":"https:\/\/mznoticia.com.br\/piraidosul\/vendaval-causa-prejuizos-a-produtores-rurais-e-deixa-cerca-de-100-agricultores-em-situacao-critica-no-parana\/#breadcrumb"},"inLanguage":"pt-BR","potentialAction":[{"@type":"ReadAction","target":["https:\/\/mznoticia.com.br\/piraidosul\/vendaval-causa-prejuizos-a-produtores-rurais-e-deixa-cerca-de-100-agricultores-em-situacao-critica-no-parana\/"]}]},{"@type":"ImageObject","inLanguage":"pt-BR","@id":"https:\/\/mznoticia.com.br\/piraidosul\/vendaval-causa-prejuizos-a-produtores-rurais-e-deixa-cerca-de-100-agricultores-em-situacao-critica-no-parana\/#primaryimage","url":"https:\/\/mznoticia.com.br\/piraidosul\/wp-content\/uploads\/2026\/09\/50-1.jpg","contentUrl":"https:\/\/mznoticia.com.br\/piraidosul\/wp-content\/uploads\/2026\/09\/50-1.jpg","width":750,"height":430},{"@type":"BreadcrumbList","@id":"https:\/\/mznoticia.com.br\/piraidosul\/vendaval-causa-prejuizos-a-produtores-rurais-e-deixa-cerca-de-100-agricultores-em-situacao-critica-no-parana\/#breadcrumb","itemListElement":[{"@type":"ListItem","position":1,"name":"Home","item":"https:\/\/mznoticia.com.br\/piraidosul\/"},{"@type":"ListItem","position":2,"name":"Vendaval causa preju\u00edzos a produtores rurais e deixa cerca de 100 agricultores em situa\u00e7\u00e3o cr\u00edtica no Paran\u00e1"}]},{"@type":"WebSite","@id":"https:\/\/mznoticia.com.br\/piraidosul\/#website","url":"https:\/\/mznoticia.com.br\/piraidosul\/","name":"Mz Not\u00edcia","description":"A informa\u00e7\u00e3o que voc\u00ea precisa na hora certa!","publisher":{"@id":"https:\/\/mznoticia.com.br\/piraidosul\/#organization"},"potentialAction":[{"@type":"SearchAction","target":{"@type":"EntryPoint","urlTemplate":"https:\/\/mznoticia.com.br\/piraidosul\/?s={search_term_string}"},"query-input":{"@type":"PropertyValueSpecification","valueRequired":true,"valueName":"search_term_string"}}],"inLanguage":"pt-BR"},{"@type":"Organization","@id":"https:\/\/mznoticia.com.br\/piraidosul\/#organization","name":"Mz Not\u00edcia","url":"https:\/\/mznoticia.com.br\/piraidosul\/","logo":{"@type":"ImageObject","inLanguage":"pt-BR","@id":"https:\/\/mznoticia.com.br\/piraidosul\/#\/schema\/logo\/image\/","url":"https:\/\/mznoticia.com.br\/jaguariaiva\/wp-content\/uploads\/2025\/03\/Design-sem-nome-4-e1741200616392.png","contentUrl":"https:\/\/mznoticia.com.br\/jaguariaiva\/wp-content\/uploads\/2025\/03\/Design-sem-nome-4-e1741200616392.png","width":750,"height":563,"caption":"Mz Not\u00edcia"},"image":{"@id":"https:\/\/mznoticia.com.br\/piraidosul\/#\/schema\/logo\/image\/"},"sameAs":["https:\/\/www.facebook.com\/profile.php?id=61573479951222","https:\/\/www.instagram.com\/mz.jaguariaiva\/"]},{"@type":"Person","@id":"https:\/\/mznoticia.com.br\/piraidosul\/#\/schema\/person\/84012d827247b3f42f37b550da79cd03","name":"Redacao mz","image":{"@type":"ImageObject","inLanguage":"pt-BR","@id":"https:\/\/secure.gravatar.com\/avatar\/3835c58a73b55edb97de944593845d3f29acb93b7a088f3bf63afde947ab86ba?s=96&d=simple_local_avatar&r=g","url":"https:\/\/secure.gravatar.com\/avatar\/3835c58a73b55edb97de944593845d3f29acb93b7a088f3bf63afde947ab86ba?s=96&d=simple_local_avatar&r=g","contentUrl":"https:\/\/secure.gravatar.com\/avatar\/3835c58a73b55edb97de944593845d3f29acb93b7a088f3bf63afde947ab86ba?s=96&d=simple_local_avatar&r=g","caption":"Redacao mz"},"sameAs":["http:\/\/mznoticia.com.br"],"url":"https:\/\/mznoticia.com.br\/piraidosul\/author\/lucimara\/"}]}},"_links":{"self":[{"href":"https:\/\/mznoticia.com.br\/piraidosul\/wp-json\/wp\/v2\/posts\/7886","targetHints":{"allow":["GET"]}}],"collection":[{"href":"https:\/\/mznoticia.com.br\/piraidosul\/wp-json\/wp\/v2\/posts"}],"about":[{"href":"https:\/\/mznoticia.com.br\/piraidosul\/wp-json\/wp\/v2\/types\/post"}],"author":[{"embeddable":true,"href":"https:\/\/mznoticia.com.br\/piraidosul\/wp-json\/wp\/v2\/users\/16"}],"replies":[{"embeddable":true,"href":"https:\/\/mznoticia.com.br\/piraidosul\/wp-json\/wp\/v2\/comments?post=7886"}],"version-history":[{"count":1,"href":"https:\/\/mznoticia.com.br\/piraidosul\/wp-json\/wp\/v2\/posts\/7886\/revisions"}],"predecessor-version":[{"id":7888,"href":"https:\/\/mznoticia.com.br\/piraidosul\/wp-json\/wp\/v2\/posts\/7886\/revisions\/7888"}],"wp:featuredmedia":[{"embeddable":true,"href":"https:\/\/mznoticia.com.br\/piraidosul\/wp-json\/wp\/v2\/media\/7887"}],"wp:attachment":[{"href":"https:\/\/mznoticia.com.br\/piraidosul\/wp-json\/wp\/v2\/media?parent=7886"}],"wp:term":[{"taxonomy":"category","embeddable":true,"href":"https:\/\/mznoticia.com.br\/piraidosul\/wp-json\/wp\/v2\/categories?post=7886"},{"taxonomy":"post_tag","embeddable":true,"href":"https:\/\/mznoticia.com.br\/piraidosul\/wp-json\/wp\/v2\/tags?post=7886"}],"curies":[{"name":"wp","href":"https:\/\/api.w.org\/{rel}","templated":true}]}}