{"id":7897,"date":"2026-09-01T15:51:56","date_gmt":"2026-09-01T15:51:56","guid":{"rendered":"https:\/\/mznoticia.com.br\/piraidosul\/?p=7897"},"modified":"2026-09-01T15:51:56","modified_gmt":"2026-09-01T15:51:56","slug":"pib-desacelera-no-segundo-trimestre-e-queda-do-consumo-das-familias-acende-alerta","status":"publish","type":"post","link":"https:\/\/mznoticia.com.br\/piraidosul\/pib-desacelera-no-segundo-trimestre-e-queda-do-consumo-das-familias-acende-alerta\/","title":{"rendered":"PIB desacelera no segundo trimestre e queda do consumo das fam\u00edlias acende alerta"},"content":{"rendered":"<h3 class=\"PDq2pG_selectionAnchorContainer\" data-section-id=\"gmh37b\" data-start=\"0\" data-end=\"47\">PIB desacelera e consumo das fam\u00edlias recua<\/h3>\n<p data-start=\"49\" data-end=\"335\">A economia brasileira cresceu 0,5% no segundo trimestre de 2026, abaixo dos 1,1% registrados no primeiro trimestre. O principal alerta foi a queda de 0,4% no consumo das fam\u00edlias, indicando maior cautela dos consumidores diante dos juros altos, cr\u00e9dito restrito e inadimpl\u00eancia.<\/p>\n<h3 data-section-id=\"remzdl\" data-start=\"337\" data-end=\"362\">Ind\u00fastria perde for\u00e7a<\/h3>\n<p data-start=\"364\" data-end=\"660\">O crescimento ficou concentrado em alguns setores. A ind\u00fastria extrativa avan\u00e7ou 3,4%, enquanto a ind\u00fastria de transforma\u00e7\u00e3o recuou. Os investimentos cresceram 1,2%, mas a taxa de investimento ficou em apenas 16,1% do PIB, n\u00edvel considerado baixo para sustentar um crescimento mais forte.<\/p>\n<h3 data-section-id=\"10rfwdf\" data-start=\"662\" data-end=\"707\">Juros pesam sobre consumo e investimentos<\/h3>\n<p data-start=\"709\" data-end=\"1009\">Economistas avaliam que a pol\u00edtica monet\u00e1ria restritiva come\u00e7a a produzir efeitos mais fortes sobre a economia. Caso a atividade continue enfraquecendo e a infla\u00e7\u00e3o recue, o Banco Central poder\u00e1 ter espa\u00e7o para reduzir a Selic. Por\u00e9m, as expectativas de infla\u00e7\u00e3o ainda dificultam cortes mais r\u00e1pidos.<\/p>\n<h3 data-section-id=\"1tl35m7\" data-start=\"1011\" data-end=\"1042\">Terceiro trimestre preocupa<\/h3>\n<p data-start=\"1044\" data-end=\"1307\">O IBC-Br caiu 0,6% em junho, deixando uma estimativa de carregamento negativo de 0,4% para o terceiro trimestre. Ind\u00fastria e servi\u00e7os tamb\u00e9m perderam for\u00e7a, aumentando o risco de uma desacelera\u00e7\u00e3o maior, embora uma recess\u00e3o ainda n\u00e3o seja o cen\u00e1rio principal.<\/p>\n<h3 data-section-id=\"f6zqh5\" data-start=\"1309\" data-end=\"1345\">Agro ajuda a sustentar resultado<\/h3>\n<p data-start=\"1347\" data-end=\"1617\">A agropecu\u00e1ria continua contribuindo positivamente, mas representa cerca de 7% a 8% do PIB, enquanto os servi\u00e7os respondem por aproximadamente 70% e a ind\u00fastria por 20% a 22%. Assim, o desempenho do campo n\u00e3o consegue compensar sozinho a fraqueza de setores maiores.<\/p>\n<h3 data-section-id=\"14lc3f\" data-start=\"1619\" data-end=\"1646\">Governo mant\u00e9m previs\u00e3o<\/h3>\n<p data-start=\"1648\" data-end=\"1948\" data-is-last-node=\"\" data-is-only-node=\"\">Apesar da desacelera\u00e7\u00e3o, o Minist\u00e9rio da Fazenda manteve a previs\u00e3o de crescimento de 2,3% do PIB em 2026, mesma taxa registrada em 2025. A expectativa \u00e9 de perda de ritmo no terceiro trimestre e recupera\u00e7\u00e3o gradual no fim do ano, caso a redu\u00e7\u00e3o dos juros favore\u00e7a setores dependentes de cr\u00e9dito.<\/p>\n","protected":false},"excerpt":{"rendered":"<p>PIB desacelera e consumo das fam\u00edlias recua A economia brasileira cresceu 0,5% no segundo trimestre de 2026, abaixo dos 1,1% registrados no primeiro trimestre. O principal alerta foi a queda de 0,4% no consumo das fam\u00edlias, indicando maior cautela dos consumidores diante dos juros altos, cr\u00e9dito restrito e inadimpl\u00eancia. Ind\u00fastria perde for\u00e7a O crescimento ficou [&hellip;]<\/p>\n","protected":false},"author":16,"featured_media":7898,"comment_status":"open","ping_status":"open","sticky":false,"template":"","format":"standard","meta":{"footnotes":""},"categories":[212],"tags":[2797,82,3189,3190,47,460,458,2230,2325,1385,2187],"class_list":["post-7897","post","type-post","status-publish","format-standard","has-post-thumbnail","hentry","category-economia","tag-agropecuaria","tag-brasil","tag-consumo-das-familias","tag-crescimento-economico","tag-destaque","tag-economia","tag-industria","tag-inflacao","tag-juros","tag-pib","tag-selic"],"yoast_head":"<!-- This site is optimized with the Yoast SEO plugin v28.1 - https:\/\/yoast.com\/product\/yoast-seo-wordpress\/ -->\n<title>PIB desacelera no segundo trimestre e queda do consumo das fam\u00edlias acende alerta - Mz Not\u00edcias<\/title>\n<meta name=\"description\" content=\"PIB brasileiro cresce 0,5% no segundo trimestre de 2026, enquanto consumo das fam\u00edlias cai 0,4% e ind\u00fastria de transforma\u00e7\u00e3o perde for\u00e7a.\" \/>\n<meta name=\"robots\" content=\"index, follow, max-snippet:-1, max-image-preview:large, max-video-preview:-1\" \/>\n<link rel=\"canonical\" href=\"https:\/\/mznoticia.com.br\/piraidosul\/pib-desacelera-no-segundo-trimestre-e-queda-do-consumo-das-familias-acende-alerta\/\" \/>\n<meta property=\"og:locale\" content=\"pt_BR\" \/>\n<meta property=\"og:type\" content=\"article\" \/>\n<meta property=\"og:title\" content=\"PIB desacelera no segundo trimestre e queda do consumo das fam\u00edlias acende alerta - Mz Not\u00edcias\" \/>\n<meta property=\"og:description\" content=\"PIB brasileiro cresce 0,5% no segundo trimestre de 2026, enquanto consumo das fam\u00edlias cai 0,4% e ind\u00fastria de transforma\u00e7\u00e3o perde for\u00e7a.\" \/>\n<meta property=\"og:url\" content=\"https:\/\/mznoticia.com.br\/piraidosul\/pib-desacelera-no-segundo-trimestre-e-queda-do-consumo-das-familias-acende-alerta\/\" \/>\n<meta property=\"og:site_name\" content=\"Mz Not\u00edcias\" \/>\n<meta property=\"article:publisher\" content=\"https:\/\/www.facebook.com\/profile.php?id=61573479951222\" \/>\n<meta property=\"article:published_time\" content=\"2026-09-01T15:51:56+00:00\" \/>\n<meta property=\"og:image\" content=\"https:\/\/mznoticia.com.br\/piraidosul\/wp-content\/uploads\/2026\/09\/01.png\" \/>\n\t<meta property=\"og:image:width\" content=\"1536\" \/>\n\t<meta property=\"og:image:height\" content=\"1024\" \/>\n\t<meta property=\"og:image:type\" content=\"image\/png\" \/>\n<meta name=\"author\" content=\"Redacao mz\" \/>\n<meta name=\"twitter:card\" content=\"summary_large_image\" \/>\n<meta name=\"twitter:label1\" content=\"Escrito por\" \/>\n\t<meta name=\"twitter:data1\" content=\"Redacao mz\" \/>\n\t<meta name=\"twitter:label2\" content=\"Est. tempo de leitura\" \/>\n\t<meta name=\"twitter:data2\" content=\"2 minutos\" \/>\n<script type=\"application\/ld+json\" class=\"yoast-schema-graph\">{\"@context\":\"https:\\\/\\\/schema.org\",\"@graph\":[{\"@type\":\"Article\",\"@id\":\"https:\\\/\\\/mznoticia.com.br\\\/piraidosul\\\/pib-desacelera-no-segundo-trimestre-e-queda-do-consumo-das-familias-acende-alerta\\\/#article\",\"isPartOf\":{\"@id\":\"https:\\\/\\\/mznoticia.com.br\\\/piraidosul\\\/pib-desacelera-no-segundo-trimestre-e-queda-do-consumo-das-familias-acende-alerta\\\/\"},\"author\":{\"name\":\"Redacao mz\",\"@id\":\"https:\\\/\\\/mznoticia.com.br\\\/piraidosul\\\/#\\\/schema\\\/person\\\/84012d827247b3f42f37b550da79cd03\"},\"headline\":\"PIB desacelera no segundo trimestre e queda do consumo das fam\u00edlias acende alerta\",\"datePublished\":\"2026-09-01T15:51:56+00:00\",\"mainEntityOfPage\":{\"@id\":\"https:\\\/\\\/mznoticia.com.br\\\/piraidosul\\\/pib-desacelera-no-segundo-trimestre-e-queda-do-consumo-das-familias-acende-alerta\\\/\"},\"wordCount\":324,\"commentCount\":0,\"publisher\":{\"@id\":\"https:\\\/\\\/mznoticia.com.br\\\/piraidosul\\\/#organization\"},\"image\":{\"@id\":\"https:\\\/\\\/mznoticia.com.br\\\/piraidosul\\\/pib-desacelera-no-segundo-trimestre-e-queda-do-consumo-das-familias-acende-alerta\\\/#primaryimage\"},\"thumbnailUrl\":\"https:\\\/\\\/mznoticia.com.br\\\/piraidosul\\\/wp-content\\\/uploads\\\/2026\\\/09\\\/01.png\",\"keywords\":[\"agropecu\u00e1ria\",\"brasil\",\"Consumo das Fam\u00edlias\",\"Crescimento Econ\u00f4mico\",\"destaque\",\"Economia\",\"Ind\u00fastria\",\"Infla\u00e7\u00e3o\",\"Juros\",\"PIB\",\"Selic\"],\"articleSection\":[\"Economia\"],\"inLanguage\":\"pt-BR\",\"potentialAction\":[{\"@type\":\"CommentAction\",\"name\":\"Comment\",\"target\":[\"https:\\\/\\\/mznoticia.com.br\\\/piraidosul\\\/pib-desacelera-no-segundo-trimestre-e-queda-do-consumo-das-familias-acende-alerta\\\/#respond\"]}]},{\"@type\":\"WebPage\",\"@id\":\"https:\\\/\\\/mznoticia.com.br\\\/piraidosul\\\/pib-desacelera-no-segundo-trimestre-e-queda-do-consumo-das-familias-acende-alerta\\\/\",\"url\":\"https:\\\/\\\/mznoticia.com.br\\\/piraidosul\\\/pib-desacelera-no-segundo-trimestre-e-queda-do-consumo-das-familias-acende-alerta\\\/\",\"name\":\"PIB desacelera no segundo trimestre e queda do consumo das fam\u00edlias acende alerta - Mz Not\u00edcias\",\"isPartOf\":{\"@id\":\"https:\\\/\\\/mznoticia.com.br\\\/piraidosul\\\/#website\"},\"primaryImageOfPage\":{\"@id\":\"https:\\\/\\\/mznoticia.com.br\\\/piraidosul\\\/pib-desacelera-no-segundo-trimestre-e-queda-do-consumo-das-familias-acende-alerta\\\/#primaryimage\"},\"image\":{\"@id\":\"https:\\\/\\\/mznoticia.com.br\\\/piraidosul\\\/pib-desacelera-no-segundo-trimestre-e-queda-do-consumo-das-familias-acende-alerta\\\/#primaryimage\"},\"thumbnailUrl\":\"https:\\\/\\\/mznoticia.com.br\\\/piraidosul\\\/wp-content\\\/uploads\\\/2026\\\/09\\\/01.png\",\"datePublished\":\"2026-09-01T15:51:56+00:00\",\"description\":\"PIB brasileiro cresce 0,5% no segundo trimestre de 2026, enquanto consumo das fam\u00edlias cai 0,4% e ind\u00fastria de transforma\u00e7\u00e3o perde for\u00e7a.\",\"breadcrumb\":{\"@id\":\"https:\\\/\\\/mznoticia.com.br\\\/piraidosul\\\/pib-desacelera-no-segundo-trimestre-e-queda-do-consumo-das-familias-acende-alerta\\\/#breadcrumb\"},\"inLanguage\":\"pt-BR\",\"potentialAction\":[{\"@type\":\"ReadAction\",\"target\":[\"https:\\\/\\\/mznoticia.com.br\\\/piraidosul\\\/pib-desacelera-no-segundo-trimestre-e-queda-do-consumo-das-familias-acende-alerta\\\/\"]}]},{\"@type\":\"ImageObject\",\"inLanguage\":\"pt-BR\",\"@id\":\"https:\\\/\\\/mznoticia.com.br\\\/piraidosul\\\/pib-desacelera-no-segundo-trimestre-e-queda-do-consumo-das-familias-acende-alerta\\\/#primaryimage\",\"url\":\"https:\\\/\\\/mznoticia.com.br\\\/piraidosul\\\/wp-content\\\/uploads\\\/2026\\\/09\\\/01.png\",\"contentUrl\":\"https:\\\/\\\/mznoticia.com.br\\\/piraidosul\\\/wp-content\\\/uploads\\\/2026\\\/09\\\/01.png\",\"width\":1536,\"height\":1024},{\"@type\":\"BreadcrumbList\",\"@id\":\"https:\\\/\\\/mznoticia.com.br\\\/piraidosul\\\/pib-desacelera-no-segundo-trimestre-e-queda-do-consumo-das-familias-acende-alerta\\\/#breadcrumb\",\"itemListElement\":[{\"@type\":\"ListItem\",\"position\":1,\"name\":\"Home\",\"item\":\"https:\\\/\\\/mznoticia.com.br\\\/piraidosul\\\/\"},{\"@type\":\"ListItem\",\"position\":2,\"name\":\"PIB desacelera no segundo trimestre e queda do consumo das fam\u00edlias acende alerta\"}]},{\"@type\":\"WebSite\",\"@id\":\"https:\\\/\\\/mznoticia.com.br\\\/piraidosul\\\/#website\",\"url\":\"https:\\\/\\\/mznoticia.com.br\\\/piraidosul\\\/\",\"name\":\"Mz Not\u00edcia\",\"description\":\"A informa\u00e7\u00e3o que voc\u00ea precisa na hora certa!\",\"publisher\":{\"@id\":\"https:\\\/\\\/mznoticia.com.br\\\/piraidosul\\\/#organization\"},\"potentialAction\":[{\"@type\":\"SearchAction\",\"target\":{\"@type\":\"EntryPoint\",\"urlTemplate\":\"https:\\\/\\\/mznoticia.com.br\\\/piraidosul\\\/?s={search_term_string}\"},\"query-input\":{\"@type\":\"PropertyValueSpecification\",\"valueRequired\":true,\"valueName\":\"search_term_string\"}}],\"inLanguage\":\"pt-BR\"},{\"@type\":\"Organization\",\"@id\":\"https:\\\/\\\/mznoticia.com.br\\\/piraidosul\\\/#organization\",\"name\":\"Mz Not\u00edcia\",\"url\":\"https:\\\/\\\/mznoticia.com.br\\\/piraidosul\\\/\",\"logo\":{\"@type\":\"ImageObject\",\"inLanguage\":\"pt-BR\",\"@id\":\"https:\\\/\\\/mznoticia.com.br\\\/piraidosul\\\/#\\\/schema\\\/logo\\\/image\\\/\",\"url\":\"https:\\\/\\\/mznoticia.com.br\\\/jaguariaiva\\\/wp-content\\\/uploads\\\/2025\\\/03\\\/Design-sem-nome-4-e1741200616392.png\",\"contentUrl\":\"https:\\\/\\\/mznoticia.com.br\\\/jaguariaiva\\\/wp-content\\\/uploads\\\/2025\\\/03\\\/Design-sem-nome-4-e1741200616392.png\",\"width\":750,\"height\":563,\"caption\":\"Mz Not\u00edcia\"},\"image\":{\"@id\":\"https:\\\/\\\/mznoticia.com.br\\\/piraidosul\\\/#\\\/schema\\\/logo\\\/image\\\/\"},\"sameAs\":[\"https:\\\/\\\/www.facebook.com\\\/profile.php?id=61573479951222\",\"https:\\\/\\\/www.instagram.com\\\/mz.jaguariaiva\\\/\"]},{\"@type\":\"Person\",\"@id\":\"https:\\\/\\\/mznoticia.com.br\\\/piraidosul\\\/#\\\/schema\\\/person\\\/84012d827247b3f42f37b550da79cd03\",\"name\":\"Redacao mz\",\"image\":{\"@type\":\"ImageObject\",\"inLanguage\":\"pt-BR\",\"@id\":\"https:\\\/\\\/secure.gravatar.com\\\/avatar\\\/3835c58a73b55edb97de944593845d3f29acb93b7a088f3bf63afde947ab86ba?s=96&d=simple_local_avatar&r=g\",\"url\":\"https:\\\/\\\/secure.gravatar.com\\\/avatar\\\/3835c58a73b55edb97de944593845d3f29acb93b7a088f3bf63afde947ab86ba?s=96&d=simple_local_avatar&r=g\",\"contentUrl\":\"https:\\\/\\\/secure.gravatar.com\\\/avatar\\\/3835c58a73b55edb97de944593845d3f29acb93b7a088f3bf63afde947ab86ba?s=96&d=simple_local_avatar&r=g\",\"caption\":\"Redacao mz\"},\"sameAs\":[\"http:\\\/\\\/mznoticia.com.br\"],\"url\":\"https:\\\/\\\/mznoticia.com.br\\\/piraidosul\\\/author\\\/lucimara\\\/\"}]}<\/script>\n<!-- \/ Yoast SEO plugin. -->","yoast_head_json":{"title":"PIB desacelera no segundo trimestre e queda do consumo das fam\u00edlias acende alerta - Mz Not\u00edcias","description":"PIB brasileiro cresce 0,5% no segundo trimestre de 2026, enquanto consumo das fam\u00edlias cai 0,4% e ind\u00fastria de transforma\u00e7\u00e3o perde for\u00e7a.","robots":{"index":"index","follow":"follow","max-snippet":"max-snippet:-1","max-image-preview":"max-image-preview:large","max-video-preview":"max-video-preview:-1"},"canonical":"https:\/\/mznoticia.com.br\/piraidosul\/pib-desacelera-no-segundo-trimestre-e-queda-do-consumo-das-familias-acende-alerta\/","og_locale":"pt_BR","og_type":"article","og_title":"PIB desacelera no segundo trimestre e queda do consumo das fam\u00edlias acende alerta - Mz Not\u00edcias","og_description":"PIB brasileiro cresce 0,5% no segundo trimestre de 2026, enquanto consumo das fam\u00edlias cai 0,4% e ind\u00fastria de transforma\u00e7\u00e3o perde for\u00e7a.","og_url":"https:\/\/mznoticia.com.br\/piraidosul\/pib-desacelera-no-segundo-trimestre-e-queda-do-consumo-das-familias-acende-alerta\/","og_site_name":"Mz Not\u00edcias","article_publisher":"https:\/\/www.facebook.com\/profile.php?id=61573479951222","article_published_time":"2026-09-01T15:51:56+00:00","og_image":[{"width":1536,"height":1024,"url":"https:\/\/mznoticia.com.br\/piraidosul\/wp-content\/uploads\/2026\/09\/01.png","type":"image\/png"}],"author":"Redacao mz","twitter_card":"summary_large_image","twitter_misc":{"Escrito por":"Redacao mz","Est. tempo de leitura":"2 minutos"},"schema":{"@context":"https:\/\/schema.org","@graph":[{"@type":"Article","@id":"https:\/\/mznoticia.com.br\/piraidosul\/pib-desacelera-no-segundo-trimestre-e-queda-do-consumo-das-familias-acende-alerta\/#article","isPartOf":{"@id":"https:\/\/mznoticia.com.br\/piraidosul\/pib-desacelera-no-segundo-trimestre-e-queda-do-consumo-das-familias-acende-alerta\/"},"author":{"name":"Redacao mz","@id":"https:\/\/mznoticia.com.br\/piraidosul\/#\/schema\/person\/84012d827247b3f42f37b550da79cd03"},"headline":"PIB desacelera no segundo trimestre e queda do consumo das fam\u00edlias acende alerta","datePublished":"2026-09-01T15:51:56+00:00","mainEntityOfPage":{"@id":"https:\/\/mznoticia.com.br\/piraidosul\/pib-desacelera-no-segundo-trimestre-e-queda-do-consumo-das-familias-acende-alerta\/"},"wordCount":324,"commentCount":0,"publisher":{"@id":"https:\/\/mznoticia.com.br\/piraidosul\/#organization"},"image":{"@id":"https:\/\/mznoticia.com.br\/piraidosul\/pib-desacelera-no-segundo-trimestre-e-queda-do-consumo-das-familias-acende-alerta\/#primaryimage"},"thumbnailUrl":"https:\/\/mznoticia.com.br\/piraidosul\/wp-content\/uploads\/2026\/09\/01.png","keywords":["agropecu\u00e1ria","brasil","Consumo das Fam\u00edlias","Crescimento Econ\u00f4mico","destaque","Economia","Ind\u00fastria","Infla\u00e7\u00e3o","Juros","PIB","Selic"],"articleSection":["Economia"],"inLanguage":"pt-BR","potentialAction":[{"@type":"CommentAction","name":"Comment","target":["https:\/\/mznoticia.com.br\/piraidosul\/pib-desacelera-no-segundo-trimestre-e-queda-do-consumo-das-familias-acende-alerta\/#respond"]}]},{"@type":"WebPage","@id":"https:\/\/mznoticia.com.br\/piraidosul\/pib-desacelera-no-segundo-trimestre-e-queda-do-consumo-das-familias-acende-alerta\/","url":"https:\/\/mznoticia.com.br\/piraidosul\/pib-desacelera-no-segundo-trimestre-e-queda-do-consumo-das-familias-acende-alerta\/","name":"PIB desacelera no segundo trimestre e queda do consumo das fam\u00edlias acende alerta - Mz Not\u00edcias","isPartOf":{"@id":"https:\/\/mznoticia.com.br\/piraidosul\/#website"},"primaryImageOfPage":{"@id":"https:\/\/mznoticia.com.br\/piraidosul\/pib-desacelera-no-segundo-trimestre-e-queda-do-consumo-das-familias-acende-alerta\/#primaryimage"},"image":{"@id":"https:\/\/mznoticia.com.br\/piraidosul\/pib-desacelera-no-segundo-trimestre-e-queda-do-consumo-das-familias-acende-alerta\/#primaryimage"},"thumbnailUrl":"https:\/\/mznoticia.com.br\/piraidosul\/wp-content\/uploads\/2026\/09\/01.png","datePublished":"2026-09-01T15:51:56+00:00","description":"PIB brasileiro cresce 0,5% no segundo trimestre de 2026, enquanto consumo das fam\u00edlias cai 0,4% e ind\u00fastria de transforma\u00e7\u00e3o perde for\u00e7a.","breadcrumb":{"@id":"https:\/\/mznoticia.com.br\/piraidosul\/pib-desacelera-no-segundo-trimestre-e-queda-do-consumo-das-familias-acende-alerta\/#breadcrumb"},"inLanguage":"pt-BR","potentialAction":[{"@type":"ReadAction","target":["https:\/\/mznoticia.com.br\/piraidosul\/pib-desacelera-no-segundo-trimestre-e-queda-do-consumo-das-familias-acende-alerta\/"]}]},{"@type":"ImageObject","inLanguage":"pt-BR","@id":"https:\/\/mznoticia.com.br\/piraidosul\/pib-desacelera-no-segundo-trimestre-e-queda-do-consumo-das-familias-acende-alerta\/#primaryimage","url":"https:\/\/mznoticia.com.br\/piraidosul\/wp-content\/uploads\/2026\/09\/01.png","contentUrl":"https:\/\/mznoticia.com.br\/piraidosul\/wp-content\/uploads\/2026\/09\/01.png","width":1536,"height":1024},{"@type":"BreadcrumbList","@id":"https:\/\/mznoticia.com.br\/piraidosul\/pib-desacelera-no-segundo-trimestre-e-queda-do-consumo-das-familias-acende-alerta\/#breadcrumb","itemListElement":[{"@type":"ListItem","position":1,"name":"Home","item":"https:\/\/mznoticia.com.br\/piraidosul\/"},{"@type":"ListItem","position":2,"name":"PIB desacelera no segundo trimestre e queda do consumo das fam\u00edlias acende alerta"}]},{"@type":"WebSite","@id":"https:\/\/mznoticia.com.br\/piraidosul\/#website","url":"https:\/\/mznoticia.com.br\/piraidosul\/","name":"Mz Not\u00edcia","description":"A informa\u00e7\u00e3o que voc\u00ea precisa na hora certa!","publisher":{"@id":"https:\/\/mznoticia.com.br\/piraidosul\/#organization"},"potentialAction":[{"@type":"SearchAction","target":{"@type":"EntryPoint","urlTemplate":"https:\/\/mznoticia.com.br\/piraidosul\/?s={search_term_string}"},"query-input":{"@type":"PropertyValueSpecification","valueRequired":true,"valueName":"search_term_string"}}],"inLanguage":"pt-BR"},{"@type":"Organization","@id":"https:\/\/mznoticia.com.br\/piraidosul\/#organization","name":"Mz Not\u00edcia","url":"https:\/\/mznoticia.com.br\/piraidosul\/","logo":{"@type":"ImageObject","inLanguage":"pt-BR","@id":"https:\/\/mznoticia.com.br\/piraidosul\/#\/schema\/logo\/image\/","url":"https:\/\/mznoticia.com.br\/jaguariaiva\/wp-content\/uploads\/2025\/03\/Design-sem-nome-4-e1741200616392.png","contentUrl":"https:\/\/mznoticia.com.br\/jaguariaiva\/wp-content\/uploads\/2025\/03\/Design-sem-nome-4-e1741200616392.png","width":750,"height":563,"caption":"Mz Not\u00edcia"},"image":{"@id":"https:\/\/mznoticia.com.br\/piraidosul\/#\/schema\/logo\/image\/"},"sameAs":["https:\/\/www.facebook.com\/profile.php?id=61573479951222","https:\/\/www.instagram.com\/mz.jaguariaiva\/"]},{"@type":"Person","@id":"https:\/\/mznoticia.com.br\/piraidosul\/#\/schema\/person\/84012d827247b3f42f37b550da79cd03","name":"Redacao mz","image":{"@type":"ImageObject","inLanguage":"pt-BR","@id":"https:\/\/secure.gravatar.com\/avatar\/3835c58a73b55edb97de944593845d3f29acb93b7a088f3bf63afde947ab86ba?s=96&d=simple_local_avatar&r=g","url":"https:\/\/secure.gravatar.com\/avatar\/3835c58a73b55edb97de944593845d3f29acb93b7a088f3bf63afde947ab86ba?s=96&d=simple_local_avatar&r=g","contentUrl":"https:\/\/secure.gravatar.com\/avatar\/3835c58a73b55edb97de944593845d3f29acb93b7a088f3bf63afde947ab86ba?s=96&d=simple_local_avatar&r=g","caption":"Redacao mz"},"sameAs":["http:\/\/mznoticia.com.br"],"url":"https:\/\/mznoticia.com.br\/piraidosul\/author\/lucimara\/"}]}},"_links":{"self":[{"href":"https:\/\/mznoticia.com.br\/piraidosul\/wp-json\/wp\/v2\/posts\/7897","targetHints":{"allow":["GET"]}}],"collection":[{"href":"https:\/\/mznoticia.com.br\/piraidosul\/wp-json\/wp\/v2\/posts"}],"about":[{"href":"https:\/\/mznoticia.com.br\/piraidosul\/wp-json\/wp\/v2\/types\/post"}],"author":[{"embeddable":true,"href":"https:\/\/mznoticia.com.br\/piraidosul\/wp-json\/wp\/v2\/users\/16"}],"replies":[{"embeddable":true,"href":"https:\/\/mznoticia.com.br\/piraidosul\/wp-json\/wp\/v2\/comments?post=7897"}],"version-history":[{"count":1,"href":"https:\/\/mznoticia.com.br\/piraidosul\/wp-json\/wp\/v2\/posts\/7897\/revisions"}],"predecessor-version":[{"id":7899,"href":"https:\/\/mznoticia.com.br\/piraidosul\/wp-json\/wp\/v2\/posts\/7897\/revisions\/7899"}],"wp:featuredmedia":[{"embeddable":true,"href":"https:\/\/mznoticia.com.br\/piraidosul\/wp-json\/wp\/v2\/media\/7898"}],"wp:attachment":[{"href":"https:\/\/mznoticia.com.br\/piraidosul\/wp-json\/wp\/v2\/media?parent=7897"}],"wp:term":[{"taxonomy":"category","embeddable":true,"href":"https:\/\/mznoticia.com.br\/piraidosul\/wp-json\/wp\/v2\/categories?post=7897"},{"taxonomy":"post_tag","embeddable":true,"href":"https:\/\/mznoticia.com.br\/piraidosul\/wp-json\/wp\/v2\/tags?post=7897"}],"curies":[{"name":"wp","href":"https:\/\/api.w.org\/{rel}","templated":true}]}}