{"id":7900,"date":"2026-09-01T16:02:20","date_gmt":"2026-09-01T16:02:20","guid":{"rendered":"https:\/\/mznoticia.com.br\/piraidosul\/?p=7900"},"modified":"2026-09-01T16:02:20","modified_gmt":"2026-09-01T16:02:20","slug":"flamengo-anuncia-anthony-valencia-como-reforco","status":"publish","type":"post","link":"https:\/\/mznoticia.com.br\/piraidosul\/flamengo-anuncia-anthony-valencia-como-reforco\/","title":{"rendered":"Flamengo anuncia Anthony Valencia como refor\u00e7o"},"content":{"rendered":"<p class=\"PDq2pG_selectionAnchorContainer\" data-start=\"52\" data-end=\"267\">O Flamengo anunciou a contrata\u00e7\u00e3o do atacante equatoriano Anthony Valencia, de 23 anos, nesta ter\u00e7a-feira (1\u00ba). O jogador estava no Royal Antwerp, da B\u00e9lgica, e assinou contrato com o clube carioca at\u00e9 2031.<\/p>\n<p data-start=\"269\" data-end=\"375\">Valencia usar\u00e1 a camisa 14, n\u00famero que pertencia a Arrascaeta antes de o uruguaio assumir a camisa 10.<\/p>\n<h3 data-section-id=\"13r2e2m\" data-start=\"377\" data-end=\"410\">Negocia\u00e7\u00e3o e chegada ao clube<\/h3>\n<p data-start=\"412\" data-end=\"609\">A negocia\u00e7\u00e3o foi fechada por cerca de 5 milh\u00f5es de euros (R$ 30,08 milh\u00f5es) por 100% dos direitos do atleta. O Royal Antwerp ainda ter\u00e1 direito a 15% de uma futura mais-valia em uma negocia\u00e7\u00e3o.<\/p>\n<p data-start=\"611\" data-end=\"782\">O atacante chegou ao Rio no domingo, realizou exames m\u00e9dicos e, na segunda-feira, esteve no Ninho do Urubu para concluir os procedimentos e conhecer os novos companheiros.<\/p>\n<p data-start=\"784\" data-end=\"923\">O Flamengo tenta regularizar a documenta\u00e7\u00e3o para que Valencia possa ser relacionado contra o Mirassol, nesta quarta-feira, no Maracan\u00e3.<\/p>\n<h3 data-section-id=\"722d3z\" data-start=\"925\" data-end=\"948\">Substituto de Plata<\/h3>\n<p data-start=\"950\" data-end=\"1055\">Valencia chega para ocupar o espa\u00e7o deixado por Plata, negociado recentemente com o D\u00ednamo de Moscou.<\/p>\n<p data-start=\"1057\" data-end=\"1243\">Revelado pelo Independiente del Valle, do Equador, o atacante foi convocado para a Copa do Mundo de 2026. Na temporada pelo Royal Antwerp, marcou 13 gols e deu sete assist\u00eancias.<\/p>\n<p data-start=\"1245\" data-end=\"1389\">O jogador reencontrar\u00e1 o Independiente del Valle nas quartas de final da Libertadores e afirmou que pretende conquistar o torneio pelo Flamengo.<\/p>\n<h3 data-section-id=\"1m4igbt\" data-start=\"1391\" data-end=\"1420\">Flamengo acelera refor\u00e7os<\/h3>\n<p data-start=\"1422\" data-end=\"1508\">O clube carioca tamb\u00e9m encaminha a contrata\u00e7\u00e3o de Joaqu\u00edn Freitas, do River Plate.<\/p>\n<p data-start=\"1510\" data-end=\"1757\" data-is-last-node=\"\" data-is-only-node=\"\">Apesar de a janela de transfer\u00eancias no Brasil permanecer aberta at\u00e9 11 de setembro, o Flamengo precisa correr contra o tempo para inscrever os novos jogadores na Libertadores, j\u00e1 que o prazo da Conmebol para as quartas de final termina antes.<\/p>\n","protected":false},"excerpt":{"rendered":"<p>O Flamengo anunciou a contrata\u00e7\u00e3o do atacante equatoriano Anthony Valencia, de 23 anos, nesta ter\u00e7a-feira (1\u00ba). O jogador estava no Royal Antwerp, da B\u00e9lgica, e assinou contrato com o clube carioca at\u00e9 2031. Valencia usar\u00e1 a camisa 14, n\u00famero que pertencia a Arrascaeta antes de o uruguaio assumir a camisa 10. Negocia\u00e7\u00e3o e chegada ao [&hellip;]<\/p>\n","protected":false},"author":16,"featured_media":7901,"comment_status":"open","ping_status":"open","sticky":false,"template":"","format":"standard","meta":{"footnotes":""},"categories":[9],"tags":[3191,2413,1824,1598,39,1871,1600,3193,3192],"class_list":["post-7900","post","type-post","status-publish","format-standard","has-post-thumbnail","hentry","category-esportes","tag-anthony-valencia","tag-arrascaeta","tag-brasileirao","tag-flamengo","tag-futebol","tag-libertadores","tag-mercado-da-bola","tag-reforcos-do-flamengo","tag-royal-antwerp"],"yoast_head":"<!-- This site is optimized with the Yoast SEO plugin v28.1 - https:\/\/yoast.com\/product\/yoast-seo-wordpress\/ -->\n<title>Flamengo anuncia Anthony Valencia como refor\u00e7o - Mz Not\u00edcias<\/title>\n<meta name=\"description\" content=\"Flamengo anuncia Anthony Valencia, atacante equatoriano de 23 anos, contratado do Royal Antwerp por cerca de R$ 30 milh\u00f5es.\" \/>\n<meta name=\"robots\" content=\"index, follow, max-snippet:-1, max-image-preview:large, max-video-preview:-1\" \/>\n<link rel=\"canonical\" href=\"https:\/\/mznoticia.com.br\/piraidosul\/flamengo-anuncia-anthony-valencia-como-reforco\/\" \/>\n<meta property=\"og:locale\" content=\"pt_BR\" \/>\n<meta property=\"og:type\" content=\"article\" \/>\n<meta property=\"og:title\" content=\"Flamengo anuncia Anthony Valencia como refor\u00e7o - Mz Not\u00edcias\" \/>\n<meta property=\"og:description\" content=\"Flamengo anuncia Anthony Valencia, atacante equatoriano de 23 anos, contratado do Royal Antwerp por cerca de R$ 30 milh\u00f5es.\" \/>\n<meta property=\"og:url\" content=\"https:\/\/mznoticia.com.br\/piraidosul\/flamengo-anuncia-anthony-valencia-como-reforco\/\" \/>\n<meta property=\"og:site_name\" content=\"Mz Not\u00edcias\" \/>\n<meta property=\"article:publisher\" content=\"https:\/\/www.facebook.com\/profile.php?id=61573479951222\" \/>\n<meta property=\"article:published_time\" content=\"2026-09-01T16:02:20+00:00\" \/>\n<meta name=\"author\" content=\"Redacao mz\" \/>\n<meta name=\"twitter:card\" content=\"summary_large_image\" \/>\n<meta name=\"twitter:label1\" content=\"Escrito por\" \/>\n\t<meta name=\"twitter:data1\" content=\"Redacao mz\" \/>\n\t<meta name=\"twitter:label2\" content=\"Est. tempo de leitura\" \/>\n\t<meta name=\"twitter:data2\" content=\"2 minutos\" \/>\n<script type=\"application\/ld+json\" class=\"yoast-schema-graph\">{\"@context\":\"https:\\\/\\\/schema.org\",\"@graph\":[{\"@type\":\"Article\",\"@id\":\"https:\\\/\\\/mznoticia.com.br\\\/piraidosul\\\/flamengo-anuncia-anthony-valencia-como-reforco\\\/#article\",\"isPartOf\":{\"@id\":\"https:\\\/\\\/mznoticia.com.br\\\/piraidosul\\\/flamengo-anuncia-anthony-valencia-como-reforco\\\/\"},\"author\":{\"name\":\"Redacao mz\",\"@id\":\"https:\\\/\\\/mznoticia.com.br\\\/piraidosul\\\/#\\\/schema\\\/person\\\/84012d827247b3f42f37b550da79cd03\"},\"headline\":\"Flamengo anuncia Anthony Valencia como refor\u00e7o\",\"datePublished\":\"2026-09-01T16:02:20+00:00\",\"mainEntityOfPage\":{\"@id\":\"https:\\\/\\\/mznoticia.com.br\\\/piraidosul\\\/flamengo-anuncia-anthony-valencia-como-reforco\\\/\"},\"wordCount\":279,\"commentCount\":0,\"publisher\":{\"@id\":\"https:\\\/\\\/mznoticia.com.br\\\/piraidosul\\\/#organization\"},\"image\":{\"@id\":\"https:\\\/\\\/mznoticia.com.br\\\/piraidosul\\\/flamengo-anuncia-anthony-valencia-como-reforco\\\/#primaryimage\"},\"thumbnailUrl\":\"https:\\\/\\\/mznoticia.com.br\\\/piraidosul\\\/wp-content\\\/uploads\\\/2026\\\/09\\\/100.avif\",\"keywords\":[\"Anthony Valencia\",\"Arrascaeta\",\"Brasileir\u00e3o\",\"Flamengo\",\"futebol\",\"Libertadores\",\"Mercado da Bola\",\"Refor\u00e7os do Flamengo\",\"Royal Antwerp\"],\"articleSection\":[\"Esportes\"],\"inLanguage\":\"pt-BR\",\"potentialAction\":[{\"@type\":\"CommentAction\",\"name\":\"Comment\",\"target\":[\"https:\\\/\\\/mznoticia.com.br\\\/piraidosul\\\/flamengo-anuncia-anthony-valencia-como-reforco\\\/#respond\"]}]},{\"@type\":\"WebPage\",\"@id\":\"https:\\\/\\\/mznoticia.com.br\\\/piraidosul\\\/flamengo-anuncia-anthony-valencia-como-reforco\\\/\",\"url\":\"https:\\\/\\\/mznoticia.com.br\\\/piraidosul\\\/flamengo-anuncia-anthony-valencia-como-reforco\\\/\",\"name\":\"Flamengo anuncia Anthony Valencia como refor\u00e7o - Mz Not\u00edcias\",\"isPartOf\":{\"@id\":\"https:\\\/\\\/mznoticia.com.br\\\/piraidosul\\\/#website\"},\"primaryImageOfPage\":{\"@id\":\"https:\\\/\\\/mznoticia.com.br\\\/piraidosul\\\/flamengo-anuncia-anthony-valencia-como-reforco\\\/#primaryimage\"},\"image\":{\"@id\":\"https:\\\/\\\/mznoticia.com.br\\\/piraidosul\\\/flamengo-anuncia-anthony-valencia-como-reforco\\\/#primaryimage\"},\"thumbnailUrl\":\"https:\\\/\\\/mznoticia.com.br\\\/piraidosul\\\/wp-content\\\/uploads\\\/2026\\\/09\\\/100.avif\",\"datePublished\":\"2026-09-01T16:02:20+00:00\",\"description\":\"Flamengo anuncia Anthony Valencia, atacante equatoriano de 23 anos, contratado do Royal Antwerp por cerca de R$ 30 milh\u00f5es.\",\"breadcrumb\":{\"@id\":\"https:\\\/\\\/mznoticia.com.br\\\/piraidosul\\\/flamengo-anuncia-anthony-valencia-como-reforco\\\/#breadcrumb\"},\"inLanguage\":\"pt-BR\",\"potentialAction\":[{\"@type\":\"ReadAction\",\"target\":[\"https:\\\/\\\/mznoticia.com.br\\\/piraidosul\\\/flamengo-anuncia-anthony-valencia-como-reforco\\\/\"]}]},{\"@type\":\"ImageObject\",\"inLanguage\":\"pt-BR\",\"@id\":\"https:\\\/\\\/mznoticia.com.br\\\/piraidosul\\\/flamengo-anuncia-anthony-valencia-como-reforco\\\/#primaryimage\",\"url\":\"https:\\\/\\\/mznoticia.com.br\\\/piraidosul\\\/wp-content\\\/uploads\\\/2026\\\/09\\\/100.avif\",\"contentUrl\":\"https:\\\/\\\/mznoticia.com.br\\\/piraidosul\\\/wp-content\\\/uploads\\\/2026\\\/09\\\/100.avif\",\"width\":984,\"height\":642},{\"@type\":\"BreadcrumbList\",\"@id\":\"https:\\\/\\\/mznoticia.com.br\\\/piraidosul\\\/flamengo-anuncia-anthony-valencia-como-reforco\\\/#breadcrumb\",\"itemListElement\":[{\"@type\":\"ListItem\",\"position\":1,\"name\":\"Home\",\"item\":\"https:\\\/\\\/mznoticia.com.br\\\/piraidosul\\\/\"},{\"@type\":\"ListItem\",\"position\":2,\"name\":\"Flamengo anuncia Anthony Valencia como refor\u00e7o\"}]},{\"@type\":\"WebSite\",\"@id\":\"https:\\\/\\\/mznoticia.com.br\\\/piraidosul\\\/#website\",\"url\":\"https:\\\/\\\/mznoticia.com.br\\\/piraidosul\\\/\",\"name\":\"Mz Not\u00edcia\",\"description\":\"A informa\u00e7\u00e3o que voc\u00ea precisa na hora certa!\",\"publisher\":{\"@id\":\"https:\\\/\\\/mznoticia.com.br\\\/piraidosul\\\/#organization\"},\"potentialAction\":[{\"@type\":\"SearchAction\",\"target\":{\"@type\":\"EntryPoint\",\"urlTemplate\":\"https:\\\/\\\/mznoticia.com.br\\\/piraidosul\\\/?s={search_term_string}\"},\"query-input\":{\"@type\":\"PropertyValueSpecification\",\"valueRequired\":true,\"valueName\":\"search_term_string\"}}],\"inLanguage\":\"pt-BR\"},{\"@type\":\"Organization\",\"@id\":\"https:\\\/\\\/mznoticia.com.br\\\/piraidosul\\\/#organization\",\"name\":\"Mz Not\u00edcia\",\"url\":\"https:\\\/\\\/mznoticia.com.br\\\/piraidosul\\\/\",\"logo\":{\"@type\":\"ImageObject\",\"inLanguage\":\"pt-BR\",\"@id\":\"https:\\\/\\\/mznoticia.com.br\\\/piraidosul\\\/#\\\/schema\\\/logo\\\/image\\\/\",\"url\":\"https:\\\/\\\/mznoticia.com.br\\\/jaguariaiva\\\/wp-content\\\/uploads\\\/2025\\\/03\\\/Design-sem-nome-4-e1741200616392.png\",\"contentUrl\":\"https:\\\/\\\/mznoticia.com.br\\\/jaguariaiva\\\/wp-content\\\/uploads\\\/2025\\\/03\\\/Design-sem-nome-4-e1741200616392.png\",\"width\":750,\"height\":563,\"caption\":\"Mz Not\u00edcia\"},\"image\":{\"@id\":\"https:\\\/\\\/mznoticia.com.br\\\/piraidosul\\\/#\\\/schema\\\/logo\\\/image\\\/\"},\"sameAs\":[\"https:\\\/\\\/www.facebook.com\\\/profile.php?id=61573479951222\",\"https:\\\/\\\/www.instagram.com\\\/mz.jaguariaiva\\\/\"]},{\"@type\":\"Person\",\"@id\":\"https:\\\/\\\/mznoticia.com.br\\\/piraidosul\\\/#\\\/schema\\\/person\\\/84012d827247b3f42f37b550da79cd03\",\"name\":\"Redacao mz\",\"image\":{\"@type\":\"ImageObject\",\"inLanguage\":\"pt-BR\",\"@id\":\"https:\\\/\\\/secure.gravatar.com\\\/avatar\\\/3835c58a73b55edb97de944593845d3f29acb93b7a088f3bf63afde947ab86ba?s=96&d=simple_local_avatar&r=g\",\"url\":\"https:\\\/\\\/secure.gravatar.com\\\/avatar\\\/3835c58a73b55edb97de944593845d3f29acb93b7a088f3bf63afde947ab86ba?s=96&d=simple_local_avatar&r=g\",\"contentUrl\":\"https:\\\/\\\/secure.gravatar.com\\\/avatar\\\/3835c58a73b55edb97de944593845d3f29acb93b7a088f3bf63afde947ab86ba?s=96&d=simple_local_avatar&r=g\",\"caption\":\"Redacao mz\"},\"sameAs\":[\"http:\\\/\\\/mznoticia.com.br\"],\"url\":\"https:\\\/\\\/mznoticia.com.br\\\/piraidosul\\\/author\\\/lucimara\\\/\"}]}<\/script>\n<!-- \/ Yoast SEO plugin. -->","yoast_head_json":{"title":"Flamengo anuncia Anthony Valencia como refor\u00e7o - Mz Not\u00edcias","description":"Flamengo anuncia Anthony Valencia, atacante equatoriano de 23 anos, contratado do Royal Antwerp por cerca de R$ 30 milh\u00f5es.","robots":{"index":"index","follow":"follow","max-snippet":"max-snippet:-1","max-image-preview":"max-image-preview:large","max-video-preview":"max-video-preview:-1"},"canonical":"https:\/\/mznoticia.com.br\/piraidosul\/flamengo-anuncia-anthony-valencia-como-reforco\/","og_locale":"pt_BR","og_type":"article","og_title":"Flamengo anuncia Anthony Valencia como refor\u00e7o - Mz Not\u00edcias","og_description":"Flamengo anuncia Anthony Valencia, atacante equatoriano de 23 anos, contratado do Royal Antwerp por cerca de R$ 30 milh\u00f5es.","og_url":"https:\/\/mznoticia.com.br\/piraidosul\/flamengo-anuncia-anthony-valencia-como-reforco\/","og_site_name":"Mz Not\u00edcias","article_publisher":"https:\/\/www.facebook.com\/profile.php?id=61573479951222","article_published_time":"2026-09-01T16:02:20+00:00","author":"Redacao mz","twitter_card":"summary_large_image","twitter_misc":{"Escrito por":"Redacao mz","Est. tempo de leitura":"2 minutos"},"schema":{"@context":"https:\/\/schema.org","@graph":[{"@type":"Article","@id":"https:\/\/mznoticia.com.br\/piraidosul\/flamengo-anuncia-anthony-valencia-como-reforco\/#article","isPartOf":{"@id":"https:\/\/mznoticia.com.br\/piraidosul\/flamengo-anuncia-anthony-valencia-como-reforco\/"},"author":{"name":"Redacao mz","@id":"https:\/\/mznoticia.com.br\/piraidosul\/#\/schema\/person\/84012d827247b3f42f37b550da79cd03"},"headline":"Flamengo anuncia Anthony Valencia como refor\u00e7o","datePublished":"2026-09-01T16:02:20+00:00","mainEntityOfPage":{"@id":"https:\/\/mznoticia.com.br\/piraidosul\/flamengo-anuncia-anthony-valencia-como-reforco\/"},"wordCount":279,"commentCount":0,"publisher":{"@id":"https:\/\/mznoticia.com.br\/piraidosul\/#organization"},"image":{"@id":"https:\/\/mznoticia.com.br\/piraidosul\/flamengo-anuncia-anthony-valencia-como-reforco\/#primaryimage"},"thumbnailUrl":"https:\/\/mznoticia.com.br\/piraidosul\/wp-content\/uploads\/2026\/09\/100.avif","keywords":["Anthony Valencia","Arrascaeta","Brasileir\u00e3o","Flamengo","futebol","Libertadores","Mercado da Bola","Refor\u00e7os do Flamengo","Royal Antwerp"],"articleSection":["Esportes"],"inLanguage":"pt-BR","potentialAction":[{"@type":"CommentAction","name":"Comment","target":["https:\/\/mznoticia.com.br\/piraidosul\/flamengo-anuncia-anthony-valencia-como-reforco\/#respond"]}]},{"@type":"WebPage","@id":"https:\/\/mznoticia.com.br\/piraidosul\/flamengo-anuncia-anthony-valencia-como-reforco\/","url":"https:\/\/mznoticia.com.br\/piraidosul\/flamengo-anuncia-anthony-valencia-como-reforco\/","name":"Flamengo anuncia Anthony Valencia como refor\u00e7o - Mz Not\u00edcias","isPartOf":{"@id":"https:\/\/mznoticia.com.br\/piraidosul\/#website"},"primaryImageOfPage":{"@id":"https:\/\/mznoticia.com.br\/piraidosul\/flamengo-anuncia-anthony-valencia-como-reforco\/#primaryimage"},"image":{"@id":"https:\/\/mznoticia.com.br\/piraidosul\/flamengo-anuncia-anthony-valencia-como-reforco\/#primaryimage"},"thumbnailUrl":"https:\/\/mznoticia.com.br\/piraidosul\/wp-content\/uploads\/2026\/09\/100.avif","datePublished":"2026-09-01T16:02:20+00:00","description":"Flamengo anuncia Anthony Valencia, atacante equatoriano de 23 anos, contratado do Royal Antwerp por cerca de R$ 30 milh\u00f5es.","breadcrumb":{"@id":"https:\/\/mznoticia.com.br\/piraidosul\/flamengo-anuncia-anthony-valencia-como-reforco\/#breadcrumb"},"inLanguage":"pt-BR","potentialAction":[{"@type":"ReadAction","target":["https:\/\/mznoticia.com.br\/piraidosul\/flamengo-anuncia-anthony-valencia-como-reforco\/"]}]},{"@type":"ImageObject","inLanguage":"pt-BR","@id":"https:\/\/mznoticia.com.br\/piraidosul\/flamengo-anuncia-anthony-valencia-como-reforco\/#primaryimage","url":"https:\/\/mznoticia.com.br\/piraidosul\/wp-content\/uploads\/2026\/09\/100.avif","contentUrl":"https:\/\/mznoticia.com.br\/piraidosul\/wp-content\/uploads\/2026\/09\/100.avif","width":984,"height":642},{"@type":"BreadcrumbList","@id":"https:\/\/mznoticia.com.br\/piraidosul\/flamengo-anuncia-anthony-valencia-como-reforco\/#breadcrumb","itemListElement":[{"@type":"ListItem","position":1,"name":"Home","item":"https:\/\/mznoticia.com.br\/piraidosul\/"},{"@type":"ListItem","position":2,"name":"Flamengo anuncia Anthony Valencia como refor\u00e7o"}]},{"@type":"WebSite","@id":"https:\/\/mznoticia.com.br\/piraidosul\/#website","url":"https:\/\/mznoticia.com.br\/piraidosul\/","name":"Mz Not\u00edcia","description":"A informa\u00e7\u00e3o que voc\u00ea precisa na hora certa!","publisher":{"@id":"https:\/\/mznoticia.com.br\/piraidosul\/#organization"},"potentialAction":[{"@type":"SearchAction","target":{"@type":"EntryPoint","urlTemplate":"https:\/\/mznoticia.com.br\/piraidosul\/?s={search_term_string}"},"query-input":{"@type":"PropertyValueSpecification","valueRequired":true,"valueName":"search_term_string"}}],"inLanguage":"pt-BR"},{"@type":"Organization","@id":"https:\/\/mznoticia.com.br\/piraidosul\/#organization","name":"Mz Not\u00edcia","url":"https:\/\/mznoticia.com.br\/piraidosul\/","logo":{"@type":"ImageObject","inLanguage":"pt-BR","@id":"https:\/\/mznoticia.com.br\/piraidosul\/#\/schema\/logo\/image\/","url":"https:\/\/mznoticia.com.br\/jaguariaiva\/wp-content\/uploads\/2025\/03\/Design-sem-nome-4-e1741200616392.png","contentUrl":"https:\/\/mznoticia.com.br\/jaguariaiva\/wp-content\/uploads\/2025\/03\/Design-sem-nome-4-e1741200616392.png","width":750,"height":563,"caption":"Mz Not\u00edcia"},"image":{"@id":"https:\/\/mznoticia.com.br\/piraidosul\/#\/schema\/logo\/image\/"},"sameAs":["https:\/\/www.facebook.com\/profile.php?id=61573479951222","https:\/\/www.instagram.com\/mz.jaguariaiva\/"]},{"@type":"Person","@id":"https:\/\/mznoticia.com.br\/piraidosul\/#\/schema\/person\/84012d827247b3f42f37b550da79cd03","name":"Redacao mz","image":{"@type":"ImageObject","inLanguage":"pt-BR","@id":"https:\/\/secure.gravatar.com\/avatar\/3835c58a73b55edb97de944593845d3f29acb93b7a088f3bf63afde947ab86ba?s=96&d=simple_local_avatar&r=g","url":"https:\/\/secure.gravatar.com\/avatar\/3835c58a73b55edb97de944593845d3f29acb93b7a088f3bf63afde947ab86ba?s=96&d=simple_local_avatar&r=g","contentUrl":"https:\/\/secure.gravatar.com\/avatar\/3835c58a73b55edb97de944593845d3f29acb93b7a088f3bf63afde947ab86ba?s=96&d=simple_local_avatar&r=g","caption":"Redacao mz"},"sameAs":["http:\/\/mznoticia.com.br"],"url":"https:\/\/mznoticia.com.br\/piraidosul\/author\/lucimara\/"}]}},"_links":{"self":[{"href":"https:\/\/mznoticia.com.br\/piraidosul\/wp-json\/wp\/v2\/posts\/7900","targetHints":{"allow":["GET"]}}],"collection":[{"href":"https:\/\/mznoticia.com.br\/piraidosul\/wp-json\/wp\/v2\/posts"}],"about":[{"href":"https:\/\/mznoticia.com.br\/piraidosul\/wp-json\/wp\/v2\/types\/post"}],"author":[{"embeddable":true,"href":"https:\/\/mznoticia.com.br\/piraidosul\/wp-json\/wp\/v2\/users\/16"}],"replies":[{"embeddable":true,"href":"https:\/\/mznoticia.com.br\/piraidosul\/wp-json\/wp\/v2\/comments?post=7900"}],"version-history":[{"count":1,"href":"https:\/\/mznoticia.com.br\/piraidosul\/wp-json\/wp\/v2\/posts\/7900\/revisions"}],"predecessor-version":[{"id":7902,"href":"https:\/\/mznoticia.com.br\/piraidosul\/wp-json\/wp\/v2\/posts\/7900\/revisions\/7902"}],"wp:featuredmedia":[{"embeddable":true,"href":"https:\/\/mznoticia.com.br\/piraidosul\/wp-json\/wp\/v2\/media\/7901"}],"wp:attachment":[{"href":"https:\/\/mznoticia.com.br\/piraidosul\/wp-json\/wp\/v2\/media?parent=7900"}],"wp:term":[{"taxonomy":"category","embeddable":true,"href":"https:\/\/mznoticia.com.br\/piraidosul\/wp-json\/wp\/v2\/categories?post=7900"},{"taxonomy":"post_tag","embeddable":true,"href":"https:\/\/mznoticia.com.br\/piraidosul\/wp-json\/wp\/v2\/tags?post=7900"}],"curies":[{"name":"wp","href":"https:\/\/api.w.org\/{rel}","templated":true}]}}