{"id":7912,"date":"2026-09-01T17:39:35","date_gmt":"2026-09-01T17:39:35","guid":{"rendered":"https:\/\/mznoticia.com.br\/piraidosul\/?p=7912"},"modified":"2026-09-01T17:39:35","modified_gmt":"2026-09-01T17:39:35","slug":"evento-com-foco-em-estrategias-pedagogicas-reune-2-mil-diretores-de-escolas-estaduais-do-parana","status":"publish","type":"post","link":"https:\/\/mznoticia.com.br\/piraidosul\/evento-com-foco-em-estrategias-pedagogicas-reune-2-mil-diretores-de-escolas-estaduais-do-parana\/","title":{"rendered":"Evento com foco em estrat\u00e9gias pedag\u00f3gicas re\u00fane 2 mil diretores de escolas estaduais do Paran\u00e1"},"content":{"rendered":"<p class=\"PDq2pG_selectionAnchorContainer\" data-start=\"83\" data-end=\"444\">Mais de 2 mil diretores da rede estadual de ensino do Paran\u00e1 participam, nesta semana, do 2\u00ba Semin\u00e1rio dos Diretores de 2026, realizado em Foz do Igua\u00e7u. Promovido pela Secretaria de Estado da Educa\u00e7\u00e3o (Seed-PR), o encontro tem como objetivo planejar as a\u00e7\u00f5es para o restante do ano letivo e discutir estrat\u00e9gias para melhorar o ensino e a aprendizagem.<\/p>\n<h3 data-section-id=\"fsttgh\" data-start=\"446\" data-end=\"482\">Evento \u00e9 dividido em duas etapas<\/h3>\n<p data-start=\"484\" data-end=\"732\">A programa\u00e7\u00e3o come\u00e7ou na noite de segunda-feira (31), com a participa\u00e7\u00e3o de aproximadamente mil diretores, al\u00e9m de chefes dos N\u00facleos Regionais de Educa\u00e7\u00e3o (NRE) e t\u00e9cnicos pedag\u00f3gicos da Seed-PR. Essa primeira etapa segue at\u00e9 quarta-feira (2).<\/p>\n<p data-start=\"734\" data-end=\"867\">Ainda na quarta, come\u00e7a a segunda etapa, que reunir\u00e1 outros mil diretores at\u00e9 sexta-feira (5), quando o semin\u00e1rio ser\u00e1 encerrado.<\/p>\n<p data-start=\"869\" data-end=\"1053\">Durante o encontro s\u00e3o realizadas palestras, oficinas pr\u00e1ticas e mesas-redondas, al\u00e9m de momentos destinados \u00e0 troca de experi\u00eancias entre gestores de diferentes regi\u00f5es do Estado.<\/p>\n<h3 data-section-id=\"nl39so\" data-start=\"1055\" data-end=\"1094\">Enem 2026 \u00e9 um dos principais focos<\/h3>\n<p data-start=\"1096\" data-end=\"1235\">Um dos principais assuntos do semin\u00e1rio \u00e9 a prepara\u00e7\u00e3o das escolas para o Enem 2026, que ser\u00e1 aplicado nos dias 8 e 15 de novembro.<\/p>\n<p data-start=\"1237\" data-end=\"1414\">Neste ano, pela primeira vez, o Enem ser\u00e1 integrado ao Sistema de Avalia\u00e7\u00e3o da Educa\u00e7\u00e3o B\u00e1sica (Saeb) e passar\u00e1 a contribuir para indicadores educacionais, incluindo o Ideb.<\/p>\n<p data-start=\"1416\" data-end=\"1605\">Os diretores recebem orienta\u00e7\u00f5es sobre log\u00edstica e prepara\u00e7\u00e3o dos estudantes para as provas, al\u00e9m de participar de oficinas sobre como trabalhar em sala de aula conte\u00fados cobrados no exame.<\/p>\n<p data-start=\"1607\" data-end=\"1805\">A prepara\u00e7\u00e3o para a reda\u00e7\u00e3o tamb\u00e9m recebe aten\u00e7\u00e3o especial. A proposta da Seed-PR \u00e9 iniciar esse trabalho ainda no Ensino Fundamental, com estrat\u00e9gias que podem ser desenvolvidas desde o 6\u00ba ano.<\/p>\n<h3 data-section-id=\"44d4f6\" data-start=\"1807\" data-end=\"1867\">Acompanhamento pedag\u00f3gico e recomposi\u00e7\u00e3o da aprendizagem<\/h3>\n<p data-start=\"1869\" data-end=\"2064\">Outro eixo do semin\u00e1rio \u00e9 o acompanhamento pedag\u00f3gico, que permite aos gestores observar a qualidade do ensino em sala de aula e oferecer orienta\u00e7\u00f5es e feedbacks para pedagogos e professores.<\/p>\n<p data-start=\"2066\" data-end=\"2094\">Tamb\u00e9m est\u00e3o entre os temas:<\/p>\n<ul data-start=\"2096\" data-end=\"2311\">\n<li data-section-id=\"gofcnd\" data-start=\"2096\" data-end=\"2116\">lideran\u00e7a escolar;<\/li>\n<li data-section-id=\"1i8n6n3\" data-start=\"2117\" data-end=\"2148\">recomposi\u00e7\u00e3o da aprendizagem;<\/li>\n<li data-section-id=\"13qr8ml\" data-start=\"2149\" data-end=\"2204\">estrat\u00e9gias para diferentes componentes curriculares;<\/li>\n<li data-section-id=\"1ina4yh\" data-start=\"2205\" data-end=\"2256\">planejamento das a\u00e7\u00f5es at\u00e9 o final do ano letivo;<\/li>\n<li data-section-id=\"1pccyca\" data-start=\"2257\" data-end=\"2311\">troca de experi\u00eancias e boas pr\u00e1ticas entre escolas.<\/li>\n<\/ul>\n<p data-start=\"2313\" data-end=\"2463\">A inten\u00e7\u00e3o \u00e9 que os conhecimentos discutidos no evento sejam adaptados \u00e0 realidade de cada institui\u00e7\u00e3o e levados posteriormente para as salas de aula.<\/p>\n<h3 data-section-id=\"q3midm\" data-start=\"2465\" data-end=\"2502\">Paran\u00e1 comemora lideran\u00e7a no Ideb<\/h3>\n<p data-start=\"2504\" data-end=\"2663\">O semin\u00e1rio tamb\u00e9m representa o primeiro grande encontro dos gestores da rede estadual ap\u00f3s a divulga\u00e7\u00e3o dos resultados do Ideb 2025, publicados em agosto.<\/p>\n<p data-start=\"2665\" data-end=\"2901\">Pela terceira edi\u00e7\u00e3o consecutiva, o Paran\u00e1 aparece como l\u00edder nacional em educa\u00e7\u00e3o, desta vez com o primeiro lugar nas tr\u00eas etapas avaliadas: anos iniciais do Ensino Fundamental, anos finais do Ensino Fundamental e Ensino M\u00e9dio.<\/p>\n<p data-start=\"2903\" data-end=\"3006\">Durante a abertura do semin\u00e1rio, escolas que tiveram desempenho de destaque no Ideb foram homenageadas.<\/p>\n<p data-start=\"3008\" data-end=\"3260\">Ao todo, 34 diretores escolares e 15 chefes de N\u00facleos Regionais de Educa\u00e7\u00e3o receberam placas de reconhecimento. A avalia\u00e7\u00e3o considerou fatores como nota final, evolu\u00e7\u00e3o em rela\u00e7\u00e3o ao resultado de 2023, tamanho da escola e aspectos socioecon\u00f4micos.<\/p>\n<h3 data-section-id=\"1z0a9et\" data-start=\"3262\" data-end=\"3302\">Troca de experi\u00eancias entre gestores<\/h3>\n<p data-start=\"3304\" data-end=\"3450\">Al\u00e9m da forma\u00e7\u00e3o t\u00e9cnica, o encontro proporciona aos diretores a oportunidade de compartilhar experi\u00eancias e dificuldades enfrentadas nas escolas.<\/p>\n<p data-start=\"3452\" data-end=\"3635\">A proposta \u00e9 aproximar gestores de diferentes regi\u00f5es e permitir que estrat\u00e9gias que apresentaram bons resultados em determinadas institui\u00e7\u00f5es possam inspirar a\u00e7\u00f5es em outras escolas.<\/p>\n<h3 data-section-id=\"rdq8dh\" data-start=\"3637\" data-end=\"3665\">Segundo semin\u00e1rio do ano<\/h3>\n<p data-start=\"3667\" data-end=\"3740\">Esta \u00e9 a segunda edi\u00e7\u00e3o do Semin\u00e1rio dos Diretores realizada em 2026.<\/p>\n<p data-start=\"3742\" data-end=\"3940\">O primeiro encontro ocorreu em mar\u00e7o e teve como principais temas a recomposi\u00e7\u00e3o da aprendizagem, com foco em Matem\u00e1tica, e estrat\u00e9gias para aumentar a participa\u00e7\u00e3o das fam\u00edlias na vida escolar.<\/p>\n<p data-start=\"3942\" data-end=\"4143\" data-is-last-node=\"\" data-is-only-node=\"\">O atual semin\u00e1rio amplia a discuss\u00e3o para o planejamento do restante do ano, prepara\u00e7\u00e3o para o Enem, acompanhamento pedag\u00f3gico, lideran\u00e7a e consolida\u00e7\u00e3o dos resultados obtidos pela educa\u00e7\u00e3o paranaense.<\/p>\n","protected":false},"excerpt":{"rendered":"<p>Mais de 2 mil diretores da rede estadual de ensino do Paran\u00e1 participam, nesta semana, do 2\u00ba Semin\u00e1rio dos Diretores de 2026, realizado em Foz do Igua\u00e7u. Promovido pela Secretaria de Estado da Educa\u00e7\u00e3o (Seed-PR), o encontro tem como objetivo planejar as a\u00e7\u00f5es para o restante do ano letivo e discutir estrat\u00e9gias para melhorar o [&hellip;]<\/p>\n","protected":false},"author":16,"featured_media":7913,"comment_status":"open","ping_status":"open","sticky":false,"template":"","format":"standard","meta":{"footnotes":""},"categories":[199,303],"tags":[3203,109,1051,1056,861,3205,2020,77,1050,3204],"class_list":["post-7912","post","type-post","status-publish","format-standard","has-post-thumbnail","hentry","category-educacao","category-parana","tag-diretores-escolares","tag-educacao","tag-enem-2026","tag-escolas-estaduais","tag-foz-do-iguacu","tag-gestao-escolar","tag-ideb-2025","tag-parana","tag-seed-pr","tag-seminario-dos-diretores"],"yoast_head":"<!-- This site is optimized with the Yoast SEO plugin v28.1 - https:\/\/yoast.com\/product\/yoast-seo-wordpress\/ -->\n<title>Evento com foco em estrat\u00e9gias pedag\u00f3gicas re\u00fane 2 mil diretores de escolas estaduais do Paran\u00e1 - Mz Not\u00edcias<\/title>\n<meta name=\"description\" content=\"Mais de 2 mil diretores da rede estadual participam de semin\u00e1rio em Foz do Igua\u00e7u, com foco no Enem, gest\u00e3o escolar e recomposi\u00e7\u00e3o da aprendizagem.\" \/>\n<meta name=\"robots\" content=\"index, follow, max-snippet:-1, max-image-preview:large, max-video-preview:-1\" \/>\n<link rel=\"canonical\" href=\"https:\/\/mznoticia.com.br\/piraidosul\/evento-com-foco-em-estrategias-pedagogicas-reune-2-mil-diretores-de-escolas-estaduais-do-parana\/\" \/>\n<meta property=\"og:locale\" content=\"pt_BR\" \/>\n<meta property=\"og:type\" content=\"article\" \/>\n<meta property=\"og:title\" content=\"Evento com foco em estrat\u00e9gias pedag\u00f3gicas re\u00fane 2 mil diretores de escolas estaduais do Paran\u00e1 - Mz Not\u00edcias\" \/>\n<meta property=\"og:description\" content=\"Mais de 2 mil diretores da rede estadual participam de semin\u00e1rio em Foz do Igua\u00e7u, com foco no Enem, gest\u00e3o escolar e recomposi\u00e7\u00e3o da aprendizagem.\" \/>\n<meta property=\"og:url\" content=\"https:\/\/mznoticia.com.br\/piraidosul\/evento-com-foco-em-estrategias-pedagogicas-reune-2-mil-diretores-de-escolas-estaduais-do-parana\/\" \/>\n<meta property=\"og:site_name\" content=\"Mz Not\u00edcias\" \/>\n<meta property=\"article:publisher\" content=\"https:\/\/www.facebook.com\/profile.php?id=61573479951222\" \/>\n<meta property=\"article:published_time\" content=\"2026-09-01T17:39:35+00:00\" \/>\n<meta property=\"og:image\" content=\"https:\/\/mznoticia.com.br\/piraidosul\/wp-content\/uploads\/2026\/09\/02.jpg\" \/>\n\t<meta property=\"og:image:width\" content=\"1600\" \/>\n\t<meta property=\"og:image:height\" content=\"1066\" \/>\n\t<meta property=\"og:image:type\" content=\"image\/jpeg\" \/>\n<meta name=\"author\" content=\"Redacao mz\" \/>\n<meta name=\"twitter:card\" content=\"summary_large_image\" \/>\n<meta name=\"twitter:label1\" content=\"Escrito por\" \/>\n\t<meta name=\"twitter:data1\" content=\"Redacao mz\" \/>\n\t<meta name=\"twitter:label2\" content=\"Est. tempo de leitura\" \/>\n\t<meta name=\"twitter:data2\" content=\"4 minutos\" \/>\n<script type=\"application\/ld+json\" class=\"yoast-schema-graph\">{\"@context\":\"https:\\\/\\\/schema.org\",\"@graph\":[{\"@type\":\"Article\",\"@id\":\"https:\\\/\\\/mznoticia.com.br\\\/piraidosul\\\/evento-com-foco-em-estrategias-pedagogicas-reune-2-mil-diretores-de-escolas-estaduais-do-parana\\\/#article\",\"isPartOf\":{\"@id\":\"https:\\\/\\\/mznoticia.com.br\\\/piraidosul\\\/evento-com-foco-em-estrategias-pedagogicas-reune-2-mil-diretores-de-escolas-estaduais-do-parana\\\/\"},\"author\":{\"name\":\"Redacao mz\",\"@id\":\"https:\\\/\\\/mznoticia.com.br\\\/piraidosul\\\/#\\\/schema\\\/person\\\/84012d827247b3f42f37b550da79cd03\"},\"headline\":\"Evento com foco em estrat\u00e9gias pedag\u00f3gicas re\u00fane 2 mil diretores de escolas estaduais do Paran\u00e1\",\"datePublished\":\"2026-09-01T17:39:35+00:00\",\"mainEntityOfPage\":{\"@id\":\"https:\\\/\\\/mznoticia.com.br\\\/piraidosul\\\/evento-com-foco-em-estrategias-pedagogicas-reune-2-mil-diretores-de-escolas-estaduais-do-parana\\\/\"},\"wordCount\":679,\"commentCount\":0,\"publisher\":{\"@id\":\"https:\\\/\\\/mznoticia.com.br\\\/piraidosul\\\/#organization\"},\"image\":{\"@id\":\"https:\\\/\\\/mznoticia.com.br\\\/piraidosul\\\/evento-com-foco-em-estrategias-pedagogicas-reune-2-mil-diretores-de-escolas-estaduais-do-parana\\\/#primaryimage\"},\"thumbnailUrl\":\"https:\\\/\\\/mznoticia.com.br\\\/piraidosul\\\/wp-content\\\/uploads\\\/2026\\\/09\\\/02.jpg\",\"keywords\":[\"diretores escolares\",\"educa\u00e7\u00e3o\",\"Enem 2026\",\"Escolas Estaduais\",\"Foz do Igua\u00e7u\",\"gest\u00e3o escolar\",\"Ideb 2025\",\"parana\",\"Seed-PR\",\"Semin\u00e1rio dos Diretores\"],\"articleSection\":[\"Educa\u00e7\u00e3o\",\"Paran\u00e1\"],\"inLanguage\":\"pt-BR\",\"potentialAction\":[{\"@type\":\"CommentAction\",\"name\":\"Comment\",\"target\":[\"https:\\\/\\\/mznoticia.com.br\\\/piraidosul\\\/evento-com-foco-em-estrategias-pedagogicas-reune-2-mil-diretores-de-escolas-estaduais-do-parana\\\/#respond\"]}]},{\"@type\":\"WebPage\",\"@id\":\"https:\\\/\\\/mznoticia.com.br\\\/piraidosul\\\/evento-com-foco-em-estrategias-pedagogicas-reune-2-mil-diretores-de-escolas-estaduais-do-parana\\\/\",\"url\":\"https:\\\/\\\/mznoticia.com.br\\\/piraidosul\\\/evento-com-foco-em-estrategias-pedagogicas-reune-2-mil-diretores-de-escolas-estaduais-do-parana\\\/\",\"name\":\"Evento com foco em estrat\u00e9gias pedag\u00f3gicas re\u00fane 2 mil diretores de escolas estaduais do Paran\u00e1 - Mz Not\u00edcias\",\"isPartOf\":{\"@id\":\"https:\\\/\\\/mznoticia.com.br\\\/piraidosul\\\/#website\"},\"primaryImageOfPage\":{\"@id\":\"https:\\\/\\\/mznoticia.com.br\\\/piraidosul\\\/evento-com-foco-em-estrategias-pedagogicas-reune-2-mil-diretores-de-escolas-estaduais-do-parana\\\/#primaryimage\"},\"image\":{\"@id\":\"https:\\\/\\\/mznoticia.com.br\\\/piraidosul\\\/evento-com-foco-em-estrategias-pedagogicas-reune-2-mil-diretores-de-escolas-estaduais-do-parana\\\/#primaryimage\"},\"thumbnailUrl\":\"https:\\\/\\\/mznoticia.com.br\\\/piraidosul\\\/wp-content\\\/uploads\\\/2026\\\/09\\\/02.jpg\",\"datePublished\":\"2026-09-01T17:39:35+00:00\",\"description\":\"Mais de 2 mil diretores da rede estadual participam de semin\u00e1rio em Foz do Igua\u00e7u, com foco no Enem, gest\u00e3o escolar e recomposi\u00e7\u00e3o da aprendizagem.\",\"breadcrumb\":{\"@id\":\"https:\\\/\\\/mznoticia.com.br\\\/piraidosul\\\/evento-com-foco-em-estrategias-pedagogicas-reune-2-mil-diretores-de-escolas-estaduais-do-parana\\\/#breadcrumb\"},\"inLanguage\":\"pt-BR\",\"potentialAction\":[{\"@type\":\"ReadAction\",\"target\":[\"https:\\\/\\\/mznoticia.com.br\\\/piraidosul\\\/evento-com-foco-em-estrategias-pedagogicas-reune-2-mil-diretores-de-escolas-estaduais-do-parana\\\/\"]}]},{\"@type\":\"ImageObject\",\"inLanguage\":\"pt-BR\",\"@id\":\"https:\\\/\\\/mznoticia.com.br\\\/piraidosul\\\/evento-com-foco-em-estrategias-pedagogicas-reune-2-mil-diretores-de-escolas-estaduais-do-parana\\\/#primaryimage\",\"url\":\"https:\\\/\\\/mznoticia.com.br\\\/piraidosul\\\/wp-content\\\/uploads\\\/2026\\\/09\\\/02.jpg\",\"contentUrl\":\"https:\\\/\\\/mznoticia.com.br\\\/piraidosul\\\/wp-content\\\/uploads\\\/2026\\\/09\\\/02.jpg\",\"width\":1600,\"height\":1066},{\"@type\":\"BreadcrumbList\",\"@id\":\"https:\\\/\\\/mznoticia.com.br\\\/piraidosul\\\/evento-com-foco-em-estrategias-pedagogicas-reune-2-mil-diretores-de-escolas-estaduais-do-parana\\\/#breadcrumb\",\"itemListElement\":[{\"@type\":\"ListItem\",\"position\":1,\"name\":\"Home\",\"item\":\"https:\\\/\\\/mznoticia.com.br\\\/piraidosul\\\/\"},{\"@type\":\"ListItem\",\"position\":2,\"name\":\"Evento com foco em estrat\u00e9gias pedag\u00f3gicas re\u00fane 2 mil diretores de escolas estaduais do Paran\u00e1\"}]},{\"@type\":\"WebSite\",\"@id\":\"https:\\\/\\\/mznoticia.com.br\\\/piraidosul\\\/#website\",\"url\":\"https:\\\/\\\/mznoticia.com.br\\\/piraidosul\\\/\",\"name\":\"Mz Not\u00edcia\",\"description\":\"A informa\u00e7\u00e3o que voc\u00ea precisa na hora certa!\",\"publisher\":{\"@id\":\"https:\\\/\\\/mznoticia.com.br\\\/piraidosul\\\/#organization\"},\"potentialAction\":[{\"@type\":\"SearchAction\",\"target\":{\"@type\":\"EntryPoint\",\"urlTemplate\":\"https:\\\/\\\/mznoticia.com.br\\\/piraidosul\\\/?s={search_term_string}\"},\"query-input\":{\"@type\":\"PropertyValueSpecification\",\"valueRequired\":true,\"valueName\":\"search_term_string\"}}],\"inLanguage\":\"pt-BR\"},{\"@type\":\"Organization\",\"@id\":\"https:\\\/\\\/mznoticia.com.br\\\/piraidosul\\\/#organization\",\"name\":\"Mz Not\u00edcia\",\"url\":\"https:\\\/\\\/mznoticia.com.br\\\/piraidosul\\\/\",\"logo\":{\"@type\":\"ImageObject\",\"inLanguage\":\"pt-BR\",\"@id\":\"https:\\\/\\\/mznoticia.com.br\\\/piraidosul\\\/#\\\/schema\\\/logo\\\/image\\\/\",\"url\":\"https:\\\/\\\/mznoticia.com.br\\\/jaguariaiva\\\/wp-content\\\/uploads\\\/2025\\\/03\\\/Design-sem-nome-4-e1741200616392.png\",\"contentUrl\":\"https:\\\/\\\/mznoticia.com.br\\\/jaguariaiva\\\/wp-content\\\/uploads\\\/2025\\\/03\\\/Design-sem-nome-4-e1741200616392.png\",\"width\":750,\"height\":563,\"caption\":\"Mz Not\u00edcia\"},\"image\":{\"@id\":\"https:\\\/\\\/mznoticia.com.br\\\/piraidosul\\\/#\\\/schema\\\/logo\\\/image\\\/\"},\"sameAs\":[\"https:\\\/\\\/www.facebook.com\\\/profile.php?id=61573479951222\",\"https:\\\/\\\/www.instagram.com\\\/mz.jaguariaiva\\\/\"]},{\"@type\":\"Person\",\"@id\":\"https:\\\/\\\/mznoticia.com.br\\\/piraidosul\\\/#\\\/schema\\\/person\\\/84012d827247b3f42f37b550da79cd03\",\"name\":\"Redacao mz\",\"image\":{\"@type\":\"ImageObject\",\"inLanguage\":\"pt-BR\",\"@id\":\"https:\\\/\\\/secure.gravatar.com\\\/avatar\\\/3835c58a73b55edb97de944593845d3f29acb93b7a088f3bf63afde947ab86ba?s=96&d=simple_local_avatar&r=g\",\"url\":\"https:\\\/\\\/secure.gravatar.com\\\/avatar\\\/3835c58a73b55edb97de944593845d3f29acb93b7a088f3bf63afde947ab86ba?s=96&d=simple_local_avatar&r=g\",\"contentUrl\":\"https:\\\/\\\/secure.gravatar.com\\\/avatar\\\/3835c58a73b55edb97de944593845d3f29acb93b7a088f3bf63afde947ab86ba?s=96&d=simple_local_avatar&r=g\",\"caption\":\"Redacao mz\"},\"sameAs\":[\"http:\\\/\\\/mznoticia.com.br\"],\"url\":\"https:\\\/\\\/mznoticia.com.br\\\/piraidosul\\\/author\\\/lucimara\\\/\"}]}<\/script>\n<!-- \/ Yoast SEO plugin. -->","yoast_head_json":{"title":"Evento com foco em estrat\u00e9gias pedag\u00f3gicas re\u00fane 2 mil diretores de escolas estaduais do Paran\u00e1 - Mz Not\u00edcias","description":"Mais de 2 mil diretores da rede estadual participam de semin\u00e1rio em Foz do Igua\u00e7u, com foco no Enem, gest\u00e3o escolar e recomposi\u00e7\u00e3o da aprendizagem.","robots":{"index":"index","follow":"follow","max-snippet":"max-snippet:-1","max-image-preview":"max-image-preview:large","max-video-preview":"max-video-preview:-1"},"canonical":"https:\/\/mznoticia.com.br\/piraidosul\/evento-com-foco-em-estrategias-pedagogicas-reune-2-mil-diretores-de-escolas-estaduais-do-parana\/","og_locale":"pt_BR","og_type":"article","og_title":"Evento com foco em estrat\u00e9gias pedag\u00f3gicas re\u00fane 2 mil diretores de escolas estaduais do Paran\u00e1 - Mz Not\u00edcias","og_description":"Mais de 2 mil diretores da rede estadual participam de semin\u00e1rio em Foz do Igua\u00e7u, com foco no Enem, gest\u00e3o escolar e recomposi\u00e7\u00e3o da aprendizagem.","og_url":"https:\/\/mznoticia.com.br\/piraidosul\/evento-com-foco-em-estrategias-pedagogicas-reune-2-mil-diretores-de-escolas-estaduais-do-parana\/","og_site_name":"Mz Not\u00edcias","article_publisher":"https:\/\/www.facebook.com\/profile.php?id=61573479951222","article_published_time":"2026-09-01T17:39:35+00:00","og_image":[{"width":1600,"height":1066,"url":"https:\/\/mznoticia.com.br\/piraidosul\/wp-content\/uploads\/2026\/09\/02.jpg","type":"image\/jpeg"}],"author":"Redacao mz","twitter_card":"summary_large_image","twitter_misc":{"Escrito por":"Redacao mz","Est. tempo de leitura":"4 minutos"},"schema":{"@context":"https:\/\/schema.org","@graph":[{"@type":"Article","@id":"https:\/\/mznoticia.com.br\/piraidosul\/evento-com-foco-em-estrategias-pedagogicas-reune-2-mil-diretores-de-escolas-estaduais-do-parana\/#article","isPartOf":{"@id":"https:\/\/mznoticia.com.br\/piraidosul\/evento-com-foco-em-estrategias-pedagogicas-reune-2-mil-diretores-de-escolas-estaduais-do-parana\/"},"author":{"name":"Redacao mz","@id":"https:\/\/mznoticia.com.br\/piraidosul\/#\/schema\/person\/84012d827247b3f42f37b550da79cd03"},"headline":"Evento com foco em estrat\u00e9gias pedag\u00f3gicas re\u00fane 2 mil diretores de escolas estaduais do Paran\u00e1","datePublished":"2026-09-01T17:39:35+00:00","mainEntityOfPage":{"@id":"https:\/\/mznoticia.com.br\/piraidosul\/evento-com-foco-em-estrategias-pedagogicas-reune-2-mil-diretores-de-escolas-estaduais-do-parana\/"},"wordCount":679,"commentCount":0,"publisher":{"@id":"https:\/\/mznoticia.com.br\/piraidosul\/#organization"},"image":{"@id":"https:\/\/mznoticia.com.br\/piraidosul\/evento-com-foco-em-estrategias-pedagogicas-reune-2-mil-diretores-de-escolas-estaduais-do-parana\/#primaryimage"},"thumbnailUrl":"https:\/\/mznoticia.com.br\/piraidosul\/wp-content\/uploads\/2026\/09\/02.jpg","keywords":["diretores escolares","educa\u00e7\u00e3o","Enem 2026","Escolas Estaduais","Foz do Igua\u00e7u","gest\u00e3o escolar","Ideb 2025","parana","Seed-PR","Semin\u00e1rio dos Diretores"],"articleSection":["Educa\u00e7\u00e3o","Paran\u00e1"],"inLanguage":"pt-BR","potentialAction":[{"@type":"CommentAction","name":"Comment","target":["https:\/\/mznoticia.com.br\/piraidosul\/evento-com-foco-em-estrategias-pedagogicas-reune-2-mil-diretores-de-escolas-estaduais-do-parana\/#respond"]}]},{"@type":"WebPage","@id":"https:\/\/mznoticia.com.br\/piraidosul\/evento-com-foco-em-estrategias-pedagogicas-reune-2-mil-diretores-de-escolas-estaduais-do-parana\/","url":"https:\/\/mznoticia.com.br\/piraidosul\/evento-com-foco-em-estrategias-pedagogicas-reune-2-mil-diretores-de-escolas-estaduais-do-parana\/","name":"Evento com foco em estrat\u00e9gias pedag\u00f3gicas re\u00fane 2 mil diretores de escolas estaduais do Paran\u00e1 - Mz Not\u00edcias","isPartOf":{"@id":"https:\/\/mznoticia.com.br\/piraidosul\/#website"},"primaryImageOfPage":{"@id":"https:\/\/mznoticia.com.br\/piraidosul\/evento-com-foco-em-estrategias-pedagogicas-reune-2-mil-diretores-de-escolas-estaduais-do-parana\/#primaryimage"},"image":{"@id":"https:\/\/mznoticia.com.br\/piraidosul\/evento-com-foco-em-estrategias-pedagogicas-reune-2-mil-diretores-de-escolas-estaduais-do-parana\/#primaryimage"},"thumbnailUrl":"https:\/\/mznoticia.com.br\/piraidosul\/wp-content\/uploads\/2026\/09\/02.jpg","datePublished":"2026-09-01T17:39:35+00:00","description":"Mais de 2 mil diretores da rede estadual participam de semin\u00e1rio em Foz do Igua\u00e7u, com foco no Enem, gest\u00e3o escolar e recomposi\u00e7\u00e3o da aprendizagem.","breadcrumb":{"@id":"https:\/\/mznoticia.com.br\/piraidosul\/evento-com-foco-em-estrategias-pedagogicas-reune-2-mil-diretores-de-escolas-estaduais-do-parana\/#breadcrumb"},"inLanguage":"pt-BR","potentialAction":[{"@type":"ReadAction","target":["https:\/\/mznoticia.com.br\/piraidosul\/evento-com-foco-em-estrategias-pedagogicas-reune-2-mil-diretores-de-escolas-estaduais-do-parana\/"]}]},{"@type":"ImageObject","inLanguage":"pt-BR","@id":"https:\/\/mznoticia.com.br\/piraidosul\/evento-com-foco-em-estrategias-pedagogicas-reune-2-mil-diretores-de-escolas-estaduais-do-parana\/#primaryimage","url":"https:\/\/mznoticia.com.br\/piraidosul\/wp-content\/uploads\/2026\/09\/02.jpg","contentUrl":"https:\/\/mznoticia.com.br\/piraidosul\/wp-content\/uploads\/2026\/09\/02.jpg","width":1600,"height":1066},{"@type":"BreadcrumbList","@id":"https:\/\/mznoticia.com.br\/piraidosul\/evento-com-foco-em-estrategias-pedagogicas-reune-2-mil-diretores-de-escolas-estaduais-do-parana\/#breadcrumb","itemListElement":[{"@type":"ListItem","position":1,"name":"Home","item":"https:\/\/mznoticia.com.br\/piraidosul\/"},{"@type":"ListItem","position":2,"name":"Evento com foco em estrat\u00e9gias pedag\u00f3gicas re\u00fane 2 mil diretores de escolas estaduais do Paran\u00e1"}]},{"@type":"WebSite","@id":"https:\/\/mznoticia.com.br\/piraidosul\/#website","url":"https:\/\/mznoticia.com.br\/piraidosul\/","name":"Mz Not\u00edcia","description":"A informa\u00e7\u00e3o que voc\u00ea precisa na hora certa!","publisher":{"@id":"https:\/\/mznoticia.com.br\/piraidosul\/#organization"},"potentialAction":[{"@type":"SearchAction","target":{"@type":"EntryPoint","urlTemplate":"https:\/\/mznoticia.com.br\/piraidosul\/?s={search_term_string}"},"query-input":{"@type":"PropertyValueSpecification","valueRequired":true,"valueName":"search_term_string"}}],"inLanguage":"pt-BR"},{"@type":"Organization","@id":"https:\/\/mznoticia.com.br\/piraidosul\/#organization","name":"Mz Not\u00edcia","url":"https:\/\/mznoticia.com.br\/piraidosul\/","logo":{"@type":"ImageObject","inLanguage":"pt-BR","@id":"https:\/\/mznoticia.com.br\/piraidosul\/#\/schema\/logo\/image\/","url":"https:\/\/mznoticia.com.br\/jaguariaiva\/wp-content\/uploads\/2025\/03\/Design-sem-nome-4-e1741200616392.png","contentUrl":"https:\/\/mznoticia.com.br\/jaguariaiva\/wp-content\/uploads\/2025\/03\/Design-sem-nome-4-e1741200616392.png","width":750,"height":563,"caption":"Mz Not\u00edcia"},"image":{"@id":"https:\/\/mznoticia.com.br\/piraidosul\/#\/schema\/logo\/image\/"},"sameAs":["https:\/\/www.facebook.com\/profile.php?id=61573479951222","https:\/\/www.instagram.com\/mz.jaguariaiva\/"]},{"@type":"Person","@id":"https:\/\/mznoticia.com.br\/piraidosul\/#\/schema\/person\/84012d827247b3f42f37b550da79cd03","name":"Redacao mz","image":{"@type":"ImageObject","inLanguage":"pt-BR","@id":"https:\/\/secure.gravatar.com\/avatar\/3835c58a73b55edb97de944593845d3f29acb93b7a088f3bf63afde947ab86ba?s=96&d=simple_local_avatar&r=g","url":"https:\/\/secure.gravatar.com\/avatar\/3835c58a73b55edb97de944593845d3f29acb93b7a088f3bf63afde947ab86ba?s=96&d=simple_local_avatar&r=g","contentUrl":"https:\/\/secure.gravatar.com\/avatar\/3835c58a73b55edb97de944593845d3f29acb93b7a088f3bf63afde947ab86ba?s=96&d=simple_local_avatar&r=g","caption":"Redacao mz"},"sameAs":["http:\/\/mznoticia.com.br"],"url":"https:\/\/mznoticia.com.br\/piraidosul\/author\/lucimara\/"}]}},"_links":{"self":[{"href":"https:\/\/mznoticia.com.br\/piraidosul\/wp-json\/wp\/v2\/posts\/7912","targetHints":{"allow":["GET"]}}],"collection":[{"href":"https:\/\/mznoticia.com.br\/piraidosul\/wp-json\/wp\/v2\/posts"}],"about":[{"href":"https:\/\/mznoticia.com.br\/piraidosul\/wp-json\/wp\/v2\/types\/post"}],"author":[{"embeddable":true,"href":"https:\/\/mznoticia.com.br\/piraidosul\/wp-json\/wp\/v2\/users\/16"}],"replies":[{"embeddable":true,"href":"https:\/\/mznoticia.com.br\/piraidosul\/wp-json\/wp\/v2\/comments?post=7912"}],"version-history":[{"count":1,"href":"https:\/\/mznoticia.com.br\/piraidosul\/wp-json\/wp\/v2\/posts\/7912\/revisions"}],"predecessor-version":[{"id":7914,"href":"https:\/\/mznoticia.com.br\/piraidosul\/wp-json\/wp\/v2\/posts\/7912\/revisions\/7914"}],"wp:featuredmedia":[{"embeddable":true,"href":"https:\/\/mznoticia.com.br\/piraidosul\/wp-json\/wp\/v2\/media\/7913"}],"wp:attachment":[{"href":"https:\/\/mznoticia.com.br\/piraidosul\/wp-json\/wp\/v2\/media?parent=7912"}],"wp:term":[{"taxonomy":"category","embeddable":true,"href":"https:\/\/mznoticia.com.br\/piraidosul\/wp-json\/wp\/v2\/categories?post=7912"},{"taxonomy":"post_tag","embeddable":true,"href":"https:\/\/mznoticia.com.br\/piraidosul\/wp-json\/wp\/v2\/tags?post=7912"}],"curies":[{"name":"wp","href":"https:\/\/api.w.org\/{rel}","templated":true}]}}