{"id":7915,"date":"2026-09-01T18:05:33","date_gmt":"2026-09-01T18:05:33","guid":{"rendered":"https:\/\/mznoticia.com.br\/piraidosul\/?p=7915"},"modified":"2026-09-01T18:05:33","modified_gmt":"2026-09-01T18:05:33","slug":"esfaqueamento-na-times-square-vice-presidente-do-bank-of-america-morre-apos-ataque","status":"publish","type":"post","link":"https:\/\/mznoticia.com.br\/piraidosul\/esfaqueamento-na-times-square-vice-presidente-do-bank-of-america-morre-apos-ataque\/","title":{"rendered":"Esfaqueamento na Times Square: vice-presidente do Bank of America morre ap\u00f3s ataque"},"content":{"rendered":"<p class=\"isSelectedEnd\"><strong>Erin Piacenti, de 32 anos, foi uma das duas pessoas esfaqueadas por uma mulher que portava duas facas; outra v\u00edtima, um homem de 68 anos, sobreviveu. Suspeita foi baleada e morta por policiais ap\u00f3s avan\u00e7ar contra os agentes.<\/strong><\/p>\n<p class=\"isSelectedEnd\">A vice-presidente do Bank of America, Erin Piacenti, de 32 anos, morreu ap\u00f3s ser esfaqueada na segunda-feira (31), na Times Square, em Nova York, nos Estados Unidos.<\/p>\n<p class=\"isSelectedEnd\">Piacenti foi uma das duas pessoas atacadas por uma mulher que carregava duas facas. Um homem de 68 anos tamb\u00e9m foi ferido e sobreviveu.<\/p>\n<p class=\"isSelectedEnd\">Ap\u00f3s o ataque, a suspeita foi cercada por policiais. Segundo as autoridades, ela amea\u00e7ou os agentes e avan\u00e7ou em dire\u00e7\u00e3o a eles com as facas. Os policiais utilizaram armas de choque, mas a mulher continuou avan\u00e7ando. Um dos agentes ent\u00e3o disparou, atingindo a suspeita, que morreu posteriormente.<\/p>\n<h2>V\u00edtima morreu no hospital<\/h2>\n<p class=\"isSelectedEnd\">Erin Piacenti foi socorrida e levada a um hospital, mas n\u00e3o resistiu aos ferimentos provocados pelas facadas.<\/p>\n<p class=\"isSelectedEnd\">Ela ocupava o cargo de vice-presidente de sele\u00e7\u00e3o de neg\u00f3cios e conflitos de interesse do Bank of America.<\/p>\n<p class=\"isSelectedEnd\">Em comunicado, o banco lamentou a morte da funcion\u00e1ria e destacou sua import\u00e2ncia para a equipe.<\/p>\n<h2>Homem de 68 anos tamb\u00e9m foi atacado<\/h2>\n<p class=\"isSelectedEnd\">De acordo com a pol\u00edcia, a mulher retirou duas facas de uma sacola de compras e atacou inicialmente um homem de 68 anos, que foi atingido no abd\u00f4men.<\/p>\n<p class=\"isSelectedEnd\">Na sequ\u00eancia, Erin Piacenti tamb\u00e9m foi esfaqueada na regi\u00e3o abdominal.<\/p>\n<p class=\"isSelectedEnd\">A pol\u00edcia foi acionada e conseguiu cercar a suspeita. Imagens registradas por pessoas que estavam na regi\u00e3o mostram o momento em que ela se levanta e avan\u00e7a contra os policiais segurando as facas.<\/p>\n<h2>Suspeita foi morta ap\u00f3s avan\u00e7ar contra policiais<\/h2>\n<p class=\"isSelectedEnd\">Segundo o relato policial, a mulher permaneceu cercada por aproximadamente quatro minutos antes de se levantar e movimentar os bra\u00e7os com as facas.<\/p>\n<p class=\"isSelectedEnd\">Os agentes utilizaram armas de choque para tentar cont\u00ea-la, mas ela continuou avan\u00e7ando rapidamente na dire\u00e7\u00e3o dos policiais.<\/p>\n<p class=\"isSelectedEnd\">Um dos agentes sacou a arma e efetuou um disparo. A mulher caiu no ch\u00e3o e foi algemada. Segundo a pol\u00edcia, ela morreu depois de ser baleada.<\/p>\n<h2>\u00c1rea foi isolada<\/h2>\n<p class=\"isSelectedEnd\">O ataque aconteceu nas proximidades de uma unidade do Departamento de Pol\u00edcia de Nova York (NYPD), ao lado do One Times Square, conhecido por receber a tradicional celebra\u00e7\u00e3o de Ano Novo da cidade.<\/p>\n<p class=\"isSelectedEnd\">Ap\u00f3s a ocorr\u00eancia, parte da 7\u00aa Avenida foi interditada para a realiza\u00e7\u00e3o dos trabalhos de investiga\u00e7\u00e3o. Moradores e turistas foram orientados a evitar a \u00e1rea enquanto o local permanecia isolado.<\/p>\n<p class=\"isSelectedEnd\">A Times Square \u00e9 um dos pontos tur\u00edsticos mais conhecidos e visitados de Nova York, famosa pelos grandes pain\u00e9is luminosos, teatros da Broadway e estabelecimentos comerciais.<\/p>\n<h2>Bank of America lamenta morte<\/h2>\n<p class=\"isSelectedEnd\">O Bank of America manifestou pesar pela morte de Erin Piacenti e destacou que ela era uma integrante valiosa da equipe.<\/p>\n<p>A institui\u00e7\u00e3o afirmou que a funcion\u00e1ria far\u00e1 falta aos colegas e prestou solidariedade \u00e0 fam\u00edlia e aos demais familiares e amigos da v\u00edtima.<\/p>\n","protected":false},"excerpt":{"rendered":"<p>Erin Piacenti, de 32 anos, foi uma das duas pessoas esfaqueadas por uma mulher que portava duas facas; outra v\u00edtima, um homem de 68 anos, sobreviveu. Suspeita foi baleada e morta por policiais ap\u00f3s avan\u00e7ar contra os agentes. A vice-presidente do Bank of America, Erin Piacenti, de 32 anos, morreu ap\u00f3s ser esfaqueada na segunda-feira [&hellip;]<\/p>\n","protected":false},"author":16,"featured_media":7916,"comment_status":"open","ping_status":"open","sticky":false,"template":"","format":"standard","meta":{"footnotes":""},"categories":[15],"tags":[3211,3208,3207,1791,652,499,3209,3210,240,3206,911],"class_list":["post-7915","post","type-post","status-publish","format-standard","has-post-thumbnail","hentry","category-mundo","tag-ataque","tag-bank-of-america","tag-erin-piacenti","tag-esfaqueamento","tag-estados-unidos","tag-nova-york","tag-nypd","tag-policia-de-nova-york","tag-seguranca-publica","tag-times-square","tag-violencia"],"yoast_head":"<!-- This site is optimized with the Yoast SEO plugin v28.1 - https:\/\/yoast.com\/product\/yoast-seo-wordpress\/ -->\n<title>Esfaqueamento na Times Square: vice-presidente do Bank of America morre ap\u00f3s ataque - Mz Not\u00edcias<\/title>\n<meta name=\"description\" content=\"Vice-presidente do Bank of America, Erin Piacenti, de 32 anos, morreu ap\u00f3s ser esfaqueada na Times Square, em Nova York. Outra v\u00edtima sobreviveu.\" \/>\n<meta name=\"robots\" content=\"index, follow, max-snippet:-1, max-image-preview:large, max-video-preview:-1\" \/>\n<link rel=\"canonical\" href=\"https:\/\/mznoticia.com.br\/piraidosul\/esfaqueamento-na-times-square-vice-presidente-do-bank-of-america-morre-apos-ataque\/\" \/>\n<meta property=\"og:locale\" content=\"pt_BR\" \/>\n<meta property=\"og:type\" content=\"article\" \/>\n<meta property=\"og:title\" content=\"Esfaqueamento na Times Square: vice-presidente do Bank of America morre ap\u00f3s ataque - Mz Not\u00edcias\" \/>\n<meta property=\"og:description\" content=\"Vice-presidente do Bank of America, Erin Piacenti, de 32 anos, morreu ap\u00f3s ser esfaqueada na Times Square, em Nova York. Outra v\u00edtima sobreviveu.\" \/>\n<meta property=\"og:url\" content=\"https:\/\/mznoticia.com.br\/piraidosul\/esfaqueamento-na-times-square-vice-presidente-do-bank-of-america-morre-apos-ataque\/\" \/>\n<meta property=\"og:site_name\" content=\"Mz Not\u00edcias\" \/>\n<meta property=\"article:publisher\" content=\"https:\/\/www.facebook.com\/profile.php?id=61573479951222\" \/>\n<meta property=\"article:published_time\" content=\"2026-09-01T18:05:33+00:00\" \/>\n<meta name=\"author\" content=\"Redacao mz\" \/>\n<meta name=\"twitter:card\" content=\"summary_large_image\" \/>\n<meta name=\"twitter:label1\" content=\"Escrito por\" \/>\n\t<meta name=\"twitter:data1\" content=\"Redacao mz\" \/>\n\t<meta name=\"twitter:label2\" content=\"Est. tempo de leitura\" \/>\n\t<meta name=\"twitter:data2\" content=\"3 minutos\" \/>\n<script type=\"application\/ld+json\" class=\"yoast-schema-graph\">{\"@context\":\"https:\\\/\\\/schema.org\",\"@graph\":[{\"@type\":\"Article\",\"@id\":\"https:\\\/\\\/mznoticia.com.br\\\/piraidosul\\\/esfaqueamento-na-times-square-vice-presidente-do-bank-of-america-morre-apos-ataque\\\/#article\",\"isPartOf\":{\"@id\":\"https:\\\/\\\/mznoticia.com.br\\\/piraidosul\\\/esfaqueamento-na-times-square-vice-presidente-do-bank-of-america-morre-apos-ataque\\\/\"},\"author\":{\"name\":\"Redacao mz\",\"@id\":\"https:\\\/\\\/mznoticia.com.br\\\/piraidosul\\\/#\\\/schema\\\/person\\\/84012d827247b3f42f37b550da79cd03\"},\"headline\":\"Esfaqueamento na Times Square: vice-presidente do Bank of America morre ap\u00f3s ataque\",\"datePublished\":\"2026-09-01T18:05:33+00:00\",\"mainEntityOfPage\":{\"@id\":\"https:\\\/\\\/mznoticia.com.br\\\/piraidosul\\\/esfaqueamento-na-times-square-vice-presidente-do-bank-of-america-morre-apos-ataque\\\/\"},\"wordCount\":534,\"commentCount\":0,\"publisher\":{\"@id\":\"https:\\\/\\\/mznoticia.com.br\\\/piraidosul\\\/#organization\"},\"image\":{\"@id\":\"https:\\\/\\\/mznoticia.com.br\\\/piraidosul\\\/esfaqueamento-na-times-square-vice-presidente-do-bank-of-america-morre-apos-ataque\\\/#primaryimage\"},\"thumbnailUrl\":\"https:\\\/\\\/mznoticia.com.br\\\/piraidosul\\\/wp-content\\\/uploads\\\/2026\\\/09\\\/30.avif\",\"keywords\":[\"ataque\",\"Bank of America\",\"Erin Piacenti\",\"esfaqueamento\",\"Estados Unidos\",\"Nova York\",\"NYPD\",\"pol\u00edcia de Nova York\",\"Seguran\u00e7a P\u00fablica\",\"Times Square\",\"Viol\u00eancia\"],\"articleSection\":[\"Mundo\"],\"inLanguage\":\"pt-BR\",\"potentialAction\":[{\"@type\":\"CommentAction\",\"name\":\"Comment\",\"target\":[\"https:\\\/\\\/mznoticia.com.br\\\/piraidosul\\\/esfaqueamento-na-times-square-vice-presidente-do-bank-of-america-morre-apos-ataque\\\/#respond\"]}]},{\"@type\":\"WebPage\",\"@id\":\"https:\\\/\\\/mznoticia.com.br\\\/piraidosul\\\/esfaqueamento-na-times-square-vice-presidente-do-bank-of-america-morre-apos-ataque\\\/\",\"url\":\"https:\\\/\\\/mznoticia.com.br\\\/piraidosul\\\/esfaqueamento-na-times-square-vice-presidente-do-bank-of-america-morre-apos-ataque\\\/\",\"name\":\"Esfaqueamento na Times Square: vice-presidente do Bank of America morre ap\u00f3s ataque - Mz Not\u00edcias\",\"isPartOf\":{\"@id\":\"https:\\\/\\\/mznoticia.com.br\\\/piraidosul\\\/#website\"},\"primaryImageOfPage\":{\"@id\":\"https:\\\/\\\/mznoticia.com.br\\\/piraidosul\\\/esfaqueamento-na-times-square-vice-presidente-do-bank-of-america-morre-apos-ataque\\\/#primaryimage\"},\"image\":{\"@id\":\"https:\\\/\\\/mznoticia.com.br\\\/piraidosul\\\/esfaqueamento-na-times-square-vice-presidente-do-bank-of-america-morre-apos-ataque\\\/#primaryimage\"},\"thumbnailUrl\":\"https:\\\/\\\/mznoticia.com.br\\\/piraidosul\\\/wp-content\\\/uploads\\\/2026\\\/09\\\/30.avif\",\"datePublished\":\"2026-09-01T18:05:33+00:00\",\"description\":\"Vice-presidente do Bank of America, Erin Piacenti, de 32 anos, morreu ap\u00f3s ser esfaqueada na Times Square, em Nova York. Outra v\u00edtima sobreviveu.\",\"breadcrumb\":{\"@id\":\"https:\\\/\\\/mznoticia.com.br\\\/piraidosul\\\/esfaqueamento-na-times-square-vice-presidente-do-bank-of-america-morre-apos-ataque\\\/#breadcrumb\"},\"inLanguage\":\"pt-BR\",\"potentialAction\":[{\"@type\":\"ReadAction\",\"target\":[\"https:\\\/\\\/mznoticia.com.br\\\/piraidosul\\\/esfaqueamento-na-times-square-vice-presidente-do-bank-of-america-morre-apos-ataque\\\/\"]}]},{\"@type\":\"ImageObject\",\"inLanguage\":\"pt-BR\",\"@id\":\"https:\\\/\\\/mznoticia.com.br\\\/piraidosul\\\/esfaqueamento-na-times-square-vice-presidente-do-bank-of-america-morre-apos-ataque\\\/#primaryimage\",\"url\":\"https:\\\/\\\/mznoticia.com.br\\\/piraidosul\\\/wp-content\\\/uploads\\\/2026\\\/09\\\/30.avif\",\"contentUrl\":\"https:\\\/\\\/mznoticia.com.br\\\/piraidosul\\\/wp-content\\\/uploads\\\/2026\\\/09\\\/30.avif\",\"width\":984,\"height\":984},{\"@type\":\"BreadcrumbList\",\"@id\":\"https:\\\/\\\/mznoticia.com.br\\\/piraidosul\\\/esfaqueamento-na-times-square-vice-presidente-do-bank-of-america-morre-apos-ataque\\\/#breadcrumb\",\"itemListElement\":[{\"@type\":\"ListItem\",\"position\":1,\"name\":\"Home\",\"item\":\"https:\\\/\\\/mznoticia.com.br\\\/piraidosul\\\/\"},{\"@type\":\"ListItem\",\"position\":2,\"name\":\"Esfaqueamento na Times Square: vice-presidente do Bank of America morre ap\u00f3s ataque\"}]},{\"@type\":\"WebSite\",\"@id\":\"https:\\\/\\\/mznoticia.com.br\\\/piraidosul\\\/#website\",\"url\":\"https:\\\/\\\/mznoticia.com.br\\\/piraidosul\\\/\",\"name\":\"Mz Not\u00edcia\",\"description\":\"A informa\u00e7\u00e3o que voc\u00ea precisa na hora certa!\",\"publisher\":{\"@id\":\"https:\\\/\\\/mznoticia.com.br\\\/piraidosul\\\/#organization\"},\"potentialAction\":[{\"@type\":\"SearchAction\",\"target\":{\"@type\":\"EntryPoint\",\"urlTemplate\":\"https:\\\/\\\/mznoticia.com.br\\\/piraidosul\\\/?s={search_term_string}\"},\"query-input\":{\"@type\":\"PropertyValueSpecification\",\"valueRequired\":true,\"valueName\":\"search_term_string\"}}],\"inLanguage\":\"pt-BR\"},{\"@type\":\"Organization\",\"@id\":\"https:\\\/\\\/mznoticia.com.br\\\/piraidosul\\\/#organization\",\"name\":\"Mz Not\u00edcia\",\"url\":\"https:\\\/\\\/mznoticia.com.br\\\/piraidosul\\\/\",\"logo\":{\"@type\":\"ImageObject\",\"inLanguage\":\"pt-BR\",\"@id\":\"https:\\\/\\\/mznoticia.com.br\\\/piraidosul\\\/#\\\/schema\\\/logo\\\/image\\\/\",\"url\":\"https:\\\/\\\/mznoticia.com.br\\\/jaguariaiva\\\/wp-content\\\/uploads\\\/2025\\\/03\\\/Design-sem-nome-4-e1741200616392.png\",\"contentUrl\":\"https:\\\/\\\/mznoticia.com.br\\\/jaguariaiva\\\/wp-content\\\/uploads\\\/2025\\\/03\\\/Design-sem-nome-4-e1741200616392.png\",\"width\":750,\"height\":563,\"caption\":\"Mz Not\u00edcia\"},\"image\":{\"@id\":\"https:\\\/\\\/mznoticia.com.br\\\/piraidosul\\\/#\\\/schema\\\/logo\\\/image\\\/\"},\"sameAs\":[\"https:\\\/\\\/www.facebook.com\\\/profile.php?id=61573479951222\",\"https:\\\/\\\/www.instagram.com\\\/mz.jaguariaiva\\\/\"]},{\"@type\":\"Person\",\"@id\":\"https:\\\/\\\/mznoticia.com.br\\\/piraidosul\\\/#\\\/schema\\\/person\\\/84012d827247b3f42f37b550da79cd03\",\"name\":\"Redacao mz\",\"image\":{\"@type\":\"ImageObject\",\"inLanguage\":\"pt-BR\",\"@id\":\"https:\\\/\\\/secure.gravatar.com\\\/avatar\\\/3835c58a73b55edb97de944593845d3f29acb93b7a088f3bf63afde947ab86ba?s=96&d=simple_local_avatar&r=g\",\"url\":\"https:\\\/\\\/secure.gravatar.com\\\/avatar\\\/3835c58a73b55edb97de944593845d3f29acb93b7a088f3bf63afde947ab86ba?s=96&d=simple_local_avatar&r=g\",\"contentUrl\":\"https:\\\/\\\/secure.gravatar.com\\\/avatar\\\/3835c58a73b55edb97de944593845d3f29acb93b7a088f3bf63afde947ab86ba?s=96&d=simple_local_avatar&r=g\",\"caption\":\"Redacao mz\"},\"sameAs\":[\"http:\\\/\\\/mznoticia.com.br\"],\"url\":\"https:\\\/\\\/mznoticia.com.br\\\/piraidosul\\\/author\\\/lucimara\\\/\"}]}<\/script>\n<!-- \/ Yoast SEO plugin. -->","yoast_head_json":{"title":"Esfaqueamento na Times Square: vice-presidente do Bank of America morre ap\u00f3s ataque - Mz Not\u00edcias","description":"Vice-presidente do Bank of America, Erin Piacenti, de 32 anos, morreu ap\u00f3s ser esfaqueada na Times Square, em Nova York. Outra v\u00edtima sobreviveu.","robots":{"index":"index","follow":"follow","max-snippet":"max-snippet:-1","max-image-preview":"max-image-preview:large","max-video-preview":"max-video-preview:-1"},"canonical":"https:\/\/mznoticia.com.br\/piraidosul\/esfaqueamento-na-times-square-vice-presidente-do-bank-of-america-morre-apos-ataque\/","og_locale":"pt_BR","og_type":"article","og_title":"Esfaqueamento na Times Square: vice-presidente do Bank of America morre ap\u00f3s ataque - Mz Not\u00edcias","og_description":"Vice-presidente do Bank of America, Erin Piacenti, de 32 anos, morreu ap\u00f3s ser esfaqueada na Times Square, em Nova York. Outra v\u00edtima sobreviveu.","og_url":"https:\/\/mznoticia.com.br\/piraidosul\/esfaqueamento-na-times-square-vice-presidente-do-bank-of-america-morre-apos-ataque\/","og_site_name":"Mz Not\u00edcias","article_publisher":"https:\/\/www.facebook.com\/profile.php?id=61573479951222","article_published_time":"2026-09-01T18:05:33+00:00","author":"Redacao mz","twitter_card":"summary_large_image","twitter_misc":{"Escrito por":"Redacao mz","Est. tempo de leitura":"3 minutos"},"schema":{"@context":"https:\/\/schema.org","@graph":[{"@type":"Article","@id":"https:\/\/mznoticia.com.br\/piraidosul\/esfaqueamento-na-times-square-vice-presidente-do-bank-of-america-morre-apos-ataque\/#article","isPartOf":{"@id":"https:\/\/mznoticia.com.br\/piraidosul\/esfaqueamento-na-times-square-vice-presidente-do-bank-of-america-morre-apos-ataque\/"},"author":{"name":"Redacao mz","@id":"https:\/\/mznoticia.com.br\/piraidosul\/#\/schema\/person\/84012d827247b3f42f37b550da79cd03"},"headline":"Esfaqueamento na Times Square: vice-presidente do Bank of America morre ap\u00f3s ataque","datePublished":"2026-09-01T18:05:33+00:00","mainEntityOfPage":{"@id":"https:\/\/mznoticia.com.br\/piraidosul\/esfaqueamento-na-times-square-vice-presidente-do-bank-of-america-morre-apos-ataque\/"},"wordCount":534,"commentCount":0,"publisher":{"@id":"https:\/\/mznoticia.com.br\/piraidosul\/#organization"},"image":{"@id":"https:\/\/mznoticia.com.br\/piraidosul\/esfaqueamento-na-times-square-vice-presidente-do-bank-of-america-morre-apos-ataque\/#primaryimage"},"thumbnailUrl":"https:\/\/mznoticia.com.br\/piraidosul\/wp-content\/uploads\/2026\/09\/30.avif","keywords":["ataque","Bank of America","Erin Piacenti","esfaqueamento","Estados Unidos","Nova York","NYPD","pol\u00edcia de Nova York","Seguran\u00e7a P\u00fablica","Times Square","Viol\u00eancia"],"articleSection":["Mundo"],"inLanguage":"pt-BR","potentialAction":[{"@type":"CommentAction","name":"Comment","target":["https:\/\/mznoticia.com.br\/piraidosul\/esfaqueamento-na-times-square-vice-presidente-do-bank-of-america-morre-apos-ataque\/#respond"]}]},{"@type":"WebPage","@id":"https:\/\/mznoticia.com.br\/piraidosul\/esfaqueamento-na-times-square-vice-presidente-do-bank-of-america-morre-apos-ataque\/","url":"https:\/\/mznoticia.com.br\/piraidosul\/esfaqueamento-na-times-square-vice-presidente-do-bank-of-america-morre-apos-ataque\/","name":"Esfaqueamento na Times Square: vice-presidente do Bank of America morre ap\u00f3s ataque - Mz Not\u00edcias","isPartOf":{"@id":"https:\/\/mznoticia.com.br\/piraidosul\/#website"},"primaryImageOfPage":{"@id":"https:\/\/mznoticia.com.br\/piraidosul\/esfaqueamento-na-times-square-vice-presidente-do-bank-of-america-morre-apos-ataque\/#primaryimage"},"image":{"@id":"https:\/\/mznoticia.com.br\/piraidosul\/esfaqueamento-na-times-square-vice-presidente-do-bank-of-america-morre-apos-ataque\/#primaryimage"},"thumbnailUrl":"https:\/\/mznoticia.com.br\/piraidosul\/wp-content\/uploads\/2026\/09\/30.avif","datePublished":"2026-09-01T18:05:33+00:00","description":"Vice-presidente do Bank of America, Erin Piacenti, de 32 anos, morreu ap\u00f3s ser esfaqueada na Times Square, em Nova York. Outra v\u00edtima sobreviveu.","breadcrumb":{"@id":"https:\/\/mznoticia.com.br\/piraidosul\/esfaqueamento-na-times-square-vice-presidente-do-bank-of-america-morre-apos-ataque\/#breadcrumb"},"inLanguage":"pt-BR","potentialAction":[{"@type":"ReadAction","target":["https:\/\/mznoticia.com.br\/piraidosul\/esfaqueamento-na-times-square-vice-presidente-do-bank-of-america-morre-apos-ataque\/"]}]},{"@type":"ImageObject","inLanguage":"pt-BR","@id":"https:\/\/mznoticia.com.br\/piraidosul\/esfaqueamento-na-times-square-vice-presidente-do-bank-of-america-morre-apos-ataque\/#primaryimage","url":"https:\/\/mznoticia.com.br\/piraidosul\/wp-content\/uploads\/2026\/09\/30.avif","contentUrl":"https:\/\/mznoticia.com.br\/piraidosul\/wp-content\/uploads\/2026\/09\/30.avif","width":984,"height":984},{"@type":"BreadcrumbList","@id":"https:\/\/mznoticia.com.br\/piraidosul\/esfaqueamento-na-times-square-vice-presidente-do-bank-of-america-morre-apos-ataque\/#breadcrumb","itemListElement":[{"@type":"ListItem","position":1,"name":"Home","item":"https:\/\/mznoticia.com.br\/piraidosul\/"},{"@type":"ListItem","position":2,"name":"Esfaqueamento na Times Square: vice-presidente do Bank of America morre ap\u00f3s ataque"}]},{"@type":"WebSite","@id":"https:\/\/mznoticia.com.br\/piraidosul\/#website","url":"https:\/\/mznoticia.com.br\/piraidosul\/","name":"Mz Not\u00edcia","description":"A informa\u00e7\u00e3o que voc\u00ea precisa na hora certa!","publisher":{"@id":"https:\/\/mznoticia.com.br\/piraidosul\/#organization"},"potentialAction":[{"@type":"SearchAction","target":{"@type":"EntryPoint","urlTemplate":"https:\/\/mznoticia.com.br\/piraidosul\/?s={search_term_string}"},"query-input":{"@type":"PropertyValueSpecification","valueRequired":true,"valueName":"search_term_string"}}],"inLanguage":"pt-BR"},{"@type":"Organization","@id":"https:\/\/mznoticia.com.br\/piraidosul\/#organization","name":"Mz Not\u00edcia","url":"https:\/\/mznoticia.com.br\/piraidosul\/","logo":{"@type":"ImageObject","inLanguage":"pt-BR","@id":"https:\/\/mznoticia.com.br\/piraidosul\/#\/schema\/logo\/image\/","url":"https:\/\/mznoticia.com.br\/jaguariaiva\/wp-content\/uploads\/2025\/03\/Design-sem-nome-4-e1741200616392.png","contentUrl":"https:\/\/mznoticia.com.br\/jaguariaiva\/wp-content\/uploads\/2025\/03\/Design-sem-nome-4-e1741200616392.png","width":750,"height":563,"caption":"Mz Not\u00edcia"},"image":{"@id":"https:\/\/mznoticia.com.br\/piraidosul\/#\/schema\/logo\/image\/"},"sameAs":["https:\/\/www.facebook.com\/profile.php?id=61573479951222","https:\/\/www.instagram.com\/mz.jaguariaiva\/"]},{"@type":"Person","@id":"https:\/\/mznoticia.com.br\/piraidosul\/#\/schema\/person\/84012d827247b3f42f37b550da79cd03","name":"Redacao mz","image":{"@type":"ImageObject","inLanguage":"pt-BR","@id":"https:\/\/secure.gravatar.com\/avatar\/3835c58a73b55edb97de944593845d3f29acb93b7a088f3bf63afde947ab86ba?s=96&d=simple_local_avatar&r=g","url":"https:\/\/secure.gravatar.com\/avatar\/3835c58a73b55edb97de944593845d3f29acb93b7a088f3bf63afde947ab86ba?s=96&d=simple_local_avatar&r=g","contentUrl":"https:\/\/secure.gravatar.com\/avatar\/3835c58a73b55edb97de944593845d3f29acb93b7a088f3bf63afde947ab86ba?s=96&d=simple_local_avatar&r=g","caption":"Redacao mz"},"sameAs":["http:\/\/mznoticia.com.br"],"url":"https:\/\/mznoticia.com.br\/piraidosul\/author\/lucimara\/"}]}},"_links":{"self":[{"href":"https:\/\/mznoticia.com.br\/piraidosul\/wp-json\/wp\/v2\/posts\/7915","targetHints":{"allow":["GET"]}}],"collection":[{"href":"https:\/\/mznoticia.com.br\/piraidosul\/wp-json\/wp\/v2\/posts"}],"about":[{"href":"https:\/\/mznoticia.com.br\/piraidosul\/wp-json\/wp\/v2\/types\/post"}],"author":[{"embeddable":true,"href":"https:\/\/mznoticia.com.br\/piraidosul\/wp-json\/wp\/v2\/users\/16"}],"replies":[{"embeddable":true,"href":"https:\/\/mznoticia.com.br\/piraidosul\/wp-json\/wp\/v2\/comments?post=7915"}],"version-history":[{"count":1,"href":"https:\/\/mznoticia.com.br\/piraidosul\/wp-json\/wp\/v2\/posts\/7915\/revisions"}],"predecessor-version":[{"id":7918,"href":"https:\/\/mznoticia.com.br\/piraidosul\/wp-json\/wp\/v2\/posts\/7915\/revisions\/7918"}],"wp:featuredmedia":[{"embeddable":true,"href":"https:\/\/mznoticia.com.br\/piraidosul\/wp-json\/wp\/v2\/media\/7916"}],"wp:attachment":[{"href":"https:\/\/mznoticia.com.br\/piraidosul\/wp-json\/wp\/v2\/media?parent=7915"}],"wp:term":[{"taxonomy":"category","embeddable":true,"href":"https:\/\/mznoticia.com.br\/piraidosul\/wp-json\/wp\/v2\/categories?post=7915"},{"taxonomy":"post_tag","embeddable":true,"href":"https:\/\/mznoticia.com.br\/piraidosul\/wp-json\/wp\/v2\/tags?post=7915"}],"curies":[{"name":"wp","href":"https:\/\/api.w.org\/{rel}","templated":true}]}}