{"id":7921,"date":"2026-09-01T18:42:58","date_gmt":"2026-09-01T18:42:58","guid":{"rendered":"https:\/\/mznoticia.com.br\/piraidosul\/?p=7921"},"modified":"2026-09-01T18:42:58","modified_gmt":"2026-09-01T18:42:58","slug":"maratona-internacional-do-parana-confirma-nova-data-e-tera-trajeto-pela-ponte-de-guaratuba","status":"publish","type":"post","link":"https:\/\/mznoticia.com.br\/piraidosul\/maratona-internacional-do-parana-confirma-nova-data-e-tera-trajeto-pela-ponte-de-guaratuba\/","title":{"rendered":"Maratona Internacional do Paran\u00e1 confirma nova data e ter\u00e1 trajeto pela Ponte de Guaratuba"},"content":{"rendered":"<p class=\"isSelectedEnd\"><strong>Segunda edi\u00e7\u00e3o da prova ser\u00e1 realizada de 26 a 28 de mar\u00e7o de 2027, durante o feriad\u00e3o de P\u00e1scoa, com percursos de 5 km, 10 km, 21 km, 42 km e Maratoninha<\/strong><\/p>\n<p class=\"isSelectedEnd\">A Maratona Internacional do Paran\u00e1 (MIP) j\u00e1 tem data definida para sua segunda edi\u00e7\u00e3o. A competi\u00e7\u00e3o ser\u00e1 realizada nos dias <strong>26, 27 e 28 de mar\u00e7o de 2027<\/strong>, durante o feriad\u00e3o de P\u00e1scoa, e ter\u00e1 novamente a <strong>Ponte de Guaratuba<\/strong> como um dos principais destaques do percurso.<\/p>\n<p class=\"isSelectedEnd\">A primeira edi\u00e7\u00e3o da prova reuniu mais de <strong>20 mil atletas<\/strong> e foi considerada a maior corrida da hist\u00f3ria do Paran\u00e1. Para 2027, a expectativa \u00e9 ampliar a participa\u00e7\u00e3o e fortalecer ainda mais o Litoral do Estado como destino para o turismo esportivo.<\/p>\n<p class=\"isSelectedEnd\">A programa\u00e7\u00e3o contar\u00e1 com provas de <strong>5 km, 10 km, 21 km, 42 km e Maratoninha<\/strong>.<\/p>\n<h2>Ponte de Guaratuba ser\u00e1 novamente destaque<\/h2>\n<p class=\"isSelectedEnd\">A Ponte de Guaratuba, uma das obras mais aguardadas por d\u00e9cadas no Litoral do Paran\u00e1, continuar\u00e1 sendo um dos elementos de destaque da competi\u00e7\u00e3o.<\/p>\n<p class=\"isSelectedEnd\">O trajeto pretende proporcionar aos participantes a experi\u00eancia de atravessar a estrutura, tendo o litoral paranaense como cen\u00e1rio.<\/p>\n<p class=\"isSelectedEnd\">A organiza\u00e7\u00e3o tamb\u00e9m trabalha para aprimorar a experi\u00eancia dos corredores a partir dos aprendizados obtidos na primeira edi\u00e7\u00e3o, com melhorias nos processos e nos aspectos t\u00e9cnicos da competi\u00e7\u00e3o.<\/p>\n<h2>Primeira edi\u00e7\u00e3o reuniu mais de 20 mil participantes<\/h2>\n<p class=\"isSelectedEnd\">A estreia da Maratona Internacional do Paran\u00e1 aconteceu em maio de 2026 e reuniu mais de <strong>20 mil participantes<\/strong> nas provas de 5 km, 10 km, 21 km e 42 km.<\/p>\n<p class=\"isSelectedEnd\">O evento movimentou as cidades de <strong>Guaratuba e Matinhos<\/strong>, tendo a travessia da Ponte de Guaratuba como um dos principais atrativos dos percursos.<\/p>\n<p class=\"isSelectedEnd\">Na maratona de 42 km, os t\u00edtulos masculino e feminino ficaram com <strong>Jos\u00e9 M\u00e1rcio Le\u00e3o da Silva<\/strong>, da Bahia, e <strong>Franciane dos Santos Moura<\/strong>, do Amazonas.<\/p>\n<p class=\"isSelectedEnd\">A competi\u00e7\u00e3o distribuiu <strong>R$ 300 mil em premia\u00e7\u00f5es<\/strong>.<\/p>\n<h2>Maratoninha reuniu cerca de 500 crian\u00e7as<\/h2>\n<p class=\"isSelectedEnd\">A primeira edi\u00e7\u00e3o tamb\u00e9m contou com a Maratoninha, destinada a crian\u00e7as e adolescentes.<\/p>\n<p class=\"isSelectedEnd\">Cerca de <strong>500 participantes, entre 4 e 13 anos<\/strong>, participaram das atividades em percursos adaptados.<\/p>\n<p class=\"isSelectedEnd\">A iniciativa buscou ampliar o acesso ao esporte e envolver diferentes gera\u00e7\u00f5es na programa\u00e7\u00e3o da Maratona Internacional do Paran\u00e1.<\/p>\n<h2>Evento ter\u00e1 programa\u00e7\u00e3o durante tr\u00eas dias<\/h2>\n<p class=\"isSelectedEnd\">Para 2027, a organiza\u00e7\u00e3o prepara uma programa\u00e7\u00e3o distribu\u00edda ao longo de tr\u00eas dias, com diferentes dist\u00e2ncias e atividades para atletas e p\u00fablico.<\/p>\n<p class=\"isSelectedEnd\">A expectativa \u00e9 aumentar o n\u00famero de participantes, ampliar o impacto econ\u00f4mico e tur\u00edstico do evento e consolidar a Maratona Internacional do Paran\u00e1 entre as principais corridas de rua do calend\u00e1rio nacional.<\/p>\n<p class=\"isSelectedEnd\">A organiza\u00e7\u00e3o tamb\u00e9m pretende utilizar a experi\u00eancia da primeira edi\u00e7\u00e3o para promover melhorias em todas as etapas da competi\u00e7\u00e3o, desde a largada at\u00e9 a chegada.<\/p>\n<h2>Inscri\u00e7\u00f5es come\u00e7am em setembro<\/h2>\n<p class=\"isSelectedEnd\">A abertura oficial das inscri\u00e7\u00f5es para a Maratona Internacional do Paran\u00e1 2027 est\u00e1 prevista para <strong>16 de setembro de 2026<\/strong>.<\/p>\n<p class=\"isSelectedEnd\">A segunda edi\u00e7\u00e3o ser\u00e1 realizada nos dias <strong>26, 27 e 28 de mar\u00e7o de 2027<\/strong>, com provas de 5 km, 10 km, 21 km, 42 km e Maratoninha.<\/p>\n<h3>Servi\u00e7o<\/h3>\n<p><strong>Evento:<\/strong> Maratona Internacional do Paran\u00e1 2027<br \/>\n<strong>Data:<\/strong> 26, 27 e 28 de mar\u00e7o de 2027<br \/>\n<strong>Percursos:<\/strong> 5 km, 10 km, 21 km e 42 km<br \/>\n<strong>Tamb\u00e9m haver\u00e1:<\/strong> Maratoninha<br \/>\n<strong>Local:<\/strong> Litoral do Paran\u00e1, com destaque para a Ponte de Guaratuba<br \/>\n<strong>Inscri\u00e7\u00f5es:<\/strong> abertura prevista para 16 de setembro de 2026<\/p>\n","protected":false},"excerpt":{"rendered":"<p>Segunda edi\u00e7\u00e3o da prova ser\u00e1 realizada de 26 a 28 de mar\u00e7o de 2027, durante o feriad\u00e3o de P\u00e1scoa, com percursos de 5 km, 10 km, 21 km, 42 km e Maratoninha A Maratona Internacional do Paran\u00e1 (MIP) j\u00e1 tem data definida para sua segunda edi\u00e7\u00e3o. A competi\u00e7\u00e3o ser\u00e1 realizada nos dias 26, 27 e [&hellip;]<\/p>\n","protected":false},"author":16,"featured_media":7925,"comment_status":"open","ping_status":"open","sticky":false,"template":"","format":"standard","meta":{"footnotes":""},"categories":[9],"tags":[973,972,202,3217,3215,3214,3218,2350,77,3216,974],"class_list":["post-7921","post","type-post","status-publish","format-standard","has-post-thumbnail","hentry","category-esportes","tag-atletismo","tag-corrida-de-rua","tag-esporte","tag-guaratuba","tag-maratona-do-parana","tag-maratona-internacional-do-parana","tag-maratoninha","tag-matinhos","tag-parana","tag-ponte-de-guaratuba","tag-turismo-esportivo"],"yoast_head":"<!-- This site is optimized with the Yoast SEO plugin v28.1 - https:\/\/yoast.com\/product\/yoast-seo-wordpress\/ -->\n<title>Maratona Internacional do Paran\u00e1 confirma nova data e ter\u00e1 trajeto pela Ponte de Guaratuba - Mz Not\u00edcias<\/title>\n<meta name=\"description\" content=\"Maratona Internacional do Paran\u00e1 ser\u00e1 realizada de 26 a 28 de mar\u00e7o de 2027, com provas de 5 km a 42 km e trajeto pela Ponte de Guaratuba.\" \/>\n<meta name=\"robots\" content=\"index, follow, max-snippet:-1, max-image-preview:large, max-video-preview:-1\" \/>\n<link rel=\"canonical\" href=\"https:\/\/mznoticia.com.br\/piraidosul\/maratona-internacional-do-parana-confirma-nova-data-e-tera-trajeto-pela-ponte-de-guaratuba\/\" \/>\n<meta property=\"og:locale\" content=\"pt_BR\" \/>\n<meta property=\"og:type\" content=\"article\" \/>\n<meta property=\"og:title\" content=\"Maratona Internacional do Paran\u00e1 confirma nova data e ter\u00e1 trajeto pela Ponte de Guaratuba - Mz Not\u00edcias\" \/>\n<meta property=\"og:description\" content=\"Maratona Internacional do Paran\u00e1 ser\u00e1 realizada de 26 a 28 de mar\u00e7o de 2027, com provas de 5 km a 42 km e trajeto pela Ponte de Guaratuba.\" \/>\n<meta property=\"og:url\" content=\"https:\/\/mznoticia.com.br\/piraidosul\/maratona-internacional-do-parana-confirma-nova-data-e-tera-trajeto-pela-ponte-de-guaratuba\/\" \/>\n<meta property=\"og:site_name\" content=\"Mz Not\u00edcias\" \/>\n<meta property=\"article:publisher\" content=\"https:\/\/www.facebook.com\/profile.php?id=61573479951222\" \/>\n<meta property=\"article:published_time\" content=\"2026-09-01T18:42:58+00:00\" \/>\n<meta property=\"og:image\" content=\"https:\/\/mznoticia.com.br\/piraidosul\/wp-content\/uploads\/2026\/09\/500.webp\" \/>\n\t<meta property=\"og:image:width\" content=\"1024\" \/>\n\t<meta property=\"og:image:height\" content=\"576\" \/>\n\t<meta property=\"og:image:type\" content=\"image\/webp\" \/>\n<meta name=\"author\" content=\"Redacao mz\" \/>\n<meta name=\"twitter:card\" content=\"summary_large_image\" \/>\n<meta name=\"twitter:label1\" content=\"Escrito por\" \/>\n\t<meta name=\"twitter:data1\" content=\"Redacao mz\" \/>\n\t<meta name=\"twitter:label2\" content=\"Est. tempo de leitura\" \/>\n\t<meta name=\"twitter:data2\" content=\"4 minutos\" \/>\n<script type=\"application\/ld+json\" class=\"yoast-schema-graph\">{\"@context\":\"https:\\\/\\\/schema.org\",\"@graph\":[{\"@type\":\"Article\",\"@id\":\"https:\\\/\\\/mznoticia.com.br\\\/piraidosul\\\/maratona-internacional-do-parana-confirma-nova-data-e-tera-trajeto-pela-ponte-de-guaratuba\\\/#article\",\"isPartOf\":{\"@id\":\"https:\\\/\\\/mznoticia.com.br\\\/piraidosul\\\/maratona-internacional-do-parana-confirma-nova-data-e-tera-trajeto-pela-ponte-de-guaratuba\\\/\"},\"author\":{\"name\":\"Redacao mz\",\"@id\":\"https:\\\/\\\/mznoticia.com.br\\\/piraidosul\\\/#\\\/schema\\\/person\\\/84012d827247b3f42f37b550da79cd03\"},\"headline\":\"Maratona Internacional do Paran\u00e1 confirma nova data e ter\u00e1 trajeto pela Ponte de Guaratuba\",\"datePublished\":\"2026-09-01T18:42:58+00:00\",\"mainEntityOfPage\":{\"@id\":\"https:\\\/\\\/mznoticia.com.br\\\/piraidosul\\\/maratona-internacional-do-parana-confirma-nova-data-e-tera-trajeto-pela-ponte-de-guaratuba\\\/\"},\"wordCount\":569,\"commentCount\":0,\"publisher\":{\"@id\":\"https:\\\/\\\/mznoticia.com.br\\\/piraidosul\\\/#organization\"},\"image\":{\"@id\":\"https:\\\/\\\/mznoticia.com.br\\\/piraidosul\\\/maratona-internacional-do-parana-confirma-nova-data-e-tera-trajeto-pela-ponte-de-guaratuba\\\/#primaryimage\"},\"thumbnailUrl\":\"https:\\\/\\\/mznoticia.com.br\\\/piraidosul\\\/wp-content\\\/uploads\\\/2026\\\/09\\\/500.webp\",\"keywords\":[\"Atletismo\",\"Corrida de Rua\",\"esporte\",\"Guaratuba\",\"Maratona do Paran\u00e1\",\"Maratona Internacional do Paran\u00e1\",\"Maratoninha\",\"Matinhos\",\"parana\",\"Ponte de Guaratuba\",\"Turismo Esportivo\"],\"articleSection\":[\"Esportes\"],\"inLanguage\":\"pt-BR\",\"potentialAction\":[{\"@type\":\"CommentAction\",\"name\":\"Comment\",\"target\":[\"https:\\\/\\\/mznoticia.com.br\\\/piraidosul\\\/maratona-internacional-do-parana-confirma-nova-data-e-tera-trajeto-pela-ponte-de-guaratuba\\\/#respond\"]}]},{\"@type\":\"WebPage\",\"@id\":\"https:\\\/\\\/mznoticia.com.br\\\/piraidosul\\\/maratona-internacional-do-parana-confirma-nova-data-e-tera-trajeto-pela-ponte-de-guaratuba\\\/\",\"url\":\"https:\\\/\\\/mznoticia.com.br\\\/piraidosul\\\/maratona-internacional-do-parana-confirma-nova-data-e-tera-trajeto-pela-ponte-de-guaratuba\\\/\",\"name\":\"Maratona Internacional do Paran\u00e1 confirma nova data e ter\u00e1 trajeto pela Ponte de Guaratuba - Mz Not\u00edcias\",\"isPartOf\":{\"@id\":\"https:\\\/\\\/mznoticia.com.br\\\/piraidosul\\\/#website\"},\"primaryImageOfPage\":{\"@id\":\"https:\\\/\\\/mznoticia.com.br\\\/piraidosul\\\/maratona-internacional-do-parana-confirma-nova-data-e-tera-trajeto-pela-ponte-de-guaratuba\\\/#primaryimage\"},\"image\":{\"@id\":\"https:\\\/\\\/mznoticia.com.br\\\/piraidosul\\\/maratona-internacional-do-parana-confirma-nova-data-e-tera-trajeto-pela-ponte-de-guaratuba\\\/#primaryimage\"},\"thumbnailUrl\":\"https:\\\/\\\/mznoticia.com.br\\\/piraidosul\\\/wp-content\\\/uploads\\\/2026\\\/09\\\/500.webp\",\"datePublished\":\"2026-09-01T18:42:58+00:00\",\"description\":\"Maratona Internacional do Paran\u00e1 ser\u00e1 realizada de 26 a 28 de mar\u00e7o de 2027, com provas de 5 km a 42 km e trajeto pela Ponte de Guaratuba.\",\"breadcrumb\":{\"@id\":\"https:\\\/\\\/mznoticia.com.br\\\/piraidosul\\\/maratona-internacional-do-parana-confirma-nova-data-e-tera-trajeto-pela-ponte-de-guaratuba\\\/#breadcrumb\"},\"inLanguage\":\"pt-BR\",\"potentialAction\":[{\"@type\":\"ReadAction\",\"target\":[\"https:\\\/\\\/mznoticia.com.br\\\/piraidosul\\\/maratona-internacional-do-parana-confirma-nova-data-e-tera-trajeto-pela-ponte-de-guaratuba\\\/\"]}]},{\"@type\":\"ImageObject\",\"inLanguage\":\"pt-BR\",\"@id\":\"https:\\\/\\\/mznoticia.com.br\\\/piraidosul\\\/maratona-internacional-do-parana-confirma-nova-data-e-tera-trajeto-pela-ponte-de-guaratuba\\\/#primaryimage\",\"url\":\"https:\\\/\\\/mznoticia.com.br\\\/piraidosul\\\/wp-content\\\/uploads\\\/2026\\\/09\\\/500.webp\",\"contentUrl\":\"https:\\\/\\\/mznoticia.com.br\\\/piraidosul\\\/wp-content\\\/uploads\\\/2026\\\/09\\\/500.webp\",\"width\":1024,\"height\":576},{\"@type\":\"BreadcrumbList\",\"@id\":\"https:\\\/\\\/mznoticia.com.br\\\/piraidosul\\\/maratona-internacional-do-parana-confirma-nova-data-e-tera-trajeto-pela-ponte-de-guaratuba\\\/#breadcrumb\",\"itemListElement\":[{\"@type\":\"ListItem\",\"position\":1,\"name\":\"Home\",\"item\":\"https:\\\/\\\/mznoticia.com.br\\\/piraidosul\\\/\"},{\"@type\":\"ListItem\",\"position\":2,\"name\":\"Maratona Internacional do Paran\u00e1 confirma nova data e ter\u00e1 trajeto pela Ponte de Guaratuba\"}]},{\"@type\":\"WebSite\",\"@id\":\"https:\\\/\\\/mznoticia.com.br\\\/piraidosul\\\/#website\",\"url\":\"https:\\\/\\\/mznoticia.com.br\\\/piraidosul\\\/\",\"name\":\"Mz Not\u00edcia\",\"description\":\"A informa\u00e7\u00e3o que voc\u00ea precisa na hora certa!\",\"publisher\":{\"@id\":\"https:\\\/\\\/mznoticia.com.br\\\/piraidosul\\\/#organization\"},\"potentialAction\":[{\"@type\":\"SearchAction\",\"target\":{\"@type\":\"EntryPoint\",\"urlTemplate\":\"https:\\\/\\\/mznoticia.com.br\\\/piraidosul\\\/?s={search_term_string}\"},\"query-input\":{\"@type\":\"PropertyValueSpecification\",\"valueRequired\":true,\"valueName\":\"search_term_string\"}}],\"inLanguage\":\"pt-BR\"},{\"@type\":\"Organization\",\"@id\":\"https:\\\/\\\/mznoticia.com.br\\\/piraidosul\\\/#organization\",\"name\":\"Mz Not\u00edcia\",\"url\":\"https:\\\/\\\/mznoticia.com.br\\\/piraidosul\\\/\",\"logo\":{\"@type\":\"ImageObject\",\"inLanguage\":\"pt-BR\",\"@id\":\"https:\\\/\\\/mznoticia.com.br\\\/piraidosul\\\/#\\\/schema\\\/logo\\\/image\\\/\",\"url\":\"https:\\\/\\\/mznoticia.com.br\\\/jaguariaiva\\\/wp-content\\\/uploads\\\/2025\\\/03\\\/Design-sem-nome-4-e1741200616392.png\",\"contentUrl\":\"https:\\\/\\\/mznoticia.com.br\\\/jaguariaiva\\\/wp-content\\\/uploads\\\/2025\\\/03\\\/Design-sem-nome-4-e1741200616392.png\",\"width\":750,\"height\":563,\"caption\":\"Mz Not\u00edcia\"},\"image\":{\"@id\":\"https:\\\/\\\/mznoticia.com.br\\\/piraidosul\\\/#\\\/schema\\\/logo\\\/image\\\/\"},\"sameAs\":[\"https:\\\/\\\/www.facebook.com\\\/profile.php?id=61573479951222\",\"https:\\\/\\\/www.instagram.com\\\/mz.jaguariaiva\\\/\"]},{\"@type\":\"Person\",\"@id\":\"https:\\\/\\\/mznoticia.com.br\\\/piraidosul\\\/#\\\/schema\\\/person\\\/84012d827247b3f42f37b550da79cd03\",\"name\":\"Redacao mz\",\"image\":{\"@type\":\"ImageObject\",\"inLanguage\":\"pt-BR\",\"@id\":\"https:\\\/\\\/secure.gravatar.com\\\/avatar\\\/3835c58a73b55edb97de944593845d3f29acb93b7a088f3bf63afde947ab86ba?s=96&d=simple_local_avatar&r=g\",\"url\":\"https:\\\/\\\/secure.gravatar.com\\\/avatar\\\/3835c58a73b55edb97de944593845d3f29acb93b7a088f3bf63afde947ab86ba?s=96&d=simple_local_avatar&r=g\",\"contentUrl\":\"https:\\\/\\\/secure.gravatar.com\\\/avatar\\\/3835c58a73b55edb97de944593845d3f29acb93b7a088f3bf63afde947ab86ba?s=96&d=simple_local_avatar&r=g\",\"caption\":\"Redacao mz\"},\"sameAs\":[\"http:\\\/\\\/mznoticia.com.br\"],\"url\":\"https:\\\/\\\/mznoticia.com.br\\\/piraidosul\\\/author\\\/lucimara\\\/\"}]}<\/script>\n<!-- \/ Yoast SEO plugin. -->","yoast_head_json":{"title":"Maratona Internacional do Paran\u00e1 confirma nova data e ter\u00e1 trajeto pela Ponte de Guaratuba - Mz Not\u00edcias","description":"Maratona Internacional do Paran\u00e1 ser\u00e1 realizada de 26 a 28 de mar\u00e7o de 2027, com provas de 5 km a 42 km e trajeto pela Ponte de Guaratuba.","robots":{"index":"index","follow":"follow","max-snippet":"max-snippet:-1","max-image-preview":"max-image-preview:large","max-video-preview":"max-video-preview:-1"},"canonical":"https:\/\/mznoticia.com.br\/piraidosul\/maratona-internacional-do-parana-confirma-nova-data-e-tera-trajeto-pela-ponte-de-guaratuba\/","og_locale":"pt_BR","og_type":"article","og_title":"Maratona Internacional do Paran\u00e1 confirma nova data e ter\u00e1 trajeto pela Ponte de Guaratuba - Mz Not\u00edcias","og_description":"Maratona Internacional do Paran\u00e1 ser\u00e1 realizada de 26 a 28 de mar\u00e7o de 2027, com provas de 5 km a 42 km e trajeto pela Ponte de Guaratuba.","og_url":"https:\/\/mznoticia.com.br\/piraidosul\/maratona-internacional-do-parana-confirma-nova-data-e-tera-trajeto-pela-ponte-de-guaratuba\/","og_site_name":"Mz Not\u00edcias","article_publisher":"https:\/\/www.facebook.com\/profile.php?id=61573479951222","article_published_time":"2026-09-01T18:42:58+00:00","og_image":[{"width":1024,"height":576,"url":"https:\/\/mznoticia.com.br\/piraidosul\/wp-content\/uploads\/2026\/09\/500.webp","type":"image\/webp"}],"author":"Redacao mz","twitter_card":"summary_large_image","twitter_misc":{"Escrito por":"Redacao mz","Est. tempo de leitura":"4 minutos"},"schema":{"@context":"https:\/\/schema.org","@graph":[{"@type":"Article","@id":"https:\/\/mznoticia.com.br\/piraidosul\/maratona-internacional-do-parana-confirma-nova-data-e-tera-trajeto-pela-ponte-de-guaratuba\/#article","isPartOf":{"@id":"https:\/\/mznoticia.com.br\/piraidosul\/maratona-internacional-do-parana-confirma-nova-data-e-tera-trajeto-pela-ponte-de-guaratuba\/"},"author":{"name":"Redacao mz","@id":"https:\/\/mznoticia.com.br\/piraidosul\/#\/schema\/person\/84012d827247b3f42f37b550da79cd03"},"headline":"Maratona Internacional do Paran\u00e1 confirma nova data e ter\u00e1 trajeto pela Ponte de Guaratuba","datePublished":"2026-09-01T18:42:58+00:00","mainEntityOfPage":{"@id":"https:\/\/mznoticia.com.br\/piraidosul\/maratona-internacional-do-parana-confirma-nova-data-e-tera-trajeto-pela-ponte-de-guaratuba\/"},"wordCount":569,"commentCount":0,"publisher":{"@id":"https:\/\/mznoticia.com.br\/piraidosul\/#organization"},"image":{"@id":"https:\/\/mznoticia.com.br\/piraidosul\/maratona-internacional-do-parana-confirma-nova-data-e-tera-trajeto-pela-ponte-de-guaratuba\/#primaryimage"},"thumbnailUrl":"https:\/\/mznoticia.com.br\/piraidosul\/wp-content\/uploads\/2026\/09\/500.webp","keywords":["Atletismo","Corrida de Rua","esporte","Guaratuba","Maratona do Paran\u00e1","Maratona Internacional do Paran\u00e1","Maratoninha","Matinhos","parana","Ponte de Guaratuba","Turismo Esportivo"],"articleSection":["Esportes"],"inLanguage":"pt-BR","potentialAction":[{"@type":"CommentAction","name":"Comment","target":["https:\/\/mznoticia.com.br\/piraidosul\/maratona-internacional-do-parana-confirma-nova-data-e-tera-trajeto-pela-ponte-de-guaratuba\/#respond"]}]},{"@type":"WebPage","@id":"https:\/\/mznoticia.com.br\/piraidosul\/maratona-internacional-do-parana-confirma-nova-data-e-tera-trajeto-pela-ponte-de-guaratuba\/","url":"https:\/\/mznoticia.com.br\/piraidosul\/maratona-internacional-do-parana-confirma-nova-data-e-tera-trajeto-pela-ponte-de-guaratuba\/","name":"Maratona Internacional do Paran\u00e1 confirma nova data e ter\u00e1 trajeto pela Ponte de Guaratuba - Mz Not\u00edcias","isPartOf":{"@id":"https:\/\/mznoticia.com.br\/piraidosul\/#website"},"primaryImageOfPage":{"@id":"https:\/\/mznoticia.com.br\/piraidosul\/maratona-internacional-do-parana-confirma-nova-data-e-tera-trajeto-pela-ponte-de-guaratuba\/#primaryimage"},"image":{"@id":"https:\/\/mznoticia.com.br\/piraidosul\/maratona-internacional-do-parana-confirma-nova-data-e-tera-trajeto-pela-ponte-de-guaratuba\/#primaryimage"},"thumbnailUrl":"https:\/\/mznoticia.com.br\/piraidosul\/wp-content\/uploads\/2026\/09\/500.webp","datePublished":"2026-09-01T18:42:58+00:00","description":"Maratona Internacional do Paran\u00e1 ser\u00e1 realizada de 26 a 28 de mar\u00e7o de 2027, com provas de 5 km a 42 km e trajeto pela Ponte de Guaratuba.","breadcrumb":{"@id":"https:\/\/mznoticia.com.br\/piraidosul\/maratona-internacional-do-parana-confirma-nova-data-e-tera-trajeto-pela-ponte-de-guaratuba\/#breadcrumb"},"inLanguage":"pt-BR","potentialAction":[{"@type":"ReadAction","target":["https:\/\/mznoticia.com.br\/piraidosul\/maratona-internacional-do-parana-confirma-nova-data-e-tera-trajeto-pela-ponte-de-guaratuba\/"]}]},{"@type":"ImageObject","inLanguage":"pt-BR","@id":"https:\/\/mznoticia.com.br\/piraidosul\/maratona-internacional-do-parana-confirma-nova-data-e-tera-trajeto-pela-ponte-de-guaratuba\/#primaryimage","url":"https:\/\/mznoticia.com.br\/piraidosul\/wp-content\/uploads\/2026\/09\/500.webp","contentUrl":"https:\/\/mznoticia.com.br\/piraidosul\/wp-content\/uploads\/2026\/09\/500.webp","width":1024,"height":576},{"@type":"BreadcrumbList","@id":"https:\/\/mznoticia.com.br\/piraidosul\/maratona-internacional-do-parana-confirma-nova-data-e-tera-trajeto-pela-ponte-de-guaratuba\/#breadcrumb","itemListElement":[{"@type":"ListItem","position":1,"name":"Home","item":"https:\/\/mznoticia.com.br\/piraidosul\/"},{"@type":"ListItem","position":2,"name":"Maratona Internacional do Paran\u00e1 confirma nova data e ter\u00e1 trajeto pela Ponte de Guaratuba"}]},{"@type":"WebSite","@id":"https:\/\/mznoticia.com.br\/piraidosul\/#website","url":"https:\/\/mznoticia.com.br\/piraidosul\/","name":"Mz Not\u00edcia","description":"A informa\u00e7\u00e3o que voc\u00ea precisa na hora certa!","publisher":{"@id":"https:\/\/mznoticia.com.br\/piraidosul\/#organization"},"potentialAction":[{"@type":"SearchAction","target":{"@type":"EntryPoint","urlTemplate":"https:\/\/mznoticia.com.br\/piraidosul\/?s={search_term_string}"},"query-input":{"@type":"PropertyValueSpecification","valueRequired":true,"valueName":"search_term_string"}}],"inLanguage":"pt-BR"},{"@type":"Organization","@id":"https:\/\/mznoticia.com.br\/piraidosul\/#organization","name":"Mz Not\u00edcia","url":"https:\/\/mznoticia.com.br\/piraidosul\/","logo":{"@type":"ImageObject","inLanguage":"pt-BR","@id":"https:\/\/mznoticia.com.br\/piraidosul\/#\/schema\/logo\/image\/","url":"https:\/\/mznoticia.com.br\/jaguariaiva\/wp-content\/uploads\/2025\/03\/Design-sem-nome-4-e1741200616392.png","contentUrl":"https:\/\/mznoticia.com.br\/jaguariaiva\/wp-content\/uploads\/2025\/03\/Design-sem-nome-4-e1741200616392.png","width":750,"height":563,"caption":"Mz Not\u00edcia"},"image":{"@id":"https:\/\/mznoticia.com.br\/piraidosul\/#\/schema\/logo\/image\/"},"sameAs":["https:\/\/www.facebook.com\/profile.php?id=61573479951222","https:\/\/www.instagram.com\/mz.jaguariaiva\/"]},{"@type":"Person","@id":"https:\/\/mznoticia.com.br\/piraidosul\/#\/schema\/person\/84012d827247b3f42f37b550da79cd03","name":"Redacao mz","image":{"@type":"ImageObject","inLanguage":"pt-BR","@id":"https:\/\/secure.gravatar.com\/avatar\/3835c58a73b55edb97de944593845d3f29acb93b7a088f3bf63afde947ab86ba?s=96&d=simple_local_avatar&r=g","url":"https:\/\/secure.gravatar.com\/avatar\/3835c58a73b55edb97de944593845d3f29acb93b7a088f3bf63afde947ab86ba?s=96&d=simple_local_avatar&r=g","contentUrl":"https:\/\/secure.gravatar.com\/avatar\/3835c58a73b55edb97de944593845d3f29acb93b7a088f3bf63afde947ab86ba?s=96&d=simple_local_avatar&r=g","caption":"Redacao mz"},"sameAs":["http:\/\/mznoticia.com.br"],"url":"https:\/\/mznoticia.com.br\/piraidosul\/author\/lucimara\/"}]}},"_links":{"self":[{"href":"https:\/\/mznoticia.com.br\/piraidosul\/wp-json\/wp\/v2\/posts\/7921","targetHints":{"allow":["GET"]}}],"collection":[{"href":"https:\/\/mznoticia.com.br\/piraidosul\/wp-json\/wp\/v2\/posts"}],"about":[{"href":"https:\/\/mznoticia.com.br\/piraidosul\/wp-json\/wp\/v2\/types\/post"}],"author":[{"embeddable":true,"href":"https:\/\/mznoticia.com.br\/piraidosul\/wp-json\/wp\/v2\/users\/16"}],"replies":[{"embeddable":true,"href":"https:\/\/mznoticia.com.br\/piraidosul\/wp-json\/wp\/v2\/comments?post=7921"}],"version-history":[{"count":1,"href":"https:\/\/mznoticia.com.br\/piraidosul\/wp-json\/wp\/v2\/posts\/7921\/revisions"}],"predecessor-version":[{"id":7926,"href":"https:\/\/mznoticia.com.br\/piraidosul\/wp-json\/wp\/v2\/posts\/7921\/revisions\/7926"}],"wp:featuredmedia":[{"embeddable":true,"href":"https:\/\/mznoticia.com.br\/piraidosul\/wp-json\/wp\/v2\/media\/7925"}],"wp:attachment":[{"href":"https:\/\/mznoticia.com.br\/piraidosul\/wp-json\/wp\/v2\/media?parent=7921"}],"wp:term":[{"taxonomy":"category","embeddable":true,"href":"https:\/\/mznoticia.com.br\/piraidosul\/wp-json\/wp\/v2\/categories?post=7921"},{"taxonomy":"post_tag","embeddable":true,"href":"https:\/\/mznoticia.com.br\/piraidosul\/wp-json\/wp\/v2\/tags?post=7921"}],"curies":[{"name":"wp","href":"https:\/\/api.w.org\/{rel}","templated":true}]}}